{"id":100756,"date":"2023-05-12T19:28:24","date_gmt":"2023-05-12T19:28:24","guid":{"rendered":"https:\/\/quehacerpolitico.mx\/?p=100756"},"modified":"2023-05-12T19:28:33","modified_gmt":"2023-05-12T19:28:33","slug":"elon-musk-elige-a-linda-yaccarino-como-nueva-directora-ejecutiva-de-twitter-este-sera-su-trabajo","status":"publish","type":"post","link":"https:\/\/quehacerpolitico.mx\/?p=100756","title":{"rendered":"Elon Musk elige a Linda Yaccarino como nueva directora ejecutiva de Twitter; este ser\u00e1 su trabajo"},"content":{"rendered":"\n<p>Por Redacci\u00f3n QP<\/p>\n\n\n\n<p>Seg\u00fan un tuit que el magnate public\u00f3 ayer, Yaccarino tomar\u00e1 las riendas de la compa\u00f1\u00eda en unas seis semanas<\/p>\n\n\n\n<p>El propietario de\u00a0Twitter, Elon Musk, anunci\u00f3 este viernes que\u00a0<strong>Linda Yaccarino<\/strong>\u00a0ser\u00e1 la nueva directora ejecutiva de la red y que ella se\u00a0<strong>&#8220;centrar\u00e1 principalmente en las operaciones comerciales&#8221;<\/strong>, mientras que \u00e9l se enfocar\u00e1 &#8220;en el dise\u00f1o de productos y nuevas tecnolog\u00edas de la red social&#8221;.<\/p>\n\n\n\n<figure class=\"wp-block-embed is-type-rich is-provider-twitter wp-block-embed-twitter\"><div class=\"wp-block-embed__wrapper\">\n<blockquote class=\"twitter-tweet\" data-width=\"550\" data-dnt=\"true\"><p lang=\"en\" dir=\"ltr\">I am excited to welcome Linda Yaccarino as the new CEO of Twitter!<br><br>@LindaYacc will focus primarily on business operations, while I focus on product design &amp; new technology.<br><br>Looking forward to working with Linda to transform this platform into X, the everything app. <a href=\"https:\/\/t.co\/TiSJtTWuky\">https:\/\/t.co\/TiSJtTWuky<\/a><\/p>&mdash; Elon Musk (@elonmusk) <a href=\"https:\/\/twitter.com\/elonmusk\/status\/1657050349608501249?ref_src=twsrc%5Etfw\">May 12, 2023<\/a><\/blockquote><script async src=\"https:\/\/platform.twitter.com\/widgets.js\" charset=\"utf-8\"><\/script>\n<\/div><\/figure>\n\n\n\n<p>Elon Musk, que tom\u00f3 el puesto de director ejecutivo tras la compra de la red social el a\u00f1o pasado, dijo hoy en un tuit que est\u00e1 &#8220;emocionado de dar la bienvenida a Linda Yaccarino&#8221; en su nuevo rol; poco antes, Yaccarino\u00a0<strong>hab\u00eda anunciado hoy que dejaba su puesto como jefa de publicidad de NBCUniversal<\/strong>\u00a0(NBCU).<\/p>\n\n\n\n<p>El perfil publicitario de Yaccarino podr\u00eda servir para calmar los temores, ya que los constantes cambios radicales de Musk en las pol\u00edticas de Twitter han creado desconfianza y han hecho huir a los anunciantes.<\/p>\n\n\n\n<p>Seg\u00fan otro tuit que\u00a0Elon Musk\u00a0public\u00f3 ayer, Yaccarino tomar\u00e1 las riendas de la compa\u00f1\u00eda en unas seis semanas.<\/p>\n\n\n\n<p>Musk, que compr\u00f3 Twitter el a\u00f1o pasado con la promesa de restaurar su visi\u00f3n de la &#8220;libertad de expresi\u00f3n&#8221;, advirti\u00f3 ayer que\u00a0<strong>en la nueva estructura, \u00e9l se reserva una importante cantidad de funciones: la presidencia ejecutiva, la jefatura de tecnolog\u00eda, la supervisi\u00f3n de productos, el software y operador de sistemas.<\/strong><\/p>\n\n\n\n<p>En 2021, el a\u00f1o anterior a que Musk se hiciera con la red social y la sacara de la bolsa, la publicidad represent\u00f3 casi el 90% de los ingresos de la empresa.<\/p>\n\n\n\n<p>Pero despu\u00e9s las cosas cambiaron radicalmente: de los 100 principales anunciantes en Twitter antes de que Musk comprara la compa\u00f1\u00eda, 37 no gastaron nada en publicidad en la red social durante el primer trimestre de este a\u00f1o, seg\u00fan la firma de inteligencia de mercado Sensor Tower, mientras que otras 24 marcas redujeron su gasto promedio mensual en publicidad en Twitter en un 80% o m\u00e1s.<\/p>\n\n\n\n<p>En abril, Musk -que es la segunda persona m\u00e1s rica del mundo, detr\u00e1s del magnate franc\u00e9s Bernard Arnault y por delante del fundador de Amazon, Jeff Bezos- dijo que Twitter podr\u00eda tener un flujo de caja positivo tan pronto como este trimestre.<\/p>\n\n\n\n<figure class=\"wp-block-image size-large\"><img loading=\"lazy\" decoding=\"async\" width=\"1024\" height=\"576\" src=\"https:\/\/quehacerpolitico.mx\/wp-content\/uploads\/2023\/05\/image-37-1024x576.jpeg\" alt=\"\" class=\"wp-image-100758\" srcset=\"https:\/\/quehacerpolitico.mx\/wp-content\/uploads\/2023\/05\/image-37-1024x576.jpeg 1024w, https:\/\/quehacerpolitico.mx\/wp-content\/uploads\/2023\/05\/image-37-300x169.jpeg 300w, https:\/\/quehacerpolitico.mx\/wp-content\/uploads\/2023\/05\/image-37-768x432.jpeg 768w, https:\/\/quehacerpolitico.mx\/wp-content\/uploads\/2023\/05\/image-37-260x146.jpeg 260w, https:\/\/quehacerpolitico.mx\/wp-content\/uploads\/2023\/05\/image-37-50x28.jpeg 50w, https:\/\/quehacerpolitico.mx\/wp-content\/uploads\/2023\/05\/image-37-133x75.jpeg 133w, https:\/\/quehacerpolitico.mx\/wp-content\/uploads\/2023\/05\/image-37.jpeg 1200w\" sizes=\"auto, (max-width: 1024px) 100vw, 1024px\" \/><\/figure>\n\n\n\n<p>Despu\u00e9s de&nbsp;<strong>comprar Twitter por 44 mil millones de d\u00f3lares<\/strong>, Musk despidi\u00f3 a varios de los principales dirigentes de la compa\u00f1\u00eda, incluido el director ejecutivo Parag Agrawal, el asesor legal y el director financiero.<\/p>\n\n\n\n<p>Adem\u00e1s, la\u00a0empresa ha despedido a aproximadamente tres cuartas partes de sus trabajadores y una parte importante se han marchado voluntariamente.<\/p>\n\n\n\n<p>Musk y Yaccarino han colaborado anteriormente. Los dos aparecieron en un panel titulado: &#8220;Twitter 2.0: de conversaciones a asociaciones&#8221; que se celebr\u00f3 el mes pasado en Miami Beach (Florida), en el que Yaccarino pregunt\u00f3 al millonario sobre el rol de Twitter y el futuro de la red social.<\/p>\n\n\n\n<h2 class=\"wp-block-heading\">As\u00ed reaccionaron los accionistas de Tesla al anuncio de Twitter<\/h2>\n\n\n\n<p>Desde que ayer jueves Musk anunci\u00f3 que habr\u00eda una nueva directora ejecutiva en unas seis semanas, la noticia fue celebrada entre los inversores de Tesla (otra de las compa\u00f1\u00edas propiedad de Musk), ya que&nbsp;<strong>los inversores esperan que con este cambio Musk vuelva a priorizar a Tesla,<\/strong>&nbsp;la compa\u00f1\u00eda de autom\u00f3viles el\u00e9ctricos en la que tambi\u00e9n se desempe\u00f1a como director ejecutivo y la clave de su fortuna.<\/p>\n\n\n\n<p>As\u00ed, las acciones de Tesla cerraron con una subida de un 2% el jueves y esta ma\u00f1ana abr\u00edan con un avance de casi un 3%.<\/p>\n\n\n\n<p>No obstante, a media jornada de Wall Street las acciones te despreciaban un 1.20 por ciento.<\/p>\n\n\n\n<p>Con informaci\u00f3n de EFE<\/p>\n","protected":false},"excerpt":{"rendered":"<p>Por Redacci\u00f3n QP Seg\u00fan un tuit que el magnate public\u00f3 ayer, Yaccarino tomar\u00e1 las riendas&#8230;<\/p>\n","protected":false},"author":2,"featured_media":100757,"comment_status":"open","ping_status":"open","sticky":false,"template":"","format":"standard","meta":{"_monsterinsights_skip_tracking":false,"_monsterinsights_sitenote_active":false,"_monsterinsights_sitenote_note":"","_monsterinsights_sitenote_category":0,"footnotes":""},"categories":[56],"tags":[],"class_list":["post-100756","post","type-post","status-publish","format-standard","has-post-thumbnail","hentry","category-economia"],"yoast_head":"<!-- This site is optimized with the Yoast SEO plugin v27.3 - https:\/\/yoast.com\/product\/yoast-seo-wordpress\/ -->\n<title>Elon Musk elige a Linda Yaccarino como nueva directora ejecutiva de Twitter; este ser\u00e1 su trabajo -<\/title>\n<meta name=\"robots\" content=\"index, follow, max-snippet:-1, max-image-preview:large, max-video-preview:-1\" \/>\n<link rel=\"canonical\" href=\"https:\/\/quehacerpolitico.mx\/?p=100756\" \/>\n<meta property=\"og:locale\" content=\"es_MX\" \/>\n<meta property=\"og:type\" content=\"article\" \/>\n<meta property=\"og:title\" content=\"Elon Musk elige a Linda Yaccarino como nueva directora ejecutiva de Twitter; este ser\u00e1 su trabajo -\" \/>\n<meta property=\"og:description\" content=\"Por Redacci\u00f3n QP Seg\u00fan un tuit que el magnate public\u00f3 ayer, Yaccarino tomar\u00e1 las riendas...\" \/>\n<meta property=\"og:url\" content=\"https:\/\/quehacerpolitico.mx\/?p=100756\" \/>\n<meta property=\"article:published_time\" content=\"2023-05-12T19:28:24+00:00\" \/>\n<meta property=\"article:modified_time\" content=\"2023-05-12T19:28:33+00:00\" \/>\n<meta property=\"og:image\" content=\"https:\/\/quehacerpolitico.mx\/wp-content\/uploads\/2023\/05\/IMG_7670.jpeg\" \/>\n\t<meta property=\"og:image:width\" content=\"701\" \/>\n\t<meta property=\"og:image:height\" content=\"438\" \/>\n\t<meta property=\"og:image:type\" content=\"image\/jpeg\" \/>\n<meta name=\"author\" content=\"Redacci\u00f3n QP\" \/>\n<meta name=\"twitter:card\" content=\"summary_large_image\" \/>\n<meta name=\"twitter:label1\" content=\"Escrito por\" \/>\n\t<meta name=\"twitter:data1\" content=\"Redacci\u00f3n QP\" \/>\n\t<meta name=\"twitter:label2\" content=\"Tiempo de lectura\" \/>\n\t<meta name=\"twitter:data2\" content=\"3 minutos\" \/>\n<script type=\"application\/ld+json\" class=\"yoast-schema-graph\">{\"@context\":\"https:\\\/\\\/schema.org\",\"@graph\":[{\"@type\":\"Article\",\"@id\":\"https:\\\/\\\/quehacerpolitico.mx\\\/?p=100756#article\",\"isPartOf\":{\"@id\":\"https:\\\/\\\/quehacerpolitico.mx\\\/?p=100756\"},\"author\":{\"name\":\"Redacci\u00f3n QP\",\"@id\":\"https:\\\/\\\/quehacerpolitico.mx\\\/#\\\/schema\\\/person\\\/496d8ad2d1d3f8036101dca7ee39e585\"},\"headline\":\"Elon Musk elige a Linda Yaccarino como nueva directora ejecutiva de Twitter; este ser\u00e1 su trabajo\",\"datePublished\":\"2023-05-12T19:28:24+00:00\",\"dateModified\":\"2023-05-12T19:28:33+00:00\",\"mainEntityOfPage\":{\"@id\":\"https:\\\/\\\/quehacerpolitico.mx\\\/?p=100756\"},\"wordCount\":651,\"commentCount\":0,\"image\":{\"@id\":\"https:\\\/\\\/quehacerpolitico.mx\\\/?p=100756#primaryimage\"},\"thumbnailUrl\":\"https:\\\/\\\/quehacerpolitico.mx\\\/wp-content\\\/uploads\\\/2023\\\/05\\\/IMG_7670.jpeg\",\"articleSection\":[\"Econom\u00eda\"],\"inLanguage\":\"es\",\"potentialAction\":[{\"@type\":\"CommentAction\",\"name\":\"Comment\",\"target\":[\"https:\\\/\\\/quehacerpolitico.mx\\\/?p=100756#respond\"]}]},{\"@type\":\"WebPage\",\"@id\":\"https:\\\/\\\/quehacerpolitico.mx\\\/?p=100756\",\"url\":\"https:\\\/\\\/quehacerpolitico.mx\\\/?p=100756\",\"name\":\"Elon Musk elige a Linda Yaccarino como nueva directora ejecutiva de Twitter; este ser\u00e1 su trabajo -\",\"isPartOf\":{\"@id\":\"https:\\\/\\\/quehacerpolitico.mx\\\/#website\"},\"primaryImageOfPage\":{\"@id\":\"https:\\\/\\\/quehacerpolitico.mx\\\/?p=100756#primaryimage\"},\"image\":{\"@id\":\"https:\\\/\\\/quehacerpolitico.mx\\\/?p=100756#primaryimage\"},\"thumbnailUrl\":\"https:\\\/\\\/quehacerpolitico.mx\\\/wp-content\\\/uploads\\\/2023\\\/05\\\/IMG_7670.jpeg\",\"datePublished\":\"2023-05-12T19:28:24+00:00\",\"dateModified\":\"2023-05-12T19:28:33+00:00\",\"author\":{\"@id\":\"https:\\\/\\\/quehacerpolitico.mx\\\/#\\\/schema\\\/person\\\/496d8ad2d1d3f8036101dca7ee39e585\"},\"breadcrumb\":{\"@id\":\"https:\\\/\\\/quehacerpolitico.mx\\\/?p=100756#breadcrumb\"},\"inLanguage\":\"es\",\"potentialAction\":[{\"@type\":\"ReadAction\",\"target\":[\"https:\\\/\\\/quehacerpolitico.mx\\\/?p=100756\"]}]},{\"@type\":\"ImageObject\",\"inLanguage\":\"es\",\"@id\":\"https:\\\/\\\/quehacerpolitico.mx\\\/?p=100756#primaryimage\",\"url\":\"https:\\\/\\\/quehacerpolitico.mx\\\/wp-content\\\/uploads\\\/2023\\\/05\\\/IMG_7670.jpeg\",\"contentUrl\":\"https:\\\/\\\/quehacerpolitico.mx\\\/wp-content\\\/uploads\\\/2023\\\/05\\\/IMG_7670.jpeg\",\"width\":701,\"height\":438},{\"@type\":\"BreadcrumbList\",\"@id\":\"https:\\\/\\\/quehacerpolitico.mx\\\/?p=100756#breadcrumb\",\"itemListElement\":[{\"@type\":\"ListItem\",\"position\":1,\"name\":\"Inicio\",\"item\":\"https:\\\/\\\/quehacerpolitico.mx\\\/\"},{\"@type\":\"ListItem\",\"position\":2,\"name\":\"Elon Musk elige a Linda Yaccarino como nueva directora ejecutiva de Twitter; este ser\u00e1 su trabajo\"}]},{\"@type\":\"WebSite\",\"@id\":\"https:\\\/\\\/quehacerpolitico.mx\\\/#website\",\"url\":\"https:\\\/\\\/quehacerpolitico.mx\\\/\",\"name\":\"\",\"description\":\"\",\"potentialAction\":[{\"@type\":\"SearchAction\",\"target\":{\"@type\":\"EntryPoint\",\"urlTemplate\":\"https:\\\/\\\/quehacerpolitico.mx\\\/?s={search_term_string}\"},\"query-input\":{\"@type\":\"PropertyValueSpecification\",\"valueRequired\":true,\"valueName\":\"search_term_string\"}}],\"inLanguage\":\"es\"},{\"@type\":\"Person\",\"@id\":\"https:\\\/\\\/quehacerpolitico.mx\\\/#\\\/schema\\\/person\\\/496d8ad2d1d3f8036101dca7ee39e585\",\"name\":\"Redacci\u00f3n QP\",\"image\":{\"@type\":\"ImageObject\",\"inLanguage\":\"es\",\"@id\":\"https:\\\/\\\/secure.gravatar.com\\\/avatar\\\/c7164ed6fdec453195284ad24a5ae5b6e1eed2b848477fa2a4787ba9adf39a41?s=96&d=mm&r=g\",\"url\":\"https:\\\/\\\/secure.gravatar.com\\\/avatar\\\/c7164ed6fdec453195284ad24a5ae5b6e1eed2b848477fa2a4787ba9adf39a41?s=96&d=mm&r=g\",\"contentUrl\":\"https:\\\/\\\/secure.gravatar.com\\\/avatar\\\/c7164ed6fdec453195284ad24a5ae5b6e1eed2b848477fa2a4787ba9adf39a41?s=96&d=mm&r=g\",\"caption\":\"Redacci\u00f3n QP\"},\"url\":\"https:\\\/\\\/quehacerpolitico.mx\\\/?author=2\"}]}<\/script>\n<!-- \/ Yoast SEO plugin. -->","yoast_head_json":{"title":"Elon Musk elige a Linda Yaccarino como nueva directora ejecutiva de Twitter; este ser\u00e1 su trabajo -","robots":{"index":"index","follow":"follow","max-snippet":"max-snippet:-1","max-image-preview":"max-image-preview:large","max-video-preview":"max-video-preview:-1"},"canonical":"https:\/\/quehacerpolitico.mx\/?p=100756","og_locale":"es_MX","og_type":"article","og_title":"Elon Musk elige a Linda Yaccarino como nueva directora ejecutiva de Twitter; este ser\u00e1 su trabajo -","og_description":"Por Redacci\u00f3n QP Seg\u00fan un tuit que el magnate public\u00f3 ayer, Yaccarino tomar\u00e1 las riendas...","og_url":"https:\/\/quehacerpolitico.mx\/?p=100756","article_published_time":"2023-05-12T19:28:24+00:00","article_modified_time":"2023-05-12T19:28:33+00:00","og_image":[{"width":701,"height":438,"url":"https:\/\/quehacerpolitico.mx\/wp-content\/uploads\/2023\/05\/IMG_7670.jpeg","type":"image\/jpeg"}],"author":"Redacci\u00f3n QP","twitter_card":"summary_large_image","twitter_misc":{"Escrito por":"Redacci\u00f3n QP","Tiempo de lectura":"3 minutos"},"schema":{"@context":"https:\/\/schema.org","@graph":[{"@type":"Article","@id":"https:\/\/quehacerpolitico.mx\/?p=100756#article","isPartOf":{"@id":"https:\/\/quehacerpolitico.mx\/?p=100756"},"author":{"name":"Redacci\u00f3n QP","@id":"https:\/\/quehacerpolitico.mx\/#\/schema\/person\/496d8ad2d1d3f8036101dca7ee39e585"},"headline":"Elon Musk elige a Linda Yaccarino como nueva directora ejecutiva de Twitter; este ser\u00e1 su trabajo","datePublished":"2023-05-12T19:28:24+00:00","dateModified":"2023-05-12T19:28:33+00:00","mainEntityOfPage":{"@id":"https:\/\/quehacerpolitico.mx\/?p=100756"},"wordCount":651,"commentCount":0,"image":{"@id":"https:\/\/quehacerpolitico.mx\/?p=100756#primaryimage"},"thumbnailUrl":"https:\/\/quehacerpolitico.mx\/wp-content\/uploads\/2023\/05\/IMG_7670.jpeg","articleSection":["Econom\u00eda"],"inLanguage":"es","potentialAction":[{"@type":"CommentAction","name":"Comment","target":["https:\/\/quehacerpolitico.mx\/?p=100756#respond"]}]},{"@type":"WebPage","@id":"https:\/\/quehacerpolitico.mx\/?p=100756","url":"https:\/\/quehacerpolitico.mx\/?p=100756","name":"Elon Musk elige a Linda Yaccarino como nueva directora ejecutiva de Twitter; este ser\u00e1 su trabajo -","isPartOf":{"@id":"https:\/\/quehacerpolitico.mx\/#website"},"primaryImageOfPage":{"@id":"https:\/\/quehacerpolitico.mx\/?p=100756#primaryimage"},"image":{"@id":"https:\/\/quehacerpolitico.mx\/?p=100756#primaryimage"},"thumbnailUrl":"https:\/\/quehacerpolitico.mx\/wp-content\/uploads\/2023\/05\/IMG_7670.jpeg","datePublished":"2023-05-12T19:28:24+00:00","dateModified":"2023-05-12T19:28:33+00:00","author":{"@id":"https:\/\/quehacerpolitico.mx\/#\/schema\/person\/496d8ad2d1d3f8036101dca7ee39e585"},"breadcrumb":{"@id":"https:\/\/quehacerpolitico.mx\/?p=100756#breadcrumb"},"inLanguage":"es","potentialAction":[{"@type":"ReadAction","target":["https:\/\/quehacerpolitico.mx\/?p=100756"]}]},{"@type":"ImageObject","inLanguage":"es","@id":"https:\/\/quehacerpolitico.mx\/?p=100756#primaryimage","url":"https:\/\/quehacerpolitico.mx\/wp-content\/uploads\/2023\/05\/IMG_7670.jpeg","contentUrl":"https:\/\/quehacerpolitico.mx\/wp-content\/uploads\/2023\/05\/IMG_7670.jpeg","width":701,"height":438},{"@type":"BreadcrumbList","@id":"https:\/\/quehacerpolitico.mx\/?p=100756#breadcrumb","itemListElement":[{"@type":"ListItem","position":1,"name":"Inicio","item":"https:\/\/quehacerpolitico.mx\/"},{"@type":"ListItem","position":2,"name":"Elon Musk elige a Linda Yaccarino como nueva directora ejecutiva de Twitter; este ser\u00e1 su trabajo"}]},{"@type":"WebSite","@id":"https:\/\/quehacerpolitico.mx\/#website","url":"https:\/\/quehacerpolitico.mx\/","name":"","description":"","potentialAction":[{"@type":"SearchAction","target":{"@type":"EntryPoint","urlTemplate":"https:\/\/quehacerpolitico.mx\/?s={search_term_string}"},"query-input":{"@type":"PropertyValueSpecification","valueRequired":true,"valueName":"search_term_string"}}],"inLanguage":"es"},{"@type":"Person","@id":"https:\/\/quehacerpolitico.mx\/#\/schema\/person\/496d8ad2d1d3f8036101dca7ee39e585","name":"Redacci\u00f3n QP","image":{"@type":"ImageObject","inLanguage":"es","@id":"https:\/\/secure.gravatar.com\/avatar\/c7164ed6fdec453195284ad24a5ae5b6e1eed2b848477fa2a4787ba9adf39a41?s=96&d=mm&r=g","url":"https:\/\/secure.gravatar.com\/avatar\/c7164ed6fdec453195284ad24a5ae5b6e1eed2b848477fa2a4787ba9adf39a41?s=96&d=mm&r=g","contentUrl":"https:\/\/secure.gravatar.com\/avatar\/c7164ed6fdec453195284ad24a5ae5b6e1eed2b848477fa2a4787ba9adf39a41?s=96&d=mm&r=g","caption":"Redacci\u00f3n QP"},"url":"https:\/\/quehacerpolitico.mx\/?author=2"}]}},"featured_image_urls":{"full":["https:\/\/quehacerpolitico.mx\/wp-content\/uploads\/2023\/05\/IMG_7670.jpeg",701,438,false],"thumbnail":["https:\/\/quehacerpolitico.mx\/wp-content\/uploads\/2023\/05\/IMG_7670-150x150.jpeg",150,150,true],"medium":["https:\/\/quehacerpolitico.mx\/wp-content\/uploads\/2023\/05\/IMG_7670-300x187.jpeg",300,187,true],"medium_large":["https:\/\/quehacerpolitico.mx\/wp-content\/uploads\/2023\/05\/IMG_7670.jpeg",640,400,false],"large":["https:\/\/quehacerpolitico.mx\/wp-content\/uploads\/2023\/05\/IMG_7670.jpeg",640,400,false],"1536x1536":["https:\/\/quehacerpolitico.mx\/wp-content\/uploads\/2023\/05\/IMG_7670.jpeg",701,438,false],"2048x2048":["https:\/\/quehacerpolitico.mx\/wp-content\/uploads\/2023\/05\/IMG_7670.jpeg",701,438,false],"covernews-featured":["https:\/\/quehacerpolitico.mx\/wp-content\/uploads\/2023\/05\/IMG_7670.jpeg",701,438,false],"covernews-medium":["https:\/\/quehacerpolitico.mx\/wp-content\/uploads\/2023\/05\/IMG_7670.jpeg",540,337,false]},"author_info":{"display_name":"Redacci\u00f3n QP","author_link":"https:\/\/quehacerpolitico.mx\/?author=2"},"category_info":"<a href=\"https:\/\/quehacerpolitico.mx\/?cat=56\" rel=\"category\">Econom\u00eda<\/a>","tag_info":"Econom\u00eda","comment_count":"0","_links":{"self":[{"href":"https:\/\/quehacerpolitico.mx\/index.php?rest_route=\/wp\/v2\/posts\/100756","targetHints":{"allow":["GET"]}}],"collection":[{"href":"https:\/\/quehacerpolitico.mx\/index.php?rest_route=\/wp\/v2\/posts"}],"about":[{"href":"https:\/\/quehacerpolitico.mx\/index.php?rest_route=\/wp\/v2\/types\/post"}],"author":[{"embeddable":true,"href":"https:\/\/quehacerpolitico.mx\/index.php?rest_route=\/wp\/v2\/users\/2"}],"replies":[{"embeddable":true,"href":"https:\/\/quehacerpolitico.mx\/index.php?rest_route=%2Fwp%2Fv2%2Fcomments&post=100756"}],"version-history":[{"count":1,"href":"https:\/\/quehacerpolitico.mx\/index.php?rest_route=\/wp\/v2\/posts\/100756\/revisions"}],"predecessor-version":[{"id":100759,"href":"https:\/\/quehacerpolitico.mx\/index.php?rest_route=\/wp\/v2\/posts\/100756\/revisions\/100759"}],"wp:featuredmedia":[{"embeddable":true,"href":"https:\/\/quehacerpolitico.mx\/index.php?rest_route=\/wp\/v2\/media\/100757"}],"wp:attachment":[{"href":"https:\/\/quehacerpolitico.mx\/index.php?rest_route=%2Fwp%2Fv2%2Fmedia&parent=100756"}],"wp:term":[{"taxonomy":"category","embeddable":true,"href":"https:\/\/quehacerpolitico.mx\/index.php?rest_route=%2Fwp%2Fv2%2Fcategories&post=100756"},{"taxonomy":"post_tag","embeddable":true,"href":"https:\/\/quehacerpolitico.mx\/index.php?rest_route=%2Fwp%2Fv2%2Ftags&post=100756"}],"curies":[{"name":"wp","href":"https:\/\/api.w.org\/{rel}","templated":true}]}}