{"id":100688,"date":"2023-05-09T17:57:06","date_gmt":"2023-05-09T17:57:06","guid":{"rendered":"https:\/\/quehacerpolitico.mx\/?p=100688"},"modified":"2023-05-09T17:57:09","modified_gmt":"2023-05-09T17:57:09","slug":"canelo-alvarez-se-molesta-con-reportero-tras-triunfo-si-no-estas-contento-para-que-estas-aqui","status":"publish","type":"post","link":"https:\/\/quehacerpolitico.mx\/?p=100688","title":{"rendered":"Canelo \u00c1lvarez se molesta con reportero tras triunfo: &#8216;Si no est\u00e1s contento, \u00bfpara qu\u00e9 est\u00e1s aqu\u00ed?&#8217;"},"content":{"rendered":"\n<p>Por Redacci\u00f3n QP<\/p>\n\n\n\n<p>Sa\u00fal \u00c1lvarez sali\u00f3 agradecido por el apoyo de la afici\u00f3n mexicana tras el triunfo en el Estadio Akron contra John Ryder.<\/p>\n\n\n\n<p>Tras casi 12 a\u00f1os de ausencia, el Canelo \u00c1lvarez regres\u00f3 a territorio mexicano y lo hizo con una victoria por v\u00eda de la decisi\u00f3n un\u00e1nime en contra del brit\u00e1nico John Ryder para revalidar sus t\u00edtulos de peso s\u00faper mediano de la OMB, CMB, FIB y AMB. Sin embargo, el pugilista azteca lleg\u00f3 a molestarse con algunas preguntas que se le hicieron en conferencia de prensa.<\/p>\n\n\n\n<p>\u00bfPor qu\u00e9 el Canelo se enfad\u00f3 con la prensa? La primera de ellas fue ante la constante cr\u00edtica de algunos medios de comunicaci\u00f3n sobre su rendimiento y en especial por el resultado del s\u00e1bado, ya que algunos especialistas consideraron que pudo haber acabado en nocaut, por lo que se\u00f1al\u00f3 que los buenos resultados ah\u00ed estaban, aunado al apoyo de su afici\u00f3n.<\/p>\n\n\n\n<p>\u201cAl final de cuentas aqu\u00ed est\u00e1n, eso es lo que me molesta, que hablen y digan, pero la respuesta de la gente ah\u00ed est\u00e1. No puedes tapar el sol con un dedo. Aqu\u00ed est\u00e1n los resultados y estoy muy contento y agradecido con la gente\u201d. \u201cLos que no quieran, los que no est\u00e9n contentos o que piensen que no soy lo que dicen, pues que no vengan. Porque al final de aqu\u00ed sacan la nota. Si no est\u00e1s contento (al reportero) para qu\u00e9 est\u00e1s aqu\u00ed\u201d, respondi\u00f3.<\/p>\n\n\n\n<figure class=\"wp-block-embed is-type-rich is-provider-twitter wp-block-embed-twitter\"><div class=\"wp-block-embed__wrapper\">\n<blockquote class=\"twitter-tweet\" data-width=\"550\" data-dnt=\"true\"><p lang=\"en\" dir=\"ltr\">LMAOO a reporter tells Canelo if the Bivol rematch happens at 168 with a rehydration clause \ud83d\ude02\ud83d\ude02 <a href=\"https:\/\/twitter.com\/hashtag\/boxing?src=hash&amp;ref_src=twsrc%5Etfw\">#boxing<\/a> <a href=\"https:\/\/t.co\/SbCv3iBDyM\">pic.twitter.com\/SbCv3iBDyM<\/a><\/p>&mdash; Calls \ud83e\udd77 \ud83d\udda4 (@IAMRealCalls951) <a href=\"https:\/\/twitter.com\/IAMRealCalls951\/status\/1655129895490695175?ref_src=twsrc%5Etfw\">May 7, 2023<\/a><\/blockquote><script async src=\"https:\/\/platform.twitter.com\/widgets.js\" charset=\"utf-8\"><\/script>\n<\/div><\/figure>\n\n\n\n<p>Mientras que un reportero m\u00e1s, acerca de la posible revancha en unos meses contra Dmitry Bivol, insinu\u00f3 acerca de alguna \u201ccl\u00e1usula de rehidrataci\u00f3n\u201d, comentario que no cay\u00f3 mucho de la gracia del pugilista azteca, por lo que lo interrumpi\u00f3 de forma inmediata. Reportero: Dejaste muy claro que buscas la revancha con Dmitry Bivol, ser\u00eda en las 168 libras, quiz\u00e1 con alguna cl\u00e1usula de rehidrataci\u00f3n. Canelo: \u00a1Ah cabr\u00f3n! Reportero: Para que no digan que agarras ventaja\u2026 Canelo: \u00bfUna cl\u00e1usula de rehidrataci\u00f3n? Ya pues si quieres t\u00fa haz la pelea y ya me quito de problemas. Reportero: Porque la gente lo puede pensar\u2026 Canelo: Pero ya est\u00e1s afirmando, entonces s\u00ed quieres t\u00fa haz la pelea y as\u00ed me sale m\u00e1s f\u00e1cil a m\u00ed.<\/p>\n\n\n\n<p>\u00bfCu\u00e1ndo es la pr\u00f3xima pelea del Canelo \u00c1lvarez? Sa\u00fal \u00c1lvarez expres\u00f3 su firme deseo de buscar la revancha contra Dmitry Bivol y el combate se podr\u00eda concretar para el mes de septiembre; de lo contrario, detall\u00f3, que tendr\u00eda que buscar otras alternativas, pero descart\u00f3 que se tratara de alg\u00fan boxeador mexicano.<\/p>\n\n\n\n<p>Con Informaci\u00f3n de Medio Tiempo<\/p>\n","protected":false},"excerpt":{"rendered":"<p>Por Redacci\u00f3n QP Sa\u00fal \u00c1lvarez sali\u00f3 agradecido por el apoyo de la afici\u00f3n mexicana tras&#8230;<\/p>\n","protected":false},"author":2,"featured_media":100689,"comment_status":"open","ping_status":"open","sticky":false,"template":"","format":"standard","meta":{"_monsterinsights_skip_tracking":false,"_monsterinsights_sitenote_active":false,"_monsterinsights_sitenote_note":"","_monsterinsights_sitenote_category":0,"footnotes":""},"categories":[54],"tags":[],"class_list":["post-100688","post","type-post","status-publish","format-standard","has-post-thumbnail","hentry","category-deportes"],"yoast_head":"<!-- This site is optimized with the Yoast SEO plugin v27.3 - https:\/\/yoast.com\/product\/yoast-seo-wordpress\/ -->\n<title>Canelo \u00c1lvarez se molesta con reportero tras triunfo: &#039;Si no est\u00e1s contento, \u00bfpara qu\u00e9 est\u00e1s aqu\u00ed?&#039; -<\/title>\n<meta name=\"robots\" content=\"index, follow, max-snippet:-1, max-image-preview:large, max-video-preview:-1\" \/>\n<link rel=\"canonical\" href=\"https:\/\/quehacerpolitico.mx\/?p=100688\" \/>\n<meta property=\"og:locale\" content=\"es_MX\" \/>\n<meta property=\"og:type\" content=\"article\" \/>\n<meta property=\"og:title\" content=\"Canelo \u00c1lvarez se molesta con reportero tras triunfo: &#039;Si no est\u00e1s contento, \u00bfpara qu\u00e9 est\u00e1s aqu\u00ed?&#039; -\" \/>\n<meta property=\"og:description\" content=\"Por Redacci\u00f3n QP Sa\u00fal \u00c1lvarez sali\u00f3 agradecido por el apoyo de la afici\u00f3n mexicana tras...\" \/>\n<meta property=\"og:url\" content=\"https:\/\/quehacerpolitico.mx\/?p=100688\" \/>\n<meta property=\"article:published_time\" content=\"2023-05-09T17:57:06+00:00\" \/>\n<meta property=\"article:modified_time\" content=\"2023-05-09T17:57:09+00:00\" \/>\n<meta property=\"og:image\" content=\"https:\/\/quehacerpolitico.mx\/wp-content\/uploads\/2023\/05\/IMG_7589.jpeg\" \/>\n\t<meta property=\"og:image:width\" content=\"739\" \/>\n\t<meta property=\"og:image:height\" content=\"415\" \/>\n\t<meta property=\"og:image:type\" content=\"image\/jpeg\" \/>\n<meta name=\"author\" content=\"Redacci\u00f3n QP\" \/>\n<meta name=\"twitter:card\" content=\"summary_large_image\" \/>\n<meta name=\"twitter:label1\" content=\"Escrito por\" \/>\n\t<meta name=\"twitter:data1\" content=\"Redacci\u00f3n QP\" \/>\n\t<meta name=\"twitter:label2\" content=\"Tiempo de lectura\" \/>\n\t<meta name=\"twitter:data2\" content=\"2 minutos\" \/>\n<script type=\"application\/ld+json\" class=\"yoast-schema-graph\">{\"@context\":\"https:\\\/\\\/schema.org\",\"@graph\":[{\"@type\":\"Article\",\"@id\":\"https:\\\/\\\/quehacerpolitico.mx\\\/?p=100688#article\",\"isPartOf\":{\"@id\":\"https:\\\/\\\/quehacerpolitico.mx\\\/?p=100688\"},\"author\":{\"name\":\"Redacci\u00f3n QP\",\"@id\":\"https:\\\/\\\/quehacerpolitico.mx\\\/#\\\/schema\\\/person\\\/496d8ad2d1d3f8036101dca7ee39e585\"},\"headline\":\"Canelo \u00c1lvarez se molesta con reportero tras triunfo: &#8216;Si no est\u00e1s contento, \u00bfpara qu\u00e9 est\u00e1s aqu\u00ed?&#8217;\",\"datePublished\":\"2023-05-09T17:57:06+00:00\",\"dateModified\":\"2023-05-09T17:57:09+00:00\",\"mainEntityOfPage\":{\"@id\":\"https:\\\/\\\/quehacerpolitico.mx\\\/?p=100688\"},\"wordCount\":479,\"commentCount\":0,\"image\":{\"@id\":\"https:\\\/\\\/quehacerpolitico.mx\\\/?p=100688#primaryimage\"},\"thumbnailUrl\":\"https:\\\/\\\/quehacerpolitico.mx\\\/wp-content\\\/uploads\\\/2023\\\/05\\\/IMG_7589.jpeg\",\"articleSection\":[\"Deportes\"],\"inLanguage\":\"es\",\"potentialAction\":[{\"@type\":\"CommentAction\",\"name\":\"Comment\",\"target\":[\"https:\\\/\\\/quehacerpolitico.mx\\\/?p=100688#respond\"]}]},{\"@type\":\"WebPage\",\"@id\":\"https:\\\/\\\/quehacerpolitico.mx\\\/?p=100688\",\"url\":\"https:\\\/\\\/quehacerpolitico.mx\\\/?p=100688\",\"name\":\"Canelo \u00c1lvarez se molesta con reportero tras triunfo: 'Si no est\u00e1s contento, \u00bfpara qu\u00e9 est\u00e1s aqu\u00ed?' -\",\"isPartOf\":{\"@id\":\"https:\\\/\\\/quehacerpolitico.mx\\\/#website\"},\"primaryImageOfPage\":{\"@id\":\"https:\\\/\\\/quehacerpolitico.mx\\\/?p=100688#primaryimage\"},\"image\":{\"@id\":\"https:\\\/\\\/quehacerpolitico.mx\\\/?p=100688#primaryimage\"},\"thumbnailUrl\":\"https:\\\/\\\/quehacerpolitico.mx\\\/wp-content\\\/uploads\\\/2023\\\/05\\\/IMG_7589.jpeg\",\"datePublished\":\"2023-05-09T17:57:06+00:00\",\"dateModified\":\"2023-05-09T17:57:09+00:00\",\"author\":{\"@id\":\"https:\\\/\\\/quehacerpolitico.mx\\\/#\\\/schema\\\/person\\\/496d8ad2d1d3f8036101dca7ee39e585\"},\"breadcrumb\":{\"@id\":\"https:\\\/\\\/quehacerpolitico.mx\\\/?p=100688#breadcrumb\"},\"inLanguage\":\"es\",\"potentialAction\":[{\"@type\":\"ReadAction\",\"target\":[\"https:\\\/\\\/quehacerpolitico.mx\\\/?p=100688\"]}]},{\"@type\":\"ImageObject\",\"inLanguage\":\"es\",\"@id\":\"https:\\\/\\\/quehacerpolitico.mx\\\/?p=100688#primaryimage\",\"url\":\"https:\\\/\\\/quehacerpolitico.mx\\\/wp-content\\\/uploads\\\/2023\\\/05\\\/IMG_7589.jpeg\",\"contentUrl\":\"https:\\\/\\\/quehacerpolitico.mx\\\/wp-content\\\/uploads\\\/2023\\\/05\\\/IMG_7589.jpeg\",\"width\":739,\"height\":415},{\"@type\":\"BreadcrumbList\",\"@id\":\"https:\\\/\\\/quehacerpolitico.mx\\\/?p=100688#breadcrumb\",\"itemListElement\":[{\"@type\":\"ListItem\",\"position\":1,\"name\":\"Inicio\",\"item\":\"https:\\\/\\\/quehacerpolitico.mx\\\/\"},{\"@type\":\"ListItem\",\"position\":2,\"name\":\"Canelo \u00c1lvarez se molesta con reportero tras triunfo: &#8216;Si no est\u00e1s contento, \u00bfpara qu\u00e9 est\u00e1s aqu\u00ed?&#8217;\"}]},{\"@type\":\"WebSite\",\"@id\":\"https:\\\/\\\/quehacerpolitico.mx\\\/#website\",\"url\":\"https:\\\/\\\/quehacerpolitico.mx\\\/\",\"name\":\"\",\"description\":\"\",\"potentialAction\":[{\"@type\":\"SearchAction\",\"target\":{\"@type\":\"EntryPoint\",\"urlTemplate\":\"https:\\\/\\\/quehacerpolitico.mx\\\/?s={search_term_string}\"},\"query-input\":{\"@type\":\"PropertyValueSpecification\",\"valueRequired\":true,\"valueName\":\"search_term_string\"}}],\"inLanguage\":\"es\"},{\"@type\":\"Person\",\"@id\":\"https:\\\/\\\/quehacerpolitico.mx\\\/#\\\/schema\\\/person\\\/496d8ad2d1d3f8036101dca7ee39e585\",\"name\":\"Redacci\u00f3n QP\",\"image\":{\"@type\":\"ImageObject\",\"inLanguage\":\"es\",\"@id\":\"https:\\\/\\\/secure.gravatar.com\\\/avatar\\\/c7164ed6fdec453195284ad24a5ae5b6e1eed2b848477fa2a4787ba9adf39a41?s=96&d=mm&r=g\",\"url\":\"https:\\\/\\\/secure.gravatar.com\\\/avatar\\\/c7164ed6fdec453195284ad24a5ae5b6e1eed2b848477fa2a4787ba9adf39a41?s=96&d=mm&r=g\",\"contentUrl\":\"https:\\\/\\\/secure.gravatar.com\\\/avatar\\\/c7164ed6fdec453195284ad24a5ae5b6e1eed2b848477fa2a4787ba9adf39a41?s=96&d=mm&r=g\",\"caption\":\"Redacci\u00f3n QP\"},\"url\":\"https:\\\/\\\/quehacerpolitico.mx\\\/?author=2\"}]}<\/script>\n<!-- \/ Yoast SEO plugin. -->","yoast_head_json":{"title":"Canelo \u00c1lvarez se molesta con reportero tras triunfo: 'Si no est\u00e1s contento, \u00bfpara qu\u00e9 est\u00e1s aqu\u00ed?' -","robots":{"index":"index","follow":"follow","max-snippet":"max-snippet:-1","max-image-preview":"max-image-preview:large","max-video-preview":"max-video-preview:-1"},"canonical":"https:\/\/quehacerpolitico.mx\/?p=100688","og_locale":"es_MX","og_type":"article","og_title":"Canelo \u00c1lvarez se molesta con reportero tras triunfo: 'Si no est\u00e1s contento, \u00bfpara qu\u00e9 est\u00e1s aqu\u00ed?' -","og_description":"Por Redacci\u00f3n QP Sa\u00fal \u00c1lvarez sali\u00f3 agradecido por el apoyo de la afici\u00f3n mexicana tras...","og_url":"https:\/\/quehacerpolitico.mx\/?p=100688","article_published_time":"2023-05-09T17:57:06+00:00","article_modified_time":"2023-05-09T17:57:09+00:00","og_image":[{"width":739,"height":415,"url":"https:\/\/quehacerpolitico.mx\/wp-content\/uploads\/2023\/05\/IMG_7589.jpeg","type":"image\/jpeg"}],"author":"Redacci\u00f3n QP","twitter_card":"summary_large_image","twitter_misc":{"Escrito por":"Redacci\u00f3n QP","Tiempo de lectura":"2 minutos"},"schema":{"@context":"https:\/\/schema.org","@graph":[{"@type":"Article","@id":"https:\/\/quehacerpolitico.mx\/?p=100688#article","isPartOf":{"@id":"https:\/\/quehacerpolitico.mx\/?p=100688"},"author":{"name":"Redacci\u00f3n QP","@id":"https:\/\/quehacerpolitico.mx\/#\/schema\/person\/496d8ad2d1d3f8036101dca7ee39e585"},"headline":"Canelo \u00c1lvarez se molesta con reportero tras triunfo: &#8216;Si no est\u00e1s contento, \u00bfpara qu\u00e9 est\u00e1s aqu\u00ed?&#8217;","datePublished":"2023-05-09T17:57:06+00:00","dateModified":"2023-05-09T17:57:09+00:00","mainEntityOfPage":{"@id":"https:\/\/quehacerpolitico.mx\/?p=100688"},"wordCount":479,"commentCount":0,"image":{"@id":"https:\/\/quehacerpolitico.mx\/?p=100688#primaryimage"},"thumbnailUrl":"https:\/\/quehacerpolitico.mx\/wp-content\/uploads\/2023\/05\/IMG_7589.jpeg","articleSection":["Deportes"],"inLanguage":"es","potentialAction":[{"@type":"CommentAction","name":"Comment","target":["https:\/\/quehacerpolitico.mx\/?p=100688#respond"]}]},{"@type":"WebPage","@id":"https:\/\/quehacerpolitico.mx\/?p=100688","url":"https:\/\/quehacerpolitico.mx\/?p=100688","name":"Canelo \u00c1lvarez se molesta con reportero tras triunfo: 'Si no est\u00e1s contento, \u00bfpara qu\u00e9 est\u00e1s aqu\u00ed?' -","isPartOf":{"@id":"https:\/\/quehacerpolitico.mx\/#website"},"primaryImageOfPage":{"@id":"https:\/\/quehacerpolitico.mx\/?p=100688#primaryimage"},"image":{"@id":"https:\/\/quehacerpolitico.mx\/?p=100688#primaryimage"},"thumbnailUrl":"https:\/\/quehacerpolitico.mx\/wp-content\/uploads\/2023\/05\/IMG_7589.jpeg","datePublished":"2023-05-09T17:57:06+00:00","dateModified":"2023-05-09T17:57:09+00:00","author":{"@id":"https:\/\/quehacerpolitico.mx\/#\/schema\/person\/496d8ad2d1d3f8036101dca7ee39e585"},"breadcrumb":{"@id":"https:\/\/quehacerpolitico.mx\/?p=100688#breadcrumb"},"inLanguage":"es","potentialAction":[{"@type":"ReadAction","target":["https:\/\/quehacerpolitico.mx\/?p=100688"]}]},{"@type":"ImageObject","inLanguage":"es","@id":"https:\/\/quehacerpolitico.mx\/?p=100688#primaryimage","url":"https:\/\/quehacerpolitico.mx\/wp-content\/uploads\/2023\/05\/IMG_7589.jpeg","contentUrl":"https:\/\/quehacerpolitico.mx\/wp-content\/uploads\/2023\/05\/IMG_7589.jpeg","width":739,"height":415},{"@type":"BreadcrumbList","@id":"https:\/\/quehacerpolitico.mx\/?p=100688#breadcrumb","itemListElement":[{"@type":"ListItem","position":1,"name":"Inicio","item":"https:\/\/quehacerpolitico.mx\/"},{"@type":"ListItem","position":2,"name":"Canelo \u00c1lvarez se molesta con reportero tras triunfo: &#8216;Si no est\u00e1s contento, \u00bfpara qu\u00e9 est\u00e1s aqu\u00ed?&#8217;"}]},{"@type":"WebSite","@id":"https:\/\/quehacerpolitico.mx\/#website","url":"https:\/\/quehacerpolitico.mx\/","name":"","description":"","potentialAction":[{"@type":"SearchAction","target":{"@type":"EntryPoint","urlTemplate":"https:\/\/quehacerpolitico.mx\/?s={search_term_string}"},"query-input":{"@type":"PropertyValueSpecification","valueRequired":true,"valueName":"search_term_string"}}],"inLanguage":"es"},{"@type":"Person","@id":"https:\/\/quehacerpolitico.mx\/#\/schema\/person\/496d8ad2d1d3f8036101dca7ee39e585","name":"Redacci\u00f3n QP","image":{"@type":"ImageObject","inLanguage":"es","@id":"https:\/\/secure.gravatar.com\/avatar\/c7164ed6fdec453195284ad24a5ae5b6e1eed2b848477fa2a4787ba9adf39a41?s=96&d=mm&r=g","url":"https:\/\/secure.gravatar.com\/avatar\/c7164ed6fdec453195284ad24a5ae5b6e1eed2b848477fa2a4787ba9adf39a41?s=96&d=mm&r=g","contentUrl":"https:\/\/secure.gravatar.com\/avatar\/c7164ed6fdec453195284ad24a5ae5b6e1eed2b848477fa2a4787ba9adf39a41?s=96&d=mm&r=g","caption":"Redacci\u00f3n QP"},"url":"https:\/\/quehacerpolitico.mx\/?author=2"}]}},"featured_image_urls":{"full":["https:\/\/quehacerpolitico.mx\/wp-content\/uploads\/2023\/05\/IMG_7589.jpeg",739,415,false],"thumbnail":["https:\/\/quehacerpolitico.mx\/wp-content\/uploads\/2023\/05\/IMG_7589-150x150.jpeg",150,150,true],"medium":["https:\/\/quehacerpolitico.mx\/wp-content\/uploads\/2023\/05\/IMG_7589-300x168.jpeg",300,168,true],"medium_large":["https:\/\/quehacerpolitico.mx\/wp-content\/uploads\/2023\/05\/IMG_7589.jpeg",640,359,false],"large":["https:\/\/quehacerpolitico.mx\/wp-content\/uploads\/2023\/05\/IMG_7589.jpeg",640,359,false],"1536x1536":["https:\/\/quehacerpolitico.mx\/wp-content\/uploads\/2023\/05\/IMG_7589.jpeg",739,415,false],"2048x2048":["https:\/\/quehacerpolitico.mx\/wp-content\/uploads\/2023\/05\/IMG_7589.jpeg",739,415,false],"covernews-featured":["https:\/\/quehacerpolitico.mx\/wp-content\/uploads\/2023\/05\/IMG_7589.jpeg",739,415,false],"covernews-medium":["https:\/\/quehacerpolitico.mx\/wp-content\/uploads\/2023\/05\/IMG_7589.jpeg",540,303,false]},"author_info":{"display_name":"Redacci\u00f3n QP","author_link":"https:\/\/quehacerpolitico.mx\/?author=2"},"category_info":"<a href=\"https:\/\/quehacerpolitico.mx\/?cat=54\" rel=\"category\">Deportes<\/a>","tag_info":"Deportes","comment_count":"0","_links":{"self":[{"href":"https:\/\/quehacerpolitico.mx\/index.php?rest_route=\/wp\/v2\/posts\/100688","targetHints":{"allow":["GET"]}}],"collection":[{"href":"https:\/\/quehacerpolitico.mx\/index.php?rest_route=\/wp\/v2\/posts"}],"about":[{"href":"https:\/\/quehacerpolitico.mx\/index.php?rest_route=\/wp\/v2\/types\/post"}],"author":[{"embeddable":true,"href":"https:\/\/quehacerpolitico.mx\/index.php?rest_route=\/wp\/v2\/users\/2"}],"replies":[{"embeddable":true,"href":"https:\/\/quehacerpolitico.mx\/index.php?rest_route=%2Fwp%2Fv2%2Fcomments&post=100688"}],"version-history":[{"count":1,"href":"https:\/\/quehacerpolitico.mx\/index.php?rest_route=\/wp\/v2\/posts\/100688\/revisions"}],"predecessor-version":[{"id":100690,"href":"https:\/\/quehacerpolitico.mx\/index.php?rest_route=\/wp\/v2\/posts\/100688\/revisions\/100690"}],"wp:featuredmedia":[{"embeddable":true,"href":"https:\/\/quehacerpolitico.mx\/index.php?rest_route=\/wp\/v2\/media\/100689"}],"wp:attachment":[{"href":"https:\/\/quehacerpolitico.mx\/index.php?rest_route=%2Fwp%2Fv2%2Fmedia&parent=100688"}],"wp:term":[{"taxonomy":"category","embeddable":true,"href":"https:\/\/quehacerpolitico.mx\/index.php?rest_route=%2Fwp%2Fv2%2Fcategories&post=100688"},{"taxonomy":"post_tag","embeddable":true,"href":"https:\/\/quehacerpolitico.mx\/index.php?rest_route=%2Fwp%2Fv2%2Ftags&post=100688"}],"curies":[{"name":"wp","href":"https:\/\/api.w.org\/{rel}","templated":true}]}}