{"id":100682,"date":"2023-05-09T17:22:53","date_gmt":"2023-05-09T17:22:53","guid":{"rendered":"https:\/\/quehacerpolitico.mx\/?p=100682"},"modified":"2023-05-09T17:22:57","modified_gmt":"2023-05-09T17:22:57","slug":"maximiliano-de-hasburgo-no-murio-fusilado-investigador","status":"publish","type":"post","link":"https:\/\/quehacerpolitico.mx\/?p=100682","title":{"rendered":"Maximiliano de Hasburgo no muri\u00f3 fusilado: Investigador"},"content":{"rendered":"\n<p>Por Redacci\u00f3n QP<\/p>\n\n\n\n<p>Rolando Deneker asegura que el emperador residi\u00f3 en El Salvador los \u00faltimos d\u00edas de su vida<\/p>\n\n\n\n<p><strong>El investigador salvadore\u00f1o Rolando Deneker<\/strong>\u00a0revisit\u00f3 los acontecimientos que tuvieron lugar en 1864, cuando\u00a0<strong>Benito Ju\u00e1rez dio indicaciones a un pelot\u00f3n de fusileros<\/strong>\u00a0para que dispararan contra el\u00a0<strong>archiduque Maximiliano de Hasburgo<\/strong>, pues el tambi\u00e9n arquitecto propuso que la historia del emperador no acab\u00f3 como se nos ha contado,\u00a0<strong>pues a trav\u00e9s de una recabaci\u00f3n de datos, fotograf\u00edas, testimonios\u00a0<\/strong>y una longeva investigaci\u00f3n sugiere que Ju\u00e1rez le perdon\u00f3 la vida y permiti\u00f3 que se instalara en El Salvador,\u00a0<strong>donde residi\u00f3 hasta perder la vida a los 104 a\u00f1os<\/strong>.<\/p>\n\n\n\n<p><strong>Justo de Armas fue el nombre que presuntamente adopt\u00f3 el emperador&nbsp;<\/strong>Maximiliano de Hasburgo, luego de que Benito Ju\u00e1rez le extendiera un salvoconducto -un documento que autoriza un viaje libre y sin riegos para quien se le ha concedido-&nbsp;<strong>para que se trasladara a El Salvador<\/strong>, esa es la versi\u00f3n que Deneker ha propuesto desde hace 15 a\u00f1os.<\/p>\n\n\n\n<p>De acuerdo con la investigaci\u00f3n del salvadore\u00f1o,\u00a0<strong>a poco tiempo de que Ju\u00e1rez ordenara<\/strong>, a trav\u00e9s de un decreto,\u00a0<strong>que el emperador fuera fusilado en el Cerro de las Campanas<\/strong>\u00a0(Quer\u00e9taro), un hombre con las caracter\u00edsticas f\u00edsicas del originario\u00a0de Austria, quien al poco tiempo de instalarse en la regi\u00f3n sudamericana\u00a0<strong>se gan\u00f3 el respeto de la alta sociedad salvadore\u00f1a,<\/strong>\u00a0pese a que siempre se neg\u00f3 a hablar acerca de su pasado pues, asegura el investigador, que\u00a0<strong>el parecido entre Justo y don Maximiliano era evidente<\/strong>, por lo que las sospechas de que se trata de una misma persona se mantuvieron centelleantes hasta el d\u00eda de su muerte.<\/p>\n\n\n\n<p><strong>De hecho, el investigador ha comprobado que existen pruebas de ADN<\/strong>&nbsp;que confirmar\u00edan que Maximiliano y Justo ten\u00edan la misma sangre, luego de que un pariente de la estirpe de Hasburgo&nbsp;<strong>fungiera como donante para llevar a cabo este examen de identidad<\/strong>.<\/p>\n\n\n\n<p><strong>Las \u00fanicas nociones que<\/strong>\u00a0-de acuerdo con la versi\u00f3n de Deneker-\u00a0<strong>dio de Armas acerca de d\u00f3nde ven\u00eda y qui\u00e9n hab\u00eda sido antes<\/strong>\u00a0de que se la abrasase a su llegada al puerto de Acajutla, fue que\u00a0<strong>era superviviente de un naufragio<\/strong>\u00a0y tal fue el respeto que se granje\u00f3 con el tiempo, que nadie puso a discusi\u00f3n su historia, hasta que Rolando se dio a la tarea de investigar todo lo relacionado con el viajero, pues -seg\u00fan ha contado-, desde que era peque\u00f1o, su abuela,\u00a0<strong>do\u00f1a Consuelo, le narraba historias que involucraban a don Justo<\/strong>, a quien hab\u00eda conocido personalmente a su bisabuela, do\u00f1a Abelina.<\/p>\n\n\n\n<p><strong>De acuerdo con Deneke,&nbsp;<\/strong>Justo de Armas cont\u00f3 a su bisabuela que&nbsp;<strong>hab\u00eda sido emperador de M\u00e9xico<\/strong>, luego de llegar a tierras mexicanas tras abandonar Austria, por ello, cuando el investigador tuvo la oportunidad de viajar al pa\u00eds europeo&nbsp;<strong>emprendi\u00f3 una honda investigaci\u00f3n acerca de este personaje<\/strong>, haciendo lo propio en otras regiones a las que arrib\u00f3&nbsp;con el \u00fanico objetivo que desentra\u00f1ar la identidad de este personaje, como lo fueron&nbsp;<strong>B\u00e9lgica, Francia y M\u00e9xico<\/strong>.<\/p>\n\n\n\n<p>Entre los datos m\u00e1s contundentes y que llamaron m\u00e1s la atenci\u00f3n del investigador&nbsp;fue que&nbsp;<strong>Justo lleg\u00f3 a El Salvador en 1870 y fue recibido por personajes de gran importante pol\u00edtica<\/strong>, pues fue Gregorio Arbiz\u00fa, vicepresidente y canciller del gobierno de Francisco Due\u00f1as, l\u00edder del partido conservador de la regi\u00f3n,&nbsp;<strong>por lo que Deneke se cuestion\u00f3 el por qu\u00e9 un n\u00e1ufrago recibir\u00eda tantos honores a su llegada&nbsp;<\/strong>a un pa\u00eds completamente ajeno y al que arrib\u00f3 por mera casualidad.<\/p>\n\n\n\n<p><strong>&#8220;Llamaba mucho la atenci\u00f3n porque,<\/strong>&nbsp;a pesar de ser un hombre impecablemente vestido y de exquisito trato,&nbsp;<strong>no usaba calzado<\/strong>; elegantemente vestido recorr\u00eda las calles de San Salvador y dirig\u00eda el servicio de banquetes&nbsp;<strong>completamente descalzo<\/strong>. Nunca le revel\u00f3 a nadie el motivo de esta excentricidad, aunque se sabe con certeza que&nbsp;<strong>se vio amenazado por un grave peligro de muerte<\/strong>&nbsp;y, sin mayor esperanza de ser salvado, le prometi\u00f3 a la Virgen ir descalzo el resto de su vida si consegu\u00eda salvarse&#8221;, relat\u00f3 Deneke para exponer su teor\u00eda.<\/p>\n\n\n\n<p><strong>Otra de las cuestiones que ponen en duda la veracidad de la investigaci\u00f3n de Deneke<\/strong>\u00a0tiene que ver con la presunta expiaci\u00f3n que Ju\u00e1rez concedi\u00f3, pero el investigador afirma que la explicaci\u00f3n es muy sencilla,\u00a0<strong>debido a que ambos eran masones, lo que le impidi\u00f3 arremeter en contra del emperador,\u00a0<\/strong>sin embargo, pactaron fingir su fusilamiento y hallar una regi\u00f3n lo suficientemente apartada de M\u00e9xico para que de Hasburgo pasara el resto de sus d\u00edas, pues asegura que vivi\u00f3 hasta los 104 a\u00f1os.<\/p>\n\n\n\n<figure class=\"wp-block-embed is-type-video is-provider-youtube wp-block-embed-youtube wp-embed-aspect-4-3 wp-has-aspect-ratio\"><div class=\"wp-block-embed__wrapper\">\n<iframe loading=\"lazy\" title=\"Maximiliano de Habsburgo No Muri\u00f3 Fusilado: Investigadores \/\/ El Nopal News #864\" width=\"640\" height=\"480\" src=\"https:\/\/www.youtube.com\/embed\/nbux0Ov6ND4?feature=oembed\" frameborder=\"0\" allow=\"accelerometer; autoplay; clipboard-write; encrypted-media; gyroscope; picture-in-picture; web-share\" referrerpolicy=\"strict-origin-when-cross-origin\" allowfullscreen><\/iframe>\n<\/div><\/figure>\n\n\n\n<p>Con informaci\u00f3n de SUN <\/p>\n","protected":false},"excerpt":{"rendered":"<p>Por Redacci\u00f3n QP Rolando Deneker asegura que el emperador residi\u00f3 en El Salvador los \u00faltimos&#8230;<\/p>\n","protected":false},"author":2,"featured_media":100683,"comment_status":"open","ping_status":"open","sticky":false,"template":"","format":"standard","meta":{"_monsterinsights_skip_tracking":false,"_monsterinsights_sitenote_active":false,"_monsterinsights_sitenote_note":"","_monsterinsights_sitenote_category":0,"footnotes":""},"categories":[58],"tags":[],"class_list":["post-100682","post","type-post","status-publish","format-standard","has-post-thumbnail","hentry","category-cultura"],"yoast_head":"<!-- This site is optimized with the Yoast SEO plugin v27.3 - https:\/\/yoast.com\/product\/yoast-seo-wordpress\/ -->\n<title>Maximiliano de Hasburgo no muri\u00f3 fusilado: Investigador -<\/title>\n<meta name=\"robots\" content=\"index, follow, max-snippet:-1, max-image-preview:large, max-video-preview:-1\" \/>\n<link rel=\"canonical\" href=\"https:\/\/quehacerpolitico.mx\/?p=100682\" \/>\n<meta property=\"og:locale\" content=\"es_MX\" \/>\n<meta property=\"og:type\" content=\"article\" \/>\n<meta property=\"og:title\" content=\"Maximiliano de Hasburgo no muri\u00f3 fusilado: Investigador -\" \/>\n<meta property=\"og:description\" content=\"Por Redacci\u00f3n QP Rolando Deneker asegura que el emperador residi\u00f3 en El Salvador los \u00faltimos...\" \/>\n<meta property=\"og:url\" content=\"https:\/\/quehacerpolitico.mx\/?p=100682\" \/>\n<meta property=\"article:published_time\" content=\"2023-05-09T17:22:53+00:00\" \/>\n<meta property=\"article:modified_time\" content=\"2023-05-09T17:22:57+00:00\" \/>\n<meta property=\"og:image\" content=\"https:\/\/quehacerpolitico.mx\/wp-content\/uploads\/2023\/05\/IMG_7587.jpeg\" \/>\n\t<meta property=\"og:image:width\" content=\"664\" \/>\n\t<meta property=\"og:image:height\" content=\"462\" \/>\n\t<meta property=\"og:image:type\" content=\"image\/jpeg\" \/>\n<meta name=\"author\" content=\"Redacci\u00f3n QP\" \/>\n<meta name=\"twitter:card\" content=\"summary_large_image\" \/>\n<meta name=\"twitter:label1\" content=\"Escrito por\" \/>\n\t<meta name=\"twitter:data1\" content=\"Redacci\u00f3n QP\" \/>\n\t<meta name=\"twitter:label2\" content=\"Tiempo de lectura\" \/>\n\t<meta name=\"twitter:data2\" content=\"4 minutos\" \/>\n<script type=\"application\/ld+json\" class=\"yoast-schema-graph\">{\"@context\":\"https:\\\/\\\/schema.org\",\"@graph\":[{\"@type\":\"Article\",\"@id\":\"https:\\\/\\\/quehacerpolitico.mx\\\/?p=100682#article\",\"isPartOf\":{\"@id\":\"https:\\\/\\\/quehacerpolitico.mx\\\/?p=100682\"},\"author\":{\"name\":\"Redacci\u00f3n QP\",\"@id\":\"https:\\\/\\\/quehacerpolitico.mx\\\/#\\\/schema\\\/person\\\/496d8ad2d1d3f8036101dca7ee39e585\"},\"headline\":\"Maximiliano de Hasburgo no muri\u00f3 fusilado: Investigador\",\"datePublished\":\"2023-05-09T17:22:53+00:00\",\"dateModified\":\"2023-05-09T17:22:57+00:00\",\"mainEntityOfPage\":{\"@id\":\"https:\\\/\\\/quehacerpolitico.mx\\\/?p=100682\"},\"wordCount\":846,\"commentCount\":0,\"image\":{\"@id\":\"https:\\\/\\\/quehacerpolitico.mx\\\/?p=100682#primaryimage\"},\"thumbnailUrl\":\"https:\\\/\\\/quehacerpolitico.mx\\\/wp-content\\\/uploads\\\/2023\\\/05\\\/IMG_7587.jpeg\",\"articleSection\":[\"Cultura y Entretenimiento\"],\"inLanguage\":\"es\",\"potentialAction\":[{\"@type\":\"CommentAction\",\"name\":\"Comment\",\"target\":[\"https:\\\/\\\/quehacerpolitico.mx\\\/?p=100682#respond\"]}]},{\"@type\":\"WebPage\",\"@id\":\"https:\\\/\\\/quehacerpolitico.mx\\\/?p=100682\",\"url\":\"https:\\\/\\\/quehacerpolitico.mx\\\/?p=100682\",\"name\":\"Maximiliano de Hasburgo no muri\u00f3 fusilado: Investigador -\",\"isPartOf\":{\"@id\":\"https:\\\/\\\/quehacerpolitico.mx\\\/#website\"},\"primaryImageOfPage\":{\"@id\":\"https:\\\/\\\/quehacerpolitico.mx\\\/?p=100682#primaryimage\"},\"image\":{\"@id\":\"https:\\\/\\\/quehacerpolitico.mx\\\/?p=100682#primaryimage\"},\"thumbnailUrl\":\"https:\\\/\\\/quehacerpolitico.mx\\\/wp-content\\\/uploads\\\/2023\\\/05\\\/IMG_7587.jpeg\",\"datePublished\":\"2023-05-09T17:22:53+00:00\",\"dateModified\":\"2023-05-09T17:22:57+00:00\",\"author\":{\"@id\":\"https:\\\/\\\/quehacerpolitico.mx\\\/#\\\/schema\\\/person\\\/496d8ad2d1d3f8036101dca7ee39e585\"},\"breadcrumb\":{\"@id\":\"https:\\\/\\\/quehacerpolitico.mx\\\/?p=100682#breadcrumb\"},\"inLanguage\":\"es\",\"potentialAction\":[{\"@type\":\"ReadAction\",\"target\":[\"https:\\\/\\\/quehacerpolitico.mx\\\/?p=100682\"]}]},{\"@type\":\"ImageObject\",\"inLanguage\":\"es\",\"@id\":\"https:\\\/\\\/quehacerpolitico.mx\\\/?p=100682#primaryimage\",\"url\":\"https:\\\/\\\/quehacerpolitico.mx\\\/wp-content\\\/uploads\\\/2023\\\/05\\\/IMG_7587.jpeg\",\"contentUrl\":\"https:\\\/\\\/quehacerpolitico.mx\\\/wp-content\\\/uploads\\\/2023\\\/05\\\/IMG_7587.jpeg\",\"width\":664,\"height\":462},{\"@type\":\"BreadcrumbList\",\"@id\":\"https:\\\/\\\/quehacerpolitico.mx\\\/?p=100682#breadcrumb\",\"itemListElement\":[{\"@type\":\"ListItem\",\"position\":1,\"name\":\"Inicio\",\"item\":\"https:\\\/\\\/quehacerpolitico.mx\\\/\"},{\"@type\":\"ListItem\",\"position\":2,\"name\":\"Maximiliano de Hasburgo no muri\u00f3 fusilado: Investigador\"}]},{\"@type\":\"WebSite\",\"@id\":\"https:\\\/\\\/quehacerpolitico.mx\\\/#website\",\"url\":\"https:\\\/\\\/quehacerpolitico.mx\\\/\",\"name\":\"\",\"description\":\"\",\"potentialAction\":[{\"@type\":\"SearchAction\",\"target\":{\"@type\":\"EntryPoint\",\"urlTemplate\":\"https:\\\/\\\/quehacerpolitico.mx\\\/?s={search_term_string}\"},\"query-input\":{\"@type\":\"PropertyValueSpecification\",\"valueRequired\":true,\"valueName\":\"search_term_string\"}}],\"inLanguage\":\"es\"},{\"@type\":\"Person\",\"@id\":\"https:\\\/\\\/quehacerpolitico.mx\\\/#\\\/schema\\\/person\\\/496d8ad2d1d3f8036101dca7ee39e585\",\"name\":\"Redacci\u00f3n QP\",\"image\":{\"@type\":\"ImageObject\",\"inLanguage\":\"es\",\"@id\":\"https:\\\/\\\/secure.gravatar.com\\\/avatar\\\/c7164ed6fdec453195284ad24a5ae5b6e1eed2b848477fa2a4787ba9adf39a41?s=96&d=mm&r=g\",\"url\":\"https:\\\/\\\/secure.gravatar.com\\\/avatar\\\/c7164ed6fdec453195284ad24a5ae5b6e1eed2b848477fa2a4787ba9adf39a41?s=96&d=mm&r=g\",\"contentUrl\":\"https:\\\/\\\/secure.gravatar.com\\\/avatar\\\/c7164ed6fdec453195284ad24a5ae5b6e1eed2b848477fa2a4787ba9adf39a41?s=96&d=mm&r=g\",\"caption\":\"Redacci\u00f3n QP\"},\"url\":\"https:\\\/\\\/quehacerpolitico.mx\\\/?author=2\"}]}<\/script>\n<!-- \/ Yoast SEO plugin. -->","yoast_head_json":{"title":"Maximiliano de Hasburgo no muri\u00f3 fusilado: Investigador -","robots":{"index":"index","follow":"follow","max-snippet":"max-snippet:-1","max-image-preview":"max-image-preview:large","max-video-preview":"max-video-preview:-1"},"canonical":"https:\/\/quehacerpolitico.mx\/?p=100682","og_locale":"es_MX","og_type":"article","og_title":"Maximiliano de Hasburgo no muri\u00f3 fusilado: Investigador -","og_description":"Por Redacci\u00f3n QP Rolando Deneker asegura que el emperador residi\u00f3 en El Salvador los \u00faltimos...","og_url":"https:\/\/quehacerpolitico.mx\/?p=100682","article_published_time":"2023-05-09T17:22:53+00:00","article_modified_time":"2023-05-09T17:22:57+00:00","og_image":[{"width":664,"height":462,"url":"https:\/\/quehacerpolitico.mx\/wp-content\/uploads\/2023\/05\/IMG_7587.jpeg","type":"image\/jpeg"}],"author":"Redacci\u00f3n QP","twitter_card":"summary_large_image","twitter_misc":{"Escrito por":"Redacci\u00f3n QP","Tiempo de lectura":"4 minutos"},"schema":{"@context":"https:\/\/schema.org","@graph":[{"@type":"Article","@id":"https:\/\/quehacerpolitico.mx\/?p=100682#article","isPartOf":{"@id":"https:\/\/quehacerpolitico.mx\/?p=100682"},"author":{"name":"Redacci\u00f3n QP","@id":"https:\/\/quehacerpolitico.mx\/#\/schema\/person\/496d8ad2d1d3f8036101dca7ee39e585"},"headline":"Maximiliano de Hasburgo no muri\u00f3 fusilado: Investigador","datePublished":"2023-05-09T17:22:53+00:00","dateModified":"2023-05-09T17:22:57+00:00","mainEntityOfPage":{"@id":"https:\/\/quehacerpolitico.mx\/?p=100682"},"wordCount":846,"commentCount":0,"image":{"@id":"https:\/\/quehacerpolitico.mx\/?p=100682#primaryimage"},"thumbnailUrl":"https:\/\/quehacerpolitico.mx\/wp-content\/uploads\/2023\/05\/IMG_7587.jpeg","articleSection":["Cultura y Entretenimiento"],"inLanguage":"es","potentialAction":[{"@type":"CommentAction","name":"Comment","target":["https:\/\/quehacerpolitico.mx\/?p=100682#respond"]}]},{"@type":"WebPage","@id":"https:\/\/quehacerpolitico.mx\/?p=100682","url":"https:\/\/quehacerpolitico.mx\/?p=100682","name":"Maximiliano de Hasburgo no muri\u00f3 fusilado: Investigador -","isPartOf":{"@id":"https:\/\/quehacerpolitico.mx\/#website"},"primaryImageOfPage":{"@id":"https:\/\/quehacerpolitico.mx\/?p=100682#primaryimage"},"image":{"@id":"https:\/\/quehacerpolitico.mx\/?p=100682#primaryimage"},"thumbnailUrl":"https:\/\/quehacerpolitico.mx\/wp-content\/uploads\/2023\/05\/IMG_7587.jpeg","datePublished":"2023-05-09T17:22:53+00:00","dateModified":"2023-05-09T17:22:57+00:00","author":{"@id":"https:\/\/quehacerpolitico.mx\/#\/schema\/person\/496d8ad2d1d3f8036101dca7ee39e585"},"breadcrumb":{"@id":"https:\/\/quehacerpolitico.mx\/?p=100682#breadcrumb"},"inLanguage":"es","potentialAction":[{"@type":"ReadAction","target":["https:\/\/quehacerpolitico.mx\/?p=100682"]}]},{"@type":"ImageObject","inLanguage":"es","@id":"https:\/\/quehacerpolitico.mx\/?p=100682#primaryimage","url":"https:\/\/quehacerpolitico.mx\/wp-content\/uploads\/2023\/05\/IMG_7587.jpeg","contentUrl":"https:\/\/quehacerpolitico.mx\/wp-content\/uploads\/2023\/05\/IMG_7587.jpeg","width":664,"height":462},{"@type":"BreadcrumbList","@id":"https:\/\/quehacerpolitico.mx\/?p=100682#breadcrumb","itemListElement":[{"@type":"ListItem","position":1,"name":"Inicio","item":"https:\/\/quehacerpolitico.mx\/"},{"@type":"ListItem","position":2,"name":"Maximiliano de Hasburgo no muri\u00f3 fusilado: Investigador"}]},{"@type":"WebSite","@id":"https:\/\/quehacerpolitico.mx\/#website","url":"https:\/\/quehacerpolitico.mx\/","name":"","description":"","potentialAction":[{"@type":"SearchAction","target":{"@type":"EntryPoint","urlTemplate":"https:\/\/quehacerpolitico.mx\/?s={search_term_string}"},"query-input":{"@type":"PropertyValueSpecification","valueRequired":true,"valueName":"search_term_string"}}],"inLanguage":"es"},{"@type":"Person","@id":"https:\/\/quehacerpolitico.mx\/#\/schema\/person\/496d8ad2d1d3f8036101dca7ee39e585","name":"Redacci\u00f3n QP","image":{"@type":"ImageObject","inLanguage":"es","@id":"https:\/\/secure.gravatar.com\/avatar\/c7164ed6fdec453195284ad24a5ae5b6e1eed2b848477fa2a4787ba9adf39a41?s=96&d=mm&r=g","url":"https:\/\/secure.gravatar.com\/avatar\/c7164ed6fdec453195284ad24a5ae5b6e1eed2b848477fa2a4787ba9adf39a41?s=96&d=mm&r=g","contentUrl":"https:\/\/secure.gravatar.com\/avatar\/c7164ed6fdec453195284ad24a5ae5b6e1eed2b848477fa2a4787ba9adf39a41?s=96&d=mm&r=g","caption":"Redacci\u00f3n QP"},"url":"https:\/\/quehacerpolitico.mx\/?author=2"}]}},"featured_image_urls":{"full":["https:\/\/quehacerpolitico.mx\/wp-content\/uploads\/2023\/05\/IMG_7587.jpeg",664,462,false],"thumbnail":["https:\/\/quehacerpolitico.mx\/wp-content\/uploads\/2023\/05\/IMG_7587-150x150.jpeg",150,150,true],"medium":["https:\/\/quehacerpolitico.mx\/wp-content\/uploads\/2023\/05\/IMG_7587-300x209.jpeg",300,209,true],"medium_large":["https:\/\/quehacerpolitico.mx\/wp-content\/uploads\/2023\/05\/IMG_7587.jpeg",640,445,false],"large":["https:\/\/quehacerpolitico.mx\/wp-content\/uploads\/2023\/05\/IMG_7587.jpeg",640,445,false],"1536x1536":["https:\/\/quehacerpolitico.mx\/wp-content\/uploads\/2023\/05\/IMG_7587.jpeg",664,462,false],"2048x2048":["https:\/\/quehacerpolitico.mx\/wp-content\/uploads\/2023\/05\/IMG_7587.jpeg",664,462,false],"covernews-featured":["https:\/\/quehacerpolitico.mx\/wp-content\/uploads\/2023\/05\/IMG_7587.jpeg",664,462,false],"covernews-medium":["https:\/\/quehacerpolitico.mx\/wp-content\/uploads\/2023\/05\/IMG_7587.jpeg",489,340,false]},"author_info":{"display_name":"Redacci\u00f3n QP","author_link":"https:\/\/quehacerpolitico.mx\/?author=2"},"category_info":"<a href=\"https:\/\/quehacerpolitico.mx\/?cat=58\" rel=\"category\">Cultura y Entretenimiento<\/a>","tag_info":"Cultura y Entretenimiento","comment_count":"0","_links":{"self":[{"href":"https:\/\/quehacerpolitico.mx\/index.php?rest_route=\/wp\/v2\/posts\/100682","targetHints":{"allow":["GET"]}}],"collection":[{"href":"https:\/\/quehacerpolitico.mx\/index.php?rest_route=\/wp\/v2\/posts"}],"about":[{"href":"https:\/\/quehacerpolitico.mx\/index.php?rest_route=\/wp\/v2\/types\/post"}],"author":[{"embeddable":true,"href":"https:\/\/quehacerpolitico.mx\/index.php?rest_route=\/wp\/v2\/users\/2"}],"replies":[{"embeddable":true,"href":"https:\/\/quehacerpolitico.mx\/index.php?rest_route=%2Fwp%2Fv2%2Fcomments&post=100682"}],"version-history":[{"count":1,"href":"https:\/\/quehacerpolitico.mx\/index.php?rest_route=\/wp\/v2\/posts\/100682\/revisions"}],"predecessor-version":[{"id":100684,"href":"https:\/\/quehacerpolitico.mx\/index.php?rest_route=\/wp\/v2\/posts\/100682\/revisions\/100684"}],"wp:featuredmedia":[{"embeddable":true,"href":"https:\/\/quehacerpolitico.mx\/index.php?rest_route=\/wp\/v2\/media\/100683"}],"wp:attachment":[{"href":"https:\/\/quehacerpolitico.mx\/index.php?rest_route=%2Fwp%2Fv2%2Fmedia&parent=100682"}],"wp:term":[{"taxonomy":"category","embeddable":true,"href":"https:\/\/quehacerpolitico.mx\/index.php?rest_route=%2Fwp%2Fv2%2Fcategories&post=100682"},{"taxonomy":"post_tag","embeddable":true,"href":"https:\/\/quehacerpolitico.mx\/index.php?rest_route=%2Fwp%2Fv2%2Ftags&post=100682"}],"curies":[{"name":"wp","href":"https:\/\/api.w.org\/{rel}","templated":true}]}}