{"id":100677,"date":"2023-05-09T17:02:47","date_gmt":"2023-05-09T17:02:47","guid":{"rendered":"https:\/\/quehacerpolitico.mx\/?p=100677"},"modified":"2023-05-09T17:02:51","modified_gmt":"2023-05-09T17:02:51","slug":"saldra-a-la-luz-una-novela-inedita-del-gran-gabriel-garcia-marquez","status":"publish","type":"post","link":"https:\/\/quehacerpolitico.mx\/?p=100677","title":{"rendered":"Saldr\u00e1 a la luz una novela in\u00e9dita del gran Gabriel Garc\u00eda M\u00e1rquez"},"content":{"rendered":"\n<p>Por Redacci\u00f3n QP<\/p>\n\n\n\n<p>Los herederos de\u00a0Gabriel Garc\u00eda M\u00e1rquez publicar\u00e1n &#8220;En agosto nos vemos&#8221;, una novela que Gabo dej\u00f3 en &#8220;el caj\u00f3n&#8221; de la desmemoria<\/p>\n\n\n\n<p><strong>Mediante el cauce de los a\u00f1os le hac\u00eda estragos en el universo de su memoria, Gabriel Garc\u00eda M\u00e1rquez fue disminuyendo su actividad literaria. Le gan\u00f3 el tiempo. La \u00faltima d\u00e9cada de su vida la dedic\u00f3 a<em>&#8220;Vivir para contarla&#8221;,<\/em>\u00a0su obra autobiogr\u00e1fica, y la que es considerada su \u00faltima novela,\u00a0<em>&#8220;Memoria de mis putas tristes&#8221;<\/em>, antes de irse para siempre con el revuelo de sus mariposas amarillas, el 17 de abril del 2014.<\/strong><\/p>\n\n\n\n<figure class=\"wp-block-image size-full\"><img loading=\"lazy\" decoding=\"async\" width=\"640\" height=\"480\" src=\"https:\/\/quehacerpolitico.mx\/wp-content\/uploads\/2023\/05\/image-32.jpeg\" alt=\"\" class=\"wp-image-100680\" srcset=\"https:\/\/quehacerpolitico.mx\/wp-content\/uploads\/2023\/05\/image-32.jpeg 640w, https:\/\/quehacerpolitico.mx\/wp-content\/uploads\/2023\/05\/image-32-300x225.jpeg 300w, https:\/\/quehacerpolitico.mx\/wp-content\/uploads\/2023\/05\/image-32-195x146.jpeg 195w, https:\/\/quehacerpolitico.mx\/wp-content\/uploads\/2023\/05\/image-32-50x38.jpeg 50w, https:\/\/quehacerpolitico.mx\/wp-content\/uploads\/2023\/05\/image-32-100x75.jpeg 100w\" sizes=\"auto, (max-width: 640px) 100vw, 640px\" \/><\/figure>\n\n\n\n<p>No obstante, a Gabriel Garc\u00eda M\u00e1rquez se le traspapel\u00f3, entre tantos compromisos literarios de su vida sin descanso, el manuscrito de una novela que fue concibiendo a lo largo de los a\u00f1os.\u00a0<strong>Ya hab\u00eda dado se\u00f1ales de ella desde 1999, donde anticip\u00f3 que estar\u00eda compuesta de cinco cap\u00edtulos no relacionados, pero conformados en un todo,\u00a0<\/strong>y en una conferencia lleg\u00f3 a leer un fragmento. Gabo ten\u00eda 72 a\u00f1os, reci\u00e9n hab\u00eda salido de un c\u00e1ncer dif\u00edcil, y ya el cuerpo no le daba como en sus a\u00f1os mejores.<\/p>\n\n\n\n<h2 class=\"wp-block-heading\">&#8220;En agosto nos vemos&#8221;, una historia de la vejez, el tiempo, y el amor&nbsp;<\/h2>\n\n\n\n<figure class=\"wp-block-image\"><img decoding=\"async\" src=\"https:\/\/www.informador.mx\/export\/sites\/elinformador\/img\/2023\/05\/03\/rs2117421_1456408-fot-g0966-004-lpr.jpg_292933405.jpg\" alt=\"\" title=\"\"\/><figcaption class=\"wp-element-caption\">Garc\u00eda M\u00e1rquez ya hab\u00eda anticipado esta novela que nunca sali\u00f3 a la luz. EL INFORMADOR\/ ARCHIVO&nbsp;&nbsp;<\/figcaption><\/figure>\n\n\n\n<p>La novela, llamada\u00a0<em>&#8220;En agosto nos vemos&#8221;,\u00a0<\/em>tiene una premisa recurrente en la obra literaria de Garc\u00eda M\u00e1rquez: el amor. Narra la historia de\u00a0<strong>Ana Magdalena Bach, una mujer que est\u00e1 por entrar en el precipicio de la vejez, pero que conserva la belleza intacta. Cada agosto, Ana Magdalena regresa al su pueblo de origen<\/strong>, donde est\u00e1 enterrada su madre, para contarle los encuentros de amor, de pasi\u00f3n fugaz, y los romances fuera del matrimonio que ha tenido con diversos hombres pasajeros en su historial del coraz\u00f3n.<\/p>\n\n\n\n<p>Gabriel Garc\u00eda M\u00e1rquez, que editaba sus manuscritos hasta la exasperaci\u00f3n, nunca qued\u00f3 del todo convencido con la novela, que finalmente qued\u00f3 relegada al rinc\u00f3n de muchas de sus otras obras sin mejor fortuna. Sus hijos decidieron publicarla, pues&nbsp;<em>\u201cEn agosto nos vemos<\/em>&#8221;&nbsp;<strong>&nbsp;fue el fruto de un \u00faltimo esfuerzo por seguir creando contra viento y marea<\/strong>&#8220;, y saldr\u00e1 a la venta en la primavera del 2024. En M\u00e9xico, la editorial Diana ser\u00e1 la encargada de llevar esta nueva historia al apetito sin l\u00edmites de los lectores de Gabo.&nbsp;<\/p>\n\n\n\n<p>Aqu\u00ed un peque\u00f1o fragmento de lo que ser\u00e1 la novela, y que\u00a0<strong>fue publicado originalmente en un cuento, llamado\u00a0<em>&#8220;La noche del eclipse&#8221;.<\/em><\/strong><\/p>\n\n\n\n<h2 class=\"wp-block-heading\">&#8220;La noche del eclipse&#8221;, fragmento de &#8220;En agosto nos vemos&#8221;<\/h2>\n\n\n\n<figure class=\"wp-block-image\"><img decoding=\"async\" src=\"https:\/\/www.informador.mx\/export\/sites\/elinformador\/img\/2023\/05\/03\/66bebbc686f7c73e0199ecb83758c46b.jpg_347421144.jpg\" alt=\"\" title=\"\"\/><figcaption class=\"wp-element-caption\">Garc\u00eda M\u00e1rquez fue un gran escritor del amor. ESPECIAL&nbsp;&nbsp;<\/figcaption><\/figure>\n\n\n\n<p><em>&#8220;(&#8230;) la invit\u00f3 a contemplar un eclipse total de luna desde la playa. La noticia era nueva para ella. Ten\u00eda una pasi\u00f3n infantil por los eclipses, pero toda la noche se hab\u00eda debatido entre el decoro y la tentaci\u00f3n, y no encontr\u00f3 un argumento v\u00e1lido para no aceptar.<\/em><\/p>\n\n\n\n<p><em>-No tenemos escapatoria -dijo \u00e9l-. Es nuestro destino.<\/em><\/p>\n\n\n\n<p><em>La invocaci\u00f3n sobrenatural la dispens\u00f3 de escr\u00fapulos. As\u00ed que se fueron a ver el eclipse en la camioneta de \u00e9l, a una bah\u00eda escondida en un bosque de cocoteros, sin huellas de turistas. En el horizonte se ve\u00eda el resplandor remoto de la ciudad, y el cielo era di\u00e1fano y con una luna solitaria y triste. \u00c9l estacion\u00f3 al abrigo de las palmeras, se quit\u00f3 los zapatos, se afloj\u00f3 el cintur\u00f3n y abati\u00f3 el asiento para relajarse. Ella descubri\u00f3 que la camioneta no ten\u00eda m\u00e1s que los dos asientos delanteros, que se convert\u00edan en camas con s\u00f3lo apretar un bot\u00f3n. El resto era un bar m\u00ednimo, un equipo de m\u00fasica con el saxo de Fausto Papetti, y un ba\u00f1o min\u00fasculo con un bid\u00e9 port\u00e1til detr\u00e1s de una cortina carmes\u00ed. Ella entendi\u00f3 todo.<\/em><\/p>\n\n\n\n<figure class=\"wp-block-image size-full\"><img loading=\"lazy\" decoding=\"async\" width=\"622\" height=\"466\" src=\"https:\/\/quehacerpolitico.mx\/wp-content\/uploads\/2023\/05\/image-31.jpeg\" alt=\"\" class=\"wp-image-100679\" srcset=\"https:\/\/quehacerpolitico.mx\/wp-content\/uploads\/2023\/05\/image-31.jpeg 622w, https:\/\/quehacerpolitico.mx\/wp-content\/uploads\/2023\/05\/image-31-300x225.jpeg 300w, https:\/\/quehacerpolitico.mx\/wp-content\/uploads\/2023\/05\/image-31-195x146.jpeg 195w, https:\/\/quehacerpolitico.mx\/wp-content\/uploads\/2023\/05\/image-31-50x37.jpeg 50w, https:\/\/quehacerpolitico.mx\/wp-content\/uploads\/2023\/05\/image-31-100x75.jpeg 100w\" sizes=\"auto, (max-width: 622px) 100vw, 622px\" \/><\/figure>\n\n\n\n<p><em>-No habr\u00e1 eclipse -dijo-. S\u00f3lo pueden ser en luna llena, y estamos en cuarto creciente.<\/em><\/p>\n\n\n\n<p><em>\u00c9l se mantuvo imperturbable.<\/em><\/p>\n\n\n\n<p><em>-Entonces ser\u00e1 de sol -dijo-. Tenemos tiempo.<\/em><\/p>\n\n\n\n<p><em>No hubo m\u00e1s tr\u00e1mites. Ambos sab\u00edan ya a lo que iban, y ella sab\u00eda adem\u00e1s qu\u00e9 era lo \u00fanico distinto que pod\u00eda esperar de \u00e9l desde que bailaron el primer bolero. La asombr\u00f3 la maestr\u00eda de mago de sal\u00f3n con que la desnud\u00f3 pieza por pieza, casi hilo por hilo, con la punta de los dedos y sin tocarla apenas, como deshollejando una cebolla&#8221;.<\/em><\/p>\n","protected":false},"excerpt":{"rendered":"<p>Por Redacci\u00f3n QP Los herederos de\u00a0Gabriel Garc\u00eda M\u00e1rquez publicar\u00e1n &#8220;En agosto nos vemos&#8221;, una novela&#8230;<\/p>\n","protected":false},"author":2,"featured_media":100678,"comment_status":"open","ping_status":"open","sticky":false,"template":"","format":"standard","meta":{"_monsterinsights_skip_tracking":false,"_monsterinsights_sitenote_active":false,"_monsterinsights_sitenote_note":"","_monsterinsights_sitenote_category":0,"footnotes":""},"categories":[58],"tags":[],"class_list":["post-100677","post","type-post","status-publish","format-standard","has-post-thumbnail","hentry","category-cultura"],"yoast_head":"<!-- This site is optimized with the Yoast SEO plugin v27.3 - https:\/\/yoast.com\/product\/yoast-seo-wordpress\/ -->\n<title>Saldr\u00e1 a la luz una novela in\u00e9dita del gran Gabriel Garc\u00eda M\u00e1rquez -<\/title>\n<meta name=\"robots\" content=\"index, follow, max-snippet:-1, max-image-preview:large, max-video-preview:-1\" \/>\n<link rel=\"canonical\" href=\"https:\/\/quehacerpolitico.mx\/?p=100677\" \/>\n<meta property=\"og:locale\" content=\"es_MX\" \/>\n<meta property=\"og:type\" content=\"article\" \/>\n<meta property=\"og:title\" content=\"Saldr\u00e1 a la luz una novela in\u00e9dita del gran Gabriel Garc\u00eda M\u00e1rquez -\" \/>\n<meta property=\"og:description\" content=\"Por Redacci\u00f3n QP Los herederos de\u00a0Gabriel Garc\u00eda M\u00e1rquez publicar\u00e1n &#8220;En agosto nos vemos&#8221;, una novela...\" \/>\n<meta property=\"og:url\" content=\"https:\/\/quehacerpolitico.mx\/?p=100677\" \/>\n<meta property=\"article:published_time\" content=\"2023-05-09T17:02:47+00:00\" \/>\n<meta property=\"article:modified_time\" content=\"2023-05-09T17:02:51+00:00\" \/>\n<meta property=\"og:image\" content=\"https:\/\/quehacerpolitico.mx\/wp-content\/uploads\/2023\/05\/IMG_7582.jpeg\" \/>\n\t<meta property=\"og:image:width\" content=\"783\" \/>\n\t<meta property=\"og:image:height\" content=\"391\" \/>\n\t<meta property=\"og:image:type\" content=\"image\/jpeg\" \/>\n<meta name=\"author\" content=\"Redacci\u00f3n QP\" \/>\n<meta name=\"twitter:card\" content=\"summary_large_image\" \/>\n<meta name=\"twitter:label1\" content=\"Escrito por\" \/>\n\t<meta name=\"twitter:data1\" content=\"Redacci\u00f3n QP\" \/>\n\t<meta name=\"twitter:label2\" content=\"Tiempo de lectura\" \/>\n\t<meta name=\"twitter:data2\" content=\"4 minutos\" \/>\n<script type=\"application\/ld+json\" class=\"yoast-schema-graph\">{\"@context\":\"https:\\\/\\\/schema.org\",\"@graph\":[{\"@type\":\"Article\",\"@id\":\"https:\\\/\\\/quehacerpolitico.mx\\\/?p=100677#article\",\"isPartOf\":{\"@id\":\"https:\\\/\\\/quehacerpolitico.mx\\\/?p=100677\"},\"author\":{\"name\":\"Redacci\u00f3n QP\",\"@id\":\"https:\\\/\\\/quehacerpolitico.mx\\\/#\\\/schema\\\/person\\\/496d8ad2d1d3f8036101dca7ee39e585\"},\"headline\":\"Saldr\u00e1 a la luz una novela in\u00e9dita del gran Gabriel Garc\u00eda M\u00e1rquez\",\"datePublished\":\"2023-05-09T17:02:47+00:00\",\"dateModified\":\"2023-05-09T17:02:51+00:00\",\"mainEntityOfPage\":{\"@id\":\"https:\\\/\\\/quehacerpolitico.mx\\\/?p=100677\"},\"wordCount\":800,\"commentCount\":0,\"image\":{\"@id\":\"https:\\\/\\\/quehacerpolitico.mx\\\/?p=100677#primaryimage\"},\"thumbnailUrl\":\"https:\\\/\\\/quehacerpolitico.mx\\\/wp-content\\\/uploads\\\/2023\\\/05\\\/IMG_7582.jpeg\",\"articleSection\":[\"Cultura y Entretenimiento\"],\"inLanguage\":\"es\",\"potentialAction\":[{\"@type\":\"CommentAction\",\"name\":\"Comment\",\"target\":[\"https:\\\/\\\/quehacerpolitico.mx\\\/?p=100677#respond\"]}]},{\"@type\":\"WebPage\",\"@id\":\"https:\\\/\\\/quehacerpolitico.mx\\\/?p=100677\",\"url\":\"https:\\\/\\\/quehacerpolitico.mx\\\/?p=100677\",\"name\":\"Saldr\u00e1 a la luz una novela in\u00e9dita del gran Gabriel Garc\u00eda M\u00e1rquez -\",\"isPartOf\":{\"@id\":\"https:\\\/\\\/quehacerpolitico.mx\\\/#website\"},\"primaryImageOfPage\":{\"@id\":\"https:\\\/\\\/quehacerpolitico.mx\\\/?p=100677#primaryimage\"},\"image\":{\"@id\":\"https:\\\/\\\/quehacerpolitico.mx\\\/?p=100677#primaryimage\"},\"thumbnailUrl\":\"https:\\\/\\\/quehacerpolitico.mx\\\/wp-content\\\/uploads\\\/2023\\\/05\\\/IMG_7582.jpeg\",\"datePublished\":\"2023-05-09T17:02:47+00:00\",\"dateModified\":\"2023-05-09T17:02:51+00:00\",\"author\":{\"@id\":\"https:\\\/\\\/quehacerpolitico.mx\\\/#\\\/schema\\\/person\\\/496d8ad2d1d3f8036101dca7ee39e585\"},\"breadcrumb\":{\"@id\":\"https:\\\/\\\/quehacerpolitico.mx\\\/?p=100677#breadcrumb\"},\"inLanguage\":\"es\",\"potentialAction\":[{\"@type\":\"ReadAction\",\"target\":[\"https:\\\/\\\/quehacerpolitico.mx\\\/?p=100677\"]}]},{\"@type\":\"ImageObject\",\"inLanguage\":\"es\",\"@id\":\"https:\\\/\\\/quehacerpolitico.mx\\\/?p=100677#primaryimage\",\"url\":\"https:\\\/\\\/quehacerpolitico.mx\\\/wp-content\\\/uploads\\\/2023\\\/05\\\/IMG_7582.jpeg\",\"contentUrl\":\"https:\\\/\\\/quehacerpolitico.mx\\\/wp-content\\\/uploads\\\/2023\\\/05\\\/IMG_7582.jpeg\",\"width\":783,\"height\":391},{\"@type\":\"BreadcrumbList\",\"@id\":\"https:\\\/\\\/quehacerpolitico.mx\\\/?p=100677#breadcrumb\",\"itemListElement\":[{\"@type\":\"ListItem\",\"position\":1,\"name\":\"Inicio\",\"item\":\"https:\\\/\\\/quehacerpolitico.mx\\\/\"},{\"@type\":\"ListItem\",\"position\":2,\"name\":\"Saldr\u00e1 a la luz una novela in\u00e9dita del gran Gabriel Garc\u00eda M\u00e1rquez\"}]},{\"@type\":\"WebSite\",\"@id\":\"https:\\\/\\\/quehacerpolitico.mx\\\/#website\",\"url\":\"https:\\\/\\\/quehacerpolitico.mx\\\/\",\"name\":\"\",\"description\":\"\",\"potentialAction\":[{\"@type\":\"SearchAction\",\"target\":{\"@type\":\"EntryPoint\",\"urlTemplate\":\"https:\\\/\\\/quehacerpolitico.mx\\\/?s={search_term_string}\"},\"query-input\":{\"@type\":\"PropertyValueSpecification\",\"valueRequired\":true,\"valueName\":\"search_term_string\"}}],\"inLanguage\":\"es\"},{\"@type\":\"Person\",\"@id\":\"https:\\\/\\\/quehacerpolitico.mx\\\/#\\\/schema\\\/person\\\/496d8ad2d1d3f8036101dca7ee39e585\",\"name\":\"Redacci\u00f3n QP\",\"image\":{\"@type\":\"ImageObject\",\"inLanguage\":\"es\",\"@id\":\"https:\\\/\\\/secure.gravatar.com\\\/avatar\\\/c7164ed6fdec453195284ad24a5ae5b6e1eed2b848477fa2a4787ba9adf39a41?s=96&d=mm&r=g\",\"url\":\"https:\\\/\\\/secure.gravatar.com\\\/avatar\\\/c7164ed6fdec453195284ad24a5ae5b6e1eed2b848477fa2a4787ba9adf39a41?s=96&d=mm&r=g\",\"contentUrl\":\"https:\\\/\\\/secure.gravatar.com\\\/avatar\\\/c7164ed6fdec453195284ad24a5ae5b6e1eed2b848477fa2a4787ba9adf39a41?s=96&d=mm&r=g\",\"caption\":\"Redacci\u00f3n QP\"},\"url\":\"https:\\\/\\\/quehacerpolitico.mx\\\/?author=2\"}]}<\/script>\n<!-- \/ Yoast SEO plugin. -->","yoast_head_json":{"title":"Saldr\u00e1 a la luz una novela in\u00e9dita del gran Gabriel Garc\u00eda M\u00e1rquez -","robots":{"index":"index","follow":"follow","max-snippet":"max-snippet:-1","max-image-preview":"max-image-preview:large","max-video-preview":"max-video-preview:-1"},"canonical":"https:\/\/quehacerpolitico.mx\/?p=100677","og_locale":"es_MX","og_type":"article","og_title":"Saldr\u00e1 a la luz una novela in\u00e9dita del gran Gabriel Garc\u00eda M\u00e1rquez -","og_description":"Por Redacci\u00f3n QP Los herederos de\u00a0Gabriel Garc\u00eda M\u00e1rquez publicar\u00e1n &#8220;En agosto nos vemos&#8221;, una novela...","og_url":"https:\/\/quehacerpolitico.mx\/?p=100677","article_published_time":"2023-05-09T17:02:47+00:00","article_modified_time":"2023-05-09T17:02:51+00:00","og_image":[{"width":783,"height":391,"url":"https:\/\/quehacerpolitico.mx\/wp-content\/uploads\/2023\/05\/IMG_7582.jpeg","type":"image\/jpeg"}],"author":"Redacci\u00f3n QP","twitter_card":"summary_large_image","twitter_misc":{"Escrito por":"Redacci\u00f3n QP","Tiempo de lectura":"4 minutos"},"schema":{"@context":"https:\/\/schema.org","@graph":[{"@type":"Article","@id":"https:\/\/quehacerpolitico.mx\/?p=100677#article","isPartOf":{"@id":"https:\/\/quehacerpolitico.mx\/?p=100677"},"author":{"name":"Redacci\u00f3n QP","@id":"https:\/\/quehacerpolitico.mx\/#\/schema\/person\/496d8ad2d1d3f8036101dca7ee39e585"},"headline":"Saldr\u00e1 a la luz una novela in\u00e9dita del gran Gabriel Garc\u00eda M\u00e1rquez","datePublished":"2023-05-09T17:02:47+00:00","dateModified":"2023-05-09T17:02:51+00:00","mainEntityOfPage":{"@id":"https:\/\/quehacerpolitico.mx\/?p=100677"},"wordCount":800,"commentCount":0,"image":{"@id":"https:\/\/quehacerpolitico.mx\/?p=100677#primaryimage"},"thumbnailUrl":"https:\/\/quehacerpolitico.mx\/wp-content\/uploads\/2023\/05\/IMG_7582.jpeg","articleSection":["Cultura y Entretenimiento"],"inLanguage":"es","potentialAction":[{"@type":"CommentAction","name":"Comment","target":["https:\/\/quehacerpolitico.mx\/?p=100677#respond"]}]},{"@type":"WebPage","@id":"https:\/\/quehacerpolitico.mx\/?p=100677","url":"https:\/\/quehacerpolitico.mx\/?p=100677","name":"Saldr\u00e1 a la luz una novela in\u00e9dita del gran Gabriel Garc\u00eda M\u00e1rquez -","isPartOf":{"@id":"https:\/\/quehacerpolitico.mx\/#website"},"primaryImageOfPage":{"@id":"https:\/\/quehacerpolitico.mx\/?p=100677#primaryimage"},"image":{"@id":"https:\/\/quehacerpolitico.mx\/?p=100677#primaryimage"},"thumbnailUrl":"https:\/\/quehacerpolitico.mx\/wp-content\/uploads\/2023\/05\/IMG_7582.jpeg","datePublished":"2023-05-09T17:02:47+00:00","dateModified":"2023-05-09T17:02:51+00:00","author":{"@id":"https:\/\/quehacerpolitico.mx\/#\/schema\/person\/496d8ad2d1d3f8036101dca7ee39e585"},"breadcrumb":{"@id":"https:\/\/quehacerpolitico.mx\/?p=100677#breadcrumb"},"inLanguage":"es","potentialAction":[{"@type":"ReadAction","target":["https:\/\/quehacerpolitico.mx\/?p=100677"]}]},{"@type":"ImageObject","inLanguage":"es","@id":"https:\/\/quehacerpolitico.mx\/?p=100677#primaryimage","url":"https:\/\/quehacerpolitico.mx\/wp-content\/uploads\/2023\/05\/IMG_7582.jpeg","contentUrl":"https:\/\/quehacerpolitico.mx\/wp-content\/uploads\/2023\/05\/IMG_7582.jpeg","width":783,"height":391},{"@type":"BreadcrumbList","@id":"https:\/\/quehacerpolitico.mx\/?p=100677#breadcrumb","itemListElement":[{"@type":"ListItem","position":1,"name":"Inicio","item":"https:\/\/quehacerpolitico.mx\/"},{"@type":"ListItem","position":2,"name":"Saldr\u00e1 a la luz una novela in\u00e9dita del gran Gabriel Garc\u00eda M\u00e1rquez"}]},{"@type":"WebSite","@id":"https:\/\/quehacerpolitico.mx\/#website","url":"https:\/\/quehacerpolitico.mx\/","name":"","description":"","potentialAction":[{"@type":"SearchAction","target":{"@type":"EntryPoint","urlTemplate":"https:\/\/quehacerpolitico.mx\/?s={search_term_string}"},"query-input":{"@type":"PropertyValueSpecification","valueRequired":true,"valueName":"search_term_string"}}],"inLanguage":"es"},{"@type":"Person","@id":"https:\/\/quehacerpolitico.mx\/#\/schema\/person\/496d8ad2d1d3f8036101dca7ee39e585","name":"Redacci\u00f3n QP","image":{"@type":"ImageObject","inLanguage":"es","@id":"https:\/\/secure.gravatar.com\/avatar\/c7164ed6fdec453195284ad24a5ae5b6e1eed2b848477fa2a4787ba9adf39a41?s=96&d=mm&r=g","url":"https:\/\/secure.gravatar.com\/avatar\/c7164ed6fdec453195284ad24a5ae5b6e1eed2b848477fa2a4787ba9adf39a41?s=96&d=mm&r=g","contentUrl":"https:\/\/secure.gravatar.com\/avatar\/c7164ed6fdec453195284ad24a5ae5b6e1eed2b848477fa2a4787ba9adf39a41?s=96&d=mm&r=g","caption":"Redacci\u00f3n QP"},"url":"https:\/\/quehacerpolitico.mx\/?author=2"}]}},"featured_image_urls":{"full":["https:\/\/quehacerpolitico.mx\/wp-content\/uploads\/2023\/05\/IMG_7582.jpeg",783,391,false],"thumbnail":["https:\/\/quehacerpolitico.mx\/wp-content\/uploads\/2023\/05\/IMG_7582-150x150.jpeg",150,150,true],"medium":["https:\/\/quehacerpolitico.mx\/wp-content\/uploads\/2023\/05\/IMG_7582-300x150.jpeg",300,150,true],"medium_large":["https:\/\/quehacerpolitico.mx\/wp-content\/uploads\/2023\/05\/IMG_7582-768x384.jpeg",640,320,true],"large":["https:\/\/quehacerpolitico.mx\/wp-content\/uploads\/2023\/05\/IMG_7582.jpeg",640,320,false],"1536x1536":["https:\/\/quehacerpolitico.mx\/wp-content\/uploads\/2023\/05\/IMG_7582.jpeg",783,391,false],"2048x2048":["https:\/\/quehacerpolitico.mx\/wp-content\/uploads\/2023\/05\/IMG_7582.jpeg",783,391,false],"covernews-featured":["https:\/\/quehacerpolitico.mx\/wp-content\/uploads\/2023\/05\/IMG_7582.jpeg",783,391,false],"covernews-medium":["https:\/\/quehacerpolitico.mx\/wp-content\/uploads\/2023\/05\/IMG_7582.jpeg",540,270,false]},"author_info":{"display_name":"Redacci\u00f3n QP","author_link":"https:\/\/quehacerpolitico.mx\/?author=2"},"category_info":"<a href=\"https:\/\/quehacerpolitico.mx\/?cat=58\" rel=\"category\">Cultura y Entretenimiento<\/a>","tag_info":"Cultura y Entretenimiento","comment_count":"0","_links":{"self":[{"href":"https:\/\/quehacerpolitico.mx\/index.php?rest_route=\/wp\/v2\/posts\/100677","targetHints":{"allow":["GET"]}}],"collection":[{"href":"https:\/\/quehacerpolitico.mx\/index.php?rest_route=\/wp\/v2\/posts"}],"about":[{"href":"https:\/\/quehacerpolitico.mx\/index.php?rest_route=\/wp\/v2\/types\/post"}],"author":[{"embeddable":true,"href":"https:\/\/quehacerpolitico.mx\/index.php?rest_route=\/wp\/v2\/users\/2"}],"replies":[{"embeddable":true,"href":"https:\/\/quehacerpolitico.mx\/index.php?rest_route=%2Fwp%2Fv2%2Fcomments&post=100677"}],"version-history":[{"count":1,"href":"https:\/\/quehacerpolitico.mx\/index.php?rest_route=\/wp\/v2\/posts\/100677\/revisions"}],"predecessor-version":[{"id":100681,"href":"https:\/\/quehacerpolitico.mx\/index.php?rest_route=\/wp\/v2\/posts\/100677\/revisions\/100681"}],"wp:featuredmedia":[{"embeddable":true,"href":"https:\/\/quehacerpolitico.mx\/index.php?rest_route=\/wp\/v2\/media\/100678"}],"wp:attachment":[{"href":"https:\/\/quehacerpolitico.mx\/index.php?rest_route=%2Fwp%2Fv2%2Fmedia&parent=100677"}],"wp:term":[{"taxonomy":"category","embeddable":true,"href":"https:\/\/quehacerpolitico.mx\/index.php?rest_route=%2Fwp%2Fv2%2Fcategories&post=100677"},{"taxonomy":"post_tag","embeddable":true,"href":"https:\/\/quehacerpolitico.mx\/index.php?rest_route=%2Fwp%2Fv2%2Ftags&post=100677"}],"curies":[{"name":"wp","href":"https:\/\/api.w.org\/{rel}","templated":true}]}}