{"id":100663,"date":"2023-05-09T14:27:30","date_gmt":"2023-05-09T14:27:30","guid":{"rendered":"https:\/\/quehacerpolitico.mx\/?p=100663"},"modified":"2023-05-09T14:27:33","modified_gmt":"2023-05-09T14:27:33","slug":"internacionales-carolina-alonso-romei-crisis-en-venezuela-mi-hijo-murio-tras-comer-basura-del-botadero-la-muerte-de-un-nino-de-12-anos-que-se-convirtio-en-un-simbolo-de-la-pobreza-extrema-e","status":"publish","type":"post","link":"https:\/\/quehacerpolitico.mx\/?p=100663","title":{"rendered":"Internacionales\/\/\/Carolina Alonso Romei\/\/\/Crisis en Venezuela | &#8220;Mi hijo muri\u00f3 tras comer basura del botadero&#8221;: la muerte de un ni\u00f1o de 12 a\u00f1os que se convirti\u00f3 en un s\u00edmbolo de la pobreza extrema en el pa\u00eds"},"content":{"rendered":"\n<p>Por Carolina Alonso Romei<\/p>\n\n\n\n<p>Internacionalista <\/p>\n\n\n\n<p>En un barrio en el oriente de Venezuela la situaci\u00f3n econ\u00f3mica es tan precaria que muchas familias se alimentan de un basurero local<\/p>\n\n\n\n<p><strong>Rudy Jose Arzolar Olivero vive en el oriente de Venezuela y desde hace semanas llora desconsoladamente la muerte de uno de sus 7 hijos.<\/strong><\/p>\n\n\n\n<p>&#8220;Pu<strong>dieron haberlo salvado en el hospital, pero no lo atendieron bien. No nos hicieron caso&#8221;,<\/strong>&nbsp;lamenta el hombre de 47 a\u00f1os desde su humilde hogar en el sector Las Delicias de Caicara de Matur\u00edn, en el estado Monagas.<\/p>\n\n\n\n<p>El pasado 7 de abril, su hijo, Manuel Arzolar, de 12 a\u00f1os,<strong>\u00a0muri\u00f3 tras ingerir basura en un vertedero cerca de su casa.<\/strong><\/p>\n\n\n\n<p>Como lo hacen muchos habitantes de este sector del pa\u00eds, Rudy fue con su familia al botadero local para recoger vidrio, pl\u00e1stico y hierro que luego venden por unos cuantos bol\u00edvares para subsistir. All\u00ed tambi\u00e9n buscan qu\u00e9 comer.<\/p>\n\n\n\n<p>&#8220;Aqu\u00ed no hay trabajo&#8221;, explica el padre de familia en entrevista con BBC Mundo.<\/p>\n\n\n\n<figure class=\"wp-block-image size-full\"><img loading=\"lazy\" decoding=\"async\" width=\"679\" height=\"452\" src=\"https:\/\/quehacerpolitico.mx\/wp-content\/uploads\/2023\/05\/image-30.jpeg\" alt=\"\" class=\"wp-image-100666\" srcset=\"https:\/\/quehacerpolitico.mx\/wp-content\/uploads\/2023\/05\/image-30.jpeg 679w, https:\/\/quehacerpolitico.mx\/wp-content\/uploads\/2023\/05\/image-30-300x200.jpeg 300w, https:\/\/quehacerpolitico.mx\/wp-content\/uploads\/2023\/05\/image-30-219x146.jpeg 219w, https:\/\/quehacerpolitico.mx\/wp-content\/uploads\/2023\/05\/image-30-50x33.jpeg 50w, https:\/\/quehacerpolitico.mx\/wp-content\/uploads\/2023\/05\/image-30-113x75.jpeg 113w\" sizes=\"auto, (max-width: 679px) 100vw, 679px\" \/><\/figure>\n\n\n\n<p>&#8220;Al terminar, yo me vine para mi casa y mis hijos se quedaron. Poco despu\u00e9s, mi hija vino corriendo y gritando:<strong>&nbsp;&#8216;Papi, creo que Manuel est\u00e1 envenenado porque est\u00e1 tirado en el suelo sin poder moverse&#8217;<\/strong>&#8220;, agrega.<\/p>\n\n\n\n<p>El caso de Manuel Arzolar ha conmocionado a toda Venezuela.<\/p>\n\n\n\n<h2 class=\"wp-block-heading\">&#8220;Es m\u00e1s rentable ir al basurero que trabajar&#8221;<\/h2>\n\n\n\n<p>Su muerte simboliza la pobreza extrema en la que muchas familias venezolanas han ca\u00eddo desde el comienzo de la crisis econ\u00f3mica que azota al pa\u00eds desde hace una d\u00e9cada.<\/p>\n\n\n\n<figure class=\"wp-block-image\"><img decoding=\"async\" src=\"https:\/\/www.informador.mx\/export\/sites\/elinformador\/img\/2023\/05\/09\/crisis_en_venezuela___x11269638x.jpg_1150884414.jpg\" alt=\"\" title=\"\"\/><figcaption class=\"wp-element-caption\">Cerca de la frontera de Venezuela con Brasil tambi\u00e9n se han visto grupos de venezolanos hurgando en la basura. GETTY IMAGES&nbsp;<\/figcaption><\/figure>\n\n\n\n<p>Entre 2013 y 2021, la econom\u00eda venezolana se contrajo en m\u00e1s de un 75% y al menos 7 millones de personas emigraron a otros pa\u00edses, una cifra que representa un cuarto de la poblaci\u00f3n total de la naci\u00f3n petrolera.<\/p>\n\n\n\n<p><strong>&#8220;Antes hab\u00eda pobreza, pero yo nunca en mi vida vi gente comiendo del basurero&#8221;,<\/strong>&nbsp;comenta una vecina de la tercera edad que prefiere mantenerse en el anonimato.<\/p>\n\n\n\n<p>&#8220;La gente se ayudaba con la agricultura y con un trabajo se pod\u00eda medio vivir. Ahora, en la Venezuela actual,&nbsp;<strong>es m\u00e1s rentable ir al basurero y vender pl\u00e1sticos que trabajar por un sueldo de 45 bol\u00edvares (US$2) mensuales<\/strong>&#8220;, a\u00f1ade.<\/p>\n\n\n\n<p>Rudy cuenta que hace poco trat\u00f3 de buscar un trabajo en la alcald\u00eda, pero que no acept\u00f3 al darse cuenta de que ganar\u00eda m\u00e1s recogiendo en el vertedero que los US$2 que le ofrec\u00edan como sueldo.<\/p>\n\n\n\n<figure class=\"wp-block-image\"><img decoding=\"async\" src=\"https:\/\/www.informador.mx\/export\/sites\/elinformador\/img\/2023\/05\/09\/crisis_en_venezuela___x11269639x.jpg_1150884414.jpg\" alt=\"\" title=\"\"\/><figcaption class=\"wp-element-caption\">Rudy Arzolar. ESPECIAL\/Familia Arzolar&nbsp;<\/figcaption><\/figure>\n\n\n\n<p>Si bien la econom\u00eda venezolana creci\u00f3 durante el \u00faltimo a\u00f1o, la mejora no ha llegado en los sectores m\u00e1s pobres de la sociedad, seg\u00fan economistas, algunos de los cuales predec\u00edan que el crecimiento que se vio en 2022 no era sostenible y las \u00faltimas cifras les han dado la raz\u00f3n.<\/p>\n\n\n\n<p>Seg\u00fan el Observatorio Venezolano de Finanzas (OVF), la actividad econ\u00f3mica del pa\u00eds sudamericano se contrajo un 8,3 % en el primer trimestre de este a\u00f1o en relaci\u00f3n al mismo per\u00edodo de 2022.<\/p>\n\n\n\n<h2 class=\"wp-block-heading\">Padre y madre<\/h2>\n\n\n\n<p><strong>Rudy y su familia dicen que han sentido el colapso econ\u00f3mico y recuerdan tiempos mejores.<\/strong><\/p>\n\n\n\n<p>&#8220;Yo tengo tierras. Antes sembraba y a veces com\u00edamos con eso, pero ahora no tengo nada. No tengo dinero ni para comprar semillas ni fertilizantes&#8221;, se\u00f1ala Rudy.<\/p>\n\n\n\n<p>El exagricultor confiesa que ahora le es m\u00e1s dif\u00edcil mantener a su familia, pues \u00faltimamente ha actuado como &#8220;padre y madre&#8221; para sus hijos, que tienen entre 8 y 24 a\u00f1os y<strong>&nbsp;tambi\u00e9n comen en el basurero donde muri\u00f3 Manuel.<\/strong><\/p>\n\n\n\n<figure class=\"wp-block-image\"><img decoding=\"async\" src=\"https:\/\/www.informador.mx\/export\/sites\/elinformador\/img\/2023\/05\/09\/crisis_en_venezuela___x11269640x.jpg_293528051.jpg\" alt=\"\" title=\"\"\/><figcaption class=\"wp-element-caption\">Ana Garc\u00eda, hermana de Manuel. FUNDACI\u00d3N CUIDARTE&nbsp;<\/figcaption><\/figure>\n\n\n\n<p>&#8220;Mi esposa, Katiuska, falleci\u00f3 hace un a\u00f1o y cuatro meses por complicaciones en la ves\u00edcula. Probablemente tambi\u00e9n muri\u00f3 por culpa de ese basurero&#8221;, a\u00f1ade con algo de coraje.<\/p>\n\n\n\n<p>Ana Garc\u00eda, de 24 a\u00f1os, es hijastra de Rudy y recuerda que durante un tiempo su mam\u00e1 trabaj\u00f3 cosechando cultivos, ten\u00eda un sueldo y su familia pudo vivir mejor.<\/p>\n\n\n\n<p>&#8220;Pero luego la situaci\u00f3n del pa\u00eds se fue empeorando,&nbsp;<strong>perdi\u00f3 el trabajo y volvimos a vivir del basurero&#8221;.<\/strong><\/p>\n\n\n\n<p>Despu\u00e9s de la muerte de su madre, ella tambi\u00e9n ha ayudado a criar a sus hermanos menores.<\/p>\n\n\n\n<h2 class=\"wp-block-heading\">&#8220;Los m\u00e9dicos lo ignoraron&#8221;<\/h2>\n\n\n\n<p>Fue Ana quien encontr\u00f3 a Manuel convaleciente en el basurero y lo llev\u00f3 al Hospital de Caicara, donde le hicieron un lavado estomacal para que vomitara.<\/p>\n\n\n\n<figure class=\"wp-block-image\"><img decoding=\"async\" src=\"https:\/\/www.informador.mx\/export\/sites\/elinformador\/img\/2023\/05\/09\/crisis_en_venezuela___x11269641x.jpg_1150884414.jpg\" alt=\"\" title=\"\"\/><figcaption class=\"wp-element-caption\">Venezuela experimenta el mayor colapso econ\u00f3mico sucedido en un pa\u00eds sin guerra en casi medio siglo, esto ha llevado a que cada vez m\u00e1s venezolanos busquen alimentos en la basura. GETTY IMAGES&nbsp;<\/figcaption><\/figure>\n\n\n\n<p>Los m\u00e9dicos del centro hospitalario de Caicara ordenaron su traslado al Hospital Manuel N\u00fa\u00f1ez Tovar de Matur\u00edn con una orden m\u00e9dica que ped\u00eda que le hicieran otro lavado estomacal &#8220;urgente&#8221;. Estaba perdiendo el pulso y no paraba de convulsionar.<\/p>\n\n\n\n<p>&#8220;Yo ped\u00ed que le hicieran otro lavado y no se lo hicieron,\u00a0<strong>pese a que les entregu\u00e9 la orden que me hab\u00edan dado. Solo lo pusieron en una camilla y luego muri\u00f3 cuatro horas despu\u00e9s<\/strong>&#8220;, relata la joven.<\/p>\n\n\n\n<figure class=\"wp-block-embed is-type-video is-provider-youtube wp-block-embed-youtube wp-embed-aspect-16-9 wp-has-aspect-ratio\"><div class=\"wp-block-embed__wrapper\">\n<iframe loading=\"lazy\" title=\"Sin comida en Venezuela. La lucha de los m\u00e1s pobres\" width=\"640\" height=\"360\" src=\"https:\/\/www.youtube.com\/embed\/rLgPtrY9Pmg?feature=oembed\" frameborder=\"0\" allow=\"accelerometer; autoplay; clipboard-write; encrypted-media; gyroscope; picture-in-picture; web-share\" referrerpolicy=\"strict-origin-when-cross-origin\" allowfullscreen><\/iframe>\n<\/div><\/figure>\n\n\n\n<p>&#8220;Mi hermanito estuviera vivo si lo hubieran atendido (bien). No lo atendieron r\u00e1pido&#8221;.<\/p>\n\n\n\n<p>Rudy tambi\u00e9n afirma que hubo negligencia m\u00e9dica.<\/p>\n\n\n\n<p>&#8220;Mi hijo muri\u00f3 tras comer basura del botadero, pero tambi\u00e9n porque los m\u00e9dicos lo ignoraron&#8221;, a\u00f1ade.<\/p>\n\n\n\n<p>En el hospital le dijeron que muri\u00f3 debido a una intoxicaci\u00f3n alimentaria.<\/p>\n\n\n\n<h2 class=\"wp-block-heading\">&#8220;Le gustaba ir a la escuela&#8221;<\/h2>\n\n\n\n<p>BBC Mundo contact\u00f3 a la Alcald\u00eda de Matur\u00edn y al Hospital Manuel N\u00fa\u00f1ez Tovar para saber si hab\u00edan investigado la muerte del joven, pero hasta la fecha de publicaci\u00f3n no hab\u00eda recibido respuesta.<\/p>\n\n\n\n<p>Ana recuerda a su hermano como una persona alegre, con ganas de estudiar y salir adelante.<\/p>\n\n\n\n<figure class=\"wp-block-image\"><img decoding=\"async\" src=\"https:\/\/www.informador.mx\/export\/sites\/elinformador\/img\/2023\/05\/09\/crisis_en_venezuela___x11269642x.jpg_293528051.jpg\" alt=\"\" title=\"\"\/><figcaption class=\"wp-element-caption\">Muchos ni\u00f1os venezolanos, como el de esta foto, trabajan con sus familias recogiendo art\u00edculos de hierro y metal para reciclarlos y venderlos. GETTY IMAGES&nbsp;<\/figcaption><\/figure>\n\n\n\n<p><strong>&#8220;Manuel estaba en segundo grado. Le gustaba ir a la escuela. Tambi\u00e9n le alegraba ir porque all\u00e1 jugaba, a pesar que a veces se iba sin comer&#8221;<\/strong>, prosigue.<\/p>\n\n\n\n<p>Pero hoy se tratan de recuerdos distantes para su familia.<\/p>\n\n\n\n<h2 class=\"wp-block-heading\">&#8220;La mayor\u00eda vive del basurero&#8221;<\/h2>\n\n\n\n<p>Yolanda P\u00e9rez, vicepresidenta de la Fundaci\u00f3n Cuidarte, una organizaci\u00f3n que se dedica a ayudar a los ni\u00f1os en situaci\u00f3n de calle en Venezuela, asegura que la pobreza extrema en el pa\u00eds ha incrementado &#8220;enormemente&#8221; en los \u00faltimos cuatro a\u00f1os, cuando se cre\u00f3 la fundaci\u00f3n.<\/p>\n\n\n\n<p>&#8220;La pobreza extrema, especialmente en el sector Las Delicias de Caicara de Matur\u00edn, es impresionante. Primera vez que vengo y me he dado cuenta, hablando con la gente, que hay una calle completa donde la mayor\u00eda vive del basurero&#8221;, le dice a BBC Mundo.<\/p>\n\n\n\n<p>&#8220;Las familias van al basurero para recoger pl\u00e1sticos o vidrios, luego un cami\u00f3n pasa por el sector para recolectar el material. El cami\u00f3n se va y luego regresa a los quince d\u00edas o al mes para pagarles a la gente lo que le debe. Los recolectores no reciben el dinero al instante&#8221;.<\/p>\n\n\n\n<p>El informe &#8220;Panorama regional de la seguridad alimentaria y nutricional de Am\u00e9rica Latina 2022&#8221; publicado por la ONU el a\u00f1o pasado se\u00f1ala que al menos 6,5 millones de personas padecen hambre en Venezuela.<\/p>\n\n\n\n<p>Seg\u00fan la misma fuente, el 4,1 % de los ni\u00f1os menores de 5 a\u00f1os en el pa\u00eds presenta desnutrici\u00f3n aguda.<\/p>\n\n\n\n<p>Tras la muerte de su hijo, Rudy ha contado con el apoyo de la Fundaci\u00f3n Cuidarte y del gobierno local. La familia asegura que ahora su situaci\u00f3n es mejor que hace algunas semanas.<\/p>\n\n\n\n<p>Pero quieren que el cambio sea duradero para que la historia de Manuel no se repita.<\/p>\n\n\n\n<p><strong>&#8220;Ahora queremos apoyar a Rudy consigui\u00e9ndole un trabajo para que pueda sustentarse y mantener a sus hijos&#8221;,&nbsp;<\/strong>explica Yolanda P\u00e9rez.<\/p>\n\n\n\n<p>A Ana tambi\u00e9n le gustar\u00eda que el gobierno ayude a su pap\u00e1 a cultivar sus tierras para poder &#8220;al menos&#8221; sembrar alimentos que luego podr\u00edan consumir y as\u00ed dejar de hurgar en la basura.<\/p>\n\n\n\n<p>Con Informaci\u00f3n de BBC News Mundo<\/p>\n","protected":false},"excerpt":{"rendered":"<p>Por Carolina Alonso Romei Internacionalista En un barrio en el oriente de Venezuela la situaci\u00f3n&#8230;<\/p>\n","protected":false},"author":2,"featured_media":100664,"comment_status":"open","ping_status":"open","sticky":false,"template":"","format":"standard","meta":{"_monsterinsights_skip_tracking":false,"_monsterinsights_sitenote_active":false,"_monsterinsights_sitenote_note":"","_monsterinsights_sitenote_category":0,"footnotes":""},"categories":[1],"tags":[],"class_list":["post-100663","post","type-post","status-publish","format-standard","has-post-thumbnail","hentry","category-sin-categoria"],"yoast_head":"<!-- This site is optimized with the Yoast SEO plugin v27.3 - https:\/\/yoast.com\/product\/yoast-seo-wordpress\/ -->\n<title>Internacionales\/\/\/Carolina Alonso Romei\/\/\/Crisis en Venezuela | &quot;Mi hijo muri\u00f3 tras comer basura del botadero&quot;: la muerte de un ni\u00f1o de 12 a\u00f1os que se convirti\u00f3 en un s\u00edmbolo de la pobreza extrema en el pa\u00eds -<\/title>\n<meta name=\"robots\" content=\"index, follow, max-snippet:-1, max-image-preview:large, max-video-preview:-1\" \/>\n<link rel=\"canonical\" href=\"https:\/\/quehacerpolitico.mx\/?p=100663\" \/>\n<meta property=\"og:locale\" content=\"es_MX\" \/>\n<meta property=\"og:type\" content=\"article\" \/>\n<meta property=\"og:title\" content=\"Internacionales\/\/\/Carolina Alonso Romei\/\/\/Crisis en Venezuela | &quot;Mi hijo muri\u00f3 tras comer basura del botadero&quot;: la muerte de un ni\u00f1o de 12 a\u00f1os que se convirti\u00f3 en un s\u00edmbolo de la pobreza extrema en el pa\u00eds -\" \/>\n<meta property=\"og:description\" content=\"Por Carolina Alonso Romei Internacionalista En un barrio en el oriente de Venezuela la situaci\u00f3n...\" \/>\n<meta property=\"og:url\" content=\"https:\/\/quehacerpolitico.mx\/?p=100663\" \/>\n<meta property=\"article:published_time\" content=\"2023-05-09T14:27:30+00:00\" \/>\n<meta property=\"article:modified_time\" content=\"2023-05-09T14:27:33+00:00\" \/>\n<meta property=\"og:image\" content=\"https:\/\/quehacerpolitico.mx\/wp-content\/uploads\/2023\/05\/IMG_7573.jpeg\" \/>\n\t<meta property=\"og:image:width\" content=\"739\" \/>\n\t<meta property=\"og:image:height\" content=\"415\" \/>\n\t<meta property=\"og:image:type\" content=\"image\/jpeg\" \/>\n<meta name=\"author\" content=\"Redacci\u00f3n QP\" \/>\n<meta name=\"twitter:card\" content=\"summary_large_image\" \/>\n<meta name=\"twitter:label1\" content=\"Escrito por\" \/>\n\t<meta name=\"twitter:data1\" content=\"Redacci\u00f3n QP\" \/>\n\t<meta name=\"twitter:label2\" content=\"Tiempo de lectura\" \/>\n\t<meta name=\"twitter:data2\" content=\"7 minutos\" \/>\n<script type=\"application\/ld+json\" class=\"yoast-schema-graph\">{\"@context\":\"https:\\\/\\\/schema.org\",\"@graph\":[{\"@type\":\"Article\",\"@id\":\"https:\\\/\\\/quehacerpolitico.mx\\\/?p=100663#article\",\"isPartOf\":{\"@id\":\"https:\\\/\\\/quehacerpolitico.mx\\\/?p=100663\"},\"author\":{\"name\":\"Redacci\u00f3n QP\",\"@id\":\"https:\\\/\\\/quehacerpolitico.mx\\\/#\\\/schema\\\/person\\\/496d8ad2d1d3f8036101dca7ee39e585\"},\"headline\":\"Internacionales\\\/\\\/\\\/Carolina Alonso Romei\\\/\\\/\\\/Crisis en Venezuela | &#8220;Mi hijo muri\u00f3 tras comer basura del botadero&#8221;: la muerte de un ni\u00f1o de 12 a\u00f1os que se convirti\u00f3 en un s\u00edmbolo de la pobreza extrema en el pa\u00eds\",\"datePublished\":\"2023-05-09T14:27:30+00:00\",\"dateModified\":\"2023-05-09T14:27:33+00:00\",\"mainEntityOfPage\":{\"@id\":\"https:\\\/\\\/quehacerpolitico.mx\\\/?p=100663\"},\"wordCount\":1450,\"commentCount\":0,\"image\":{\"@id\":\"https:\\\/\\\/quehacerpolitico.mx\\\/?p=100663#primaryimage\"},\"thumbnailUrl\":\"https:\\\/\\\/quehacerpolitico.mx\\\/wp-content\\\/uploads\\\/2023\\\/05\\\/IMG_7573.jpeg\",\"articleSection\":[\"Internacionales\"],\"inLanguage\":\"es\",\"potentialAction\":[{\"@type\":\"CommentAction\",\"name\":\"Comment\",\"target\":[\"https:\\\/\\\/quehacerpolitico.mx\\\/?p=100663#respond\"]}]},{\"@type\":\"WebPage\",\"@id\":\"https:\\\/\\\/quehacerpolitico.mx\\\/?p=100663\",\"url\":\"https:\\\/\\\/quehacerpolitico.mx\\\/?p=100663\",\"name\":\"Internacionales\\\/\\\/\\\/Carolina Alonso Romei\\\/\\\/\\\/Crisis en Venezuela | \\\"Mi hijo muri\u00f3 tras comer basura del botadero\\\": la muerte de un ni\u00f1o de 12 a\u00f1os que se convirti\u00f3 en un s\u00edmbolo de la pobreza extrema en el pa\u00eds -\",\"isPartOf\":{\"@id\":\"https:\\\/\\\/quehacerpolitico.mx\\\/#website\"},\"primaryImageOfPage\":{\"@id\":\"https:\\\/\\\/quehacerpolitico.mx\\\/?p=100663#primaryimage\"},\"image\":{\"@id\":\"https:\\\/\\\/quehacerpolitico.mx\\\/?p=100663#primaryimage\"},\"thumbnailUrl\":\"https:\\\/\\\/quehacerpolitico.mx\\\/wp-content\\\/uploads\\\/2023\\\/05\\\/IMG_7573.jpeg\",\"datePublished\":\"2023-05-09T14:27:30+00:00\",\"dateModified\":\"2023-05-09T14:27:33+00:00\",\"author\":{\"@id\":\"https:\\\/\\\/quehacerpolitico.mx\\\/#\\\/schema\\\/person\\\/496d8ad2d1d3f8036101dca7ee39e585\"},\"breadcrumb\":{\"@id\":\"https:\\\/\\\/quehacerpolitico.mx\\\/?p=100663#breadcrumb\"},\"inLanguage\":\"es\",\"potentialAction\":[{\"@type\":\"ReadAction\",\"target\":[\"https:\\\/\\\/quehacerpolitico.mx\\\/?p=100663\"]}]},{\"@type\":\"ImageObject\",\"inLanguage\":\"es\",\"@id\":\"https:\\\/\\\/quehacerpolitico.mx\\\/?p=100663#primaryimage\",\"url\":\"https:\\\/\\\/quehacerpolitico.mx\\\/wp-content\\\/uploads\\\/2023\\\/05\\\/IMG_7573.jpeg\",\"contentUrl\":\"https:\\\/\\\/quehacerpolitico.mx\\\/wp-content\\\/uploads\\\/2023\\\/05\\\/IMG_7573.jpeg\",\"width\":739,\"height\":415},{\"@type\":\"BreadcrumbList\",\"@id\":\"https:\\\/\\\/quehacerpolitico.mx\\\/?p=100663#breadcrumb\",\"itemListElement\":[{\"@type\":\"ListItem\",\"position\":1,\"name\":\"Inicio\",\"item\":\"https:\\\/\\\/quehacerpolitico.mx\\\/\"},{\"@type\":\"ListItem\",\"position\":2,\"name\":\"Internacionales\\\/\\\/\\\/Carolina Alonso Romei\\\/\\\/\\\/Crisis en Venezuela | &#8220;Mi hijo muri\u00f3 tras comer basura del botadero&#8221;: la muerte de un ni\u00f1o de 12 a\u00f1os que se convirti\u00f3 en un s\u00edmbolo de la pobreza extrema en el pa\u00eds\"}]},{\"@type\":\"WebSite\",\"@id\":\"https:\\\/\\\/quehacerpolitico.mx\\\/#website\",\"url\":\"https:\\\/\\\/quehacerpolitico.mx\\\/\",\"name\":\"\",\"description\":\"\",\"potentialAction\":[{\"@type\":\"SearchAction\",\"target\":{\"@type\":\"EntryPoint\",\"urlTemplate\":\"https:\\\/\\\/quehacerpolitico.mx\\\/?s={search_term_string}\"},\"query-input\":{\"@type\":\"PropertyValueSpecification\",\"valueRequired\":true,\"valueName\":\"search_term_string\"}}],\"inLanguage\":\"es\"},{\"@type\":\"Person\",\"@id\":\"https:\\\/\\\/quehacerpolitico.mx\\\/#\\\/schema\\\/person\\\/496d8ad2d1d3f8036101dca7ee39e585\",\"name\":\"Redacci\u00f3n QP\",\"image\":{\"@type\":\"ImageObject\",\"inLanguage\":\"es\",\"@id\":\"https:\\\/\\\/secure.gravatar.com\\\/avatar\\\/c7164ed6fdec453195284ad24a5ae5b6e1eed2b848477fa2a4787ba9adf39a41?s=96&d=mm&r=g\",\"url\":\"https:\\\/\\\/secure.gravatar.com\\\/avatar\\\/c7164ed6fdec453195284ad24a5ae5b6e1eed2b848477fa2a4787ba9adf39a41?s=96&d=mm&r=g\",\"contentUrl\":\"https:\\\/\\\/secure.gravatar.com\\\/avatar\\\/c7164ed6fdec453195284ad24a5ae5b6e1eed2b848477fa2a4787ba9adf39a41?s=96&d=mm&r=g\",\"caption\":\"Redacci\u00f3n QP\"},\"url\":\"https:\\\/\\\/quehacerpolitico.mx\\\/?author=2\"}]}<\/script>\n<!-- \/ Yoast SEO plugin. -->","yoast_head_json":{"title":"Internacionales\/\/\/Carolina Alonso Romei\/\/\/Crisis en Venezuela | \"Mi hijo muri\u00f3 tras comer basura del botadero\": la muerte de un ni\u00f1o de 12 a\u00f1os que se convirti\u00f3 en un s\u00edmbolo de la pobreza extrema en el pa\u00eds -","robots":{"index":"index","follow":"follow","max-snippet":"max-snippet:-1","max-image-preview":"max-image-preview:large","max-video-preview":"max-video-preview:-1"},"canonical":"https:\/\/quehacerpolitico.mx\/?p=100663","og_locale":"es_MX","og_type":"article","og_title":"Internacionales\/\/\/Carolina Alonso Romei\/\/\/Crisis en Venezuela | \"Mi hijo muri\u00f3 tras comer basura del botadero\": la muerte de un ni\u00f1o de 12 a\u00f1os que se convirti\u00f3 en un s\u00edmbolo de la pobreza extrema en el pa\u00eds -","og_description":"Por Carolina Alonso Romei Internacionalista En un barrio en el oriente de Venezuela la situaci\u00f3n...","og_url":"https:\/\/quehacerpolitico.mx\/?p=100663","article_published_time":"2023-05-09T14:27:30+00:00","article_modified_time":"2023-05-09T14:27:33+00:00","og_image":[{"width":739,"height":415,"url":"https:\/\/quehacerpolitico.mx\/wp-content\/uploads\/2023\/05\/IMG_7573.jpeg","type":"image\/jpeg"}],"author":"Redacci\u00f3n QP","twitter_card":"summary_large_image","twitter_misc":{"Escrito por":"Redacci\u00f3n QP","Tiempo de lectura":"7 minutos"},"schema":{"@context":"https:\/\/schema.org","@graph":[{"@type":"Article","@id":"https:\/\/quehacerpolitico.mx\/?p=100663#article","isPartOf":{"@id":"https:\/\/quehacerpolitico.mx\/?p=100663"},"author":{"name":"Redacci\u00f3n QP","@id":"https:\/\/quehacerpolitico.mx\/#\/schema\/person\/496d8ad2d1d3f8036101dca7ee39e585"},"headline":"Internacionales\/\/\/Carolina Alonso Romei\/\/\/Crisis en Venezuela | &#8220;Mi hijo muri\u00f3 tras comer basura del botadero&#8221;: la muerte de un ni\u00f1o de 12 a\u00f1os que se convirti\u00f3 en un s\u00edmbolo de la pobreza extrema en el pa\u00eds","datePublished":"2023-05-09T14:27:30+00:00","dateModified":"2023-05-09T14:27:33+00:00","mainEntityOfPage":{"@id":"https:\/\/quehacerpolitico.mx\/?p=100663"},"wordCount":1450,"commentCount":0,"image":{"@id":"https:\/\/quehacerpolitico.mx\/?p=100663#primaryimage"},"thumbnailUrl":"https:\/\/quehacerpolitico.mx\/wp-content\/uploads\/2023\/05\/IMG_7573.jpeg","articleSection":["Internacionales"],"inLanguage":"es","potentialAction":[{"@type":"CommentAction","name":"Comment","target":["https:\/\/quehacerpolitico.mx\/?p=100663#respond"]}]},{"@type":"WebPage","@id":"https:\/\/quehacerpolitico.mx\/?p=100663","url":"https:\/\/quehacerpolitico.mx\/?p=100663","name":"Internacionales\/\/\/Carolina Alonso Romei\/\/\/Crisis en Venezuela | \"Mi hijo muri\u00f3 tras comer basura del botadero\": la muerte de un ni\u00f1o de 12 a\u00f1os que se convirti\u00f3 en un s\u00edmbolo de la pobreza extrema en el pa\u00eds -","isPartOf":{"@id":"https:\/\/quehacerpolitico.mx\/#website"},"primaryImageOfPage":{"@id":"https:\/\/quehacerpolitico.mx\/?p=100663#primaryimage"},"image":{"@id":"https:\/\/quehacerpolitico.mx\/?p=100663#primaryimage"},"thumbnailUrl":"https:\/\/quehacerpolitico.mx\/wp-content\/uploads\/2023\/05\/IMG_7573.jpeg","datePublished":"2023-05-09T14:27:30+00:00","dateModified":"2023-05-09T14:27:33+00:00","author":{"@id":"https:\/\/quehacerpolitico.mx\/#\/schema\/person\/496d8ad2d1d3f8036101dca7ee39e585"},"breadcrumb":{"@id":"https:\/\/quehacerpolitico.mx\/?p=100663#breadcrumb"},"inLanguage":"es","potentialAction":[{"@type":"ReadAction","target":["https:\/\/quehacerpolitico.mx\/?p=100663"]}]},{"@type":"ImageObject","inLanguage":"es","@id":"https:\/\/quehacerpolitico.mx\/?p=100663#primaryimage","url":"https:\/\/quehacerpolitico.mx\/wp-content\/uploads\/2023\/05\/IMG_7573.jpeg","contentUrl":"https:\/\/quehacerpolitico.mx\/wp-content\/uploads\/2023\/05\/IMG_7573.jpeg","width":739,"height":415},{"@type":"BreadcrumbList","@id":"https:\/\/quehacerpolitico.mx\/?p=100663#breadcrumb","itemListElement":[{"@type":"ListItem","position":1,"name":"Inicio","item":"https:\/\/quehacerpolitico.mx\/"},{"@type":"ListItem","position":2,"name":"Internacionales\/\/\/Carolina Alonso Romei\/\/\/Crisis en Venezuela | &#8220;Mi hijo muri\u00f3 tras comer basura del botadero&#8221;: la muerte de un ni\u00f1o de 12 a\u00f1os que se convirti\u00f3 en un s\u00edmbolo de la pobreza extrema en el pa\u00eds"}]},{"@type":"WebSite","@id":"https:\/\/quehacerpolitico.mx\/#website","url":"https:\/\/quehacerpolitico.mx\/","name":"","description":"","potentialAction":[{"@type":"SearchAction","target":{"@type":"EntryPoint","urlTemplate":"https:\/\/quehacerpolitico.mx\/?s={search_term_string}"},"query-input":{"@type":"PropertyValueSpecification","valueRequired":true,"valueName":"search_term_string"}}],"inLanguage":"es"},{"@type":"Person","@id":"https:\/\/quehacerpolitico.mx\/#\/schema\/person\/496d8ad2d1d3f8036101dca7ee39e585","name":"Redacci\u00f3n QP","image":{"@type":"ImageObject","inLanguage":"es","@id":"https:\/\/secure.gravatar.com\/avatar\/c7164ed6fdec453195284ad24a5ae5b6e1eed2b848477fa2a4787ba9adf39a41?s=96&d=mm&r=g","url":"https:\/\/secure.gravatar.com\/avatar\/c7164ed6fdec453195284ad24a5ae5b6e1eed2b848477fa2a4787ba9adf39a41?s=96&d=mm&r=g","contentUrl":"https:\/\/secure.gravatar.com\/avatar\/c7164ed6fdec453195284ad24a5ae5b6e1eed2b848477fa2a4787ba9adf39a41?s=96&d=mm&r=g","caption":"Redacci\u00f3n QP"},"url":"https:\/\/quehacerpolitico.mx\/?author=2"}]}},"featured_image_urls":{"full":["https:\/\/quehacerpolitico.mx\/wp-content\/uploads\/2023\/05\/IMG_7573.jpeg",739,415,false],"thumbnail":["https:\/\/quehacerpolitico.mx\/wp-content\/uploads\/2023\/05\/IMG_7573-150x150.jpeg",150,150,true],"medium":["https:\/\/quehacerpolitico.mx\/wp-content\/uploads\/2023\/05\/IMG_7573-300x168.jpeg",300,168,true],"medium_large":["https:\/\/quehacerpolitico.mx\/wp-content\/uploads\/2023\/05\/IMG_7573.jpeg",640,359,false],"large":["https:\/\/quehacerpolitico.mx\/wp-content\/uploads\/2023\/05\/IMG_7573.jpeg",640,359,false],"1536x1536":["https:\/\/quehacerpolitico.mx\/wp-content\/uploads\/2023\/05\/IMG_7573.jpeg",739,415,false],"2048x2048":["https:\/\/quehacerpolitico.mx\/wp-content\/uploads\/2023\/05\/IMG_7573.jpeg",739,415,false],"covernews-featured":["https:\/\/quehacerpolitico.mx\/wp-content\/uploads\/2023\/05\/IMG_7573.jpeg",739,415,false],"covernews-medium":["https:\/\/quehacerpolitico.mx\/wp-content\/uploads\/2023\/05\/IMG_7573.jpeg",540,303,false]},"author_info":{"display_name":"Redacci\u00f3n QP","author_link":"https:\/\/quehacerpolitico.mx\/?author=2"},"category_info":"<a href=\"https:\/\/quehacerpolitico.mx\/?cat=1\" rel=\"category\">Internacionales<\/a>","tag_info":"Internacionales","comment_count":"0","_links":{"self":[{"href":"https:\/\/quehacerpolitico.mx\/index.php?rest_route=\/wp\/v2\/posts\/100663","targetHints":{"allow":["GET"]}}],"collection":[{"href":"https:\/\/quehacerpolitico.mx\/index.php?rest_route=\/wp\/v2\/posts"}],"about":[{"href":"https:\/\/quehacerpolitico.mx\/index.php?rest_route=\/wp\/v2\/types\/post"}],"author":[{"embeddable":true,"href":"https:\/\/quehacerpolitico.mx\/index.php?rest_route=\/wp\/v2\/users\/2"}],"replies":[{"embeddable":true,"href":"https:\/\/quehacerpolitico.mx\/index.php?rest_route=%2Fwp%2Fv2%2Fcomments&post=100663"}],"version-history":[{"count":1,"href":"https:\/\/quehacerpolitico.mx\/index.php?rest_route=\/wp\/v2\/posts\/100663\/revisions"}],"predecessor-version":[{"id":100667,"href":"https:\/\/quehacerpolitico.mx\/index.php?rest_route=\/wp\/v2\/posts\/100663\/revisions\/100667"}],"wp:featuredmedia":[{"embeddable":true,"href":"https:\/\/quehacerpolitico.mx\/index.php?rest_route=\/wp\/v2\/media\/100664"}],"wp:attachment":[{"href":"https:\/\/quehacerpolitico.mx\/index.php?rest_route=%2Fwp%2Fv2%2Fmedia&parent=100663"}],"wp:term":[{"taxonomy":"category","embeddable":true,"href":"https:\/\/quehacerpolitico.mx\/index.php?rest_route=%2Fwp%2Fv2%2Fcategories&post=100663"},{"taxonomy":"post_tag","embeddable":true,"href":"https:\/\/quehacerpolitico.mx\/index.php?rest_route=%2Fwp%2Fv2%2Ftags&post=100663"}],"curies":[{"name":"wp","href":"https:\/\/api.w.org\/{rel}","templated":true}]}}