{"id":100640,"date":"2023-05-08T18:50:27","date_gmt":"2023-05-08T18:50:27","guid":{"rendered":"https:\/\/quehacerpolitico.mx\/?p=100640"},"modified":"2023-05-08T18:50:30","modified_gmt":"2023-05-08T18:50:30","slug":"corte-rechaza-peticion-de-consejeria-juridica-de-amlo-ante-discusion-del-plan-b","status":"publish","type":"post","link":"https:\/\/quehacerpolitico.mx\/?p=100640","title":{"rendered":"Corte rechaza petici\u00f3n de consejer\u00eda jur\u00eddica de AMLO, ante discusi\u00f3n del Plan B"},"content":{"rendered":"\n<p>Por Redacci\u00f3n QP<\/p>\n\n\n\n<p>La Consejer\u00eda Jur\u00eddica de la Presidencia pretend\u00eda impedir al ministro Alberto P\u00e9rez Day\u00e1n participar en la discusi\u00f3n sobre la validez del Plan B electoral<\/p>\n\n\n\n<p>La\u00a0<strong>Suprema Corte de Justicia de la Naci\u00f3n<\/strong>\u00a0(SCJN) desech\u00f3 una solicitud de la\u00a0<strong>Consejer\u00eda Jur\u00eddica de la Presidencia<\/strong>\u00a0que pretend\u00eda impedir al\u00a0<strong>ministro Alberto P\u00e9rez Day\u00e1n<\/strong>\u00a0participar en la discusi\u00f3n sobre la validez del\u00a0<strong>Plan B<\/strong>\u00a0de la\u00a0<strong>Reforma Electoral<\/strong>. PorRedaccionQP <\/p>\n\n\n\n<p>Pero es precisamente el ministro<strong>\u00a0Alberto P\u00e9rez Day\u00e1n<\/strong>\u00a0el encargado del\u00a0<strong>proyecto de sentencia<\/strong>\u00a0con el que se plantea\u00a0<strong>invalidar<\/strong>\u00a0la\u00a0<strong>primera parte<\/strong>\u00a0del\u00a0<strong>Plan B electoral<\/strong>.<\/p>\n\n\n\n<p>Este\u00a0lunes se discutir\u00e1 la\u00a0<strong>acci\u00f3n de inconstitucionalidad<\/strong>\u00a0de la Ley General de Comunicaci\u00f3n Social y de la Ley General de Responsabilidades Administrativas por una falta de imparcialidad.<\/p>\n\n\n\n<figure class=\"wp-block-image size-large\"><img loading=\"lazy\" decoding=\"async\" width=\"891\" height=\"1024\" src=\"https:\/\/quehacerpolitico.mx\/wp-content\/uploads\/2023\/05\/image-27-891x1024.jpeg\" alt=\"\" class=\"wp-image-100641\" srcset=\"https:\/\/quehacerpolitico.mx\/wp-content\/uploads\/2023\/05\/image-27-891x1024.jpeg 891w, https:\/\/quehacerpolitico.mx\/wp-content\/uploads\/2023\/05\/image-27-261x300.jpeg 261w, https:\/\/quehacerpolitico.mx\/wp-content\/uploads\/2023\/05\/image-27-768x883.jpeg 768w, https:\/\/quehacerpolitico.mx\/wp-content\/uploads\/2023\/05\/image-27-127x146.jpeg 127w, https:\/\/quehacerpolitico.mx\/wp-content\/uploads\/2023\/05\/image-27-43x50.jpeg 43w, https:\/\/quehacerpolitico.mx\/wp-content\/uploads\/2023\/05\/image-27-65x75.jpeg 65w, https:\/\/quehacerpolitico.mx\/wp-content\/uploads\/2023\/05\/image-27.jpeg 1164w\" sizes=\"auto, (max-width: 891px) 100vw, 891px\" \/><\/figure>\n\n\n\n<p>Previo al debate la\u00a0<strong>Consejer\u00eda Jur\u00eddica del Ejecutivo Federal\u00a0<\/strong>advirti\u00f3 a la\u00a0<strong>SCJN<\/strong>\u00a0que si invalida el proceso legislativo del Plan B de la Reforma Electoral incurrir\u00e1 en\u00a0<strong>sustituir<\/strong>\u00a0al\u00a0<strong>Congreso de la Uni\u00f3n<\/strong>.<\/p>\n\n\n\n<p>Al tratarse de un poder derivado, sin legitimaci\u00f3n popular, la SCJN no debe restringir las atribuciones que la norma fundamental concede al Poder Legislativo para regular el tr\u00e1mite de elaboraci\u00f3n de las normas, siempre y cuando sean resultado de la voluntad mayoritaria de los integrantes del Congreso de la Uni\u00f3n. De hacerlo, violar\u00e1 el principio de divisi\u00f3n de poderes y el equilibrio que debe existir entre estos.\u201d<\/p>\n","protected":false},"excerpt":{"rendered":"<p>Por Redacci\u00f3n QP La Consejer\u00eda Jur\u00eddica de la Presidencia pretend\u00eda impedir al ministro Alberto P\u00e9rez&#8230;<\/p>\n","protected":false},"author":2,"featured_media":100642,"comment_status":"open","ping_status":"open","sticky":false,"template":"","format":"standard","meta":{"_monsterinsights_skip_tracking":false,"_monsterinsights_sitenote_active":false,"_monsterinsights_sitenote_note":"","_monsterinsights_sitenote_category":0,"footnotes":""},"categories":[2],"tags":[],"class_list":["post-100640","post","type-post","status-publish","format-standard","has-post-thumbnail","hentry","category-noticias"],"yoast_head":"<!-- This site is optimized with the Yoast SEO plugin v27.3 - https:\/\/yoast.com\/product\/yoast-seo-wordpress\/ -->\n<title>Corte rechaza petici\u00f3n de consejer\u00eda jur\u00eddica de AMLO, ante discusi\u00f3n del Plan B -<\/title>\n<meta name=\"robots\" content=\"index, follow, max-snippet:-1, max-image-preview:large, max-video-preview:-1\" \/>\n<link rel=\"canonical\" href=\"https:\/\/quehacerpolitico.mx\/?p=100640\" \/>\n<meta property=\"og:locale\" content=\"es_MX\" \/>\n<meta property=\"og:type\" content=\"article\" \/>\n<meta property=\"og:title\" content=\"Corte rechaza petici\u00f3n de consejer\u00eda jur\u00eddica de AMLO, ante discusi\u00f3n del Plan B -\" \/>\n<meta property=\"og:description\" content=\"Por Redacci\u00f3n QP La Consejer\u00eda Jur\u00eddica de la Presidencia pretend\u00eda impedir al ministro Alberto P\u00e9rez...\" \/>\n<meta property=\"og:url\" content=\"https:\/\/quehacerpolitico.mx\/?p=100640\" \/>\n<meta property=\"article:published_time\" content=\"2023-05-08T18:50:27+00:00\" \/>\n<meta property=\"article:modified_time\" content=\"2023-05-08T18:50:30+00:00\" \/>\n<meta property=\"og:image\" content=\"https:\/\/quehacerpolitico.mx\/wp-content\/uploads\/2023\/05\/IMG_7554.jpeg\" \/>\n\t<meta property=\"og:image:width\" content=\"640\" \/>\n\t<meta property=\"og:image:height\" content=\"360\" \/>\n\t<meta property=\"og:image:type\" content=\"image\/jpeg\" \/>\n<meta name=\"author\" content=\"Redacci\u00f3n QP\" \/>\n<meta name=\"twitter:card\" content=\"summary_large_image\" \/>\n<meta name=\"twitter:label1\" content=\"Escrito por\" \/>\n\t<meta name=\"twitter:data1\" content=\"Redacci\u00f3n QP\" \/>\n\t<meta name=\"twitter:label2\" content=\"Tiempo de lectura\" \/>\n\t<meta name=\"twitter:data2\" content=\"1 minuto\" \/>\n<script type=\"application\/ld+json\" class=\"yoast-schema-graph\">{\"@context\":\"https:\\\/\\\/schema.org\",\"@graph\":[{\"@type\":\"Article\",\"@id\":\"https:\\\/\\\/quehacerpolitico.mx\\\/?p=100640#article\",\"isPartOf\":{\"@id\":\"https:\\\/\\\/quehacerpolitico.mx\\\/?p=100640\"},\"author\":{\"name\":\"Redacci\u00f3n QP\",\"@id\":\"https:\\\/\\\/quehacerpolitico.mx\\\/#\\\/schema\\\/person\\\/496d8ad2d1d3f8036101dca7ee39e585\"},\"headline\":\"Corte rechaza petici\u00f3n de consejer\u00eda jur\u00eddica de AMLO, ante discusi\u00f3n del Plan B\",\"datePublished\":\"2023-05-08T18:50:27+00:00\",\"dateModified\":\"2023-05-08T18:50:30+00:00\",\"mainEntityOfPage\":{\"@id\":\"https:\\\/\\\/quehacerpolitico.mx\\\/?p=100640\"},\"wordCount\":268,\"commentCount\":0,\"image\":{\"@id\":\"https:\\\/\\\/quehacerpolitico.mx\\\/?p=100640#primaryimage\"},\"thumbnailUrl\":\"https:\\\/\\\/quehacerpolitico.mx\\\/wp-content\\\/uploads\\\/2023\\\/05\\\/IMG_7554.jpeg\",\"articleSection\":[\"Noticias\"],\"inLanguage\":\"es\",\"potentialAction\":[{\"@type\":\"CommentAction\",\"name\":\"Comment\",\"target\":[\"https:\\\/\\\/quehacerpolitico.mx\\\/?p=100640#respond\"]}]},{\"@type\":\"WebPage\",\"@id\":\"https:\\\/\\\/quehacerpolitico.mx\\\/?p=100640\",\"url\":\"https:\\\/\\\/quehacerpolitico.mx\\\/?p=100640\",\"name\":\"Corte rechaza petici\u00f3n de consejer\u00eda jur\u00eddica de AMLO, ante discusi\u00f3n del Plan B -\",\"isPartOf\":{\"@id\":\"https:\\\/\\\/quehacerpolitico.mx\\\/#website\"},\"primaryImageOfPage\":{\"@id\":\"https:\\\/\\\/quehacerpolitico.mx\\\/?p=100640#primaryimage\"},\"image\":{\"@id\":\"https:\\\/\\\/quehacerpolitico.mx\\\/?p=100640#primaryimage\"},\"thumbnailUrl\":\"https:\\\/\\\/quehacerpolitico.mx\\\/wp-content\\\/uploads\\\/2023\\\/05\\\/IMG_7554.jpeg\",\"datePublished\":\"2023-05-08T18:50:27+00:00\",\"dateModified\":\"2023-05-08T18:50:30+00:00\",\"author\":{\"@id\":\"https:\\\/\\\/quehacerpolitico.mx\\\/#\\\/schema\\\/person\\\/496d8ad2d1d3f8036101dca7ee39e585\"},\"breadcrumb\":{\"@id\":\"https:\\\/\\\/quehacerpolitico.mx\\\/?p=100640#breadcrumb\"},\"inLanguage\":\"es\",\"potentialAction\":[{\"@type\":\"ReadAction\",\"target\":[\"https:\\\/\\\/quehacerpolitico.mx\\\/?p=100640\"]}]},{\"@type\":\"ImageObject\",\"inLanguage\":\"es\",\"@id\":\"https:\\\/\\\/quehacerpolitico.mx\\\/?p=100640#primaryimage\",\"url\":\"https:\\\/\\\/quehacerpolitico.mx\\\/wp-content\\\/uploads\\\/2023\\\/05\\\/IMG_7554.jpeg\",\"contentUrl\":\"https:\\\/\\\/quehacerpolitico.mx\\\/wp-content\\\/uploads\\\/2023\\\/05\\\/IMG_7554.jpeg\",\"width\":640,\"height\":360},{\"@type\":\"BreadcrumbList\",\"@id\":\"https:\\\/\\\/quehacerpolitico.mx\\\/?p=100640#breadcrumb\",\"itemListElement\":[{\"@type\":\"ListItem\",\"position\":1,\"name\":\"Inicio\",\"item\":\"https:\\\/\\\/quehacerpolitico.mx\\\/\"},{\"@type\":\"ListItem\",\"position\":2,\"name\":\"Corte rechaza petici\u00f3n de consejer\u00eda jur\u00eddica de AMLO, ante discusi\u00f3n del Plan B\"}]},{\"@type\":\"WebSite\",\"@id\":\"https:\\\/\\\/quehacerpolitico.mx\\\/#website\",\"url\":\"https:\\\/\\\/quehacerpolitico.mx\\\/\",\"name\":\"\",\"description\":\"\",\"potentialAction\":[{\"@type\":\"SearchAction\",\"target\":{\"@type\":\"EntryPoint\",\"urlTemplate\":\"https:\\\/\\\/quehacerpolitico.mx\\\/?s={search_term_string}\"},\"query-input\":{\"@type\":\"PropertyValueSpecification\",\"valueRequired\":true,\"valueName\":\"search_term_string\"}}],\"inLanguage\":\"es\"},{\"@type\":\"Person\",\"@id\":\"https:\\\/\\\/quehacerpolitico.mx\\\/#\\\/schema\\\/person\\\/496d8ad2d1d3f8036101dca7ee39e585\",\"name\":\"Redacci\u00f3n QP\",\"image\":{\"@type\":\"ImageObject\",\"inLanguage\":\"es\",\"@id\":\"https:\\\/\\\/secure.gravatar.com\\\/avatar\\\/c7164ed6fdec453195284ad24a5ae5b6e1eed2b848477fa2a4787ba9adf39a41?s=96&d=mm&r=g\",\"url\":\"https:\\\/\\\/secure.gravatar.com\\\/avatar\\\/c7164ed6fdec453195284ad24a5ae5b6e1eed2b848477fa2a4787ba9adf39a41?s=96&d=mm&r=g\",\"contentUrl\":\"https:\\\/\\\/secure.gravatar.com\\\/avatar\\\/c7164ed6fdec453195284ad24a5ae5b6e1eed2b848477fa2a4787ba9adf39a41?s=96&d=mm&r=g\",\"caption\":\"Redacci\u00f3n QP\"},\"url\":\"https:\\\/\\\/quehacerpolitico.mx\\\/?author=2\"}]}<\/script>\n<!-- \/ Yoast SEO plugin. -->","yoast_head_json":{"title":"Corte rechaza petici\u00f3n de consejer\u00eda jur\u00eddica de AMLO, ante discusi\u00f3n del Plan B -","robots":{"index":"index","follow":"follow","max-snippet":"max-snippet:-1","max-image-preview":"max-image-preview:large","max-video-preview":"max-video-preview:-1"},"canonical":"https:\/\/quehacerpolitico.mx\/?p=100640","og_locale":"es_MX","og_type":"article","og_title":"Corte rechaza petici\u00f3n de consejer\u00eda jur\u00eddica de AMLO, ante discusi\u00f3n del Plan B -","og_description":"Por Redacci\u00f3n QP La Consejer\u00eda Jur\u00eddica de la Presidencia pretend\u00eda impedir al ministro Alberto P\u00e9rez...","og_url":"https:\/\/quehacerpolitico.mx\/?p=100640","article_published_time":"2023-05-08T18:50:27+00:00","article_modified_time":"2023-05-08T18:50:30+00:00","og_image":[{"width":640,"height":360,"url":"https:\/\/quehacerpolitico.mx\/wp-content\/uploads\/2023\/05\/IMG_7554.jpeg","type":"image\/jpeg"}],"author":"Redacci\u00f3n QP","twitter_card":"summary_large_image","twitter_misc":{"Escrito por":"Redacci\u00f3n QP","Tiempo de lectura":"1 minuto"},"schema":{"@context":"https:\/\/schema.org","@graph":[{"@type":"Article","@id":"https:\/\/quehacerpolitico.mx\/?p=100640#article","isPartOf":{"@id":"https:\/\/quehacerpolitico.mx\/?p=100640"},"author":{"name":"Redacci\u00f3n QP","@id":"https:\/\/quehacerpolitico.mx\/#\/schema\/person\/496d8ad2d1d3f8036101dca7ee39e585"},"headline":"Corte rechaza petici\u00f3n de consejer\u00eda jur\u00eddica de AMLO, ante discusi\u00f3n del Plan B","datePublished":"2023-05-08T18:50:27+00:00","dateModified":"2023-05-08T18:50:30+00:00","mainEntityOfPage":{"@id":"https:\/\/quehacerpolitico.mx\/?p=100640"},"wordCount":268,"commentCount":0,"image":{"@id":"https:\/\/quehacerpolitico.mx\/?p=100640#primaryimage"},"thumbnailUrl":"https:\/\/quehacerpolitico.mx\/wp-content\/uploads\/2023\/05\/IMG_7554.jpeg","articleSection":["Noticias"],"inLanguage":"es","potentialAction":[{"@type":"CommentAction","name":"Comment","target":["https:\/\/quehacerpolitico.mx\/?p=100640#respond"]}]},{"@type":"WebPage","@id":"https:\/\/quehacerpolitico.mx\/?p=100640","url":"https:\/\/quehacerpolitico.mx\/?p=100640","name":"Corte rechaza petici\u00f3n de consejer\u00eda jur\u00eddica de AMLO, ante discusi\u00f3n del Plan B -","isPartOf":{"@id":"https:\/\/quehacerpolitico.mx\/#website"},"primaryImageOfPage":{"@id":"https:\/\/quehacerpolitico.mx\/?p=100640#primaryimage"},"image":{"@id":"https:\/\/quehacerpolitico.mx\/?p=100640#primaryimage"},"thumbnailUrl":"https:\/\/quehacerpolitico.mx\/wp-content\/uploads\/2023\/05\/IMG_7554.jpeg","datePublished":"2023-05-08T18:50:27+00:00","dateModified":"2023-05-08T18:50:30+00:00","author":{"@id":"https:\/\/quehacerpolitico.mx\/#\/schema\/person\/496d8ad2d1d3f8036101dca7ee39e585"},"breadcrumb":{"@id":"https:\/\/quehacerpolitico.mx\/?p=100640#breadcrumb"},"inLanguage":"es","potentialAction":[{"@type":"ReadAction","target":["https:\/\/quehacerpolitico.mx\/?p=100640"]}]},{"@type":"ImageObject","inLanguage":"es","@id":"https:\/\/quehacerpolitico.mx\/?p=100640#primaryimage","url":"https:\/\/quehacerpolitico.mx\/wp-content\/uploads\/2023\/05\/IMG_7554.jpeg","contentUrl":"https:\/\/quehacerpolitico.mx\/wp-content\/uploads\/2023\/05\/IMG_7554.jpeg","width":640,"height":360},{"@type":"BreadcrumbList","@id":"https:\/\/quehacerpolitico.mx\/?p=100640#breadcrumb","itemListElement":[{"@type":"ListItem","position":1,"name":"Inicio","item":"https:\/\/quehacerpolitico.mx\/"},{"@type":"ListItem","position":2,"name":"Corte rechaza petici\u00f3n de consejer\u00eda jur\u00eddica de AMLO, ante discusi\u00f3n del Plan B"}]},{"@type":"WebSite","@id":"https:\/\/quehacerpolitico.mx\/#website","url":"https:\/\/quehacerpolitico.mx\/","name":"","description":"","potentialAction":[{"@type":"SearchAction","target":{"@type":"EntryPoint","urlTemplate":"https:\/\/quehacerpolitico.mx\/?s={search_term_string}"},"query-input":{"@type":"PropertyValueSpecification","valueRequired":true,"valueName":"search_term_string"}}],"inLanguage":"es"},{"@type":"Person","@id":"https:\/\/quehacerpolitico.mx\/#\/schema\/person\/496d8ad2d1d3f8036101dca7ee39e585","name":"Redacci\u00f3n QP","image":{"@type":"ImageObject","inLanguage":"es","@id":"https:\/\/secure.gravatar.com\/avatar\/c7164ed6fdec453195284ad24a5ae5b6e1eed2b848477fa2a4787ba9adf39a41?s=96&d=mm&r=g","url":"https:\/\/secure.gravatar.com\/avatar\/c7164ed6fdec453195284ad24a5ae5b6e1eed2b848477fa2a4787ba9adf39a41?s=96&d=mm&r=g","contentUrl":"https:\/\/secure.gravatar.com\/avatar\/c7164ed6fdec453195284ad24a5ae5b6e1eed2b848477fa2a4787ba9adf39a41?s=96&d=mm&r=g","caption":"Redacci\u00f3n QP"},"url":"https:\/\/quehacerpolitico.mx\/?author=2"}]}},"featured_image_urls":{"full":["https:\/\/quehacerpolitico.mx\/wp-content\/uploads\/2023\/05\/IMG_7554.jpeg",640,360,false],"thumbnail":["https:\/\/quehacerpolitico.mx\/wp-content\/uploads\/2023\/05\/IMG_7554-150x150.jpeg",150,150,true],"medium":["https:\/\/quehacerpolitico.mx\/wp-content\/uploads\/2023\/05\/IMG_7554-300x169.jpeg",300,169,true],"medium_large":["https:\/\/quehacerpolitico.mx\/wp-content\/uploads\/2023\/05\/IMG_7554.jpeg",640,360,false],"large":["https:\/\/quehacerpolitico.mx\/wp-content\/uploads\/2023\/05\/IMG_7554.jpeg",640,360,false],"1536x1536":["https:\/\/quehacerpolitico.mx\/wp-content\/uploads\/2023\/05\/IMG_7554.jpeg",640,360,false],"2048x2048":["https:\/\/quehacerpolitico.mx\/wp-content\/uploads\/2023\/05\/IMG_7554.jpeg",640,360,false],"covernews-featured":["https:\/\/quehacerpolitico.mx\/wp-content\/uploads\/2023\/05\/IMG_7554.jpeg",640,360,false],"covernews-medium":["https:\/\/quehacerpolitico.mx\/wp-content\/uploads\/2023\/05\/IMG_7554.jpeg",540,304,false]},"author_info":{"display_name":"Redacci\u00f3n QP","author_link":"https:\/\/quehacerpolitico.mx\/?author=2"},"category_info":"<a href=\"https:\/\/quehacerpolitico.mx\/?cat=2\" rel=\"category\">Noticias<\/a>","tag_info":"Noticias","comment_count":"0","_links":{"self":[{"href":"https:\/\/quehacerpolitico.mx\/index.php?rest_route=\/wp\/v2\/posts\/100640","targetHints":{"allow":["GET"]}}],"collection":[{"href":"https:\/\/quehacerpolitico.mx\/index.php?rest_route=\/wp\/v2\/posts"}],"about":[{"href":"https:\/\/quehacerpolitico.mx\/index.php?rest_route=\/wp\/v2\/types\/post"}],"author":[{"embeddable":true,"href":"https:\/\/quehacerpolitico.mx\/index.php?rest_route=\/wp\/v2\/users\/2"}],"replies":[{"embeddable":true,"href":"https:\/\/quehacerpolitico.mx\/index.php?rest_route=%2Fwp%2Fv2%2Fcomments&post=100640"}],"version-history":[{"count":1,"href":"https:\/\/quehacerpolitico.mx\/index.php?rest_route=\/wp\/v2\/posts\/100640\/revisions"}],"predecessor-version":[{"id":100643,"href":"https:\/\/quehacerpolitico.mx\/index.php?rest_route=\/wp\/v2\/posts\/100640\/revisions\/100643"}],"wp:featuredmedia":[{"embeddable":true,"href":"https:\/\/quehacerpolitico.mx\/index.php?rest_route=\/wp\/v2\/media\/100642"}],"wp:attachment":[{"href":"https:\/\/quehacerpolitico.mx\/index.php?rest_route=%2Fwp%2Fv2%2Fmedia&parent=100640"}],"wp:term":[{"taxonomy":"category","embeddable":true,"href":"https:\/\/quehacerpolitico.mx\/index.php?rest_route=%2Fwp%2Fv2%2Fcategories&post=100640"},{"taxonomy":"post_tag","embeddable":true,"href":"https:\/\/quehacerpolitico.mx\/index.php?rest_route=%2Fwp%2Fv2%2Ftags&post=100640"}],"curies":[{"name":"wp","href":"https:\/\/api.w.org\/{rel}","templated":true}]}}