{"id":100634,"date":"2023-05-08T18:22:38","date_gmt":"2023-05-08T18:22:38","guid":{"rendered":"https:\/\/quehacerpolitico.mx\/?p=100634"},"modified":"2023-05-08T18:22:46","modified_gmt":"2023-05-08T18:22:46","slug":"ricardo-anaya-llama-a-defender-al-inai-con-la-misma-fuerza-que-al-ine","status":"publish","type":"post","link":"https:\/\/quehacerpolitico.mx\/?p=100634","title":{"rendered":"Ricardo Anaya llama a defender al INAI con la misma fuerza que al INE"},"content":{"rendered":"\n<p>Por Redacci\u00f3n QP<\/p>\n\n\n\n<p>Anaya asegur\u00f3 que la postura de L\u00f3pez Obrador hace pensar que le estorba la transparencia porque tiene cosas que ocultar<\/p>\n\n\n\n<p>El excandidato Presidencial, Ricardo Anaya, llam\u00f3 a la ciudadan\u00eda a defender al Instituto Nacional de Transparencia, Acceso a la Informaci\u00f3n y Protecci\u00f3n de Datos Personales (INAI) con la misma fuerza con la que defendieron al Instituto Nacional Electoral (INE).<\/p>\n\n\n\n<p>A trav\u00e9s de un nuevo video que comparti\u00f3 en sus redes sociales, record\u00f3 que el Presidente Andr\u00e9s Manuel L\u00f3pez Obrador ya declar\u00f3 que &#8220;ser\u00eda mejor que no existiera&#8221;, lo que consider\u00f3 contradictorio, dado que\u00a0<strong>\u00e9l mismo, antes de llegar al gobierno, se benefici\u00f3 de la informaci\u00f3n obtenida gracias al INAI.<\/strong><\/p>\n\n\n\n<figure class=\"wp-block-embed is-type-video is-provider-youtube wp-block-embed-youtube wp-embed-aspect-16-9 wp-has-aspect-ratio\"><div class=\"wp-block-embed__wrapper\">\n<iframe loading=\"lazy\" title=\"Si ya no hay corrupci\u00f3n... \u00bfpor qu\u00e9 quiere desaparecer al INAI?\" width=\"640\" height=\"360\" src=\"https:\/\/www.youtube.com\/embed\/xmH65lq7jtA?feature=oembed\" frameborder=\"0\" allow=\"accelerometer; autoplay; clipboard-write; encrypted-media; gyroscope; picture-in-picture; web-share\" referrerpolicy=\"strict-origin-when-cross-origin\" allowfullscreen><\/iframe>\n<\/div><\/figure>\n\n\n\n<p>&#8220;En efecto,\u00a0<strong>cuando L\u00f3pez Obrador dio a conocer las pensiones de los expresidentes, consigui\u00f3 esa informaci\u00f3n precisamente a trav\u00e9s del INAI<\/strong>, como \u00e9l mismo reconoci\u00f3 en su libro &#8216;2018, La Salida&#8217; &#8220;, indic\u00f3.<\/p>\n\n\n\n<p>Anaya recalc\u00f3 que,&nbsp;<strong>si el INAI no hubiera existido, &#8220;lo m\u00e1s probable es que jam\u00e1s habr\u00eda conseguido esa informaci\u00f3n&#8221;&nbsp;<\/strong>y agreg\u00f3: &#8220;Est\u00e1 bien que se haya sabido lo de las pensiones, porque sin importar qui\u00e9n est\u00e9 en el gobierno, los ciudadanos tenemos derecho a saber qu\u00e9 se hace con el dinero de nuestros impuestos&#8221;.<\/p>\n\n\n\n<p>Gracias al INAI, continu\u00f3,\u00a0<strong>los mexicanos han podido conocer informaci\u00f3n relevante para la vida nacional,\u00a0<\/strong>especialmente sobre casos de corrupci\u00f3n de todos los gobiernos, y cit\u00f3 como ejemplos la Casa Blanca, la Estafa Maestra y las condonaciones de impuestos a grandes empresas.<\/p>\n\n\n\n<p>&#8220;Lo que no se vale, porque eso es ser tramposo, eso es jugar chueco,&nbsp;<strong>es que ahora que L\u00f3pez Obrador est\u00e1 en el gobierno, resulta que ya no quiere que se sepa lo que \u00e9l hace con nuestros impuestos<\/strong>. O sea que antes estaba muy bien que existiera el INAI y estaba muy bien que el pueblo supiera qu\u00e9 se hace con el dinero de los impuestos, y ahora que \u00e9l est\u00e1 en el poder, lo quiere desaparecer&#8221;, acus\u00f3.<\/p>\n\n\n\n<p>Anaya dijo que&nbsp;<strong>esta postura de L\u00f3pez Obrador hace pensar que le estorba la transparencia porque tiene cosas que ocultar.<\/strong><\/p>\n\n\n\n<p>&#8220;Si todo va tan bien en su gobierno como todas las ma\u00f1anas nos presume, si tanto alega que ya no hay corrupci\u00f3n, \u00bfentonces por qu\u00e9 no quiere que podamos pedir informaci\u00f3n? \u00bfNo ser\u00e1 m\u00e1s bien que le preocupa que nos enteremos de toda la corrupci\u00f3n en su gobierno?&#8221;, cuestion\u00f3.<\/p>\n\n\n\n<p>Finalmente, insisti\u00f3 en su llamado: &#8220;No importa por qu\u00e9 partido hayas votado en el pasado, no debemos permitir que desaparezca el INAI. As\u00ed como alzamos la voz para impedir la destrucci\u00f3n del INE, hoy tenemos que mantenerla en alto para defender nuestra democracia e impedir la destrucci\u00f3n del INAI&#8221;.<\/p>\n\n\n\n<p>Con Informaci\u00f3n de SUN <\/p>\n","protected":false},"excerpt":{"rendered":"<p>Por Redacci\u00f3n QP Anaya asegur\u00f3 que la postura de L\u00f3pez Obrador hace pensar que le&#8230;<\/p>\n","protected":false},"author":2,"featured_media":100635,"comment_status":"open","ping_status":"open","sticky":false,"template":"","format":"standard","meta":{"_monsterinsights_skip_tracking":false,"_monsterinsights_sitenote_active":false,"_monsterinsights_sitenote_note":"","_monsterinsights_sitenote_category":0,"footnotes":""},"categories":[2],"tags":[],"class_list":["post-100634","post","type-post","status-publish","format-standard","has-post-thumbnail","hentry","category-noticias"],"yoast_head":"<!-- This site is optimized with the Yoast SEO plugin v27.3 - https:\/\/yoast.com\/product\/yoast-seo-wordpress\/ -->\n<title>Ricardo Anaya llama a defender al INAI con la misma fuerza que al INE -<\/title>\n<meta name=\"robots\" content=\"index, follow, max-snippet:-1, max-image-preview:large, max-video-preview:-1\" \/>\n<link rel=\"canonical\" href=\"https:\/\/quehacerpolitico.mx\/?p=100634\" \/>\n<meta property=\"og:locale\" content=\"es_MX\" \/>\n<meta property=\"og:type\" content=\"article\" \/>\n<meta property=\"og:title\" content=\"Ricardo Anaya llama a defender al INAI con la misma fuerza que al INE -\" \/>\n<meta property=\"og:description\" content=\"Por Redacci\u00f3n QP Anaya asegur\u00f3 que la postura de L\u00f3pez Obrador hace pensar que le...\" \/>\n<meta property=\"og:url\" content=\"https:\/\/quehacerpolitico.mx\/?p=100634\" \/>\n<meta property=\"article:published_time\" content=\"2023-05-08T18:22:38+00:00\" \/>\n<meta property=\"article:modified_time\" content=\"2023-05-08T18:22:46+00:00\" \/>\n<meta property=\"og:image\" content=\"https:\/\/quehacerpolitico.mx\/wp-content\/uploads\/2023\/05\/IMG_7551.jpeg\" \/>\n\t<meta property=\"og:image:width\" content=\"1282\" \/>\n\t<meta property=\"og:image:height\" content=\"699\" \/>\n\t<meta property=\"og:image:type\" content=\"image\/jpeg\" \/>\n<meta name=\"author\" content=\"Redacci\u00f3n QP\" \/>\n<meta name=\"twitter:card\" content=\"summary_large_image\" \/>\n<meta name=\"twitter:label1\" content=\"Escrito por\" \/>\n\t<meta name=\"twitter:data1\" content=\"Redacci\u00f3n QP\" \/>\n\t<meta name=\"twitter:label2\" content=\"Tiempo de lectura\" \/>\n\t<meta name=\"twitter:data2\" content=\"2 minutos\" \/>\n<script type=\"application\/ld+json\" class=\"yoast-schema-graph\">{\"@context\":\"https:\\\/\\\/schema.org\",\"@graph\":[{\"@type\":\"Article\",\"@id\":\"https:\\\/\\\/quehacerpolitico.mx\\\/?p=100634#article\",\"isPartOf\":{\"@id\":\"https:\\\/\\\/quehacerpolitico.mx\\\/?p=100634\"},\"author\":{\"name\":\"Redacci\u00f3n QP\",\"@id\":\"https:\\\/\\\/quehacerpolitico.mx\\\/#\\\/schema\\\/person\\\/496d8ad2d1d3f8036101dca7ee39e585\"},\"headline\":\"Ricardo Anaya llama a defender al INAI con la misma fuerza que al INE\",\"datePublished\":\"2023-05-08T18:22:38+00:00\",\"dateModified\":\"2023-05-08T18:22:46+00:00\",\"mainEntityOfPage\":{\"@id\":\"https:\\\/\\\/quehacerpolitico.mx\\\/?p=100634\"},\"wordCount\":494,\"commentCount\":0,\"image\":{\"@id\":\"https:\\\/\\\/quehacerpolitico.mx\\\/?p=100634#primaryimage\"},\"thumbnailUrl\":\"https:\\\/\\\/quehacerpolitico.mx\\\/wp-content\\\/uploads\\\/2023\\\/05\\\/IMG_7551.jpeg\",\"articleSection\":[\"Noticias\"],\"inLanguage\":\"es\",\"potentialAction\":[{\"@type\":\"CommentAction\",\"name\":\"Comment\",\"target\":[\"https:\\\/\\\/quehacerpolitico.mx\\\/?p=100634#respond\"]}]},{\"@type\":\"WebPage\",\"@id\":\"https:\\\/\\\/quehacerpolitico.mx\\\/?p=100634\",\"url\":\"https:\\\/\\\/quehacerpolitico.mx\\\/?p=100634\",\"name\":\"Ricardo Anaya llama a defender al INAI con la misma fuerza que al INE -\",\"isPartOf\":{\"@id\":\"https:\\\/\\\/quehacerpolitico.mx\\\/#website\"},\"primaryImageOfPage\":{\"@id\":\"https:\\\/\\\/quehacerpolitico.mx\\\/?p=100634#primaryimage\"},\"image\":{\"@id\":\"https:\\\/\\\/quehacerpolitico.mx\\\/?p=100634#primaryimage\"},\"thumbnailUrl\":\"https:\\\/\\\/quehacerpolitico.mx\\\/wp-content\\\/uploads\\\/2023\\\/05\\\/IMG_7551.jpeg\",\"datePublished\":\"2023-05-08T18:22:38+00:00\",\"dateModified\":\"2023-05-08T18:22:46+00:00\",\"author\":{\"@id\":\"https:\\\/\\\/quehacerpolitico.mx\\\/#\\\/schema\\\/person\\\/496d8ad2d1d3f8036101dca7ee39e585\"},\"breadcrumb\":{\"@id\":\"https:\\\/\\\/quehacerpolitico.mx\\\/?p=100634#breadcrumb\"},\"inLanguage\":\"es\",\"potentialAction\":[{\"@type\":\"ReadAction\",\"target\":[\"https:\\\/\\\/quehacerpolitico.mx\\\/?p=100634\"]}]},{\"@type\":\"ImageObject\",\"inLanguage\":\"es\",\"@id\":\"https:\\\/\\\/quehacerpolitico.mx\\\/?p=100634#primaryimage\",\"url\":\"https:\\\/\\\/quehacerpolitico.mx\\\/wp-content\\\/uploads\\\/2023\\\/05\\\/IMG_7551.jpeg\",\"contentUrl\":\"https:\\\/\\\/quehacerpolitico.mx\\\/wp-content\\\/uploads\\\/2023\\\/05\\\/IMG_7551.jpeg\",\"width\":1282,\"height\":699},{\"@type\":\"BreadcrumbList\",\"@id\":\"https:\\\/\\\/quehacerpolitico.mx\\\/?p=100634#breadcrumb\",\"itemListElement\":[{\"@type\":\"ListItem\",\"position\":1,\"name\":\"Inicio\",\"item\":\"https:\\\/\\\/quehacerpolitico.mx\\\/\"},{\"@type\":\"ListItem\",\"position\":2,\"name\":\"Ricardo Anaya llama a defender al INAI con la misma fuerza que al INE\"}]},{\"@type\":\"WebSite\",\"@id\":\"https:\\\/\\\/quehacerpolitico.mx\\\/#website\",\"url\":\"https:\\\/\\\/quehacerpolitico.mx\\\/\",\"name\":\"\",\"description\":\"\",\"potentialAction\":[{\"@type\":\"SearchAction\",\"target\":{\"@type\":\"EntryPoint\",\"urlTemplate\":\"https:\\\/\\\/quehacerpolitico.mx\\\/?s={search_term_string}\"},\"query-input\":{\"@type\":\"PropertyValueSpecification\",\"valueRequired\":true,\"valueName\":\"search_term_string\"}}],\"inLanguage\":\"es\"},{\"@type\":\"Person\",\"@id\":\"https:\\\/\\\/quehacerpolitico.mx\\\/#\\\/schema\\\/person\\\/496d8ad2d1d3f8036101dca7ee39e585\",\"name\":\"Redacci\u00f3n QP\",\"image\":{\"@type\":\"ImageObject\",\"inLanguage\":\"es\",\"@id\":\"https:\\\/\\\/secure.gravatar.com\\\/avatar\\\/c7164ed6fdec453195284ad24a5ae5b6e1eed2b848477fa2a4787ba9adf39a41?s=96&d=mm&r=g\",\"url\":\"https:\\\/\\\/secure.gravatar.com\\\/avatar\\\/c7164ed6fdec453195284ad24a5ae5b6e1eed2b848477fa2a4787ba9adf39a41?s=96&d=mm&r=g\",\"contentUrl\":\"https:\\\/\\\/secure.gravatar.com\\\/avatar\\\/c7164ed6fdec453195284ad24a5ae5b6e1eed2b848477fa2a4787ba9adf39a41?s=96&d=mm&r=g\",\"caption\":\"Redacci\u00f3n QP\"},\"url\":\"https:\\\/\\\/quehacerpolitico.mx\\\/?author=2\"}]}<\/script>\n<!-- \/ Yoast SEO plugin. -->","yoast_head_json":{"title":"Ricardo Anaya llama a defender al INAI con la misma fuerza que al INE -","robots":{"index":"index","follow":"follow","max-snippet":"max-snippet:-1","max-image-preview":"max-image-preview:large","max-video-preview":"max-video-preview:-1"},"canonical":"https:\/\/quehacerpolitico.mx\/?p=100634","og_locale":"es_MX","og_type":"article","og_title":"Ricardo Anaya llama a defender al INAI con la misma fuerza que al INE -","og_description":"Por Redacci\u00f3n QP Anaya asegur\u00f3 que la postura de L\u00f3pez Obrador hace pensar que le...","og_url":"https:\/\/quehacerpolitico.mx\/?p=100634","article_published_time":"2023-05-08T18:22:38+00:00","article_modified_time":"2023-05-08T18:22:46+00:00","og_image":[{"width":1282,"height":699,"url":"https:\/\/quehacerpolitico.mx\/wp-content\/uploads\/2023\/05\/IMG_7551.jpeg","type":"image\/jpeg"}],"author":"Redacci\u00f3n QP","twitter_card":"summary_large_image","twitter_misc":{"Escrito por":"Redacci\u00f3n QP","Tiempo de lectura":"2 minutos"},"schema":{"@context":"https:\/\/schema.org","@graph":[{"@type":"Article","@id":"https:\/\/quehacerpolitico.mx\/?p=100634#article","isPartOf":{"@id":"https:\/\/quehacerpolitico.mx\/?p=100634"},"author":{"name":"Redacci\u00f3n QP","@id":"https:\/\/quehacerpolitico.mx\/#\/schema\/person\/496d8ad2d1d3f8036101dca7ee39e585"},"headline":"Ricardo Anaya llama a defender al INAI con la misma fuerza que al INE","datePublished":"2023-05-08T18:22:38+00:00","dateModified":"2023-05-08T18:22:46+00:00","mainEntityOfPage":{"@id":"https:\/\/quehacerpolitico.mx\/?p=100634"},"wordCount":494,"commentCount":0,"image":{"@id":"https:\/\/quehacerpolitico.mx\/?p=100634#primaryimage"},"thumbnailUrl":"https:\/\/quehacerpolitico.mx\/wp-content\/uploads\/2023\/05\/IMG_7551.jpeg","articleSection":["Noticias"],"inLanguage":"es","potentialAction":[{"@type":"CommentAction","name":"Comment","target":["https:\/\/quehacerpolitico.mx\/?p=100634#respond"]}]},{"@type":"WebPage","@id":"https:\/\/quehacerpolitico.mx\/?p=100634","url":"https:\/\/quehacerpolitico.mx\/?p=100634","name":"Ricardo Anaya llama a defender al INAI con la misma fuerza que al INE -","isPartOf":{"@id":"https:\/\/quehacerpolitico.mx\/#website"},"primaryImageOfPage":{"@id":"https:\/\/quehacerpolitico.mx\/?p=100634#primaryimage"},"image":{"@id":"https:\/\/quehacerpolitico.mx\/?p=100634#primaryimage"},"thumbnailUrl":"https:\/\/quehacerpolitico.mx\/wp-content\/uploads\/2023\/05\/IMG_7551.jpeg","datePublished":"2023-05-08T18:22:38+00:00","dateModified":"2023-05-08T18:22:46+00:00","author":{"@id":"https:\/\/quehacerpolitico.mx\/#\/schema\/person\/496d8ad2d1d3f8036101dca7ee39e585"},"breadcrumb":{"@id":"https:\/\/quehacerpolitico.mx\/?p=100634#breadcrumb"},"inLanguage":"es","potentialAction":[{"@type":"ReadAction","target":["https:\/\/quehacerpolitico.mx\/?p=100634"]}]},{"@type":"ImageObject","inLanguage":"es","@id":"https:\/\/quehacerpolitico.mx\/?p=100634#primaryimage","url":"https:\/\/quehacerpolitico.mx\/wp-content\/uploads\/2023\/05\/IMG_7551.jpeg","contentUrl":"https:\/\/quehacerpolitico.mx\/wp-content\/uploads\/2023\/05\/IMG_7551.jpeg","width":1282,"height":699},{"@type":"BreadcrumbList","@id":"https:\/\/quehacerpolitico.mx\/?p=100634#breadcrumb","itemListElement":[{"@type":"ListItem","position":1,"name":"Inicio","item":"https:\/\/quehacerpolitico.mx\/"},{"@type":"ListItem","position":2,"name":"Ricardo Anaya llama a defender al INAI con la misma fuerza que al INE"}]},{"@type":"WebSite","@id":"https:\/\/quehacerpolitico.mx\/#website","url":"https:\/\/quehacerpolitico.mx\/","name":"","description":"","potentialAction":[{"@type":"SearchAction","target":{"@type":"EntryPoint","urlTemplate":"https:\/\/quehacerpolitico.mx\/?s={search_term_string}"},"query-input":{"@type":"PropertyValueSpecification","valueRequired":true,"valueName":"search_term_string"}}],"inLanguage":"es"},{"@type":"Person","@id":"https:\/\/quehacerpolitico.mx\/#\/schema\/person\/496d8ad2d1d3f8036101dca7ee39e585","name":"Redacci\u00f3n QP","image":{"@type":"ImageObject","inLanguage":"es","@id":"https:\/\/secure.gravatar.com\/avatar\/c7164ed6fdec453195284ad24a5ae5b6e1eed2b848477fa2a4787ba9adf39a41?s=96&d=mm&r=g","url":"https:\/\/secure.gravatar.com\/avatar\/c7164ed6fdec453195284ad24a5ae5b6e1eed2b848477fa2a4787ba9adf39a41?s=96&d=mm&r=g","contentUrl":"https:\/\/secure.gravatar.com\/avatar\/c7164ed6fdec453195284ad24a5ae5b6e1eed2b848477fa2a4787ba9adf39a41?s=96&d=mm&r=g","caption":"Redacci\u00f3n QP"},"url":"https:\/\/quehacerpolitico.mx\/?author=2"}]}},"featured_image_urls":{"full":["https:\/\/quehacerpolitico.mx\/wp-content\/uploads\/2023\/05\/IMG_7551.jpeg",1282,699,false],"thumbnail":["https:\/\/quehacerpolitico.mx\/wp-content\/uploads\/2023\/05\/IMG_7551-150x150.jpeg",150,150,true],"medium":["https:\/\/quehacerpolitico.mx\/wp-content\/uploads\/2023\/05\/IMG_7551-300x164.jpeg",300,164,true],"medium_large":["https:\/\/quehacerpolitico.mx\/wp-content\/uploads\/2023\/05\/IMG_7551-768x419.jpeg",640,349,true],"large":["https:\/\/quehacerpolitico.mx\/wp-content\/uploads\/2023\/05\/IMG_7551-1024x558.jpeg",640,349,true],"1536x1536":["https:\/\/quehacerpolitico.mx\/wp-content\/uploads\/2023\/05\/IMG_7551.jpeg",1282,699,false],"2048x2048":["https:\/\/quehacerpolitico.mx\/wp-content\/uploads\/2023\/05\/IMG_7551.jpeg",1282,699,false],"covernews-featured":["https:\/\/quehacerpolitico.mx\/wp-content\/uploads\/2023\/05\/IMG_7551.jpeg",1024,558,false],"covernews-medium":["https:\/\/quehacerpolitico.mx\/wp-content\/uploads\/2023\/05\/IMG_7551.jpeg",540,294,false]},"author_info":{"display_name":"Redacci\u00f3n QP","author_link":"https:\/\/quehacerpolitico.mx\/?author=2"},"category_info":"<a href=\"https:\/\/quehacerpolitico.mx\/?cat=2\" rel=\"category\">Noticias<\/a>","tag_info":"Noticias","comment_count":"0","_links":{"self":[{"href":"https:\/\/quehacerpolitico.mx\/index.php?rest_route=\/wp\/v2\/posts\/100634","targetHints":{"allow":["GET"]}}],"collection":[{"href":"https:\/\/quehacerpolitico.mx\/index.php?rest_route=\/wp\/v2\/posts"}],"about":[{"href":"https:\/\/quehacerpolitico.mx\/index.php?rest_route=\/wp\/v2\/types\/post"}],"author":[{"embeddable":true,"href":"https:\/\/quehacerpolitico.mx\/index.php?rest_route=\/wp\/v2\/users\/2"}],"replies":[{"embeddable":true,"href":"https:\/\/quehacerpolitico.mx\/index.php?rest_route=%2Fwp%2Fv2%2Fcomments&post=100634"}],"version-history":[{"count":1,"href":"https:\/\/quehacerpolitico.mx\/index.php?rest_route=\/wp\/v2\/posts\/100634\/revisions"}],"predecessor-version":[{"id":100636,"href":"https:\/\/quehacerpolitico.mx\/index.php?rest_route=\/wp\/v2\/posts\/100634\/revisions\/100636"}],"wp:featuredmedia":[{"embeddable":true,"href":"https:\/\/quehacerpolitico.mx\/index.php?rest_route=\/wp\/v2\/media\/100635"}],"wp:attachment":[{"href":"https:\/\/quehacerpolitico.mx\/index.php?rest_route=%2Fwp%2Fv2%2Fmedia&parent=100634"}],"wp:term":[{"taxonomy":"category","embeddable":true,"href":"https:\/\/quehacerpolitico.mx\/index.php?rest_route=%2Fwp%2Fv2%2Fcategories&post=100634"},{"taxonomy":"post_tag","embeddable":true,"href":"https:\/\/quehacerpolitico.mx\/index.php?rest_route=%2Fwp%2Fv2%2Ftags&post=100634"}],"curies":[{"name":"wp","href":"https:\/\/api.w.org\/{rel}","templated":true}]}}