{"id":100605,"date":"2023-05-08T16:31:09","date_gmt":"2023-05-08T16:31:09","guid":{"rendered":"https:\/\/quehacerpolitico.mx\/?p=100605"},"modified":"2023-05-08T16:31:13","modified_gmt":"2023-05-08T16:31:13","slug":"enfoque-litza-deniss-duran-espinosa-los-mexicanos-tienen-mas-bienes-que-deudas-pero-no-les-alcanza-para-ahorrar","status":"publish","type":"post","link":"https:\/\/quehacerpolitico.mx\/?p=100605","title":{"rendered":"Enfoque\/\/\/Litza Deniss Dur\u00e1n Espinosa\/\/\/Los mexicanos tienen m\u00e1s\u00a0bienes\u00a0que\u00a0deudas,\u00a0pero no les alcanza para ahorrar"},"content":{"rendered":"\n<p>Por Litza Deniss Dur\u00e1n Espinosa<\/p>\n\n\n\n<p>Analista<\/p>\n\n\n\n<p><em>En el suelo mexicano, el 99.5% de los hogares del pa\u00eds\u00a0posee\u00a0bienes, pero\u00a0la mayor\u00eda\u00a0(el 56.9%)\u00a0de las familias\u00a0se encuentra endeudada\u00a0y aunque poseen m\u00e1s activos que pasivos, apenas unos pocos pueden ahorrar.<\/em><\/p>\n\n\n\n<figure class=\"wp-block-image size-full\"><img loading=\"lazy\" decoding=\"async\" width=\"852\" height=\"471\" src=\"https:\/\/quehacerpolitico.mx\/wp-content\/uploads\/2023\/05\/image-5.png\" alt=\"\" class=\"wp-image-100606\" srcset=\"https:\/\/quehacerpolitico.mx\/wp-content\/uploads\/2023\/05\/image-5.png 852w, https:\/\/quehacerpolitico.mx\/wp-content\/uploads\/2023\/05\/image-5-300x166.png 300w, https:\/\/quehacerpolitico.mx\/wp-content\/uploads\/2023\/05\/image-5-768x425.png 768w, https:\/\/quehacerpolitico.mx\/wp-content\/uploads\/2023\/05\/image-5-260x144.png 260w, https:\/\/quehacerpolitico.mx\/wp-content\/uploads\/2023\/05\/image-5-50x28.png 50w, https:\/\/quehacerpolitico.mx\/wp-content\/uploads\/2023\/05\/image-5-136x75.png 136w\" sizes=\"auto, (max-width: 852px) 100vw, 852px\" \/><\/figure>\n\n\n\n<p>EL 99,5% DE LOS HOGARES EN M\u00c9XICO POSEE ALG\u00daN TIPO DE BIEN<\/p>\n\n\n\n<figure class=\"wp-block-image size-large\"><img loading=\"lazy\" decoding=\"async\" width=\"1024\" height=\"585\" src=\"https:\/\/quehacerpolitico.mx\/wp-content\/uploads\/2023\/05\/image-8-1024x585.png\" alt=\"\" class=\"wp-image-100609\" srcset=\"https:\/\/quehacerpolitico.mx\/wp-content\/uploads\/2023\/05\/image-8-1024x585.png 1024w, https:\/\/quehacerpolitico.mx\/wp-content\/uploads\/2023\/05\/image-8-300x171.png 300w, https:\/\/quehacerpolitico.mx\/wp-content\/uploads\/2023\/05\/image-8-768x439.png 768w, https:\/\/quehacerpolitico.mx\/wp-content\/uploads\/2023\/05\/image-8-256x146.png 256w, https:\/\/quehacerpolitico.mx\/wp-content\/uploads\/2023\/05\/image-8-50x29.png 50w, https:\/\/quehacerpolitico.mx\/wp-content\/uploads\/2023\/05\/image-8-131x75.png 131w, https:\/\/quehacerpolitico.mx\/wp-content\/uploads\/2023\/05\/image-8.png 1378w\" sizes=\"auto, (max-width: 1024px) 100vw, 1024px\" \/><\/figure>\n\n\n\n<p><a><\/a><strong>Activos Totales Mexicanos<\/strong><\/p>\n\n\n\n<p><a><\/a><strong>De acuerdo a datos brindados por INEGI, 36.5 millones de&nbsp;<\/strong><strong>hogares&nbsp;<\/strong><strong>mexicanos tienen alg\u00fan activo financiero o no financieros o ambos<\/strong><strong>&nbsp;por un valor de $29,4 billones.<\/strong><\/p>\n\n\n\n<p>\u2022&nbsp;La familia tipo mexicana se compone de 4 personas y es la que m\u00e1s activos posee.<\/p>\n\n\n\n<p>\u2022&nbsp;El 70% de las personas propietarias de activos son hombres.<\/p>\n\n\n\n<p>\u2022\u00a0El 80% de quienes tienen alg\u00fan bien tienen m\u00e1s de 35 a\u00f1os.<\/p>\n\n\n\n<figure class=\"wp-block-image size-large\"><img loading=\"lazy\" decoding=\"async\" width=\"1024\" height=\"821\" src=\"https:\/\/quehacerpolitico.mx\/wp-content\/uploads\/2023\/05\/image-6-1024x821.png\" alt=\"\" class=\"wp-image-100607\" srcset=\"https:\/\/quehacerpolitico.mx\/wp-content\/uploads\/2023\/05\/image-6-1024x821.png 1024w, https:\/\/quehacerpolitico.mx\/wp-content\/uploads\/2023\/05\/image-6-300x241.png 300w, https:\/\/quehacerpolitico.mx\/wp-content\/uploads\/2023\/05\/image-6-768x616.png 768w, https:\/\/quehacerpolitico.mx\/wp-content\/uploads\/2023\/05\/image-6-182x146.png 182w, https:\/\/quehacerpolitico.mx\/wp-content\/uploads\/2023\/05\/image-6-50x40.png 50w, https:\/\/quehacerpolitico.mx\/wp-content\/uploads\/2023\/05\/image-6-94x75.png 94w, https:\/\/quehacerpolitico.mx\/wp-content\/uploads\/2023\/05\/image-6.png 1500w\" sizes=\"auto, (max-width: 1024px) 100vw, 1024px\" \/><\/figure>\n\n\n\n<p><a><\/a><strong>Activos No Financieros<\/strong><\/p>\n\n\n\n<p>36 millones de personas en M\u00e9xico poseen alg\u00fan tipo de activo no financiero\u00a0por un valor total de 27,2 billones de pesos, en el que se destaca\u00a0la<strong>\u00a0vivienda<\/strong>\u00a0principal como el activo m\u00e1s valioso.<\/p>\n\n\n\n<figure class=\"wp-block-image size-large\"><img loading=\"lazy\" decoding=\"async\" width=\"1024\" height=\"853\" src=\"https:\/\/quehacerpolitico.mx\/wp-content\/uploads\/2023\/05\/image-10-1024x853.png\" alt=\"\" class=\"wp-image-100611\" srcset=\"https:\/\/quehacerpolitico.mx\/wp-content\/uploads\/2023\/05\/image-10-1024x853.png 1024w, https:\/\/quehacerpolitico.mx\/wp-content\/uploads\/2023\/05\/image-10-300x250.png 300w, https:\/\/quehacerpolitico.mx\/wp-content\/uploads\/2023\/05\/image-10-768x640.png 768w, https:\/\/quehacerpolitico.mx\/wp-content\/uploads\/2023\/05\/image-10-175x146.png 175w, https:\/\/quehacerpolitico.mx\/wp-content\/uploads\/2023\/05\/image-10-50x42.png 50w, https:\/\/quehacerpolitico.mx\/wp-content\/uploads\/2023\/05\/image-10-90x75.png 90w, https:\/\/quehacerpolitico.mx\/wp-content\/uploads\/2023\/05\/image-10.png 1379w\" sizes=\"auto, (max-width: 1024px) 100vw, 1024px\" \/><\/figure>\n\n\n\n<p><strong><em>Distribuci\u00f3n del Valor total de los activos que no son financieros<\/em><\/strong><\/p>\n\n\n\n<p>\u25cf&nbsp;54,4% pertenece&nbsp;a la casa principal<\/p>\n\n\n\n<p>\u25cf&nbsp;20.1% a otras propiedades<\/p>\n\n\n\n<p>\u25cf&nbsp;9.0% a negocios<\/p>\n\n\n\n<p>\u25cf&nbsp;6.8% a veh\u00edculos<\/p>\n\n\n\n<p>\u25cf&nbsp;6.2% a bienes materiales que conforman el hogar<\/p>\n\n\n\n<p>\u25cf\u00a03.5%,\u00a0diferentes tipos de bienes<\/p>\n\n\n\n<figure class=\"wp-block-image size-large\"><img loading=\"lazy\" decoding=\"async\" width=\"1024\" height=\"585\" src=\"https:\/\/quehacerpolitico.mx\/wp-content\/uploads\/2023\/05\/image-9-1024x585.png\" alt=\"\" class=\"wp-image-100610\" srcset=\"https:\/\/quehacerpolitico.mx\/wp-content\/uploads\/2023\/05\/image-9-1024x585.png 1024w, https:\/\/quehacerpolitico.mx\/wp-content\/uploads\/2023\/05\/image-9-300x171.png 300w, https:\/\/quehacerpolitico.mx\/wp-content\/uploads\/2023\/05\/image-9-768x439.png 768w, https:\/\/quehacerpolitico.mx\/wp-content\/uploads\/2023\/05\/image-9-256x146.png 256w, https:\/\/quehacerpolitico.mx\/wp-content\/uploads\/2023\/05\/image-9-50x29.png 50w, https:\/\/quehacerpolitico.mx\/wp-content\/uploads\/2023\/05\/image-9-131x75.png 131w, https:\/\/quehacerpolitico.mx\/wp-content\/uploads\/2023\/05\/image-9.png 1378w\" sizes=\"auto, (max-width: 1024px) 100vw, 1024px\" \/><\/figure>\n\n\n\n<p><strong>La mayor\u00eda de los mexicanos posee vivienda propia\u00a0(64,6%)<\/strong>.\u00a0Por otro lado, de este 98.7% de los hogares que cuenta con activos se pudo detallar que\u00a097,8%\u00a0tienen menaje de casa, el 44.6% tiene alg\u00fan veh\u00edculo, el 22.5% tiene un terreno diferente a donde reside, el 22.3% tiene alg\u00fan otro negocio.<\/p>\n\n\n\n<figure class=\"wp-block-image size-large\"><img loading=\"lazy\" decoding=\"async\" width=\"1024\" height=\"576\" src=\"https:\/\/quehacerpolitico.mx\/wp-content\/uploads\/2023\/05\/image-11-1024x576.png\" alt=\"\" class=\"wp-image-100612\" srcset=\"https:\/\/quehacerpolitico.mx\/wp-content\/uploads\/2023\/05\/image-11-1024x576.png 1024w, https:\/\/quehacerpolitico.mx\/wp-content\/uploads\/2023\/05\/image-11-300x169.png 300w, https:\/\/quehacerpolitico.mx\/wp-content\/uploads\/2023\/05\/image-11-768x432.png 768w, https:\/\/quehacerpolitico.mx\/wp-content\/uploads\/2023\/05\/image-11-260x146.png 260w, https:\/\/quehacerpolitico.mx\/wp-content\/uploads\/2023\/05\/image-11-50x28.png 50w, https:\/\/quehacerpolitico.mx\/wp-content\/uploads\/2023\/05\/image-11-133x75.png 133w, https:\/\/quehacerpolitico.mx\/wp-content\/uploads\/2023\/05\/image-11-1200x675.png 1200w, https:\/\/quehacerpolitico.mx\/wp-content\/uploads\/2023\/05\/image-11.png 1380w\" sizes=\"auto, (max-width: 1024px) 100vw, 1024px\" \/><\/figure>\n\n\n\n<figure class=\"wp-block-image size-large\"><img loading=\"lazy\" decoding=\"async\" width=\"1024\" height=\"913\" src=\"https:\/\/quehacerpolitico.mx\/wp-content\/uploads\/2023\/05\/image-12-1024x913.png\" alt=\"\" class=\"wp-image-100613\" srcset=\"https:\/\/quehacerpolitico.mx\/wp-content\/uploads\/2023\/05\/image-12-1024x913.png 1024w, https:\/\/quehacerpolitico.mx\/wp-content\/uploads\/2023\/05\/image-12-300x268.png 300w, https:\/\/quehacerpolitico.mx\/wp-content\/uploads\/2023\/05\/image-12-768x685.png 768w, https:\/\/quehacerpolitico.mx\/wp-content\/uploads\/2023\/05\/image-12-164x146.png 164w, https:\/\/quehacerpolitico.mx\/wp-content\/uploads\/2023\/05\/image-12-50x45.png 50w, https:\/\/quehacerpolitico.mx\/wp-content\/uploads\/2023\/05\/image-12-84x75.png 84w, https:\/\/quehacerpolitico.mx\/wp-content\/uploads\/2023\/05\/image-12.png 1380w\" sizes=\"auto, (max-width: 1024px) 100vw, 1024px\" \/><\/figure>\n\n\n\n<p><strong>Activos Financieros<\/strong><\/p>\n\n\n\n<p>29,8 millones de mexicanos posee alg\u00fan tipo de activo financiero&nbsp;por un total que asciende a los 2,2 billones de pesos y&nbsp;en el que&nbsp;sobresalepor su&nbsp;valor&nbsp;la cuenta para el retiro.<\/p>\n\n\n\n<p><strong><em>Distribuci\u00f3n del&nbsp;<\/em><\/strong><strong><em>Valor total de los activos financieros<\/em><\/strong><\/p>\n\n\n\n<p>\u25cf&nbsp;78.5%&nbsp;corresponde a&nbsp;la cuenta de ahorro&nbsp;para el retiro<\/p>\n\n\n\n<p>\u25cf&nbsp;6.6%&nbsp;al ahorro informal<\/p>\n\n\n\n<p>\u25cf&nbsp;6.0%,&nbsp;ahorro formal<\/p>\n\n\n\n<p>\u25cf&nbsp;5.8%,&nbsp;dep\u00f3sitos a plazos<\/p>\n\n\n\n<p>\u25cf&nbsp;3.1%,&nbsp;otros tipos de activos financieros&nbsp;(pensi\u00f3n, apoyos del gobierno y seguro de vida)<\/p>\n\n\n\n<p><strong>La mayor\u00eda de los mexicanos destina sus ahorros al retiro (53,9%)\u00a0y a su cuenta de pensi\u00f3n (49,9%).<\/strong><\/p>\n\n\n\n<figure class=\"wp-block-image size-large\"><img loading=\"lazy\" decoding=\"async\" width=\"1024\" height=\"576\" src=\"https:\/\/quehacerpolitico.mx\/wp-content\/uploads\/2023\/05\/image-13-1024x576.png\" alt=\"\" class=\"wp-image-100614\" srcset=\"https:\/\/quehacerpolitico.mx\/wp-content\/uploads\/2023\/05\/image-13-1024x576.png 1024w, https:\/\/quehacerpolitico.mx\/wp-content\/uploads\/2023\/05\/image-13-300x169.png 300w, https:\/\/quehacerpolitico.mx\/wp-content\/uploads\/2023\/05\/image-13-768x432.png 768w, https:\/\/quehacerpolitico.mx\/wp-content\/uploads\/2023\/05\/image-13-260x146.png 260w, https:\/\/quehacerpolitico.mx\/wp-content\/uploads\/2023\/05\/image-13-50x28.png 50w, https:\/\/quehacerpolitico.mx\/wp-content\/uploads\/2023\/05\/image-13-133x75.png 133w, https:\/\/quehacerpolitico.mx\/wp-content\/uploads\/2023\/05\/image-13-1200x675.png 1200w, https:\/\/quehacerpolitico.mx\/wp-content\/uploads\/2023\/05\/image-13.png 1380w\" sizes=\"auto, (max-width: 1024px) 100vw, 1024px\" \/><\/figure>\n\n\n\n<p><a><\/a>M\u00c1S DE LA MITAD DE LOS MEXICANOS EST\u00c1 ENDEUDADA<\/p>\n\n\n\n<p>Hablemos directamente de algo que a todos nos preocupa, algo que luchamos d\u00eda a d\u00eda para poder cumplir o directamente para no recaer en ello, las deudas.<\/p>\n\n\n\n<p><strong>La mayor\u00eda\u00a0de los mexicanos tiene\u00a0deudas,\u00a0pero no se siente endeudado<\/strong><\/p>\n\n\n\n<figure class=\"wp-block-image size-large\"><img loading=\"lazy\" decoding=\"async\" width=\"1024\" height=\"971\" src=\"https:\/\/quehacerpolitico.mx\/wp-content\/uploads\/2023\/05\/image-20-1024x971.png\" alt=\"\" class=\"wp-image-100621\" srcset=\"https:\/\/quehacerpolitico.mx\/wp-content\/uploads\/2023\/05\/image-20-1024x971.png 1024w, https:\/\/quehacerpolitico.mx\/wp-content\/uploads\/2023\/05\/image-20-300x285.png 300w, https:\/\/quehacerpolitico.mx\/wp-content\/uploads\/2023\/05\/image-20-768x728.png 768w, https:\/\/quehacerpolitico.mx\/wp-content\/uploads\/2023\/05\/image-20-154x146.png 154w, https:\/\/quehacerpolitico.mx\/wp-content\/uploads\/2023\/05\/image-20-50x47.png 50w, https:\/\/quehacerpolitico.mx\/wp-content\/uploads\/2023\/05\/image-20-79x75.png 79w, https:\/\/quehacerpolitico.mx\/wp-content\/uploads\/2023\/05\/image-20.png 1162w\" sizes=\"auto, (max-width: 1024px) 100vw, 1024px\" \/><\/figure>\n\n\n\n<figure class=\"wp-block-image size-large\"><img loading=\"lazy\" decoding=\"async\" width=\"1024\" height=\"538\" src=\"https:\/\/quehacerpolitico.mx\/wp-content\/uploads\/2023\/05\/image-16-1024x538.png\" alt=\"\" class=\"wp-image-100617\" srcset=\"https:\/\/quehacerpolitico.mx\/wp-content\/uploads\/2023\/05\/image-16-1024x538.png 1024w, https:\/\/quehacerpolitico.mx\/wp-content\/uploads\/2023\/05\/image-16-300x158.png 300w, https:\/\/quehacerpolitico.mx\/wp-content\/uploads\/2023\/05\/image-16-768x403.png 768w, https:\/\/quehacerpolitico.mx\/wp-content\/uploads\/2023\/05\/image-16-260x137.png 260w, https:\/\/quehacerpolitico.mx\/wp-content\/uploads\/2023\/05\/image-16-50x26.png 50w, https:\/\/quehacerpolitico.mx\/wp-content\/uploads\/2023\/05\/image-16-143x75.png 143w, https:\/\/quehacerpolitico.mx\/wp-content\/uploads\/2023\/05\/image-16.png 1537w\" sizes=\"auto, (max-width: 1024px) 100vw, 1024px\" \/><\/figure>\n\n\n\n<p><strong>El 57% de los hogares en el pa\u00eds de M\u00e9xico, casi 21 millones, afirm\u00f3 tener alg\u00fan tipo de deuda\u00a0valuadas en $1,6 billones;<\/strong>\u00a04.2 millones\u00a0posee\u00a0deudas hipotecarias y\u00a019.7 millones de hogares tiene deudas con\u00a0tarjetas de\u00a0cr\u00e9ditos,\u00a0de n\u00f3mina o personales, pr\u00e9stamos, etc.<\/p>\n\n\n\n<p><strong>No\u00a0obstante\u00a0la mayor\u00eda de las deudas de los mexicanos son no hipotecarias<\/strong>\u00a0(el 95% de los hogares con alg\u00fan tipo de deuda\u00a0adeudan\u00a0por razones distintas a la adquisici\u00f3n de alg\u00fan inmueble),\u00a0<strong>el valor de las deudas relacionadas con la compra de vivienda es mayor a las que no.<\/strong><\/p>\n\n\n\n<figure class=\"wp-block-image size-large\"><img loading=\"lazy\" decoding=\"async\" width=\"974\" height=\"1024\" src=\"https:\/\/quehacerpolitico.mx\/wp-content\/uploads\/2023\/05\/image-19-974x1024.png\" alt=\"\" class=\"wp-image-100620\" srcset=\"https:\/\/quehacerpolitico.mx\/wp-content\/uploads\/2023\/05\/image-19-974x1024.png 974w, https:\/\/quehacerpolitico.mx\/wp-content\/uploads\/2023\/05\/image-19-285x300.png 285w, https:\/\/quehacerpolitico.mx\/wp-content\/uploads\/2023\/05\/image-19-768x807.png 768w, https:\/\/quehacerpolitico.mx\/wp-content\/uploads\/2023\/05\/image-19-139x146.png 139w, https:\/\/quehacerpolitico.mx\/wp-content\/uploads\/2023\/05\/image-19-48x50.png 48w, https:\/\/quehacerpolitico.mx\/wp-content\/uploads\/2023\/05\/image-19-71x75.png 71w, https:\/\/quehacerpolitico.mx\/wp-content\/uploads\/2023\/05\/image-19.png 1236w\" sizes=\"auto, (max-width: 974px) 100vw, 974px\" \/><\/figure>\n\n\n\n<p><strong><em>Distribuci\u00f3n del&nbsp;<\/em><\/strong><strong><em>Valor total de&nbsp;<\/em><\/strong><strong><em>las deudas de los mexicanos<\/em><\/strong><\/p>\n\n\n\n<p>\u25cf&nbsp;55.4% corresponde a&nbsp;deudas hipotecarias<\/p>\n\n\n\n<p>\u25cf&nbsp;15,4% a&nbsp;pr\u00e9stamos informales<\/p>\n\n\n\n<p>\u25cf&nbsp;11.5% a&nbsp;tarjetas de cr\u00e9dito<\/p>\n\n\n\n<p>\u25cf&nbsp;9.3% deudas por&nbsp;automotor<\/p>\n\n\n\n<p>\u25cf\u00a08.4%\u00a0cr\u00e9ditos personales o\u00a0de n\u00f3mina<\/p>\n\n\n\n<p><strong><em>S\u00f3lo 8 de cada 100 mexicanos siente que est\u00e1 muy endeudado<\/em><\/strong><\/p>\n\n\n\n<figure class=\"wp-block-image size-large\"><img loading=\"lazy\" decoding=\"async\" width=\"1024\" height=\"497\" src=\"https:\/\/quehacerpolitico.mx\/wp-content\/uploads\/2023\/05\/image-18-1024x497.png\" alt=\"\" class=\"wp-image-100619\" srcset=\"https:\/\/quehacerpolitico.mx\/wp-content\/uploads\/2023\/05\/image-18-1024x497.png 1024w, https:\/\/quehacerpolitico.mx\/wp-content\/uploads\/2023\/05\/image-18-300x146.png 300w, https:\/\/quehacerpolitico.mx\/wp-content\/uploads\/2023\/05\/image-18-768x373.png 768w, https:\/\/quehacerpolitico.mx\/wp-content\/uploads\/2023\/05\/image-18-260x126.png 260w, https:\/\/quehacerpolitico.mx\/wp-content\/uploads\/2023\/05\/image-18-50x24.png 50w, https:\/\/quehacerpolitico.mx\/wp-content\/uploads\/2023\/05\/image-18-150x73.png 150w, https:\/\/quehacerpolitico.mx\/wp-content\/uploads\/2023\/05\/image-18.png 1380w\" sizes=\"auto, (max-width: 1024px) 100vw, 1024px\" \/><\/figure>\n\n\n\n<p>Con respecto a la mirada que tienen&nbsp;<strong>sobre el nivel de endeudamiento<\/strong>, a pesar de que la mayor\u00eda tiene deudas, un 59,9% percibe no tenerlas, el restante que se siente apretado por sus pasivos:<\/p>\n\n\n\n<p>\u2022&nbsp;un 18,5% considera tener un nivel moderado de deuda,&nbsp;<\/p>\n\n\n\n<p>\u2022&nbsp;un 13% un nivel bajo,&nbsp;<\/p>\n\n\n\n<p>\u2022&nbsp;un 5,8% un nivel alto y&nbsp;<\/p>\n\n\n\n<p>\u2022&nbsp;un 2,7% un nivel excesivo.&nbsp;<\/p>\n\n\n\n<p>Aunque&nbsp;<strong>s\u00f3lo un 8,5%<\/strong><strong>&nbsp;de los mexicanos&nbsp;<\/strong><strong>siente<\/strong><strong>&nbsp;<\/strong><strong>tener un nivel alto o excesivo de endeudamiento<\/strong>, el 66,5% de la poblaci\u00f3n&nbsp;dice&nbsp;que&nbsp;<strong>solo les alcanza para lo necesario<\/strong>, un 12,8% que le queda algo de dinero para ahorrar&nbsp;y a&nbsp;un 20,7%&nbsp;directamente&nbsp;no&nbsp;le&nbsp;alcanza&nbsp;ni&nbsp;para lo b\u00e1sico.<\/p>\n\n\n\n<p><a><\/a>\u00bfA CU\u00c1NTO ASCIENDE LA RIQUEZA NETA DE LOS MEXICANOS?<\/p>\n\n\n\n<p>Teniendo en cuenta de que poseen bienes por un valor de 29,4 billones y deudas de 1,6 billones;\u00a0<strong>el balance es positivo\u00a0e indica un patrimonio\u00a0de 27,8 billones,\u00a0<\/strong>lo que equivale a 1,5 veces el PBI anual nacional.\u00a0<strong>Lo preocupante es que a\u00a0pesar de\u00a0que,\u00a0en el\u00a0pa\u00eds,los hogares tienen m\u00e1s activos que deudas, solo\u00a0a 13\u00a0de\u00a0cada 100 mexicanos les alcanza para ahorrar.<\/strong><\/p>\n\n\n\n<figure class=\"wp-block-image size-large\"><img loading=\"lazy\" decoding=\"async\" width=\"1024\" height=\"576\" src=\"https:\/\/quehacerpolitico.mx\/wp-content\/uploads\/2023\/05\/image-17-1024x576.png\" alt=\"\" class=\"wp-image-100618\" srcset=\"https:\/\/quehacerpolitico.mx\/wp-content\/uploads\/2023\/05\/image-17-1024x576.png 1024w, https:\/\/quehacerpolitico.mx\/wp-content\/uploads\/2023\/05\/image-17-300x169.png 300w, https:\/\/quehacerpolitico.mx\/wp-content\/uploads\/2023\/05\/image-17-768x432.png 768w, https:\/\/quehacerpolitico.mx\/wp-content\/uploads\/2023\/05\/image-17-1536x864.png 1536w, https:\/\/quehacerpolitico.mx\/wp-content\/uploads\/2023\/05\/image-17-260x146.png 260w, https:\/\/quehacerpolitico.mx\/wp-content\/uploads\/2023\/05\/image-17-50x28.png 50w, https:\/\/quehacerpolitico.mx\/wp-content\/uploads\/2023\/05\/image-17-133x75.png 133w, https:\/\/quehacerpolitico.mx\/wp-content\/uploads\/2023\/05\/image-17-1200x675.png 1200w, https:\/\/quehacerpolitico.mx\/wp-content\/uploads\/2023\/05\/image-17.png 1920w\" sizes=\"auto, (max-width: 1024px) 100vw, 1024px\" \/><\/figure>\n\n\n\n<p>Fuentes:<\/p>\n\n\n\n<p><a href=\"https:\/\/www.inegi.org.mx\/\">INEGI<\/a><a href=\"https:\/\/www.inegi.org.mx\/\"><\/a><\/p>\n\n\n\n<p><a href=\"https:\/\/www.banxico.org.mx\/\">Banco de M\u00e9xico<\/a><\/p>\n\n\n\n<p><a href=\"https:\/\/www.mejortrato.com.mx\/prestamos\/creditos-personales\/comparar\">Pr\u00e9stamos Personales<\/a><\/p>\n\n\n\n<p><a href=\"https:\/\/www.inegi.org.mx\/contenidos\/programas\/enfih\/2019\/doc\/enfih_2019_presentacion_resultados.pdf\">ENFIH 2019<\/a><\/p>\n\n\n\n<p><a href=\"https:\/\/www.gob.mx\/cnbv\/es\/\">Comisi\u00f3n Nacional Bancaria y de Valores (CNBV)<\/a><\/p>\n\n\n\n<p>Con Informaci\u00f3n de Melisa Murialdo<\/p>\n","protected":false},"excerpt":{"rendered":"<p>Por Litza Deniss Dur\u00e1n Espinosa Analista En el suelo mexicano, el 99.5% de los hogares&#8230;<\/p>\n","protected":false},"author":2,"featured_media":100622,"comment_status":"open","ping_status":"open","sticky":false,"template":"","format":"standard","meta":{"_monsterinsights_skip_tracking":false,"_monsterinsights_sitenote_active":false,"_monsterinsights_sitenote_note":"","_monsterinsights_sitenote_category":0,"footnotes":""},"categories":[56],"tags":[],"class_list":["post-100605","post","type-post","status-publish","format-standard","has-post-thumbnail","hentry","category-economia"],"yoast_head":"<!-- This site is optimized with the Yoast SEO plugin v27.3 - https:\/\/yoast.com\/product\/yoast-seo-wordpress\/ -->\n<title>Enfoque\/\/\/Litza Deniss Dur\u00e1n Espinosa\/\/\/Los mexicanos tienen m\u00e1s\u00a0bienes\u00a0que\u00a0deudas,\u00a0pero no les alcanza para ahorrar -<\/title>\n<meta name=\"robots\" content=\"index, follow, max-snippet:-1, max-image-preview:large, max-video-preview:-1\" \/>\n<link rel=\"canonical\" href=\"https:\/\/quehacerpolitico.mx\/?p=100605\" \/>\n<meta property=\"og:locale\" content=\"es_MX\" \/>\n<meta property=\"og:type\" content=\"article\" \/>\n<meta property=\"og:title\" content=\"Enfoque\/\/\/Litza Deniss Dur\u00e1n Espinosa\/\/\/Los mexicanos tienen m\u00e1s\u00a0bienes\u00a0que\u00a0deudas,\u00a0pero no les alcanza para ahorrar -\" \/>\n<meta property=\"og:description\" content=\"Por Litza Deniss Dur\u00e1n Espinosa Analista En el suelo mexicano, el 99.5% de los hogares...\" \/>\n<meta property=\"og:url\" content=\"https:\/\/quehacerpolitico.mx\/?p=100605\" \/>\n<meta property=\"article:published_time\" content=\"2023-05-08T16:31:09+00:00\" \/>\n<meta property=\"article:modified_time\" content=\"2023-05-08T16:31:13+00:00\" \/>\n<meta property=\"og:image\" content=\"https:\/\/quehacerpolitico.mx\/wp-content\/uploads\/2023\/05\/ffb861ea-47ab-405c-af3e-9b89cc09d96e-3.jpeg\" \/>\n\t<meta property=\"og:image:width\" content=\"963\" \/>\n\t<meta property=\"og:image:height\" content=\"493\" \/>\n\t<meta property=\"og:image:type\" content=\"image\/jpeg\" \/>\n<meta name=\"author\" content=\"Redacci\u00f3n QP\" \/>\n<meta name=\"twitter:card\" content=\"summary_large_image\" \/>\n<meta name=\"twitter:label1\" content=\"Escrito por\" \/>\n\t<meta name=\"twitter:data1\" content=\"Redacci\u00f3n QP\" \/>\n\t<meta name=\"twitter:label2\" content=\"Tiempo de lectura\" \/>\n\t<meta name=\"twitter:data2\" content=\"4 minutos\" \/>\n<script type=\"application\/ld+json\" class=\"yoast-schema-graph\">{\"@context\":\"https:\\\/\\\/schema.org\",\"@graph\":[{\"@type\":\"Article\",\"@id\":\"https:\\\/\\\/quehacerpolitico.mx\\\/?p=100605#article\",\"isPartOf\":{\"@id\":\"https:\\\/\\\/quehacerpolitico.mx\\\/?p=100605\"},\"author\":{\"name\":\"Redacci\u00f3n QP\",\"@id\":\"https:\\\/\\\/quehacerpolitico.mx\\\/#\\\/schema\\\/person\\\/496d8ad2d1d3f8036101dca7ee39e585\"},\"headline\":\"Enfoque\\\/\\\/\\\/Litza Deniss Dur\u00e1n Espinosa\\\/\\\/\\\/Los mexicanos tienen m\u00e1s\u00a0bienes\u00a0que\u00a0deudas,\u00a0pero no les alcanza para ahorrar\",\"datePublished\":\"2023-05-08T16:31:09+00:00\",\"dateModified\":\"2023-05-08T16:31:13+00:00\",\"mainEntityOfPage\":{\"@id\":\"https:\\\/\\\/quehacerpolitico.mx\\\/?p=100605\"},\"wordCount\":823,\"commentCount\":0,\"image\":{\"@id\":\"https:\\\/\\\/quehacerpolitico.mx\\\/?p=100605#primaryimage\"},\"thumbnailUrl\":\"https:\\\/\\\/quehacerpolitico.mx\\\/wp-content\\\/uploads\\\/2023\\\/05\\\/ffb861ea-47ab-405c-af3e-9b89cc09d96e-3.jpeg\",\"articleSection\":[\"Econom\u00eda\"],\"inLanguage\":\"es\",\"potentialAction\":[{\"@type\":\"CommentAction\",\"name\":\"Comment\",\"target\":[\"https:\\\/\\\/quehacerpolitico.mx\\\/?p=100605#respond\"]}]},{\"@type\":\"WebPage\",\"@id\":\"https:\\\/\\\/quehacerpolitico.mx\\\/?p=100605\",\"url\":\"https:\\\/\\\/quehacerpolitico.mx\\\/?p=100605\",\"name\":\"Enfoque\\\/\\\/\\\/Litza Deniss Dur\u00e1n Espinosa\\\/\\\/\\\/Los mexicanos tienen m\u00e1s\u00a0bienes\u00a0que\u00a0deudas,\u00a0pero no les alcanza para ahorrar -\",\"isPartOf\":{\"@id\":\"https:\\\/\\\/quehacerpolitico.mx\\\/#website\"},\"primaryImageOfPage\":{\"@id\":\"https:\\\/\\\/quehacerpolitico.mx\\\/?p=100605#primaryimage\"},\"image\":{\"@id\":\"https:\\\/\\\/quehacerpolitico.mx\\\/?p=100605#primaryimage\"},\"thumbnailUrl\":\"https:\\\/\\\/quehacerpolitico.mx\\\/wp-content\\\/uploads\\\/2023\\\/05\\\/ffb861ea-47ab-405c-af3e-9b89cc09d96e-3.jpeg\",\"datePublished\":\"2023-05-08T16:31:09+00:00\",\"dateModified\":\"2023-05-08T16:31:13+00:00\",\"author\":{\"@id\":\"https:\\\/\\\/quehacerpolitico.mx\\\/#\\\/schema\\\/person\\\/496d8ad2d1d3f8036101dca7ee39e585\"},\"breadcrumb\":{\"@id\":\"https:\\\/\\\/quehacerpolitico.mx\\\/?p=100605#breadcrumb\"},\"inLanguage\":\"es\",\"potentialAction\":[{\"@type\":\"ReadAction\",\"target\":[\"https:\\\/\\\/quehacerpolitico.mx\\\/?p=100605\"]}]},{\"@type\":\"ImageObject\",\"inLanguage\":\"es\",\"@id\":\"https:\\\/\\\/quehacerpolitico.mx\\\/?p=100605#primaryimage\",\"url\":\"https:\\\/\\\/quehacerpolitico.mx\\\/wp-content\\\/uploads\\\/2023\\\/05\\\/ffb861ea-47ab-405c-af3e-9b89cc09d96e-3.jpeg\",\"contentUrl\":\"https:\\\/\\\/quehacerpolitico.mx\\\/wp-content\\\/uploads\\\/2023\\\/05\\\/ffb861ea-47ab-405c-af3e-9b89cc09d96e-3.jpeg\",\"width\":963,\"height\":493},{\"@type\":\"BreadcrumbList\",\"@id\":\"https:\\\/\\\/quehacerpolitico.mx\\\/?p=100605#breadcrumb\",\"itemListElement\":[{\"@type\":\"ListItem\",\"position\":1,\"name\":\"Inicio\",\"item\":\"https:\\\/\\\/quehacerpolitico.mx\\\/\"},{\"@type\":\"ListItem\",\"position\":2,\"name\":\"Enfoque\\\/\\\/\\\/Litza Deniss Dur\u00e1n Espinosa\\\/\\\/\\\/Los mexicanos tienen m\u00e1s\u00a0bienes\u00a0que\u00a0deudas,\u00a0pero no les alcanza para ahorrar\"}]},{\"@type\":\"WebSite\",\"@id\":\"https:\\\/\\\/quehacerpolitico.mx\\\/#website\",\"url\":\"https:\\\/\\\/quehacerpolitico.mx\\\/\",\"name\":\"\",\"description\":\"\",\"potentialAction\":[{\"@type\":\"SearchAction\",\"target\":{\"@type\":\"EntryPoint\",\"urlTemplate\":\"https:\\\/\\\/quehacerpolitico.mx\\\/?s={search_term_string}\"},\"query-input\":{\"@type\":\"PropertyValueSpecification\",\"valueRequired\":true,\"valueName\":\"search_term_string\"}}],\"inLanguage\":\"es\"},{\"@type\":\"Person\",\"@id\":\"https:\\\/\\\/quehacerpolitico.mx\\\/#\\\/schema\\\/person\\\/496d8ad2d1d3f8036101dca7ee39e585\",\"name\":\"Redacci\u00f3n QP\",\"image\":{\"@type\":\"ImageObject\",\"inLanguage\":\"es\",\"@id\":\"https:\\\/\\\/secure.gravatar.com\\\/avatar\\\/c7164ed6fdec453195284ad24a5ae5b6e1eed2b848477fa2a4787ba9adf39a41?s=96&d=mm&r=g\",\"url\":\"https:\\\/\\\/secure.gravatar.com\\\/avatar\\\/c7164ed6fdec453195284ad24a5ae5b6e1eed2b848477fa2a4787ba9adf39a41?s=96&d=mm&r=g\",\"contentUrl\":\"https:\\\/\\\/secure.gravatar.com\\\/avatar\\\/c7164ed6fdec453195284ad24a5ae5b6e1eed2b848477fa2a4787ba9adf39a41?s=96&d=mm&r=g\",\"caption\":\"Redacci\u00f3n QP\"},\"url\":\"https:\\\/\\\/quehacerpolitico.mx\\\/?author=2\"}]}<\/script>\n<!-- \/ Yoast SEO plugin. -->","yoast_head_json":{"title":"Enfoque\/\/\/Litza Deniss Dur\u00e1n Espinosa\/\/\/Los mexicanos tienen m\u00e1s\u00a0bienes\u00a0que\u00a0deudas,\u00a0pero no les alcanza para ahorrar -","robots":{"index":"index","follow":"follow","max-snippet":"max-snippet:-1","max-image-preview":"max-image-preview:large","max-video-preview":"max-video-preview:-1"},"canonical":"https:\/\/quehacerpolitico.mx\/?p=100605","og_locale":"es_MX","og_type":"article","og_title":"Enfoque\/\/\/Litza Deniss Dur\u00e1n Espinosa\/\/\/Los mexicanos tienen m\u00e1s\u00a0bienes\u00a0que\u00a0deudas,\u00a0pero no les alcanza para ahorrar -","og_description":"Por Litza Deniss Dur\u00e1n Espinosa Analista En el suelo mexicano, el 99.5% de los hogares...","og_url":"https:\/\/quehacerpolitico.mx\/?p=100605","article_published_time":"2023-05-08T16:31:09+00:00","article_modified_time":"2023-05-08T16:31:13+00:00","og_image":[{"width":963,"height":493,"url":"https:\/\/quehacerpolitico.mx\/wp-content\/uploads\/2023\/05\/ffb861ea-47ab-405c-af3e-9b89cc09d96e-3.jpeg","type":"image\/jpeg"}],"author":"Redacci\u00f3n QP","twitter_card":"summary_large_image","twitter_misc":{"Escrito por":"Redacci\u00f3n QP","Tiempo de lectura":"4 minutos"},"schema":{"@context":"https:\/\/schema.org","@graph":[{"@type":"Article","@id":"https:\/\/quehacerpolitico.mx\/?p=100605#article","isPartOf":{"@id":"https:\/\/quehacerpolitico.mx\/?p=100605"},"author":{"name":"Redacci\u00f3n QP","@id":"https:\/\/quehacerpolitico.mx\/#\/schema\/person\/496d8ad2d1d3f8036101dca7ee39e585"},"headline":"Enfoque\/\/\/Litza Deniss Dur\u00e1n Espinosa\/\/\/Los mexicanos tienen m\u00e1s\u00a0bienes\u00a0que\u00a0deudas,\u00a0pero no les alcanza para ahorrar","datePublished":"2023-05-08T16:31:09+00:00","dateModified":"2023-05-08T16:31:13+00:00","mainEntityOfPage":{"@id":"https:\/\/quehacerpolitico.mx\/?p=100605"},"wordCount":823,"commentCount":0,"image":{"@id":"https:\/\/quehacerpolitico.mx\/?p=100605#primaryimage"},"thumbnailUrl":"https:\/\/quehacerpolitico.mx\/wp-content\/uploads\/2023\/05\/ffb861ea-47ab-405c-af3e-9b89cc09d96e-3.jpeg","articleSection":["Econom\u00eda"],"inLanguage":"es","potentialAction":[{"@type":"CommentAction","name":"Comment","target":["https:\/\/quehacerpolitico.mx\/?p=100605#respond"]}]},{"@type":"WebPage","@id":"https:\/\/quehacerpolitico.mx\/?p=100605","url":"https:\/\/quehacerpolitico.mx\/?p=100605","name":"Enfoque\/\/\/Litza Deniss Dur\u00e1n Espinosa\/\/\/Los mexicanos tienen m\u00e1s\u00a0bienes\u00a0que\u00a0deudas,\u00a0pero no les alcanza para ahorrar -","isPartOf":{"@id":"https:\/\/quehacerpolitico.mx\/#website"},"primaryImageOfPage":{"@id":"https:\/\/quehacerpolitico.mx\/?p=100605#primaryimage"},"image":{"@id":"https:\/\/quehacerpolitico.mx\/?p=100605#primaryimage"},"thumbnailUrl":"https:\/\/quehacerpolitico.mx\/wp-content\/uploads\/2023\/05\/ffb861ea-47ab-405c-af3e-9b89cc09d96e-3.jpeg","datePublished":"2023-05-08T16:31:09+00:00","dateModified":"2023-05-08T16:31:13+00:00","author":{"@id":"https:\/\/quehacerpolitico.mx\/#\/schema\/person\/496d8ad2d1d3f8036101dca7ee39e585"},"breadcrumb":{"@id":"https:\/\/quehacerpolitico.mx\/?p=100605#breadcrumb"},"inLanguage":"es","potentialAction":[{"@type":"ReadAction","target":["https:\/\/quehacerpolitico.mx\/?p=100605"]}]},{"@type":"ImageObject","inLanguage":"es","@id":"https:\/\/quehacerpolitico.mx\/?p=100605#primaryimage","url":"https:\/\/quehacerpolitico.mx\/wp-content\/uploads\/2023\/05\/ffb861ea-47ab-405c-af3e-9b89cc09d96e-3.jpeg","contentUrl":"https:\/\/quehacerpolitico.mx\/wp-content\/uploads\/2023\/05\/ffb861ea-47ab-405c-af3e-9b89cc09d96e-3.jpeg","width":963,"height":493},{"@type":"BreadcrumbList","@id":"https:\/\/quehacerpolitico.mx\/?p=100605#breadcrumb","itemListElement":[{"@type":"ListItem","position":1,"name":"Inicio","item":"https:\/\/quehacerpolitico.mx\/"},{"@type":"ListItem","position":2,"name":"Enfoque\/\/\/Litza Deniss Dur\u00e1n Espinosa\/\/\/Los mexicanos tienen m\u00e1s\u00a0bienes\u00a0que\u00a0deudas,\u00a0pero no les alcanza para ahorrar"}]},{"@type":"WebSite","@id":"https:\/\/quehacerpolitico.mx\/#website","url":"https:\/\/quehacerpolitico.mx\/","name":"","description":"","potentialAction":[{"@type":"SearchAction","target":{"@type":"EntryPoint","urlTemplate":"https:\/\/quehacerpolitico.mx\/?s={search_term_string}"},"query-input":{"@type":"PropertyValueSpecification","valueRequired":true,"valueName":"search_term_string"}}],"inLanguage":"es"},{"@type":"Person","@id":"https:\/\/quehacerpolitico.mx\/#\/schema\/person\/496d8ad2d1d3f8036101dca7ee39e585","name":"Redacci\u00f3n QP","image":{"@type":"ImageObject","inLanguage":"es","@id":"https:\/\/secure.gravatar.com\/avatar\/c7164ed6fdec453195284ad24a5ae5b6e1eed2b848477fa2a4787ba9adf39a41?s=96&d=mm&r=g","url":"https:\/\/secure.gravatar.com\/avatar\/c7164ed6fdec453195284ad24a5ae5b6e1eed2b848477fa2a4787ba9adf39a41?s=96&d=mm&r=g","contentUrl":"https:\/\/secure.gravatar.com\/avatar\/c7164ed6fdec453195284ad24a5ae5b6e1eed2b848477fa2a4787ba9adf39a41?s=96&d=mm&r=g","caption":"Redacci\u00f3n QP"},"url":"https:\/\/quehacerpolitico.mx\/?author=2"}]}},"featured_image_urls":{"full":["https:\/\/quehacerpolitico.mx\/wp-content\/uploads\/2023\/05\/ffb861ea-47ab-405c-af3e-9b89cc09d96e-3.jpeg",963,493,false],"thumbnail":["https:\/\/quehacerpolitico.mx\/wp-content\/uploads\/2023\/05\/ffb861ea-47ab-405c-af3e-9b89cc09d96e-3-150x150.jpeg",150,150,true],"medium":["https:\/\/quehacerpolitico.mx\/wp-content\/uploads\/2023\/05\/ffb861ea-47ab-405c-af3e-9b89cc09d96e-3-300x154.jpeg",300,154,true],"medium_large":["https:\/\/quehacerpolitico.mx\/wp-content\/uploads\/2023\/05\/ffb861ea-47ab-405c-af3e-9b89cc09d96e-3-768x393.jpeg",640,328,true],"large":["https:\/\/quehacerpolitico.mx\/wp-content\/uploads\/2023\/05\/ffb861ea-47ab-405c-af3e-9b89cc09d96e-3.jpeg",640,328,false],"1536x1536":["https:\/\/quehacerpolitico.mx\/wp-content\/uploads\/2023\/05\/ffb861ea-47ab-405c-af3e-9b89cc09d96e-3.jpeg",963,493,false],"2048x2048":["https:\/\/quehacerpolitico.mx\/wp-content\/uploads\/2023\/05\/ffb861ea-47ab-405c-af3e-9b89cc09d96e-3.jpeg",963,493,false],"covernews-featured":["https:\/\/quehacerpolitico.mx\/wp-content\/uploads\/2023\/05\/ffb861ea-47ab-405c-af3e-9b89cc09d96e-3.jpeg",963,493,false],"covernews-medium":["https:\/\/quehacerpolitico.mx\/wp-content\/uploads\/2023\/05\/ffb861ea-47ab-405c-af3e-9b89cc09d96e-3.jpeg",540,276,false]},"author_info":{"display_name":"Redacci\u00f3n QP","author_link":"https:\/\/quehacerpolitico.mx\/?author=2"},"category_info":"<a href=\"https:\/\/quehacerpolitico.mx\/?cat=56\" rel=\"category\">Econom\u00eda<\/a>","tag_info":"Econom\u00eda","comment_count":"0","_links":{"self":[{"href":"https:\/\/quehacerpolitico.mx\/index.php?rest_route=\/wp\/v2\/posts\/100605","targetHints":{"allow":["GET"]}}],"collection":[{"href":"https:\/\/quehacerpolitico.mx\/index.php?rest_route=\/wp\/v2\/posts"}],"about":[{"href":"https:\/\/quehacerpolitico.mx\/index.php?rest_route=\/wp\/v2\/types\/post"}],"author":[{"embeddable":true,"href":"https:\/\/quehacerpolitico.mx\/index.php?rest_route=\/wp\/v2\/users\/2"}],"replies":[{"embeddable":true,"href":"https:\/\/quehacerpolitico.mx\/index.php?rest_route=%2Fwp%2Fv2%2Fcomments&post=100605"}],"version-history":[{"count":1,"href":"https:\/\/quehacerpolitico.mx\/index.php?rest_route=\/wp\/v2\/posts\/100605\/revisions"}],"predecessor-version":[{"id":100623,"href":"https:\/\/quehacerpolitico.mx\/index.php?rest_route=\/wp\/v2\/posts\/100605\/revisions\/100623"}],"wp:featuredmedia":[{"embeddable":true,"href":"https:\/\/quehacerpolitico.mx\/index.php?rest_route=\/wp\/v2\/media\/100622"}],"wp:attachment":[{"href":"https:\/\/quehacerpolitico.mx\/index.php?rest_route=%2Fwp%2Fv2%2Fmedia&parent=100605"}],"wp:term":[{"taxonomy":"category","embeddable":true,"href":"https:\/\/quehacerpolitico.mx\/index.php?rest_route=%2Fwp%2Fv2%2Fcategories&post=100605"},{"taxonomy":"post_tag","embeddable":true,"href":"https:\/\/quehacerpolitico.mx\/index.php?rest_route=%2Fwp%2Fv2%2Ftags&post=100605"}],"curies":[{"name":"wp","href":"https:\/\/api.w.org\/{rel}","templated":true}]}}