{"id":100589,"date":"2023-05-05T19:35:13","date_gmt":"2023-05-05T19:35:13","guid":{"rendered":"https:\/\/quehacerpolitico.mx\/?p=100589"},"modified":"2023-05-05T19:35:16","modified_gmt":"2023-05-05T19:35:16","slug":"la-dea-incluye-a-otro-chapito-alan-nunez-entre-los-criminales-mas-buscados","status":"publish","type":"post","link":"https:\/\/quehacerpolitico.mx\/?p=100589","title":{"rendered":"La DEA incluye a otro &#8220;Chapito&#8221;, Alan N\u00fa\u00f1ez, entre los criminales m\u00e1s buscados"},"content":{"rendered":"\n<p>Por Redacci\u00f3n QP<\/p>\n\n\n\n<p>El n\u00famero de narcotraficantes mexicanos incluidos en la lista de los 10 criminales m\u00e1s buscados por la\u00a0DEA, aument\u00f3 a ocho con la inclusi\u00f3n del operador de Los Chapitos<\/p>\n\n\n\n<p><strong>El n\u00famero de narcotraficantes mexicanos incluidos en la lista de los 10 criminales<\/strong>\u00a0m\u00e1s buscados por la Administraci\u00f3n para el Control de Drogas (DEA, por sus siglas en ingl\u00e9s),\u00a0<strong>aument\u00f3 a ocho con la inclusi\u00f3n del operador de Los Chapitos<\/strong>, Alan Gabriel N\u00fa\u00f1ez Herrera.<\/p>\n\n\n\n<figure class=\"wp-block-image size-full\"><img loading=\"lazy\" decoding=\"async\" width=\"690\" height=\"444\" src=\"https:\/\/quehacerpolitico.mx\/wp-content\/uploads\/2023\/05\/image-24.jpeg\" alt=\"\" class=\"wp-image-100591\" srcset=\"https:\/\/quehacerpolitico.mx\/wp-content\/uploads\/2023\/05\/image-24.jpeg 690w, https:\/\/quehacerpolitico.mx\/wp-content\/uploads\/2023\/05\/image-24-300x193.jpeg 300w, https:\/\/quehacerpolitico.mx\/wp-content\/uploads\/2023\/05\/image-24-227x146.jpeg 227w, https:\/\/quehacerpolitico.mx\/wp-content\/uploads\/2023\/05\/image-24-50x32.jpeg 50w, https:\/\/quehacerpolitico.mx\/wp-content\/uploads\/2023\/05\/image-24-117x75.jpeg 117w\" sizes=\"auto, (max-width: 690px) 100vw, 690px\" \/><\/figure>\n\n\n\n<p><strong>N\u00fa\u00f1ez Herrera<\/strong>\u00a0es considerado por la DEA como un importante\u00a0<strong>traficante mexicano de fentanilo que trabaja para Iv\u00e1n Archivaldo y Jes\u00fas Alfredo Guzm\u00e1n Salazar<\/strong>, los hijos de Joaqu\u00edn\u00a0<strong>&#8220;El Chapo&#8221;\u00a0<\/strong>Guzm\u00e1n, que lideran la facci\u00f3n de Los Chapitos del C\u00e1rtel de Sinaloa.<\/p>\n\n\n\n<figure class=\"wp-block-image size-full\"><img loading=\"lazy\" decoding=\"async\" width=\"487\" height=\"630\" src=\"https:\/\/quehacerpolitico.mx\/wp-content\/uploads\/2023\/05\/image-23.jpeg\" alt=\"\" class=\"wp-image-100590\" srcset=\"https:\/\/quehacerpolitico.mx\/wp-content\/uploads\/2023\/05\/image-23.jpeg 487w, https:\/\/quehacerpolitico.mx\/wp-content\/uploads\/2023\/05\/image-23-232x300.jpeg 232w, https:\/\/quehacerpolitico.mx\/wp-content\/uploads\/2023\/05\/image-23-113x146.jpeg 113w, https:\/\/quehacerpolitico.mx\/wp-content\/uploads\/2023\/05\/image-23-39x50.jpeg 39w, https:\/\/quehacerpolitico.mx\/wp-content\/uploads\/2023\/05\/image-23-58x75.jpeg 58w\" sizes=\"auto, (max-width: 487px) 100vw, 487px\" \/><\/figure>\n\n\n\n<p><strong>N\u00fa\u00f1ez Herrera fue detectado por una operaci\u00f3n encubierta de la DEA<\/strong>, cuando le suministr\u00f3 a su asociado, Julio Mar\u00edn Gonz\u00e1lez, aproximadamente\u00a0<strong>20 mil pastillas de fentanilo y aproximadamente 5 kilos de polvo de fentanilo<\/strong>\u00a0que sus socios vendi\u00f3 a un agente encubierto de la agencia estadounidense en diferentes lugares de California<\/p>\n\n\n\n<p>Adem\u00e1s, en marzo de 2023, e<strong>l operador de Los Chapitos negoci\u00f3 la entrega de varios kilos adicionales de polvo de fentanilo desde M\u00e9xico a Estados Unidos.<\/strong><\/p>\n\n\n\n<p><strong>Las entregas de fentanilo fueron incautadas posteriormente por la DEA.<\/strong><\/p>\n\n\n\n<p>En abril pasado, una Corte del Distrito Sur de Nueva York\u00a0<strong>acus\u00f3 a Alan Gabriel N\u00fa\u00f1ez Herrera de importaci\u00f3n y tr\u00e1fico de fentanilo<\/strong>, posesi\u00f3n de armas y dispositivos destructivos.<\/p>\n\n\n\n<figure class=\"wp-block-embed is-type-video is-provider-youtube wp-block-embed-youtube wp-embed-aspect-16-9 wp-has-aspect-ratio\"><div class=\"wp-block-embed__wrapper\">\n<iframe loading=\"lazy\" title=\"La DEA infiltr\u00f3 el C\u00e1rtel de Los Chapitos : Elevan a 10 mdd la recompensa por su captura\" width=\"640\" height=\"360\" src=\"https:\/\/www.youtube.com\/embed\/vhTtOYU0lIE?feature=oembed\" frameborder=\"0\" allow=\"accelerometer; autoplay; clipboard-write; encrypted-media; gyroscope; picture-in-picture; web-share\" referrerpolicy=\"strict-origin-when-cross-origin\" allowfullscreen><\/iframe>\n<\/div><\/figure>\n\n\n\n<p>El Departamento de Estado de Estados Unidos ofrece una&nbsp;<strong>recompensa de hasta un mill\u00f3n de d\u00f3lares<\/strong>&nbsp;por informaci\u00f3n que conduzca al arresto o condena de N\u00fa\u00f1ez Herrera.<\/p>\n\n\n\n<p><strong>Los mexicanos m\u00e1s buscados por la DEA:<\/strong><\/p>\n\n\n\n<p>Estos son los ocho mexicanos que dominan la lista de los 10 m\u00e1s buscados por la DEA:<\/p>\n\n\n\n<ul class=\"wp-block-list\">\n<li>Iv\u00e1n Archivaldo Guzm\u00e1n Salazar<\/li>\n\n\n\n<li>Jes\u00fas Alfredo Guzm\u00e1n Salazar<\/li>\n\n\n\n<li>Ismael &#8220;El Mayo&#8221; Zambada<\/li>\n\n\n\n<li>Nemesio Oseguera Cervantes &#8220;El Mencho&#8221;<\/li>\n\n\n\n<li>Liborio N\u00fa\u00f1ez Aguirre<\/li>\n\n\n\n<li>Alan Gabriel N\u00fa\u00f1ez Herrera<\/li>\n\n\n\n<li>Silvano Francisco Mariano<\/li>\n\n\n\n<li>Carlos Omar F\u00e9lix Guti\u00e9rrez<\/li>\n<\/ul>\n\n\n\n<p>Con informaci\u00f3n de EFE<\/p>\n","protected":false},"excerpt":{"rendered":"<p>Por Redacci\u00f3n QP El n\u00famero de narcotraficantes mexicanos incluidos en la lista de los 10&#8230;<\/p>\n","protected":false},"author":2,"featured_media":100592,"comment_status":"open","ping_status":"open","sticky":false,"template":"","format":"standard","meta":{"_monsterinsights_skip_tracking":false,"_monsterinsights_sitenote_active":false,"_monsterinsights_sitenote_note":"","_monsterinsights_sitenote_category":0,"footnotes":""},"categories":[2],"tags":[],"class_list":["post-100589","post","type-post","status-publish","format-standard","has-post-thumbnail","hentry","category-noticias"],"yoast_head":"<!-- This site is optimized with the Yoast SEO plugin v27.3 - https:\/\/yoast.com\/product\/yoast-seo-wordpress\/ -->\n<title>La DEA incluye a otro &quot;Chapito&quot;, Alan N\u00fa\u00f1ez, entre los criminales m\u00e1s buscados -<\/title>\n<meta name=\"robots\" content=\"index, follow, max-snippet:-1, max-image-preview:large, max-video-preview:-1\" \/>\n<link rel=\"canonical\" href=\"https:\/\/quehacerpolitico.mx\/?p=100589\" \/>\n<meta property=\"og:locale\" content=\"es_MX\" \/>\n<meta property=\"og:type\" content=\"article\" \/>\n<meta property=\"og:title\" content=\"La DEA incluye a otro &quot;Chapito&quot;, Alan N\u00fa\u00f1ez, entre los criminales m\u00e1s buscados -\" \/>\n<meta property=\"og:description\" content=\"Por Redacci\u00f3n QP El n\u00famero de narcotraficantes mexicanos incluidos en la lista de los 10...\" \/>\n<meta property=\"og:url\" content=\"https:\/\/quehacerpolitico.mx\/?p=100589\" \/>\n<meta property=\"article:published_time\" content=\"2023-05-05T19:35:13+00:00\" \/>\n<meta property=\"article:modified_time\" content=\"2023-05-05T19:35:16+00:00\" \/>\n<meta property=\"og:image\" content=\"https:\/\/quehacerpolitico.mx\/wp-content\/uploads\/2023\/05\/IMG_7515.jpeg\" \/>\n\t<meta property=\"og:image:width\" content=\"482\" \/>\n\t<meta property=\"og:image:height\" content=\"276\" \/>\n\t<meta property=\"og:image:type\" content=\"image\/jpeg\" \/>\n<meta name=\"author\" content=\"Redacci\u00f3n QP\" \/>\n<meta name=\"twitter:card\" content=\"summary_large_image\" \/>\n<meta name=\"twitter:label1\" content=\"Escrito por\" \/>\n\t<meta name=\"twitter:data1\" content=\"Redacci\u00f3n QP\" \/>\n\t<meta name=\"twitter:label2\" content=\"Tiempo de lectura\" \/>\n\t<meta name=\"twitter:data2\" content=\"2 minutos\" \/>\n<script type=\"application\/ld+json\" class=\"yoast-schema-graph\">{\"@context\":\"https:\\\/\\\/schema.org\",\"@graph\":[{\"@type\":\"Article\",\"@id\":\"https:\\\/\\\/quehacerpolitico.mx\\\/?p=100589#article\",\"isPartOf\":{\"@id\":\"https:\\\/\\\/quehacerpolitico.mx\\\/?p=100589\"},\"author\":{\"name\":\"Redacci\u00f3n QP\",\"@id\":\"https:\\\/\\\/quehacerpolitico.mx\\\/#\\\/schema\\\/person\\\/496d8ad2d1d3f8036101dca7ee39e585\"},\"headline\":\"La DEA incluye a otro &#8220;Chapito&#8221;, Alan N\u00fa\u00f1ez, entre los criminales m\u00e1s buscados\",\"datePublished\":\"2023-05-05T19:35:13+00:00\",\"dateModified\":\"2023-05-05T19:35:16+00:00\",\"mainEntityOfPage\":{\"@id\":\"https:\\\/\\\/quehacerpolitico.mx\\\/?p=100589\"},\"wordCount\":379,\"commentCount\":0,\"image\":{\"@id\":\"https:\\\/\\\/quehacerpolitico.mx\\\/?p=100589#primaryimage\"},\"thumbnailUrl\":\"https:\\\/\\\/quehacerpolitico.mx\\\/wp-content\\\/uploads\\\/2023\\\/05\\\/IMG_7515.jpeg\",\"articleSection\":[\"Noticias\"],\"inLanguage\":\"es\",\"potentialAction\":[{\"@type\":\"CommentAction\",\"name\":\"Comment\",\"target\":[\"https:\\\/\\\/quehacerpolitico.mx\\\/?p=100589#respond\"]}]},{\"@type\":\"WebPage\",\"@id\":\"https:\\\/\\\/quehacerpolitico.mx\\\/?p=100589\",\"url\":\"https:\\\/\\\/quehacerpolitico.mx\\\/?p=100589\",\"name\":\"La DEA incluye a otro \\\"Chapito\\\", Alan N\u00fa\u00f1ez, entre los criminales m\u00e1s buscados -\",\"isPartOf\":{\"@id\":\"https:\\\/\\\/quehacerpolitico.mx\\\/#website\"},\"primaryImageOfPage\":{\"@id\":\"https:\\\/\\\/quehacerpolitico.mx\\\/?p=100589#primaryimage\"},\"image\":{\"@id\":\"https:\\\/\\\/quehacerpolitico.mx\\\/?p=100589#primaryimage\"},\"thumbnailUrl\":\"https:\\\/\\\/quehacerpolitico.mx\\\/wp-content\\\/uploads\\\/2023\\\/05\\\/IMG_7515.jpeg\",\"datePublished\":\"2023-05-05T19:35:13+00:00\",\"dateModified\":\"2023-05-05T19:35:16+00:00\",\"author\":{\"@id\":\"https:\\\/\\\/quehacerpolitico.mx\\\/#\\\/schema\\\/person\\\/496d8ad2d1d3f8036101dca7ee39e585\"},\"breadcrumb\":{\"@id\":\"https:\\\/\\\/quehacerpolitico.mx\\\/?p=100589#breadcrumb\"},\"inLanguage\":\"es\",\"potentialAction\":[{\"@type\":\"ReadAction\",\"target\":[\"https:\\\/\\\/quehacerpolitico.mx\\\/?p=100589\"]}]},{\"@type\":\"ImageObject\",\"inLanguage\":\"es\",\"@id\":\"https:\\\/\\\/quehacerpolitico.mx\\\/?p=100589#primaryimage\",\"url\":\"https:\\\/\\\/quehacerpolitico.mx\\\/wp-content\\\/uploads\\\/2023\\\/05\\\/IMG_7515.jpeg\",\"contentUrl\":\"https:\\\/\\\/quehacerpolitico.mx\\\/wp-content\\\/uploads\\\/2023\\\/05\\\/IMG_7515.jpeg\",\"width\":482,\"height\":276},{\"@type\":\"BreadcrumbList\",\"@id\":\"https:\\\/\\\/quehacerpolitico.mx\\\/?p=100589#breadcrumb\",\"itemListElement\":[{\"@type\":\"ListItem\",\"position\":1,\"name\":\"Inicio\",\"item\":\"https:\\\/\\\/quehacerpolitico.mx\\\/\"},{\"@type\":\"ListItem\",\"position\":2,\"name\":\"La DEA incluye a otro &#8220;Chapito&#8221;, Alan N\u00fa\u00f1ez, entre los criminales m\u00e1s buscados\"}]},{\"@type\":\"WebSite\",\"@id\":\"https:\\\/\\\/quehacerpolitico.mx\\\/#website\",\"url\":\"https:\\\/\\\/quehacerpolitico.mx\\\/\",\"name\":\"\",\"description\":\"\",\"potentialAction\":[{\"@type\":\"SearchAction\",\"target\":{\"@type\":\"EntryPoint\",\"urlTemplate\":\"https:\\\/\\\/quehacerpolitico.mx\\\/?s={search_term_string}\"},\"query-input\":{\"@type\":\"PropertyValueSpecification\",\"valueRequired\":true,\"valueName\":\"search_term_string\"}}],\"inLanguage\":\"es\"},{\"@type\":\"Person\",\"@id\":\"https:\\\/\\\/quehacerpolitico.mx\\\/#\\\/schema\\\/person\\\/496d8ad2d1d3f8036101dca7ee39e585\",\"name\":\"Redacci\u00f3n QP\",\"image\":{\"@type\":\"ImageObject\",\"inLanguage\":\"es\",\"@id\":\"https:\\\/\\\/secure.gravatar.com\\\/avatar\\\/c7164ed6fdec453195284ad24a5ae5b6e1eed2b848477fa2a4787ba9adf39a41?s=96&d=mm&r=g\",\"url\":\"https:\\\/\\\/secure.gravatar.com\\\/avatar\\\/c7164ed6fdec453195284ad24a5ae5b6e1eed2b848477fa2a4787ba9adf39a41?s=96&d=mm&r=g\",\"contentUrl\":\"https:\\\/\\\/secure.gravatar.com\\\/avatar\\\/c7164ed6fdec453195284ad24a5ae5b6e1eed2b848477fa2a4787ba9adf39a41?s=96&d=mm&r=g\",\"caption\":\"Redacci\u00f3n QP\"},\"url\":\"https:\\\/\\\/quehacerpolitico.mx\\\/?author=2\"}]}<\/script>\n<!-- \/ Yoast SEO plugin. -->","yoast_head_json":{"title":"La DEA incluye a otro \"Chapito\", Alan N\u00fa\u00f1ez, entre los criminales m\u00e1s buscados -","robots":{"index":"index","follow":"follow","max-snippet":"max-snippet:-1","max-image-preview":"max-image-preview:large","max-video-preview":"max-video-preview:-1"},"canonical":"https:\/\/quehacerpolitico.mx\/?p=100589","og_locale":"es_MX","og_type":"article","og_title":"La DEA incluye a otro \"Chapito\", Alan N\u00fa\u00f1ez, entre los criminales m\u00e1s buscados -","og_description":"Por Redacci\u00f3n QP El n\u00famero de narcotraficantes mexicanos incluidos en la lista de los 10...","og_url":"https:\/\/quehacerpolitico.mx\/?p=100589","article_published_time":"2023-05-05T19:35:13+00:00","article_modified_time":"2023-05-05T19:35:16+00:00","og_image":[{"width":482,"height":276,"url":"https:\/\/quehacerpolitico.mx\/wp-content\/uploads\/2023\/05\/IMG_7515.jpeg","type":"image\/jpeg"}],"author":"Redacci\u00f3n QP","twitter_card":"summary_large_image","twitter_misc":{"Escrito por":"Redacci\u00f3n QP","Tiempo de lectura":"2 minutos"},"schema":{"@context":"https:\/\/schema.org","@graph":[{"@type":"Article","@id":"https:\/\/quehacerpolitico.mx\/?p=100589#article","isPartOf":{"@id":"https:\/\/quehacerpolitico.mx\/?p=100589"},"author":{"name":"Redacci\u00f3n QP","@id":"https:\/\/quehacerpolitico.mx\/#\/schema\/person\/496d8ad2d1d3f8036101dca7ee39e585"},"headline":"La DEA incluye a otro &#8220;Chapito&#8221;, Alan N\u00fa\u00f1ez, entre los criminales m\u00e1s buscados","datePublished":"2023-05-05T19:35:13+00:00","dateModified":"2023-05-05T19:35:16+00:00","mainEntityOfPage":{"@id":"https:\/\/quehacerpolitico.mx\/?p=100589"},"wordCount":379,"commentCount":0,"image":{"@id":"https:\/\/quehacerpolitico.mx\/?p=100589#primaryimage"},"thumbnailUrl":"https:\/\/quehacerpolitico.mx\/wp-content\/uploads\/2023\/05\/IMG_7515.jpeg","articleSection":["Noticias"],"inLanguage":"es","potentialAction":[{"@type":"CommentAction","name":"Comment","target":["https:\/\/quehacerpolitico.mx\/?p=100589#respond"]}]},{"@type":"WebPage","@id":"https:\/\/quehacerpolitico.mx\/?p=100589","url":"https:\/\/quehacerpolitico.mx\/?p=100589","name":"La DEA incluye a otro \"Chapito\", Alan N\u00fa\u00f1ez, entre los criminales m\u00e1s buscados -","isPartOf":{"@id":"https:\/\/quehacerpolitico.mx\/#website"},"primaryImageOfPage":{"@id":"https:\/\/quehacerpolitico.mx\/?p=100589#primaryimage"},"image":{"@id":"https:\/\/quehacerpolitico.mx\/?p=100589#primaryimage"},"thumbnailUrl":"https:\/\/quehacerpolitico.mx\/wp-content\/uploads\/2023\/05\/IMG_7515.jpeg","datePublished":"2023-05-05T19:35:13+00:00","dateModified":"2023-05-05T19:35:16+00:00","author":{"@id":"https:\/\/quehacerpolitico.mx\/#\/schema\/person\/496d8ad2d1d3f8036101dca7ee39e585"},"breadcrumb":{"@id":"https:\/\/quehacerpolitico.mx\/?p=100589#breadcrumb"},"inLanguage":"es","potentialAction":[{"@type":"ReadAction","target":["https:\/\/quehacerpolitico.mx\/?p=100589"]}]},{"@type":"ImageObject","inLanguage":"es","@id":"https:\/\/quehacerpolitico.mx\/?p=100589#primaryimage","url":"https:\/\/quehacerpolitico.mx\/wp-content\/uploads\/2023\/05\/IMG_7515.jpeg","contentUrl":"https:\/\/quehacerpolitico.mx\/wp-content\/uploads\/2023\/05\/IMG_7515.jpeg","width":482,"height":276},{"@type":"BreadcrumbList","@id":"https:\/\/quehacerpolitico.mx\/?p=100589#breadcrumb","itemListElement":[{"@type":"ListItem","position":1,"name":"Inicio","item":"https:\/\/quehacerpolitico.mx\/"},{"@type":"ListItem","position":2,"name":"La DEA incluye a otro &#8220;Chapito&#8221;, Alan N\u00fa\u00f1ez, entre los criminales m\u00e1s buscados"}]},{"@type":"WebSite","@id":"https:\/\/quehacerpolitico.mx\/#website","url":"https:\/\/quehacerpolitico.mx\/","name":"","description":"","potentialAction":[{"@type":"SearchAction","target":{"@type":"EntryPoint","urlTemplate":"https:\/\/quehacerpolitico.mx\/?s={search_term_string}"},"query-input":{"@type":"PropertyValueSpecification","valueRequired":true,"valueName":"search_term_string"}}],"inLanguage":"es"},{"@type":"Person","@id":"https:\/\/quehacerpolitico.mx\/#\/schema\/person\/496d8ad2d1d3f8036101dca7ee39e585","name":"Redacci\u00f3n QP","image":{"@type":"ImageObject","inLanguage":"es","@id":"https:\/\/secure.gravatar.com\/avatar\/c7164ed6fdec453195284ad24a5ae5b6e1eed2b848477fa2a4787ba9adf39a41?s=96&d=mm&r=g","url":"https:\/\/secure.gravatar.com\/avatar\/c7164ed6fdec453195284ad24a5ae5b6e1eed2b848477fa2a4787ba9adf39a41?s=96&d=mm&r=g","contentUrl":"https:\/\/secure.gravatar.com\/avatar\/c7164ed6fdec453195284ad24a5ae5b6e1eed2b848477fa2a4787ba9adf39a41?s=96&d=mm&r=g","caption":"Redacci\u00f3n QP"},"url":"https:\/\/quehacerpolitico.mx\/?author=2"}]}},"featured_image_urls":{"full":["https:\/\/quehacerpolitico.mx\/wp-content\/uploads\/2023\/05\/IMG_7515.jpeg",482,276,false],"thumbnail":["https:\/\/quehacerpolitico.mx\/wp-content\/uploads\/2023\/05\/IMG_7515-150x150.jpeg",150,150,true],"medium":["https:\/\/quehacerpolitico.mx\/wp-content\/uploads\/2023\/05\/IMG_7515-300x172.jpeg",300,172,true],"medium_large":["https:\/\/quehacerpolitico.mx\/wp-content\/uploads\/2023\/05\/IMG_7515.jpeg",482,276,false],"large":["https:\/\/quehacerpolitico.mx\/wp-content\/uploads\/2023\/05\/IMG_7515.jpeg",482,276,false],"1536x1536":["https:\/\/quehacerpolitico.mx\/wp-content\/uploads\/2023\/05\/IMG_7515.jpeg",482,276,false],"2048x2048":["https:\/\/quehacerpolitico.mx\/wp-content\/uploads\/2023\/05\/IMG_7515.jpeg",482,276,false],"covernews-featured":["https:\/\/quehacerpolitico.mx\/wp-content\/uploads\/2023\/05\/IMG_7515.jpeg",482,276,false],"covernews-medium":["https:\/\/quehacerpolitico.mx\/wp-content\/uploads\/2023\/05\/IMG_7515.jpeg",482,276,false]},"author_info":{"display_name":"Redacci\u00f3n QP","author_link":"https:\/\/quehacerpolitico.mx\/?author=2"},"category_info":"<a href=\"https:\/\/quehacerpolitico.mx\/?cat=2\" rel=\"category\">Noticias<\/a>","tag_info":"Noticias","comment_count":"0","_links":{"self":[{"href":"https:\/\/quehacerpolitico.mx\/index.php?rest_route=\/wp\/v2\/posts\/100589","targetHints":{"allow":["GET"]}}],"collection":[{"href":"https:\/\/quehacerpolitico.mx\/index.php?rest_route=\/wp\/v2\/posts"}],"about":[{"href":"https:\/\/quehacerpolitico.mx\/index.php?rest_route=\/wp\/v2\/types\/post"}],"author":[{"embeddable":true,"href":"https:\/\/quehacerpolitico.mx\/index.php?rest_route=\/wp\/v2\/users\/2"}],"replies":[{"embeddable":true,"href":"https:\/\/quehacerpolitico.mx\/index.php?rest_route=%2Fwp%2Fv2%2Fcomments&post=100589"}],"version-history":[{"count":1,"href":"https:\/\/quehacerpolitico.mx\/index.php?rest_route=\/wp\/v2\/posts\/100589\/revisions"}],"predecessor-version":[{"id":100593,"href":"https:\/\/quehacerpolitico.mx\/index.php?rest_route=\/wp\/v2\/posts\/100589\/revisions\/100593"}],"wp:featuredmedia":[{"embeddable":true,"href":"https:\/\/quehacerpolitico.mx\/index.php?rest_route=\/wp\/v2\/media\/100592"}],"wp:attachment":[{"href":"https:\/\/quehacerpolitico.mx\/index.php?rest_route=%2Fwp%2Fv2%2Fmedia&parent=100589"}],"wp:term":[{"taxonomy":"category","embeddable":true,"href":"https:\/\/quehacerpolitico.mx\/index.php?rest_route=%2Fwp%2Fv2%2Fcategories&post=100589"},{"taxonomy":"post_tag","embeddable":true,"href":"https:\/\/quehacerpolitico.mx\/index.php?rest_route=%2Fwp%2Fv2%2Ftags&post=100589"}],"curies":[{"name":"wp","href":"https:\/\/api.w.org\/{rel}","templated":true}]}}