{"id":100580,"date":"2023-05-05T17:50:38","date_gmt":"2023-05-05T17:50:38","guid":{"rendered":"https:\/\/quehacerpolitico.mx\/?p=100580"},"modified":"2023-05-05T17:50:41","modified_gmt":"2023-05-05T17:50:41","slug":"internacionales-carolina-alonso-romei-la-oms-declara-fin-de-la-pandemia-covid-19-como-emergencia-de-salud-internacional","status":"publish","type":"post","link":"https:\/\/quehacerpolitico.mx\/?p=100580","title":{"rendered":"Internacionales\/\/\/Carolina Alonso Romei\/\/\/La OMS declara fin de la pandemia covid-19 como emergencia de salud internacional"},"content":{"rendered":"\n<p>Por Carolina Alonso Romei<\/p>\n\n\n\n<p>Internacionalista <\/p>\n\n\n\n<p>La OMS levant\u00f3 la emergencia internacional por la pandemia de COVID-19, que estaba declarada desde el 30 de enero de 2020<\/p>\n\n\n\n<p>La&nbsp;<strong>Organizaci\u00f3n Mundial de la Salud<\/strong>&nbsp;(OMS)&nbsp;<strong>levant\u00f3<\/strong>&nbsp;la&nbsp;<strong>emergencia internacional<\/strong>&nbsp;por la pandemia de&nbsp;<strong>COVID-19<\/strong>, que estaba declarada desde el 30 de enero de 2020, ante la notable reducci\u00f3n de casos graves y muertes a nivel global.<\/p>\n\n\n\n<p>La decisi\u00f3n fue anunciada por el director general de la OMS,\u00a0<strong>Tedros Adhanom Ghebreyesus<\/strong>, un d\u00eda despu\u00e9s de que se reuniera el\u00a0<strong>comit\u00e9 de emergencia<\/strong>\u00a0del organismo para analizar la actual situaci\u00f3n de la\u00a0<strong>pandemia<\/strong>, que en m\u00e1s de tres a\u00f1os ha afectado al menos a 765 millones de personas y ha causado la muerte de unos 20 millones.<\/p>\n\n\n\n<p>\u201cEs un momento de celebraci\u00f3n, logrado tras el incasable trabajo de millones de sanitarios, de mucha innovaci\u00f3n e investigaci\u00f3n, de dif\u00edciles decisiones tomadas por los gobiernos y de sacrificios que todos hemos tenido que hacer\u201d, destac\u00f3 Tedros al hacer balance de mil 221 d\u00edas bajo emergencia sanitaria.<\/p>\n\n\n\n<p>\u201cTambi\u00e9n es un momento para la reflexi\u00f3n, pues las cicatrices que nos han quedado deben servir de permanente recuerdo sobre el riesgo de que nuevos virus emerjan con devastadoras consecuencias\u201d, a\u00f1adi\u00f3 el experto et\u00edope.<\/p>\n\n\n\n<p>Tedros tambi\u00e9n advirti\u00f3 que el\u00a0<strong>levantamiento<\/strong>\u00a0de la\u00a0<strong>emergencia internacional<\/strong>\u00a0\u201cno significa que la covid haya dejado de ser una amenaza\u201d, recordando que todav\u00eda causa una muerte en el mundo cada tres minutos mientras \u201cmiles de personas en el mundo siguen luchando por su vida en unidades de cuidados intensivos\u201d y otras sufren los s\u00edntomas postcovid.<\/p>\n\n\n\n<p>Lo peor que los pa\u00edses podr\u00edan hacer ahora es utilizar esta noticia como excusa para bajar la guardia, desmantelar los sistemas que han construido o enviar a la poblaci\u00f3n del mensaje de que no hay que preocuparse ya\u201d, advirti\u00f3.<\/p>\n\n\n\n<p>Con todo, Tedros destac\u00f3 que desde hace un a\u00f1o la pandemia ha seguido una tendencia descendente, a medida que la inmunizaci\u00f3n de la poblaci\u00f3n global ha aumentado tanto por las masivas vacunaciones como por las defensas naturales desarrollados por muchos de los que han superado la enfermedad.<\/p>\n\n\n\n<figure class=\"wp-block-embed is-type-rich is-provider-twitter wp-block-embed-twitter\"><div class=\"wp-block-embed__wrapper\">\n<blockquote class=\"twitter-tweet\" data-width=\"550\" data-dnt=\"true\"><p lang=\"en\" dir=\"ltr\">Yesterday, the <a href=\"https:\/\/twitter.com\/hashtag\/COVID19?src=hash&amp;ref_src=twsrc%5Etfw\">#COVID19<\/a> Emergency Committee met for the 15th time and recommended to me that I declare an end to the public health emergency of international concern. I have accepted that advice.<br><br>With great hope I declare COVID-19 over as a global health emergency.<\/p>&mdash; Tedros Adhanom Ghebreyesus (@DrTedros) <a href=\"https:\/\/twitter.com\/DrTedros\/status\/1654484522358939650?ref_src=twsrc%5Etfw\">May 5, 2023<\/a><\/blockquote><script async src=\"https:\/\/platform.twitter.com\/widgets.js\" charset=\"utf-8\"><\/script>\n<\/div><\/figure>\n\n\n\n<p>Desde principios de a\u00f1o la cifra de contagios de COVID-19 y muertes reportadas se ha ido reduciendo a nivel global: en la \u00faltima semana de abril, la OMS confirm\u00f3 630 mil casos en el mundo y 3 mil 500 muertes, cuando en enero se superaban los 1.3 millones de positivos y los 14 mil fallecidos, en parte a causa de la ola en China.<\/p>\n\n\n\n<p>Tedros advirti\u00f3 que ante un virus que podr\u00eda a\u00fan cambiar a variantes m\u00e1s letales y contagiosas, la OMS seguir\u00e1 en guardia, y anunci\u00f3 que por primera vez en la historia de la organizaci\u00f3n, pese a no haber emergencia internacional, se formar\u00e1 un&nbsp;<strong>comit\u00e9 de revisi\u00f3n<\/strong>&nbsp;que&nbsp;<strong>seguir\u00e1 analizando<\/strong>&nbsp;peri\u00f3dicamente la&nbsp;<strong>situaci\u00f3n<\/strong>&nbsp;del&nbsp;<strong>virus<\/strong>.<\/p>\n\n\n\n<p>El comit\u00e9 \u201cdesarrollar\u00e1&nbsp;<strong>recomendaciones de largo plazo<\/strong>&nbsp;para que los pa\u00edses puedan seguir gestionando la respuesta a la enfermedad\u201d, en un momento en que las redes sanitarias deben transicionar del estado de emergencia a uno en el que se trate al COVID-19 de forma similar a otras enfermedades infecciosas.<\/p>\n\n\n\n<p>El director general record\u00f3 que la emergencia internacional se declar\u00f3 en enero de 2020, cuando s\u00f3lo se hab\u00edan declarado un centenar de casos fuera de China y ninguna muerte: ahora oficialmente la OMS reconoce 6.9 millones de fallecimientos, aunque el propio Tedros reconoci\u00f3 en su rueda de prensa de hoy que la cifra real puede ser de al menos 20 millones.<\/p>\n\n\n\n<p>\u201cEl COVID-19 ha sido mucho m\u00e1s que una crisis sanitaria: ha causado caos econ\u00f3mico, restando billones del PIB, afectando a los viajes y al comercio, golpeando negocios y arrastrando a millones a la pobreza\u201d, record\u00f3.<\/p>\n\n\n\n<p>Adem\u00e1s, \u201cha dividido a las naciones, y ha socavado la confianza de las poblaciones hacia sus gobiernos y hacia las instituciones, en medio de grandes flujos de desinformaci\u00f3n\u201d.<\/p>\n\n\n\n<p>Con informaci\u00f3n de EFE<\/p>\n","protected":false},"excerpt":{"rendered":"<p>Por Carolina Alonso Romei Internacionalista La OMS levant\u00f3 la emergencia internacional por la pandemia de&#8230;<\/p>\n","protected":false},"author":2,"featured_media":100581,"comment_status":"open","ping_status":"open","sticky":false,"template":"","format":"standard","meta":{"_monsterinsights_skip_tracking":false,"_monsterinsights_sitenote_active":false,"_monsterinsights_sitenote_note":"","_monsterinsights_sitenote_category":0,"footnotes":""},"categories":[1],"tags":[],"class_list":["post-100580","post","type-post","status-publish","format-standard","has-post-thumbnail","hentry","category-sin-categoria"],"yoast_head":"<!-- This site is optimized with the Yoast SEO plugin v27.3 - https:\/\/yoast.com\/product\/yoast-seo-wordpress\/ -->\n<title>Internacionales\/\/\/Carolina Alonso Romei\/\/\/La OMS declara fin de la pandemia covid-19 como emergencia de salud internacional -<\/title>\n<meta name=\"robots\" content=\"index, follow, max-snippet:-1, max-image-preview:large, max-video-preview:-1\" \/>\n<link rel=\"canonical\" href=\"https:\/\/quehacerpolitico.mx\/?p=100580\" \/>\n<meta property=\"og:locale\" content=\"es_MX\" \/>\n<meta property=\"og:type\" content=\"article\" \/>\n<meta property=\"og:title\" content=\"Internacionales\/\/\/Carolina Alonso Romei\/\/\/La OMS declara fin de la pandemia covid-19 como emergencia de salud internacional -\" \/>\n<meta property=\"og:description\" content=\"Por Carolina Alonso Romei Internacionalista La OMS levant\u00f3 la emergencia internacional por la pandemia de...\" \/>\n<meta property=\"og:url\" content=\"https:\/\/quehacerpolitico.mx\/?p=100580\" \/>\n<meta property=\"article:published_time\" content=\"2023-05-05T17:50:38+00:00\" \/>\n<meta property=\"article:modified_time\" content=\"2023-05-05T17:50:41+00:00\" \/>\n<meta property=\"og:image\" content=\"https:\/\/quehacerpolitico.mx\/wp-content\/uploads\/2023\/05\/IMG_7510.jpeg\" \/>\n\t<meta property=\"og:image:width\" content=\"1161\" \/>\n\t<meta property=\"og:image:height\" content=\"642\" \/>\n\t<meta property=\"og:image:type\" content=\"image\/jpeg\" \/>\n<meta name=\"author\" content=\"Redacci\u00f3n QP\" \/>\n<meta name=\"twitter:card\" content=\"summary_large_image\" \/>\n<meta name=\"twitter:label1\" content=\"Escrito por\" \/>\n\t<meta name=\"twitter:data1\" content=\"Redacci\u00f3n QP\" \/>\n\t<meta name=\"twitter:label2\" content=\"Tiempo de lectura\" \/>\n\t<meta name=\"twitter:data2\" content=\"3 minutos\" \/>\n<script type=\"application\/ld+json\" class=\"yoast-schema-graph\">{\"@context\":\"https:\\\/\\\/schema.org\",\"@graph\":[{\"@type\":\"Article\",\"@id\":\"https:\\\/\\\/quehacerpolitico.mx\\\/?p=100580#article\",\"isPartOf\":{\"@id\":\"https:\\\/\\\/quehacerpolitico.mx\\\/?p=100580\"},\"author\":{\"name\":\"Redacci\u00f3n QP\",\"@id\":\"https:\\\/\\\/quehacerpolitico.mx\\\/#\\\/schema\\\/person\\\/496d8ad2d1d3f8036101dca7ee39e585\"},\"headline\":\"Internacionales\\\/\\\/\\\/Carolina Alonso Romei\\\/\\\/\\\/La OMS declara fin de la pandemia covid-19 como emergencia de salud internacional\",\"datePublished\":\"2023-05-05T17:50:38+00:00\",\"dateModified\":\"2023-05-05T17:50:41+00:00\",\"mainEntityOfPage\":{\"@id\":\"https:\\\/\\\/quehacerpolitico.mx\\\/?p=100580\"},\"wordCount\":711,\"commentCount\":0,\"image\":{\"@id\":\"https:\\\/\\\/quehacerpolitico.mx\\\/?p=100580#primaryimage\"},\"thumbnailUrl\":\"https:\\\/\\\/quehacerpolitico.mx\\\/wp-content\\\/uploads\\\/2023\\\/05\\\/IMG_7510.jpeg\",\"articleSection\":[\"Internacionales\"],\"inLanguage\":\"es\",\"potentialAction\":[{\"@type\":\"CommentAction\",\"name\":\"Comment\",\"target\":[\"https:\\\/\\\/quehacerpolitico.mx\\\/?p=100580#respond\"]}]},{\"@type\":\"WebPage\",\"@id\":\"https:\\\/\\\/quehacerpolitico.mx\\\/?p=100580\",\"url\":\"https:\\\/\\\/quehacerpolitico.mx\\\/?p=100580\",\"name\":\"Internacionales\\\/\\\/\\\/Carolina Alonso Romei\\\/\\\/\\\/La OMS declara fin de la pandemia covid-19 como emergencia de salud internacional -\",\"isPartOf\":{\"@id\":\"https:\\\/\\\/quehacerpolitico.mx\\\/#website\"},\"primaryImageOfPage\":{\"@id\":\"https:\\\/\\\/quehacerpolitico.mx\\\/?p=100580#primaryimage\"},\"image\":{\"@id\":\"https:\\\/\\\/quehacerpolitico.mx\\\/?p=100580#primaryimage\"},\"thumbnailUrl\":\"https:\\\/\\\/quehacerpolitico.mx\\\/wp-content\\\/uploads\\\/2023\\\/05\\\/IMG_7510.jpeg\",\"datePublished\":\"2023-05-05T17:50:38+00:00\",\"dateModified\":\"2023-05-05T17:50:41+00:00\",\"author\":{\"@id\":\"https:\\\/\\\/quehacerpolitico.mx\\\/#\\\/schema\\\/person\\\/496d8ad2d1d3f8036101dca7ee39e585\"},\"breadcrumb\":{\"@id\":\"https:\\\/\\\/quehacerpolitico.mx\\\/?p=100580#breadcrumb\"},\"inLanguage\":\"es\",\"potentialAction\":[{\"@type\":\"ReadAction\",\"target\":[\"https:\\\/\\\/quehacerpolitico.mx\\\/?p=100580\"]}]},{\"@type\":\"ImageObject\",\"inLanguage\":\"es\",\"@id\":\"https:\\\/\\\/quehacerpolitico.mx\\\/?p=100580#primaryimage\",\"url\":\"https:\\\/\\\/quehacerpolitico.mx\\\/wp-content\\\/uploads\\\/2023\\\/05\\\/IMG_7510.jpeg\",\"contentUrl\":\"https:\\\/\\\/quehacerpolitico.mx\\\/wp-content\\\/uploads\\\/2023\\\/05\\\/IMG_7510.jpeg\",\"width\":1161,\"height\":642},{\"@type\":\"BreadcrumbList\",\"@id\":\"https:\\\/\\\/quehacerpolitico.mx\\\/?p=100580#breadcrumb\",\"itemListElement\":[{\"@type\":\"ListItem\",\"position\":1,\"name\":\"Inicio\",\"item\":\"https:\\\/\\\/quehacerpolitico.mx\\\/\"},{\"@type\":\"ListItem\",\"position\":2,\"name\":\"Internacionales\\\/\\\/\\\/Carolina Alonso Romei\\\/\\\/\\\/La OMS declara fin de la pandemia covid-19 como emergencia de salud internacional\"}]},{\"@type\":\"WebSite\",\"@id\":\"https:\\\/\\\/quehacerpolitico.mx\\\/#website\",\"url\":\"https:\\\/\\\/quehacerpolitico.mx\\\/\",\"name\":\"\",\"description\":\"\",\"potentialAction\":[{\"@type\":\"SearchAction\",\"target\":{\"@type\":\"EntryPoint\",\"urlTemplate\":\"https:\\\/\\\/quehacerpolitico.mx\\\/?s={search_term_string}\"},\"query-input\":{\"@type\":\"PropertyValueSpecification\",\"valueRequired\":true,\"valueName\":\"search_term_string\"}}],\"inLanguage\":\"es\"},{\"@type\":\"Person\",\"@id\":\"https:\\\/\\\/quehacerpolitico.mx\\\/#\\\/schema\\\/person\\\/496d8ad2d1d3f8036101dca7ee39e585\",\"name\":\"Redacci\u00f3n QP\",\"image\":{\"@type\":\"ImageObject\",\"inLanguage\":\"es\",\"@id\":\"https:\\\/\\\/secure.gravatar.com\\\/avatar\\\/c7164ed6fdec453195284ad24a5ae5b6e1eed2b848477fa2a4787ba9adf39a41?s=96&d=mm&r=g\",\"url\":\"https:\\\/\\\/secure.gravatar.com\\\/avatar\\\/c7164ed6fdec453195284ad24a5ae5b6e1eed2b848477fa2a4787ba9adf39a41?s=96&d=mm&r=g\",\"contentUrl\":\"https:\\\/\\\/secure.gravatar.com\\\/avatar\\\/c7164ed6fdec453195284ad24a5ae5b6e1eed2b848477fa2a4787ba9adf39a41?s=96&d=mm&r=g\",\"caption\":\"Redacci\u00f3n QP\"},\"url\":\"https:\\\/\\\/quehacerpolitico.mx\\\/?author=2\"}]}<\/script>\n<!-- \/ Yoast SEO plugin. -->","yoast_head_json":{"title":"Internacionales\/\/\/Carolina Alonso Romei\/\/\/La OMS declara fin de la pandemia covid-19 como emergencia de salud internacional -","robots":{"index":"index","follow":"follow","max-snippet":"max-snippet:-1","max-image-preview":"max-image-preview:large","max-video-preview":"max-video-preview:-1"},"canonical":"https:\/\/quehacerpolitico.mx\/?p=100580","og_locale":"es_MX","og_type":"article","og_title":"Internacionales\/\/\/Carolina Alonso Romei\/\/\/La OMS declara fin de la pandemia covid-19 como emergencia de salud internacional -","og_description":"Por Carolina Alonso Romei Internacionalista La OMS levant\u00f3 la emergencia internacional por la pandemia de...","og_url":"https:\/\/quehacerpolitico.mx\/?p=100580","article_published_time":"2023-05-05T17:50:38+00:00","article_modified_time":"2023-05-05T17:50:41+00:00","og_image":[{"width":1161,"height":642,"url":"https:\/\/quehacerpolitico.mx\/wp-content\/uploads\/2023\/05\/IMG_7510.jpeg","type":"image\/jpeg"}],"author":"Redacci\u00f3n QP","twitter_card":"summary_large_image","twitter_misc":{"Escrito por":"Redacci\u00f3n QP","Tiempo de lectura":"3 minutos"},"schema":{"@context":"https:\/\/schema.org","@graph":[{"@type":"Article","@id":"https:\/\/quehacerpolitico.mx\/?p=100580#article","isPartOf":{"@id":"https:\/\/quehacerpolitico.mx\/?p=100580"},"author":{"name":"Redacci\u00f3n QP","@id":"https:\/\/quehacerpolitico.mx\/#\/schema\/person\/496d8ad2d1d3f8036101dca7ee39e585"},"headline":"Internacionales\/\/\/Carolina Alonso Romei\/\/\/La OMS declara fin de la pandemia covid-19 como emergencia de salud internacional","datePublished":"2023-05-05T17:50:38+00:00","dateModified":"2023-05-05T17:50:41+00:00","mainEntityOfPage":{"@id":"https:\/\/quehacerpolitico.mx\/?p=100580"},"wordCount":711,"commentCount":0,"image":{"@id":"https:\/\/quehacerpolitico.mx\/?p=100580#primaryimage"},"thumbnailUrl":"https:\/\/quehacerpolitico.mx\/wp-content\/uploads\/2023\/05\/IMG_7510.jpeg","articleSection":["Internacionales"],"inLanguage":"es","potentialAction":[{"@type":"CommentAction","name":"Comment","target":["https:\/\/quehacerpolitico.mx\/?p=100580#respond"]}]},{"@type":"WebPage","@id":"https:\/\/quehacerpolitico.mx\/?p=100580","url":"https:\/\/quehacerpolitico.mx\/?p=100580","name":"Internacionales\/\/\/Carolina Alonso Romei\/\/\/La OMS declara fin de la pandemia covid-19 como emergencia de salud internacional -","isPartOf":{"@id":"https:\/\/quehacerpolitico.mx\/#website"},"primaryImageOfPage":{"@id":"https:\/\/quehacerpolitico.mx\/?p=100580#primaryimage"},"image":{"@id":"https:\/\/quehacerpolitico.mx\/?p=100580#primaryimage"},"thumbnailUrl":"https:\/\/quehacerpolitico.mx\/wp-content\/uploads\/2023\/05\/IMG_7510.jpeg","datePublished":"2023-05-05T17:50:38+00:00","dateModified":"2023-05-05T17:50:41+00:00","author":{"@id":"https:\/\/quehacerpolitico.mx\/#\/schema\/person\/496d8ad2d1d3f8036101dca7ee39e585"},"breadcrumb":{"@id":"https:\/\/quehacerpolitico.mx\/?p=100580#breadcrumb"},"inLanguage":"es","potentialAction":[{"@type":"ReadAction","target":["https:\/\/quehacerpolitico.mx\/?p=100580"]}]},{"@type":"ImageObject","inLanguage":"es","@id":"https:\/\/quehacerpolitico.mx\/?p=100580#primaryimage","url":"https:\/\/quehacerpolitico.mx\/wp-content\/uploads\/2023\/05\/IMG_7510.jpeg","contentUrl":"https:\/\/quehacerpolitico.mx\/wp-content\/uploads\/2023\/05\/IMG_7510.jpeg","width":1161,"height":642},{"@type":"BreadcrumbList","@id":"https:\/\/quehacerpolitico.mx\/?p=100580#breadcrumb","itemListElement":[{"@type":"ListItem","position":1,"name":"Inicio","item":"https:\/\/quehacerpolitico.mx\/"},{"@type":"ListItem","position":2,"name":"Internacionales\/\/\/Carolina Alonso Romei\/\/\/La OMS declara fin de la pandemia covid-19 como emergencia de salud internacional"}]},{"@type":"WebSite","@id":"https:\/\/quehacerpolitico.mx\/#website","url":"https:\/\/quehacerpolitico.mx\/","name":"","description":"","potentialAction":[{"@type":"SearchAction","target":{"@type":"EntryPoint","urlTemplate":"https:\/\/quehacerpolitico.mx\/?s={search_term_string}"},"query-input":{"@type":"PropertyValueSpecification","valueRequired":true,"valueName":"search_term_string"}}],"inLanguage":"es"},{"@type":"Person","@id":"https:\/\/quehacerpolitico.mx\/#\/schema\/person\/496d8ad2d1d3f8036101dca7ee39e585","name":"Redacci\u00f3n QP","image":{"@type":"ImageObject","inLanguage":"es","@id":"https:\/\/secure.gravatar.com\/avatar\/c7164ed6fdec453195284ad24a5ae5b6e1eed2b848477fa2a4787ba9adf39a41?s=96&d=mm&r=g","url":"https:\/\/secure.gravatar.com\/avatar\/c7164ed6fdec453195284ad24a5ae5b6e1eed2b848477fa2a4787ba9adf39a41?s=96&d=mm&r=g","contentUrl":"https:\/\/secure.gravatar.com\/avatar\/c7164ed6fdec453195284ad24a5ae5b6e1eed2b848477fa2a4787ba9adf39a41?s=96&d=mm&r=g","caption":"Redacci\u00f3n QP"},"url":"https:\/\/quehacerpolitico.mx\/?author=2"}]}},"featured_image_urls":{"full":["https:\/\/quehacerpolitico.mx\/wp-content\/uploads\/2023\/05\/IMG_7510.jpeg",1161,642,false],"thumbnail":["https:\/\/quehacerpolitico.mx\/wp-content\/uploads\/2023\/05\/IMG_7510-150x150.jpeg",150,150,true],"medium":["https:\/\/quehacerpolitico.mx\/wp-content\/uploads\/2023\/05\/IMG_7510-300x166.jpeg",300,166,true],"medium_large":["https:\/\/quehacerpolitico.mx\/wp-content\/uploads\/2023\/05\/IMG_7510-768x425.jpeg",640,354,true],"large":["https:\/\/quehacerpolitico.mx\/wp-content\/uploads\/2023\/05\/IMG_7510-1024x566.jpeg",640,354,true],"1536x1536":["https:\/\/quehacerpolitico.mx\/wp-content\/uploads\/2023\/05\/IMG_7510.jpeg",1161,642,false],"2048x2048":["https:\/\/quehacerpolitico.mx\/wp-content\/uploads\/2023\/05\/IMG_7510.jpeg",1161,642,false],"covernews-featured":["https:\/\/quehacerpolitico.mx\/wp-content\/uploads\/2023\/05\/IMG_7510.jpeg",1024,566,false],"covernews-medium":["https:\/\/quehacerpolitico.mx\/wp-content\/uploads\/2023\/05\/IMG_7510.jpeg",540,299,false]},"author_info":{"display_name":"Redacci\u00f3n QP","author_link":"https:\/\/quehacerpolitico.mx\/?author=2"},"category_info":"<a href=\"https:\/\/quehacerpolitico.mx\/?cat=1\" rel=\"category\">Internacionales<\/a>","tag_info":"Internacionales","comment_count":"0","_links":{"self":[{"href":"https:\/\/quehacerpolitico.mx\/index.php?rest_route=\/wp\/v2\/posts\/100580","targetHints":{"allow":["GET"]}}],"collection":[{"href":"https:\/\/quehacerpolitico.mx\/index.php?rest_route=\/wp\/v2\/posts"}],"about":[{"href":"https:\/\/quehacerpolitico.mx\/index.php?rest_route=\/wp\/v2\/types\/post"}],"author":[{"embeddable":true,"href":"https:\/\/quehacerpolitico.mx\/index.php?rest_route=\/wp\/v2\/users\/2"}],"replies":[{"embeddable":true,"href":"https:\/\/quehacerpolitico.mx\/index.php?rest_route=%2Fwp%2Fv2%2Fcomments&post=100580"}],"version-history":[{"count":1,"href":"https:\/\/quehacerpolitico.mx\/index.php?rest_route=\/wp\/v2\/posts\/100580\/revisions"}],"predecessor-version":[{"id":100582,"href":"https:\/\/quehacerpolitico.mx\/index.php?rest_route=\/wp\/v2\/posts\/100580\/revisions\/100582"}],"wp:featuredmedia":[{"embeddable":true,"href":"https:\/\/quehacerpolitico.mx\/index.php?rest_route=\/wp\/v2\/media\/100581"}],"wp:attachment":[{"href":"https:\/\/quehacerpolitico.mx\/index.php?rest_route=%2Fwp%2Fv2%2Fmedia&parent=100580"}],"wp:term":[{"taxonomy":"category","embeddable":true,"href":"https:\/\/quehacerpolitico.mx\/index.php?rest_route=%2Fwp%2Fv2%2Fcategories&post=100580"},{"taxonomy":"post_tag","embeddable":true,"href":"https:\/\/quehacerpolitico.mx\/index.php?rest_route=%2Fwp%2Fv2%2Ftags&post=100580"}],"curies":[{"name":"wp","href":"https:\/\/api.w.org\/{rel}","templated":true}]}}