{"id":100575,"date":"2023-05-05T16:57:26","date_gmt":"2023-05-05T16:57:26","guid":{"rendered":"https:\/\/quehacerpolitico.mx\/?p=100575"},"modified":"2023-05-05T16:57:29","modified_gmt":"2023-05-05T16:57:29","slug":"el-misterio-de-las-pilas-marca-segalmex-que-se-venden-en-tiendas-de-polonia","status":"publish","type":"post","link":"https:\/\/quehacerpolitico.mx\/?p=100575","title":{"rendered":"El misterio de las pilas marca Segalmex que se venden en tiendas de Polonia"},"content":{"rendered":"\n<p>Por Redacci\u00f3n QP<\/p>\n\n\n\n<p>Miles de bater\u00edas que la paraestatal compr\u00f3 en 2019 a una empresa mexicana ahora son vendidas por una compa\u00f1\u00eda polaca en supermercados de Varsovia y en internet<\/p>\n\n\n\n<p>En un supermercado Carrefour de la ciudad de Varsovia, en Europa del Este, se venden paquetes de ocho bater\u00edas marca Segalmex por 9.99 zlotys, equivalentes a 43 pesos mexicanos. Esas pilas tuvieron que cruzar el Atl\u00e1ntico y viajar m\u00e1s de 10.000 kil\u00f3metros desde M\u00e9xico \u2014quiz\u00e1 en avi\u00f3n, barco, tierra o todas juntas\u2014 hasta llegar a Polonia, pa\u00eds que en el siglo XX fue ocupado por sovi\u00e9ticos y nazis y que hoy es gobernado por un mandatario ultraconservador,\u00a0Andrzej Duda.Pilas mexicanas que de alguna manera llegaron al pa\u00eds de nacimiento del Papa Juan Pablo II, Marie Curie, Joseph Conrad, Zygmnut Bauman y Ryszard Kapuscinsk. El nombre que llevan esas bater\u00edas, Segalmex, hace referencia a\u00a0Seguridad Alimentaria Mexicana,  la tienda de abasto social creada por el Gobierno de Andr\u00e9s Manuel L\u00f3pez Obrador para vender productos a precios bajos a los m\u00e1s pobres. La aparici\u00f3n en una ciudad europea de pilas que deber\u00edan llegar a las comunidades marginadas de M\u00e9xico es otro bot\u00f3n de muestra de la\u00a0enorme Corrupci\u00f3n que carcome a la instituci\u00f3n obradorista, que durante los primeros tres a\u00f1os del sexenio fue manejada por Ignacio Ovalle, un amigo del presidente.<\/p>\n\n\n\n<p>Esta historia involucra un producto que Segalmex compr\u00f3 a finales de 2019 a una empresa nacional, Tempoel M\u00e9xico S. A. de C. V., por alrededor de 15 millones de pesos. La adquisici\u00f3n se hizo a trav\u00e9s de Diconsa, filial de Segalmex, como parte del\u00a0Programa de abasto rural. En marzo de ese a\u00f1o el Gobierno mexicano hab\u00eda decidido que las pilas deb\u00edan ser consideradas un producto de consumo b\u00e1sico, a la par de alimentos como carnes, l\u00e1cteos, granos, harinas, pan y enlatados. Tempoel \u2014filial de la transnacional espa\u00f1ola Tempel Group\u2014 no entreg\u00f3 a la dependencia gubernamental la cantidad completa de las bater\u00edas, a pesar de que Segalmex hizo el pago total por adelantado, de acuerdo con auditor\u00edas internas a la que ha tenido acceso EL PA\u00cdS. La proveedora mexicana ha confirmado a este diario que, en efecto, no hizo la entrega de todo el pedido, pero responsabiliz\u00f3 a Segalmex de frenar la recepci\u00f3n del producto y de obligarla a mantenerlo almacenado en sus bodegas con la fecha de expiraci\u00f3n en puerta.<\/p>\n\n\n\n<p>Las pilas vendidas en Varsovia son comercializadas en pa\u00edses de Europa por la empresa polaca Maxx10Group Sp. Zoo, seg\u00fan ha confirmado este peri\u00f3dico. La compa\u00f1\u00eda est\u00e1 localizada en el poblado rural de Lazy y se dedica a la compra de bienes en existencia a gran escala, es decir, productos que terceros tengan disponibles en sus almacenes. En un portal de ventas por internet al mayoreo, la empresa afirma que dispone de 40.000 \u201cconjuntos\u201d de bater\u00edas a un precio unitario de 0,2 euros, unos cuatro pesos mexicanos.<\/p>\n\n\n\n<figure class=\"wp-block-image size-full\"><img loading=\"lazy\" decoding=\"async\" width=\"763\" height=\"794\" src=\"https:\/\/quehacerpolitico.mx\/wp-content\/uploads\/2023\/05\/image.png\" alt=\"\" class=\"wp-image-100577\" srcset=\"https:\/\/quehacerpolitico.mx\/wp-content\/uploads\/2023\/05\/image.png 763w, https:\/\/quehacerpolitico.mx\/wp-content\/uploads\/2023\/05\/image-288x300.png 288w, https:\/\/quehacerpolitico.mx\/wp-content\/uploads\/2023\/05\/image-140x146.png 140w, https:\/\/quehacerpolitico.mx\/wp-content\/uploads\/2023\/05\/image-48x50.png 48w, https:\/\/quehacerpolitico.mx\/wp-content\/uploads\/2023\/05\/image-72x75.png 72w\" sizes=\"auto, (max-width: 763px) 100vw, 763px\" \/><\/figure>\n\n\n\n<p>No est\u00e1 claro si Segalmex comerci\u00f3 directamente las pilas con Maxx10Group o si la compa\u00f1\u00eda polaca las obtuvo de Tempoel. Este diario envi\u00f3 un correo a Maxx10Group para preguntarle con qui\u00e9n hizo el negocio desde M\u00e9xico para adquirir el producto, en qu\u00e9 fecha y cu\u00e1nto pag\u00f3, pero no atendi\u00f3 la petici\u00f3n. Segalmex se ha deslindado de la transacci\u00f3n con el argumento de que no cuenta con facultades ni con un \u00e1rea comercial dedicada a las ventas al extranjero. Por su parte, Tempoel ha asegurado que tampoco vendi\u00f3 el producto remanente en sus almacenes. Ni la dependencia del Gobierno ni la compa\u00f1\u00eda han iniciado investigaciones internas en sus respectivas \u00e1reas para determinar c\u00f3mo es que las pilas de Segalmex han aparecido en el mercado europeo, seg\u00fan respondieron a cuestionamientos de EL PA\u00cdS.<\/p>\n\n\n\n<figure class=\"wp-block-image\"><img decoding=\"async\" src=\"https:\/\/imagenes.elpais.com\/resizer\/KK6Is7Pzg4E59I8jw5KPJTyo9mI=\/414x0\/cloudfront-eu-central-1.images.arcpublishing.com\/prisa\/IKXGXVO3OVA7XM4KCTUTMYLUVM.jpg\" alt=\"La puerta de una tienda de Carrefour en Varsovia (Polonia).\"\/><figcaption class=\"wp-element-caption\">La puerta de una tienda de Carrefour en Varsovia (Polonia).WOJTKEK RZAZEWSKI (BLOOMBERG NEWS)<\/figcaption><\/figure>\n\n\n\n<h3 class=\"wp-block-heading\">El origen de las bater\u00edas<\/h3>\n\n\n\n<p>Segalmex y Tempoel M\u00e9xico cerraron un acuerdo el 23 de septiembre de 2019 para la compra de 14,8 millones de pesos sin IVA en pilas. Esto se traduc\u00eda en un 1.191.527 piezas de diferentes modelos. Seg\u00fan ha dicho la empresa a este peri\u00f3dico, el contrato fue firmado por Xavier Sambola Franco, quien dirig\u00eda la compa\u00f1\u00eda en ese momento, y\u00a0Manuel Lozano, que fue director comercial de Segalmex y es investigado por la Fiscal\u00eda General de la Rep\u00fablica por otro caso de corrupci\u00f3n. La mayor\u00eda del pedido eran cajas de pilas D, un modelo petac\u00f3n que se usa normalmente para linternas. Pero tambi\u00e9n adquirieron los modelos m\u00e1s usados para radios y controles remotos, AA y AAA, y uno menos com\u00fan, como la pila C, una pieza cuadrada que se utiliza para juguetes y consolas de videojuegos.<\/p>\n\n\n\n<p>Del total de los productos pagados por Segalmex, la empresa entreg\u00f3 menos de la mitad. El remanente se volvi\u00f3 un punto de disputa entre la paraestatal y Tempoel. La dependencia del Gobierno ha asegurado a este medio que solo recibi\u00f3 el 39,73% de los productos pagados, equivalentes a 5,9 millones de pesos, y que el remanente es del 60,23%, unos 8,9 millones de pesos en pilas.<\/p>\n\n\n\n<p>La proveedora mexicana contradice las cifras de Segalmex y asegura que es menor la cantidad no despachada. \u201cA instancia e instrucciones de Diconsa, se entreg\u00f3 todo el material seg\u00fan se hab\u00eda acordado, excepto una parte que nos indicaron que por espacio en sus almacenes no se les entregara hasta que nos dieran ellos las instrucciones\u201d, ha explicado una representante de la empresa por correo electr\u00f3nico. De acuerdo a esa versi\u00f3n, intentaron despachar lo que faltaba, pero Segalmex no quiso aceptarlo y a\u00fan lo tienen resguardado en un almac\u00e9n. De hecho, seg\u00fan la empresa, se hab\u00edan acordado cinco entregas del producto a la paraestatal, pero ni siquiera pudieron completar la primera. \u201cLa interrupci\u00f3n de este suministro nos ha provocado un\u00a0<em>sobrestock<\/em>\u00a0de aproximadamente 150.000 d\u00f3lares y que ten\u00edamos que haber suministrado al recibir nuevo pedido, una vez entregada la totalidad del primero\u201d, ha apuntado.<\/p>\n\n\n\n<figure class=\"wp-block-image size-full\"><img loading=\"lazy\" decoding=\"async\" width=\"538\" height=\"420\" src=\"https:\/\/quehacerpolitico.mx\/wp-content\/uploads\/2023\/05\/image-1.png\" alt=\"\" class=\"wp-image-100578\" srcset=\"https:\/\/quehacerpolitico.mx\/wp-content\/uploads\/2023\/05\/image-1.png 538w, https:\/\/quehacerpolitico.mx\/wp-content\/uploads\/2023\/05\/image-1-300x234.png 300w, https:\/\/quehacerpolitico.mx\/wp-content\/uploads\/2023\/05\/image-1-187x146.png 187w, https:\/\/quehacerpolitico.mx\/wp-content\/uploads\/2023\/05\/image-1-50x39.png 50w, https:\/\/quehacerpolitico.mx\/wp-content\/uploads\/2023\/05\/image-1-96x75.png 96w\" sizes=\"auto, (max-width: 538px) 100vw, 538px\" \/><\/figure>\n\n\n\n<p>Las razones de por qu\u00e9 no se cumpli\u00f3 con el despacho total del producto son distintas seg\u00fan cu\u00e1l de las partes involucradas hable. \u201cDurante la vigencia del contrato, Tempoel present\u00f3 incumplimientos en las condiciones pactadas. Esto motiv\u00f3 que Diconsa dejara de recibir las pilas. Desde febrero de 2022, la Direcci\u00f3n de Asuntos Jur\u00eddicos ha realizado acciones legales en contra de Tempoel debido a su incumplimiento\u201d, ha afirmado Segalmex. La empresa ha replicado: \u201cNo nos han aceptado en reiteradas ocasiones que hemos intentado hacerles la entrega de su material\u201d. \u201cEsta fue la \u00fanica compra-venta que tuvimos con Diconsa, a pesar de que ten\u00edamos un programa anual de cinco entregas que no se cumplieron (solo se hizo esta entrega)\u201d, ha agregado.<\/p>\n\n\n\n<h3 class=\"wp-block-heading\">Un fraude estructural<\/h3>\n\n\n\n<p>Las irregularidades en la compra de esas pilas quedaron registradas en varios controles internos. Un an\u00e1lisis hecho por Segalmex en 2022 revisa unos 120 pedidos realizados en los dos primeros a\u00f1os de operaciones a trav\u00e9s de compras centralizadas, un mecanismo que se puso en marcha con la unificaci\u00f3n de Diconsa y Liconsa bajo el manto de Segalmex y que dio el control total de las adquisiciones al titular de la Unidad de Administraci\u00f3n y Finanzas, que en ese periodo fue\u00a0Rene Gavira, acusado por la Fiscal\u00eda de cometer varios actos de corrupci\u00f3n en la dependencia. De acuerdo al documento, del total del dinero gastado en productos de la canasta b\u00e1sica, unos 1.094 millones de pesos, Segalmex recibi\u00f3 alrededor del 90%. El restante 10% fueron productos por los que pagaron, pero nunca recibieron.<\/p>\n\n\n\n<p>Bajo la direcci\u00f3n de Ignacio Ovalle, Segalmex comenz\u00f3 a utilizar un concepto denominado \u201crecepci\u00f3n jur\u00eddica\u201d, una figura poco com\u00fan en la administraci\u00f3n p\u00fablica que implicaba que el organismo pagaba a los proveedores la totalidad de los contratos, pero las empresas conservaban los productos hasta que la dependencia los solicitara. Esta pr\u00e1ctica llev\u00f3 a que los proveedores no entregaran el 100% de lo que se les hab\u00eda comprado,\u00a0generando un da\u00f1o a la Hacienda p\u00fablica .Entre los contratos que entraron bajo esta categor\u00eda hay, adem\u00e1s de las pilas, compras de champ\u00fa para piojos, gelatina, chocolate, caf\u00e9 o carne deshebrada.<\/p>\n\n\n\n<p>Una nota informativa interna de Segalmex explica que \u201cderivado de los grandes vol\u00famenes de art\u00edculos de las compras consolidadas, que se adquirieron en el \u00faltimo trimestre de 2019 y principios de 2020, se gener\u00f3 la siguiente problem\u00e1tica: varios proveedores no entregaron los art\u00edculos en su totalidad, se adquirieron art\u00edculos que no eran solicitados por las comunidades, se convirtieron en art\u00edculos de lento y nulo desplazamiento y en muchos casos en art\u00edculos en mal estado\u201d.<\/p>\n\n\n\n<p>Algo similar pas\u00f3 con las pilas. Las piezas que s\u00ed recibi\u00f3 Segalmex de Tempoel fueron distribuidas en 43 unidades operativas en todo el pa\u00eds. Pero muchas de ellas nunca fueron vendidas y se pusieron en mal estado. Por ejemplo, en una investigaci\u00f3n realizada en 2020, la Auditor\u00eda Superior de la Federaci\u00f3n encontr\u00f3 paquetes con 13.480 pilas caducas en un almac\u00e9n de Villahermosa, Estado de Tabasco.<\/p>\n\n\n\n<p>Caducadas, arrumbadas en bodegas, perdidas en mercados extranjeros a miles de kil\u00f3metros de distancia, el grueso de las pilas, cuya compra signific\u00f3 un gasto millonario de dinero p\u00fablico, no lleg\u00f3 a las manos que deb\u00eda llegar, las de los m\u00e1s pobres de M\u00e9xico. La pista de las bater\u00edas en Polonia es el \u00faltimo vistazo al fraude estructural que ha vivido Segalmex desde su creaci\u00f3n en 2019 y cuyos responsables a\u00fan deben rendir cuentas ante la justicia.<\/p>\n\n\n\n<p>Con Informaci\u00f3n de El Pa\u00eds <\/p>\n","protected":false},"excerpt":{"rendered":"<p>Por Redacci\u00f3n QP Miles de bater\u00edas que la paraestatal compr\u00f3 en 2019 a una empresa&#8230;<\/p>\n","protected":false},"author":2,"featured_media":100576,"comment_status":"open","ping_status":"open","sticky":false,"template":"","format":"standard","meta":{"_monsterinsights_skip_tracking":false,"_monsterinsights_sitenote_active":false,"_monsterinsights_sitenote_note":"","_monsterinsights_sitenote_category":0,"footnotes":""},"categories":[2],"tags":[],"class_list":["post-100575","post","type-post","status-publish","format-standard","has-post-thumbnail","hentry","category-noticias"],"yoast_head":"<!-- This site is optimized with the Yoast SEO plugin v27.3 - https:\/\/yoast.com\/product\/yoast-seo-wordpress\/ -->\n<title>El misterio de las pilas marca Segalmex que se venden en tiendas de Polonia -<\/title>\n<meta name=\"robots\" content=\"index, follow, max-snippet:-1, max-image-preview:large, max-video-preview:-1\" \/>\n<link rel=\"canonical\" href=\"https:\/\/quehacerpolitico.mx\/?p=100575\" \/>\n<meta property=\"og:locale\" content=\"es_MX\" \/>\n<meta property=\"og:type\" content=\"article\" \/>\n<meta property=\"og:title\" content=\"El misterio de las pilas marca Segalmex que se venden en tiendas de Polonia -\" \/>\n<meta property=\"og:description\" content=\"Por Redacci\u00f3n QP Miles de bater\u00edas que la paraestatal compr\u00f3 en 2019 a una empresa...\" \/>\n<meta property=\"og:url\" content=\"https:\/\/quehacerpolitico.mx\/?p=100575\" \/>\n<meta property=\"article:published_time\" content=\"2023-05-05T16:57:26+00:00\" \/>\n<meta property=\"article:modified_time\" content=\"2023-05-05T16:57:29+00:00\" \/>\n<meta property=\"og:image\" content=\"https:\/\/quehacerpolitico.mx\/wp-content\/uploads\/2023\/05\/IMG_7505.jpeg\" \/>\n\t<meta property=\"og:image:width\" content=\"1200\" \/>\n\t<meta property=\"og:image:height\" content=\"900\" \/>\n\t<meta property=\"og:image:type\" content=\"image\/jpeg\" \/>\n<meta name=\"author\" content=\"Redacci\u00f3n QP\" \/>\n<meta name=\"twitter:card\" content=\"summary_large_image\" \/>\n<meta name=\"twitter:label1\" content=\"Escrito por\" \/>\n\t<meta name=\"twitter:data1\" content=\"Redacci\u00f3n QP\" \/>\n\t<meta name=\"twitter:label2\" content=\"Tiempo de lectura\" \/>\n\t<meta name=\"twitter:data2\" content=\"8 minutos\" \/>\n<script type=\"application\/ld+json\" class=\"yoast-schema-graph\">{\"@context\":\"https:\\\/\\\/schema.org\",\"@graph\":[{\"@type\":\"Article\",\"@id\":\"https:\\\/\\\/quehacerpolitico.mx\\\/?p=100575#article\",\"isPartOf\":{\"@id\":\"https:\\\/\\\/quehacerpolitico.mx\\\/?p=100575\"},\"author\":{\"name\":\"Redacci\u00f3n QP\",\"@id\":\"https:\\\/\\\/quehacerpolitico.mx\\\/#\\\/schema\\\/person\\\/496d8ad2d1d3f8036101dca7ee39e585\"},\"headline\":\"El misterio de las pilas marca Segalmex que se venden en tiendas de Polonia\",\"datePublished\":\"2023-05-05T16:57:26+00:00\",\"dateModified\":\"2023-05-05T16:57:29+00:00\",\"mainEntityOfPage\":{\"@id\":\"https:\\\/\\\/quehacerpolitico.mx\\\/?p=100575\"},\"wordCount\":1655,\"commentCount\":0,\"image\":{\"@id\":\"https:\\\/\\\/quehacerpolitico.mx\\\/?p=100575#primaryimage\"},\"thumbnailUrl\":\"https:\\\/\\\/quehacerpolitico.mx\\\/wp-content\\\/uploads\\\/2023\\\/05\\\/IMG_7505.jpeg\",\"articleSection\":[\"Noticias\"],\"inLanguage\":\"es\",\"potentialAction\":[{\"@type\":\"CommentAction\",\"name\":\"Comment\",\"target\":[\"https:\\\/\\\/quehacerpolitico.mx\\\/?p=100575#respond\"]}]},{\"@type\":\"WebPage\",\"@id\":\"https:\\\/\\\/quehacerpolitico.mx\\\/?p=100575\",\"url\":\"https:\\\/\\\/quehacerpolitico.mx\\\/?p=100575\",\"name\":\"El misterio de las pilas marca Segalmex que se venden en tiendas de Polonia -\",\"isPartOf\":{\"@id\":\"https:\\\/\\\/quehacerpolitico.mx\\\/#website\"},\"primaryImageOfPage\":{\"@id\":\"https:\\\/\\\/quehacerpolitico.mx\\\/?p=100575#primaryimage\"},\"image\":{\"@id\":\"https:\\\/\\\/quehacerpolitico.mx\\\/?p=100575#primaryimage\"},\"thumbnailUrl\":\"https:\\\/\\\/quehacerpolitico.mx\\\/wp-content\\\/uploads\\\/2023\\\/05\\\/IMG_7505.jpeg\",\"datePublished\":\"2023-05-05T16:57:26+00:00\",\"dateModified\":\"2023-05-05T16:57:29+00:00\",\"author\":{\"@id\":\"https:\\\/\\\/quehacerpolitico.mx\\\/#\\\/schema\\\/person\\\/496d8ad2d1d3f8036101dca7ee39e585\"},\"breadcrumb\":{\"@id\":\"https:\\\/\\\/quehacerpolitico.mx\\\/?p=100575#breadcrumb\"},\"inLanguage\":\"es\",\"potentialAction\":[{\"@type\":\"ReadAction\",\"target\":[\"https:\\\/\\\/quehacerpolitico.mx\\\/?p=100575\"]}]},{\"@type\":\"ImageObject\",\"inLanguage\":\"es\",\"@id\":\"https:\\\/\\\/quehacerpolitico.mx\\\/?p=100575#primaryimage\",\"url\":\"https:\\\/\\\/quehacerpolitico.mx\\\/wp-content\\\/uploads\\\/2023\\\/05\\\/IMG_7505.jpeg\",\"contentUrl\":\"https:\\\/\\\/quehacerpolitico.mx\\\/wp-content\\\/uploads\\\/2023\\\/05\\\/IMG_7505.jpeg\",\"width\":1200,\"height\":900},{\"@type\":\"BreadcrumbList\",\"@id\":\"https:\\\/\\\/quehacerpolitico.mx\\\/?p=100575#breadcrumb\",\"itemListElement\":[{\"@type\":\"ListItem\",\"position\":1,\"name\":\"Inicio\",\"item\":\"https:\\\/\\\/quehacerpolitico.mx\\\/\"},{\"@type\":\"ListItem\",\"position\":2,\"name\":\"El misterio de las pilas marca Segalmex que se venden en tiendas de Polonia\"}]},{\"@type\":\"WebSite\",\"@id\":\"https:\\\/\\\/quehacerpolitico.mx\\\/#website\",\"url\":\"https:\\\/\\\/quehacerpolitico.mx\\\/\",\"name\":\"\",\"description\":\"\",\"potentialAction\":[{\"@type\":\"SearchAction\",\"target\":{\"@type\":\"EntryPoint\",\"urlTemplate\":\"https:\\\/\\\/quehacerpolitico.mx\\\/?s={search_term_string}\"},\"query-input\":{\"@type\":\"PropertyValueSpecification\",\"valueRequired\":true,\"valueName\":\"search_term_string\"}}],\"inLanguage\":\"es\"},{\"@type\":\"Person\",\"@id\":\"https:\\\/\\\/quehacerpolitico.mx\\\/#\\\/schema\\\/person\\\/496d8ad2d1d3f8036101dca7ee39e585\",\"name\":\"Redacci\u00f3n QP\",\"image\":{\"@type\":\"ImageObject\",\"inLanguage\":\"es\",\"@id\":\"https:\\\/\\\/secure.gravatar.com\\\/avatar\\\/c7164ed6fdec453195284ad24a5ae5b6e1eed2b848477fa2a4787ba9adf39a41?s=96&d=mm&r=g\",\"url\":\"https:\\\/\\\/secure.gravatar.com\\\/avatar\\\/c7164ed6fdec453195284ad24a5ae5b6e1eed2b848477fa2a4787ba9adf39a41?s=96&d=mm&r=g\",\"contentUrl\":\"https:\\\/\\\/secure.gravatar.com\\\/avatar\\\/c7164ed6fdec453195284ad24a5ae5b6e1eed2b848477fa2a4787ba9adf39a41?s=96&d=mm&r=g\",\"caption\":\"Redacci\u00f3n QP\"},\"url\":\"https:\\\/\\\/quehacerpolitico.mx\\\/?author=2\"}]}<\/script>\n<!-- \/ Yoast SEO plugin. -->","yoast_head_json":{"title":"El misterio de las pilas marca Segalmex que se venden en tiendas de Polonia -","robots":{"index":"index","follow":"follow","max-snippet":"max-snippet:-1","max-image-preview":"max-image-preview:large","max-video-preview":"max-video-preview:-1"},"canonical":"https:\/\/quehacerpolitico.mx\/?p=100575","og_locale":"es_MX","og_type":"article","og_title":"El misterio de las pilas marca Segalmex que se venden en tiendas de Polonia -","og_description":"Por Redacci\u00f3n QP Miles de bater\u00edas que la paraestatal compr\u00f3 en 2019 a una empresa...","og_url":"https:\/\/quehacerpolitico.mx\/?p=100575","article_published_time":"2023-05-05T16:57:26+00:00","article_modified_time":"2023-05-05T16:57:29+00:00","og_image":[{"width":1200,"height":900,"url":"https:\/\/quehacerpolitico.mx\/wp-content\/uploads\/2023\/05\/IMG_7505.jpeg","type":"image\/jpeg"}],"author":"Redacci\u00f3n QP","twitter_card":"summary_large_image","twitter_misc":{"Escrito por":"Redacci\u00f3n QP","Tiempo de lectura":"8 minutos"},"schema":{"@context":"https:\/\/schema.org","@graph":[{"@type":"Article","@id":"https:\/\/quehacerpolitico.mx\/?p=100575#article","isPartOf":{"@id":"https:\/\/quehacerpolitico.mx\/?p=100575"},"author":{"name":"Redacci\u00f3n QP","@id":"https:\/\/quehacerpolitico.mx\/#\/schema\/person\/496d8ad2d1d3f8036101dca7ee39e585"},"headline":"El misterio de las pilas marca Segalmex que se venden en tiendas de Polonia","datePublished":"2023-05-05T16:57:26+00:00","dateModified":"2023-05-05T16:57:29+00:00","mainEntityOfPage":{"@id":"https:\/\/quehacerpolitico.mx\/?p=100575"},"wordCount":1655,"commentCount":0,"image":{"@id":"https:\/\/quehacerpolitico.mx\/?p=100575#primaryimage"},"thumbnailUrl":"https:\/\/quehacerpolitico.mx\/wp-content\/uploads\/2023\/05\/IMG_7505.jpeg","articleSection":["Noticias"],"inLanguage":"es","potentialAction":[{"@type":"CommentAction","name":"Comment","target":["https:\/\/quehacerpolitico.mx\/?p=100575#respond"]}]},{"@type":"WebPage","@id":"https:\/\/quehacerpolitico.mx\/?p=100575","url":"https:\/\/quehacerpolitico.mx\/?p=100575","name":"El misterio de las pilas marca Segalmex que se venden en tiendas de Polonia -","isPartOf":{"@id":"https:\/\/quehacerpolitico.mx\/#website"},"primaryImageOfPage":{"@id":"https:\/\/quehacerpolitico.mx\/?p=100575#primaryimage"},"image":{"@id":"https:\/\/quehacerpolitico.mx\/?p=100575#primaryimage"},"thumbnailUrl":"https:\/\/quehacerpolitico.mx\/wp-content\/uploads\/2023\/05\/IMG_7505.jpeg","datePublished":"2023-05-05T16:57:26+00:00","dateModified":"2023-05-05T16:57:29+00:00","author":{"@id":"https:\/\/quehacerpolitico.mx\/#\/schema\/person\/496d8ad2d1d3f8036101dca7ee39e585"},"breadcrumb":{"@id":"https:\/\/quehacerpolitico.mx\/?p=100575#breadcrumb"},"inLanguage":"es","potentialAction":[{"@type":"ReadAction","target":["https:\/\/quehacerpolitico.mx\/?p=100575"]}]},{"@type":"ImageObject","inLanguage":"es","@id":"https:\/\/quehacerpolitico.mx\/?p=100575#primaryimage","url":"https:\/\/quehacerpolitico.mx\/wp-content\/uploads\/2023\/05\/IMG_7505.jpeg","contentUrl":"https:\/\/quehacerpolitico.mx\/wp-content\/uploads\/2023\/05\/IMG_7505.jpeg","width":1200,"height":900},{"@type":"BreadcrumbList","@id":"https:\/\/quehacerpolitico.mx\/?p=100575#breadcrumb","itemListElement":[{"@type":"ListItem","position":1,"name":"Inicio","item":"https:\/\/quehacerpolitico.mx\/"},{"@type":"ListItem","position":2,"name":"El misterio de las pilas marca Segalmex que se venden en tiendas de Polonia"}]},{"@type":"WebSite","@id":"https:\/\/quehacerpolitico.mx\/#website","url":"https:\/\/quehacerpolitico.mx\/","name":"","description":"","potentialAction":[{"@type":"SearchAction","target":{"@type":"EntryPoint","urlTemplate":"https:\/\/quehacerpolitico.mx\/?s={search_term_string}"},"query-input":{"@type":"PropertyValueSpecification","valueRequired":true,"valueName":"search_term_string"}}],"inLanguage":"es"},{"@type":"Person","@id":"https:\/\/quehacerpolitico.mx\/#\/schema\/person\/496d8ad2d1d3f8036101dca7ee39e585","name":"Redacci\u00f3n QP","image":{"@type":"ImageObject","inLanguage":"es","@id":"https:\/\/secure.gravatar.com\/avatar\/c7164ed6fdec453195284ad24a5ae5b6e1eed2b848477fa2a4787ba9adf39a41?s=96&d=mm&r=g","url":"https:\/\/secure.gravatar.com\/avatar\/c7164ed6fdec453195284ad24a5ae5b6e1eed2b848477fa2a4787ba9adf39a41?s=96&d=mm&r=g","contentUrl":"https:\/\/secure.gravatar.com\/avatar\/c7164ed6fdec453195284ad24a5ae5b6e1eed2b848477fa2a4787ba9adf39a41?s=96&d=mm&r=g","caption":"Redacci\u00f3n QP"},"url":"https:\/\/quehacerpolitico.mx\/?author=2"}]}},"featured_image_urls":{"full":["https:\/\/quehacerpolitico.mx\/wp-content\/uploads\/2023\/05\/IMG_7505.jpeg",1200,900,false],"thumbnail":["https:\/\/quehacerpolitico.mx\/wp-content\/uploads\/2023\/05\/IMG_7505-150x150.jpeg",150,150,true],"medium":["https:\/\/quehacerpolitico.mx\/wp-content\/uploads\/2023\/05\/IMG_7505-300x225.jpeg",300,225,true],"medium_large":["https:\/\/quehacerpolitico.mx\/wp-content\/uploads\/2023\/05\/IMG_7505-768x576.jpeg",640,480,true],"large":["https:\/\/quehacerpolitico.mx\/wp-content\/uploads\/2023\/05\/IMG_7505-1024x768.jpeg",640,480,true],"1536x1536":["https:\/\/quehacerpolitico.mx\/wp-content\/uploads\/2023\/05\/IMG_7505.jpeg",1200,900,false],"2048x2048":["https:\/\/quehacerpolitico.mx\/wp-content\/uploads\/2023\/05\/IMG_7505.jpeg",1200,900,false],"covernews-featured":["https:\/\/quehacerpolitico.mx\/wp-content\/uploads\/2023\/05\/IMG_7505.jpeg",1024,768,false],"covernews-medium":["https:\/\/quehacerpolitico.mx\/wp-content\/uploads\/2023\/05\/IMG_7505.jpeg",453,340,false]},"author_info":{"display_name":"Redacci\u00f3n QP","author_link":"https:\/\/quehacerpolitico.mx\/?author=2"},"category_info":"<a href=\"https:\/\/quehacerpolitico.mx\/?cat=2\" rel=\"category\">Noticias<\/a>","tag_info":"Noticias","comment_count":"0","_links":{"self":[{"href":"https:\/\/quehacerpolitico.mx\/index.php?rest_route=\/wp\/v2\/posts\/100575","targetHints":{"allow":["GET"]}}],"collection":[{"href":"https:\/\/quehacerpolitico.mx\/index.php?rest_route=\/wp\/v2\/posts"}],"about":[{"href":"https:\/\/quehacerpolitico.mx\/index.php?rest_route=\/wp\/v2\/types\/post"}],"author":[{"embeddable":true,"href":"https:\/\/quehacerpolitico.mx\/index.php?rest_route=\/wp\/v2\/users\/2"}],"replies":[{"embeddable":true,"href":"https:\/\/quehacerpolitico.mx\/index.php?rest_route=%2Fwp%2Fv2%2Fcomments&post=100575"}],"version-history":[{"count":1,"href":"https:\/\/quehacerpolitico.mx\/index.php?rest_route=\/wp\/v2\/posts\/100575\/revisions"}],"predecessor-version":[{"id":100579,"href":"https:\/\/quehacerpolitico.mx\/index.php?rest_route=\/wp\/v2\/posts\/100575\/revisions\/100579"}],"wp:featuredmedia":[{"embeddable":true,"href":"https:\/\/quehacerpolitico.mx\/index.php?rest_route=\/wp\/v2\/media\/100576"}],"wp:attachment":[{"href":"https:\/\/quehacerpolitico.mx\/index.php?rest_route=%2Fwp%2Fv2%2Fmedia&parent=100575"}],"wp:term":[{"taxonomy":"category","embeddable":true,"href":"https:\/\/quehacerpolitico.mx\/index.php?rest_route=%2Fwp%2Fv2%2Fcategories&post=100575"},{"taxonomy":"post_tag","embeddable":true,"href":"https:\/\/quehacerpolitico.mx\/index.php?rest_route=%2Fwp%2Fv2%2Ftags&post=100575"}],"curies":[{"name":"wp","href":"https:\/\/api.w.org\/{rel}","templated":true}]}}