{"id":100569,"date":"2023-05-05T15:14:59","date_gmt":"2023-05-05T15:14:59","guid":{"rendered":"https:\/\/quehacerpolitico.mx\/?p=100569"},"modified":"2023-05-05T15:15:02","modified_gmt":"2023-05-05T15:15:02","slug":"el-quehacer-politico-jose-alberto-prado-angeles-5-de-mayo-el-origen-de-la-batalla-de-puebla","status":"publish","type":"post","link":"https:\/\/quehacerpolitico.mx\/?p=100569","title":{"rendered":"El Quehacer Pol\u00edtico\/\/\/Jose Alberto Prado Angeles\/\/\/5 de mayo \u00e9l origen de la Batalla de Puebla"},"content":{"rendered":"\n<p>Por Jos\u00e9 Alberto Prado \u00c1ngeles <\/p>\n\n\n\n<p>Editor y Director General<\/p>\n\n\n\n<p>El 5 de mayo de 1862, el ej\u00e9rcito mexicano logr\u00f3 derrotar a las huestes francesas en las inmediaciones de Puebla. Por estas razones\u00a0seguimos conmemorando esta victoria<\/p>\n\n\n\n<p>Hace 161\u00a0a\u00f1os,\u00a0<strong>el 5 de mayo de 1862, el ej\u00e9rcito mexicano, en las cercan\u00edas de Puebla,\u00a0se diput\u00f3 a la muerte<\/strong>\u00a0con todas sus armas para impedir que los franceses ocuparan la capital.<strong>\u00a0Fue una batalla larga y dif\u00edcil<\/strong>, con innumerables\u00a0bajas humanas y materiales para ambos bandos, y cuyo desenlace\u00a0<strong>fue inesperado no s\u00f3lo para M\u00e9xico, sino para el mundo.<\/strong><\/p>\n\n\n\n<p>El ej\u00e9rcito mexicano, compuesto por combatientes de una naci\u00f3n que apenas hab\u00eda alcanzado su&nbsp;<strong>independencia hacia 41 a\u00f1os<\/strong>, logr\u00f3 derrotar a las huestes francesas&nbsp;del emperador Napole\u00f3n III, y que entonces era considerado&nbsp;<strong>un ej\u00e9rcito mitol\u00f3gico por sus victorias incontables a lo largo y ancho del mundo.&nbsp;<\/strong><\/p>\n\n\n\n<p>La derrota de Francia tuvo un impacto enorme en la naci\u00f3n mexicana del siglo XIX. M\u00e9xico, que hab\u00eda vivido sus a\u00f1os independientes en constantes guerras civiles y rencillas internas innumerables,\u00a0<strong>logr\u00f3 derrotar un imperio consolidado y temido<\/strong>. Represent\u00f3 una victoria hist\u00f3rica y necesaria para un pa\u00eds que no hab\u00eda tenido un instante de paz en casi medio siglo de guerra civil.<\/p>\n\n\n\n<figure class=\"wp-block-image size-full\"><img loading=\"lazy\" decoding=\"async\" width=\"360\" height=\"229\" src=\"https:\/\/quehacerpolitico.mx\/wp-content\/uploads\/2023\/05\/image-20.jpeg\" alt=\"\" class=\"wp-image-100571\" srcset=\"https:\/\/quehacerpolitico.mx\/wp-content\/uploads\/2023\/05\/image-20.jpeg 360w, https:\/\/quehacerpolitico.mx\/wp-content\/uploads\/2023\/05\/image-20-300x191.jpeg 300w, https:\/\/quehacerpolitico.mx\/wp-content\/uploads\/2023\/05\/image-20-230x146.jpeg 230w, https:\/\/quehacerpolitico.mx\/wp-content\/uploads\/2023\/05\/image-20-50x32.jpeg 50w, https:\/\/quehacerpolitico.mx\/wp-content\/uploads\/2023\/05\/image-20-118x75.jpeg 118w\" sizes=\"auto, (max-width: 360px) 100vw, 360px\" \/><\/figure>\n\n\n\n<h2 class=\"wp-block-heading\">5 de mayo: \u00bfPor qu\u00e9 Francia invadi\u00f3 M\u00e9xico?<\/h2>\n\n\n\n<p>Varias circunstancias geopol\u00edticas fueron decisivas para que el ej\u00e9rcito franc\u00e9s decidiera ocupar el territorio mexicano. De acuerdo con el Gobierno de M\u00e9xico, a&nbsp;Europa le preocupaba&nbsp;<strong>el acelerado expansionismo de Estado Unidos<\/strong>, que en pocas d\u00e9cadas hab\u00eda ampliado sus fronteras&nbsp;de oc\u00e9ano a oc\u00e9ano a causa de las intransigencias de su&nbsp;<em>destino manifiesto<\/em>, y&nbsp;<strong>cuyo prop\u00f3sito era no detenerse sino hasta&nbsp;llegar a los mares g\u00e9lidos del&nbsp;hemisferio sur.<\/strong><\/p>\n\n\n\n<p>Europa, preocupada por\u00a0perder el poder\u00edo de Am\u00e9rica, el cual se le hab\u00eda escapado de las manos en las sucesivas independencias de sus colonias, ten\u00eda contemplado erigir\u00a0un imperio europeo en el otro lado del mundo para\u00a0<strong>frenar, en medida de lo posible, el\u00a0subrepticio expansionismo yankee.<\/strong>\u00a0La campa\u00f1a alucinante del imperio europeo en Am\u00e9rica fue puesta en marcha por el emperador franc\u00e9s, Napole\u00f3n III, con la colaboraci\u00f3n decisiva de los conservadores mexicanos, que desde los tiempos de la colonia se quedaron estancados en la idealizaci\u00f3n de una monarqu\u00eda.<\/p>\n\n\n\n<h2 class=\"wp-block-heading\">\u00bfQu\u00e9 pasaba en M\u00e9xico?<\/h2>\n\n\n\n<p>De acuerdo con el<strong>&nbsp;Instituto Nacional de Antropolog\u00eda e Historia, (INAH)<\/strong>, en M\u00e9xico se gestaban otros factores internos que sirvieron de justificaci\u00f3n para las tentativas invasoras de los franceses.<strong>&nbsp;Benito Ju\u00e1rez<\/strong>, presidente de la rep\u00fablica, reci\u00e9n hab\u00eda salido victorioso del conflicto civil de la&nbsp;<strong>guerra de Reforma, que dur\u00f3 entre 1858 y 1861,<\/strong>&nbsp;pero su triunfo no implic\u00f3 que el pa\u00eds estuviese de acuerdo con su pol\u00edtica ni con su gobierno.<\/p>\n\n\n\n<p>M\u00e9xico estaba dividido en todo sentido entre dos bandos irreconciliables: Ju\u00e1rez abogaba por un sistema econ\u00f3mico, pol\u00edtico y social inclinado al liberalismo,\u00a0<strong>mientras que los conservadores se inclinaban a la monarqu\u00eda.<\/strong><\/p>\n\n\n\n<figure class=\"wp-block-image size-full\"><img loading=\"lazy\" decoding=\"async\" width=\"400\" height=\"250\" src=\"https:\/\/quehacerpolitico.mx\/wp-content\/uploads\/2023\/05\/image-21.jpeg\" alt=\"\" class=\"wp-image-100572\" srcset=\"https:\/\/quehacerpolitico.mx\/wp-content\/uploads\/2023\/05\/image-21.jpeg 400w, https:\/\/quehacerpolitico.mx\/wp-content\/uploads\/2023\/05\/image-21-300x188.jpeg 300w, https:\/\/quehacerpolitico.mx\/wp-content\/uploads\/2023\/05\/image-21-234x146.jpeg 234w, https:\/\/quehacerpolitico.mx\/wp-content\/uploads\/2023\/05\/image-21-50x31.jpeg 50w, https:\/\/quehacerpolitico.mx\/wp-content\/uploads\/2023\/05\/image-21-120x75.jpeg 120w\" sizes=\"auto, (max-width: 400px) 100vw, 400px\" \/><\/figure>\n\n\n\n<figure class=\"wp-block-image\"><img decoding=\"async\" src=\"https:\/\/www.informador.mx\/export\/sites\/elinformador\/img\/2022\/05\/05\/rs1067890_2428883-dig-2015-05-05-0130-lpr.jpg_350191707.jpg\" alt=\"\" title=\"\"\/><figcaption class=\"wp-element-caption\">Cada 5 de mayo se realizan representaciones de la batalla de Puebla en diversas partes de M\u00e9xico. NTX\/ARCHIVO&nbsp;<\/figcaption><\/figure>\n\n\n\n<p>El 17 de julio de 1861, tras la guerra de Reforma, Ju\u00e1rez decidi\u00f3&nbsp;<strong>suspender la deuda externa que entonces hab\u00eda con&nbsp;Espa\u00f1a, Inglaterra y Francia&nbsp;<\/strong>para poder enfocarse en el rescate de la inestable econom\u00eda mexicana. Las naciones europeas no recibieron con entusiasmo su decisi\u00f3n, y meses despu\u00e9s&nbsp;<strong>mandaron sus tropas armadas a las costas ardientes de Veracruz<\/strong>&nbsp;en se\u00f1al de guerra en caso de que M\u00e9xico no pagara sus deudas.<\/p>\n\n\n\n<p>Los barcos extranjeros arribaron entre diciembre y enero de 1862, de acuerdo con el Gobierno de M\u00e9xico. Benito Ju\u00e1rez logr\u00f3 pactar acuerdos con los espa\u00f1oles e ingleses, quienes retiraron sus ej\u00e9rcitos de las costas veracruzanas,&nbsp;<strong>pero los franceses se quedaron, llevando a cabo los planes que ya ten\u00edan de antemano.&nbsp;<\/strong><\/p>\n\n\n\n<h2 class=\"wp-block-heading\">5 de mayo: La batalla de Puebla<\/h2>\n\n\n\n<p>Dejando Veracruz atr\u00e1s,\u00a0<strong>el 19 de abril de 1862 los franceses se dirigieron al centro de M\u00e9xico<\/strong>\u00a0para ocupar la capital. Estaban seguros de su victoria anticipada, convencidos que superaban a los mexicanos no s\u00f3lo en armamento, sino tambi\u00e9n en raza e inteligencia.\u00a0Benito Ju\u00e1rez, en una orden urgente, dispuso que fuera<strong>\u00a0Ignacio Zaragoza\u00a0<\/strong>quien contuviera el avance del ej\u00e9rcito invasor.<\/p>\n\n\n\n<figure class=\"wp-block-image size-full\"><img loading=\"lazy\" decoding=\"async\" width=\"728\" height=\"421\" src=\"https:\/\/quehacerpolitico.mx\/wp-content\/uploads\/2023\/05\/image-22.jpeg\" alt=\"\" class=\"wp-image-100573\" srcset=\"https:\/\/quehacerpolitico.mx\/wp-content\/uploads\/2023\/05\/image-22.jpeg 728w, https:\/\/quehacerpolitico.mx\/wp-content\/uploads\/2023\/05\/image-22-300x173.jpeg 300w, https:\/\/quehacerpolitico.mx\/wp-content\/uploads\/2023\/05\/image-22-252x146.jpeg 252w, https:\/\/quehacerpolitico.mx\/wp-content\/uploads\/2023\/05\/image-22-50x29.jpeg 50w, https:\/\/quehacerpolitico.mx\/wp-content\/uploads\/2023\/05\/image-22-130x75.jpeg 130w\" sizes=\"auto, (max-width: 728px) 100vw, 728px\" \/><\/figure>\n\n\n\n<p>El ej\u00e9rcito mexicano, conformado en parte por soldados improvisados,&nbsp;tom\u00f3 ventaja en la batalla, al grado en que&nbsp;<strong>los franceses se vieron obligados a retirarse<\/strong>&nbsp;ante la ventaja defensiva del ej\u00e9rcito contrario. Las estrategias militares de Porfirio D\u00edaz, que entonces era un combatiente de renombre, tambi\u00e9n fueron determinantes en la batalla.&nbsp;<\/p>\n\n\n\n<p>Contra todo pron\u00f3stico, los mexicanos resultaron victoriosos. Fue un triunfo necesario&nbsp;para Ju\u00e1rez, que en cierto modo le dio credibilidad a su gobierno, y que llev\u00f3 a que M\u00e9xico, un pa\u00eds en guerra perpetua,&nbsp;<strong>comenzara a sonar de modo favorable en el mundo.&nbsp;<\/strong><\/p>\n\n\n\n<h2 class=\"wp-block-heading\">\u00bfQu\u00e9 pas\u00f3 despu\u00e9s?<\/h2>\n\n\n\n<p>De acuerdo con la<strong>&nbsp;Comisi\u00f3n Nacional de Derechos Humanos (CNDH)<\/strong>, el general Ignacio Zaragoza<strong>falleci\u00f3 cuatro meses despu\u00e9s<\/strong>, en la misma ciudad que defendi\u00f3 a muerte, v\u00edctima de la fiebre tifoidea. La batalla de Puebla fue una victoria p\u00edrrica para Benito Ju\u00e1rez. Un a\u00f1o despu\u00e9s, con su organizaci\u00f3n mejor estructurada, el ej\u00e9rcito franc\u00e9s regres\u00f3 a tierras mexicanas, y esta vez nuestro&nbsp;ej\u00e9rcito no logr\u00f3 detenerlos.<strong>&nbsp;El 17 de mayo de 1863, los franceses izaron las banderas de la victoria.<\/strong>&nbsp;Ju\u00e1rez se fue al exilio, lo que le valdr\u00eda el apodo del &#8220;presidente errante&#8221;.&nbsp;<\/p>\n\n\n\n<p>Los invasores, en alianza con los conservadores mexicanos -entre ellos el hijo de Jos\u00e9 Mar\u00eda Morelos-, decretaron que M\u00e9xico\u00a0<strong>&#8220;adoptar\u00eda la forma de Gobierno la Monarqu\u00eda Moderada, hereditaria, con un pr\u00edncipe cat\u00f3lico&#8221;, y que &#8220;el soberano tomar\u00eda el t\u00edtulo de emperador de M\u00e9xico&#8221;.<\/strong>\u00a0Un a\u00f1o despu\u00e9s, llegaron al pa\u00eds, entusiasmados, los que ser\u00edan los ef\u00edmeros emperadores de M\u00e9xico,\u00a0<strong>Maximiliano de Habsburgo y su esposa Carlota de B\u00e9lgica,<\/strong>\u00a0quienes habr\u00edan de enfrentar m\u00e1s desavenencias que\u00a0<strong>dichas en la primavera triste\u00a0de su imperio desafortunado.<\/strong><\/p>\n\n\n\n<p>As\u00ed el Quehacer Pol\u00edtico Desde 1980, inquiriendo en la pol\u00edtica de M\u00e9xico, cuestionando, exponiendo, revelando y razonando<\/p>\n","protected":false},"excerpt":{"rendered":"<p>Por Jos\u00e9 Alberto Prado \u00c1ngeles Editor y Director General El 5 de mayo de 1862,&#8230;<\/p>\n","protected":false},"author":2,"featured_media":100570,"comment_status":"open","ping_status":"open","sticky":false,"template":"","format":"standard","meta":{"_monsterinsights_skip_tracking":false,"_monsterinsights_sitenote_active":false,"_monsterinsights_sitenote_note":"","_monsterinsights_sitenote_category":0,"footnotes":""},"categories":[58],"tags":[],"class_list":["post-100569","post","type-post","status-publish","format-standard","has-post-thumbnail","hentry","category-cultura"],"yoast_head":"<!-- This site is optimized with the Yoast SEO plugin v27.3 - https:\/\/yoast.com\/product\/yoast-seo-wordpress\/ -->\n<title>El Quehacer Pol\u00edtico\/\/\/Jose Alberto Prado Angeles\/\/\/5 de mayo \u00e9l origen de la Batalla de Puebla -<\/title>\n<meta name=\"robots\" content=\"index, follow, max-snippet:-1, max-image-preview:large, max-video-preview:-1\" \/>\n<link rel=\"canonical\" href=\"https:\/\/quehacerpolitico.mx\/?p=100569\" \/>\n<meta property=\"og:locale\" content=\"es_MX\" \/>\n<meta property=\"og:type\" content=\"article\" \/>\n<meta property=\"og:title\" content=\"El Quehacer Pol\u00edtico\/\/\/Jose Alberto Prado Angeles\/\/\/5 de mayo \u00e9l origen de la Batalla de Puebla -\" \/>\n<meta property=\"og:description\" content=\"Por Jos\u00e9 Alberto Prado \u00c1ngeles Editor y Director General El 5 de mayo de 1862,...\" \/>\n<meta property=\"og:url\" content=\"https:\/\/quehacerpolitico.mx\/?p=100569\" \/>\n<meta property=\"article:published_time\" content=\"2023-05-05T15:14:59+00:00\" \/>\n<meta property=\"article:modified_time\" content=\"2023-05-05T15:15:02+00:00\" \/>\n<meta property=\"og:image\" content=\"https:\/\/quehacerpolitico.mx\/wp-content\/uploads\/2023\/05\/511bc7b1-f34b-4418-b917-5120714f846d-1.jpeg\" \/>\n\t<meta property=\"og:image:width\" content=\"963\" \/>\n\t<meta property=\"og:image:height\" content=\"493\" \/>\n\t<meta property=\"og:image:type\" content=\"image\/jpeg\" \/>\n<meta name=\"author\" content=\"Redacci\u00f3n QP\" \/>\n<meta name=\"twitter:card\" content=\"summary_large_image\" \/>\n<meta name=\"twitter:label1\" content=\"Escrito por\" \/>\n\t<meta name=\"twitter:data1\" content=\"Redacci\u00f3n QP\" \/>\n\t<meta name=\"twitter:label2\" content=\"Tiempo de lectura\" \/>\n\t<meta name=\"twitter:data2\" content=\"6 minutos\" \/>\n<script type=\"application\/ld+json\" class=\"yoast-schema-graph\">{\"@context\":\"https:\\\/\\\/schema.org\",\"@graph\":[{\"@type\":\"Article\",\"@id\":\"https:\\\/\\\/quehacerpolitico.mx\\\/?p=100569#article\",\"isPartOf\":{\"@id\":\"https:\\\/\\\/quehacerpolitico.mx\\\/?p=100569\"},\"author\":{\"name\":\"Redacci\u00f3n QP\",\"@id\":\"https:\\\/\\\/quehacerpolitico.mx\\\/#\\\/schema\\\/person\\\/496d8ad2d1d3f8036101dca7ee39e585\"},\"headline\":\"El Quehacer Pol\u00edtico\\\/\\\/\\\/Jose Alberto Prado Angeles\\\/\\\/\\\/5 de mayo \u00e9l origen de la Batalla de Puebla\",\"datePublished\":\"2023-05-05T15:14:59+00:00\",\"dateModified\":\"2023-05-05T15:15:02+00:00\",\"mainEntityOfPage\":{\"@id\":\"https:\\\/\\\/quehacerpolitico.mx\\\/?p=100569\"},\"wordCount\":1129,\"commentCount\":0,\"image\":{\"@id\":\"https:\\\/\\\/quehacerpolitico.mx\\\/?p=100569#primaryimage\"},\"thumbnailUrl\":\"https:\\\/\\\/quehacerpolitico.mx\\\/wp-content\\\/uploads\\\/2023\\\/05\\\/511bc7b1-f34b-4418-b917-5120714f846d-1.jpeg\",\"articleSection\":[\"Cultura y Entretenimiento\"],\"inLanguage\":\"es\",\"potentialAction\":[{\"@type\":\"CommentAction\",\"name\":\"Comment\",\"target\":[\"https:\\\/\\\/quehacerpolitico.mx\\\/?p=100569#respond\"]}]},{\"@type\":\"WebPage\",\"@id\":\"https:\\\/\\\/quehacerpolitico.mx\\\/?p=100569\",\"url\":\"https:\\\/\\\/quehacerpolitico.mx\\\/?p=100569\",\"name\":\"El Quehacer Pol\u00edtico\\\/\\\/\\\/Jose Alberto Prado Angeles\\\/\\\/\\\/5 de mayo \u00e9l origen de la Batalla de Puebla -\",\"isPartOf\":{\"@id\":\"https:\\\/\\\/quehacerpolitico.mx\\\/#website\"},\"primaryImageOfPage\":{\"@id\":\"https:\\\/\\\/quehacerpolitico.mx\\\/?p=100569#primaryimage\"},\"image\":{\"@id\":\"https:\\\/\\\/quehacerpolitico.mx\\\/?p=100569#primaryimage\"},\"thumbnailUrl\":\"https:\\\/\\\/quehacerpolitico.mx\\\/wp-content\\\/uploads\\\/2023\\\/05\\\/511bc7b1-f34b-4418-b917-5120714f846d-1.jpeg\",\"datePublished\":\"2023-05-05T15:14:59+00:00\",\"dateModified\":\"2023-05-05T15:15:02+00:00\",\"author\":{\"@id\":\"https:\\\/\\\/quehacerpolitico.mx\\\/#\\\/schema\\\/person\\\/496d8ad2d1d3f8036101dca7ee39e585\"},\"breadcrumb\":{\"@id\":\"https:\\\/\\\/quehacerpolitico.mx\\\/?p=100569#breadcrumb\"},\"inLanguage\":\"es\",\"potentialAction\":[{\"@type\":\"ReadAction\",\"target\":[\"https:\\\/\\\/quehacerpolitico.mx\\\/?p=100569\"]}]},{\"@type\":\"ImageObject\",\"inLanguage\":\"es\",\"@id\":\"https:\\\/\\\/quehacerpolitico.mx\\\/?p=100569#primaryimage\",\"url\":\"https:\\\/\\\/quehacerpolitico.mx\\\/wp-content\\\/uploads\\\/2023\\\/05\\\/511bc7b1-f34b-4418-b917-5120714f846d-1.jpeg\",\"contentUrl\":\"https:\\\/\\\/quehacerpolitico.mx\\\/wp-content\\\/uploads\\\/2023\\\/05\\\/511bc7b1-f34b-4418-b917-5120714f846d-1.jpeg\",\"width\":963,\"height\":493},{\"@type\":\"BreadcrumbList\",\"@id\":\"https:\\\/\\\/quehacerpolitico.mx\\\/?p=100569#breadcrumb\",\"itemListElement\":[{\"@type\":\"ListItem\",\"position\":1,\"name\":\"Inicio\",\"item\":\"https:\\\/\\\/quehacerpolitico.mx\\\/\"},{\"@type\":\"ListItem\",\"position\":2,\"name\":\"El Quehacer Pol\u00edtico\\\/\\\/\\\/Jose Alberto Prado Angeles\\\/\\\/\\\/5 de mayo \u00e9l origen de la Batalla de Puebla\"}]},{\"@type\":\"WebSite\",\"@id\":\"https:\\\/\\\/quehacerpolitico.mx\\\/#website\",\"url\":\"https:\\\/\\\/quehacerpolitico.mx\\\/\",\"name\":\"\",\"description\":\"\",\"potentialAction\":[{\"@type\":\"SearchAction\",\"target\":{\"@type\":\"EntryPoint\",\"urlTemplate\":\"https:\\\/\\\/quehacerpolitico.mx\\\/?s={search_term_string}\"},\"query-input\":{\"@type\":\"PropertyValueSpecification\",\"valueRequired\":true,\"valueName\":\"search_term_string\"}}],\"inLanguage\":\"es\"},{\"@type\":\"Person\",\"@id\":\"https:\\\/\\\/quehacerpolitico.mx\\\/#\\\/schema\\\/person\\\/496d8ad2d1d3f8036101dca7ee39e585\",\"name\":\"Redacci\u00f3n QP\",\"image\":{\"@type\":\"ImageObject\",\"inLanguage\":\"es\",\"@id\":\"https:\\\/\\\/secure.gravatar.com\\\/avatar\\\/c7164ed6fdec453195284ad24a5ae5b6e1eed2b848477fa2a4787ba9adf39a41?s=96&d=mm&r=g\",\"url\":\"https:\\\/\\\/secure.gravatar.com\\\/avatar\\\/c7164ed6fdec453195284ad24a5ae5b6e1eed2b848477fa2a4787ba9adf39a41?s=96&d=mm&r=g\",\"contentUrl\":\"https:\\\/\\\/secure.gravatar.com\\\/avatar\\\/c7164ed6fdec453195284ad24a5ae5b6e1eed2b848477fa2a4787ba9adf39a41?s=96&d=mm&r=g\",\"caption\":\"Redacci\u00f3n QP\"},\"url\":\"https:\\\/\\\/quehacerpolitico.mx\\\/?author=2\"}]}<\/script>\n<!-- \/ Yoast SEO plugin. -->","yoast_head_json":{"title":"El Quehacer Pol\u00edtico\/\/\/Jose Alberto Prado Angeles\/\/\/5 de mayo \u00e9l origen de la Batalla de Puebla -","robots":{"index":"index","follow":"follow","max-snippet":"max-snippet:-1","max-image-preview":"max-image-preview:large","max-video-preview":"max-video-preview:-1"},"canonical":"https:\/\/quehacerpolitico.mx\/?p=100569","og_locale":"es_MX","og_type":"article","og_title":"El Quehacer Pol\u00edtico\/\/\/Jose Alberto Prado Angeles\/\/\/5 de mayo \u00e9l origen de la Batalla de Puebla -","og_description":"Por Jos\u00e9 Alberto Prado \u00c1ngeles Editor y Director General El 5 de mayo de 1862,...","og_url":"https:\/\/quehacerpolitico.mx\/?p=100569","article_published_time":"2023-05-05T15:14:59+00:00","article_modified_time":"2023-05-05T15:15:02+00:00","og_image":[{"width":963,"height":493,"url":"https:\/\/quehacerpolitico.mx\/wp-content\/uploads\/2023\/05\/511bc7b1-f34b-4418-b917-5120714f846d-1.jpeg","type":"image\/jpeg"}],"author":"Redacci\u00f3n QP","twitter_card":"summary_large_image","twitter_misc":{"Escrito por":"Redacci\u00f3n QP","Tiempo de lectura":"6 minutos"},"schema":{"@context":"https:\/\/schema.org","@graph":[{"@type":"Article","@id":"https:\/\/quehacerpolitico.mx\/?p=100569#article","isPartOf":{"@id":"https:\/\/quehacerpolitico.mx\/?p=100569"},"author":{"name":"Redacci\u00f3n QP","@id":"https:\/\/quehacerpolitico.mx\/#\/schema\/person\/496d8ad2d1d3f8036101dca7ee39e585"},"headline":"El Quehacer Pol\u00edtico\/\/\/Jose Alberto Prado Angeles\/\/\/5 de mayo \u00e9l origen de la Batalla de Puebla","datePublished":"2023-05-05T15:14:59+00:00","dateModified":"2023-05-05T15:15:02+00:00","mainEntityOfPage":{"@id":"https:\/\/quehacerpolitico.mx\/?p=100569"},"wordCount":1129,"commentCount":0,"image":{"@id":"https:\/\/quehacerpolitico.mx\/?p=100569#primaryimage"},"thumbnailUrl":"https:\/\/quehacerpolitico.mx\/wp-content\/uploads\/2023\/05\/511bc7b1-f34b-4418-b917-5120714f846d-1.jpeg","articleSection":["Cultura y Entretenimiento"],"inLanguage":"es","potentialAction":[{"@type":"CommentAction","name":"Comment","target":["https:\/\/quehacerpolitico.mx\/?p=100569#respond"]}]},{"@type":"WebPage","@id":"https:\/\/quehacerpolitico.mx\/?p=100569","url":"https:\/\/quehacerpolitico.mx\/?p=100569","name":"El Quehacer Pol\u00edtico\/\/\/Jose Alberto Prado Angeles\/\/\/5 de mayo \u00e9l origen de la Batalla de Puebla -","isPartOf":{"@id":"https:\/\/quehacerpolitico.mx\/#website"},"primaryImageOfPage":{"@id":"https:\/\/quehacerpolitico.mx\/?p=100569#primaryimage"},"image":{"@id":"https:\/\/quehacerpolitico.mx\/?p=100569#primaryimage"},"thumbnailUrl":"https:\/\/quehacerpolitico.mx\/wp-content\/uploads\/2023\/05\/511bc7b1-f34b-4418-b917-5120714f846d-1.jpeg","datePublished":"2023-05-05T15:14:59+00:00","dateModified":"2023-05-05T15:15:02+00:00","author":{"@id":"https:\/\/quehacerpolitico.mx\/#\/schema\/person\/496d8ad2d1d3f8036101dca7ee39e585"},"breadcrumb":{"@id":"https:\/\/quehacerpolitico.mx\/?p=100569#breadcrumb"},"inLanguage":"es","potentialAction":[{"@type":"ReadAction","target":["https:\/\/quehacerpolitico.mx\/?p=100569"]}]},{"@type":"ImageObject","inLanguage":"es","@id":"https:\/\/quehacerpolitico.mx\/?p=100569#primaryimage","url":"https:\/\/quehacerpolitico.mx\/wp-content\/uploads\/2023\/05\/511bc7b1-f34b-4418-b917-5120714f846d-1.jpeg","contentUrl":"https:\/\/quehacerpolitico.mx\/wp-content\/uploads\/2023\/05\/511bc7b1-f34b-4418-b917-5120714f846d-1.jpeg","width":963,"height":493},{"@type":"BreadcrumbList","@id":"https:\/\/quehacerpolitico.mx\/?p=100569#breadcrumb","itemListElement":[{"@type":"ListItem","position":1,"name":"Inicio","item":"https:\/\/quehacerpolitico.mx\/"},{"@type":"ListItem","position":2,"name":"El Quehacer Pol\u00edtico\/\/\/Jose Alberto Prado Angeles\/\/\/5 de mayo \u00e9l origen de la Batalla de Puebla"}]},{"@type":"WebSite","@id":"https:\/\/quehacerpolitico.mx\/#website","url":"https:\/\/quehacerpolitico.mx\/","name":"","description":"","potentialAction":[{"@type":"SearchAction","target":{"@type":"EntryPoint","urlTemplate":"https:\/\/quehacerpolitico.mx\/?s={search_term_string}"},"query-input":{"@type":"PropertyValueSpecification","valueRequired":true,"valueName":"search_term_string"}}],"inLanguage":"es"},{"@type":"Person","@id":"https:\/\/quehacerpolitico.mx\/#\/schema\/person\/496d8ad2d1d3f8036101dca7ee39e585","name":"Redacci\u00f3n QP","image":{"@type":"ImageObject","inLanguage":"es","@id":"https:\/\/secure.gravatar.com\/avatar\/c7164ed6fdec453195284ad24a5ae5b6e1eed2b848477fa2a4787ba9adf39a41?s=96&d=mm&r=g","url":"https:\/\/secure.gravatar.com\/avatar\/c7164ed6fdec453195284ad24a5ae5b6e1eed2b848477fa2a4787ba9adf39a41?s=96&d=mm&r=g","contentUrl":"https:\/\/secure.gravatar.com\/avatar\/c7164ed6fdec453195284ad24a5ae5b6e1eed2b848477fa2a4787ba9adf39a41?s=96&d=mm&r=g","caption":"Redacci\u00f3n QP"},"url":"https:\/\/quehacerpolitico.mx\/?author=2"}]}},"featured_image_urls":{"full":["https:\/\/quehacerpolitico.mx\/wp-content\/uploads\/2023\/05\/511bc7b1-f34b-4418-b917-5120714f846d-1.jpeg",963,493,false],"thumbnail":["https:\/\/quehacerpolitico.mx\/wp-content\/uploads\/2023\/05\/511bc7b1-f34b-4418-b917-5120714f846d-1-150x150.jpeg",150,150,true],"medium":["https:\/\/quehacerpolitico.mx\/wp-content\/uploads\/2023\/05\/511bc7b1-f34b-4418-b917-5120714f846d-1-300x154.jpeg",300,154,true],"medium_large":["https:\/\/quehacerpolitico.mx\/wp-content\/uploads\/2023\/05\/511bc7b1-f34b-4418-b917-5120714f846d-1-768x393.jpeg",640,328,true],"large":["https:\/\/quehacerpolitico.mx\/wp-content\/uploads\/2023\/05\/511bc7b1-f34b-4418-b917-5120714f846d-1.jpeg",640,328,false],"1536x1536":["https:\/\/quehacerpolitico.mx\/wp-content\/uploads\/2023\/05\/511bc7b1-f34b-4418-b917-5120714f846d-1.jpeg",963,493,false],"2048x2048":["https:\/\/quehacerpolitico.mx\/wp-content\/uploads\/2023\/05\/511bc7b1-f34b-4418-b917-5120714f846d-1.jpeg",963,493,false],"covernews-featured":["https:\/\/quehacerpolitico.mx\/wp-content\/uploads\/2023\/05\/511bc7b1-f34b-4418-b917-5120714f846d-1.jpeg",963,493,false],"covernews-medium":["https:\/\/quehacerpolitico.mx\/wp-content\/uploads\/2023\/05\/511bc7b1-f34b-4418-b917-5120714f846d-1.jpeg",540,276,false]},"author_info":{"display_name":"Redacci\u00f3n QP","author_link":"https:\/\/quehacerpolitico.mx\/?author=2"},"category_info":"<a href=\"https:\/\/quehacerpolitico.mx\/?cat=58\" rel=\"category\">Cultura y Entretenimiento<\/a>","tag_info":"Cultura y Entretenimiento","comment_count":"0","_links":{"self":[{"href":"https:\/\/quehacerpolitico.mx\/index.php?rest_route=\/wp\/v2\/posts\/100569","targetHints":{"allow":["GET"]}}],"collection":[{"href":"https:\/\/quehacerpolitico.mx\/index.php?rest_route=\/wp\/v2\/posts"}],"about":[{"href":"https:\/\/quehacerpolitico.mx\/index.php?rest_route=\/wp\/v2\/types\/post"}],"author":[{"embeddable":true,"href":"https:\/\/quehacerpolitico.mx\/index.php?rest_route=\/wp\/v2\/users\/2"}],"replies":[{"embeddable":true,"href":"https:\/\/quehacerpolitico.mx\/index.php?rest_route=%2Fwp%2Fv2%2Fcomments&post=100569"}],"version-history":[{"count":1,"href":"https:\/\/quehacerpolitico.mx\/index.php?rest_route=\/wp\/v2\/posts\/100569\/revisions"}],"predecessor-version":[{"id":100574,"href":"https:\/\/quehacerpolitico.mx\/index.php?rest_route=\/wp\/v2\/posts\/100569\/revisions\/100574"}],"wp:featuredmedia":[{"embeddable":true,"href":"https:\/\/quehacerpolitico.mx\/index.php?rest_route=\/wp\/v2\/media\/100570"}],"wp:attachment":[{"href":"https:\/\/quehacerpolitico.mx\/index.php?rest_route=%2Fwp%2Fv2%2Fmedia&parent=100569"}],"wp:term":[{"taxonomy":"category","embeddable":true,"href":"https:\/\/quehacerpolitico.mx\/index.php?rest_route=%2Fwp%2Fv2%2Fcategories&post=100569"},{"taxonomy":"post_tag","embeddable":true,"href":"https:\/\/quehacerpolitico.mx\/index.php?rest_route=%2Fwp%2Fv2%2Ftags&post=100569"}],"curies":[{"name":"wp","href":"https:\/\/api.w.org\/{rel}","templated":true}]}}