{"id":100515,"date":"2023-05-03T00:21:57","date_gmt":"2023-05-03T00:21:57","guid":{"rendered":"https:\/\/quehacerpolitico.mx\/?p=100515"},"modified":"2023-05-03T00:22:00","modified_gmt":"2023-05-03T00:22:00","slug":"adios-a-la-megapantalla-imax-del-papalote-museo-del-nino-desaparecera","status":"publish","type":"post","link":"https:\/\/quehacerpolitico.mx\/?p=100515","title":{"rendered":"Adi\u00f3s a la Megapantalla IMAX del Papalote Museo del Ni\u00f1o desaparecer\u00e1"},"content":{"rendered":"\n<p>Por Redacci\u00f3n QP<\/p>\n\n\n\n<p>En la instalaci\u00f3n se proyectaron 80 pel\u00edculas en formato IMAX, que vieron m\u00e1s de 18 millones de personas.<\/p>\n\n\n\n<p>Luego de 30 a\u00f1os en operaciones, el Papalote museo del Ni\u00f1o cerr\u00f3 las operaciones de la emblem\u00e1tica<\/p>\n\n\n\n<p><strong>Megapantalla IMAX,&nbsp;<\/strong>inform\u00f3 en un comunicado.&nbsp;<\/p>\n\n\n\n<blockquote class=\"wp-block-quote is-layout-flow wp-block-quote-is-layout-flow\">\n<p>\u201cEl contrato que en su momento, firmaron Papalote Museo del Ni\u00f1o y IMAX lleg\u00f3 a su fin. Adem\u00e1s, el formato an\u00e1logo de la sede Chapultepec dificulta ofrecer una programaci\u00f3n atractiva a nuestros visitantes. Por estas razones la Megapantalla Imax de Papalote Museo del Ni\u00f1o Chapultepec concluye su ciclo y deja de operar\u201d, indic\u00f3.<\/p>\n<cite>Igual que el museo, la megapantalla abri\u00f3 sus puertas el<strong>\u00a05 de noviembre de 1995<\/strong>, con una pantalla en formato 2D.<br><br>\u00bfQu\u00e9 es la megapantalla IMAX?<br>El tama\u00f1o de la pantalla<strong>\u00a0408 metro cuadrados<\/strong>\u00a0y el uso de pel\u00edcula 70mm le permiti\u00f3 tener im\u00e1genes y sonido de mayor calidad que el formato tradicional. \u201cEsta experiencia se convirti\u00f3 en un referente para el entretenimiento en nuestro pa\u00eds\u201d.<\/cite><\/blockquote>\n\n\n\n<p>El proyecto involucr\u00f3 la<strong>&nbsp;tecnolog\u00eda 3D&nbsp;<\/strong>y estaba conformado por una pantalla curva con una altura similar a un edificio de seis pisos.&nbsp;<\/p>\n\n\n\n<p>En esta se proyectaron m\u00e1s de&nbsp;<strong>80 pel\u00edculas en formato IMA<\/strong><strong>X<\/strong>, que vieron m\u00e1s de 18 millones de personas.&nbsp;<\/p>\n\n\n\n<blockquote class=\"wp-block-quote is-layout-flow wp-block-quote-is-layout-flow\">\n<p>\u201cDesde su creaci\u00f3n hace 30 a\u00f1os Papalote Museo del Ni\u00f1o se ha tomado el juego muy en serio acompa\u00f1ando a ni\u00f1as y ni\u00f1os en su camino de aprendizaje, creando experiencias, recuerdos y v\u00ednculos emocionales que han trascendido generaciones\u201d, agreg\u00f3 el Papalote.<\/p>\n<\/blockquote>\n\n\n\n<p>Asimismo, asegur\u00f3 que el reto de la instancia ser\u00e1 ofrecer herramientas de\u00a0<strong>desarrollo cognitivo<\/strong>\u00a0y\u00a0<strong>emocional\u00a0<\/strong>para ni\u00f1as y ni\u00f1os, evolucionando siempre con su p\u00fablico.<\/p>\n\n\n\n<figure class=\"wp-block-image size-large\"><img loading=\"lazy\" decoding=\"async\" width=\"599\" height=\"1024\" src=\"https:\/\/quehacerpolitico.mx\/wp-content\/uploads\/2023\/05\/image-12-599x1024.jpeg\" alt=\"\" class=\"wp-image-100516\" srcset=\"https:\/\/quehacerpolitico.mx\/wp-content\/uploads\/2023\/05\/image-12-599x1024.jpeg 599w, https:\/\/quehacerpolitico.mx\/wp-content\/uploads\/2023\/05\/image-12-175x300.jpeg 175w, https:\/\/quehacerpolitico.mx\/wp-content\/uploads\/2023\/05\/image-12-768x1313.jpeg 768w, https:\/\/quehacerpolitico.mx\/wp-content\/uploads\/2023\/05\/image-12-898x1536.jpeg 898w, https:\/\/quehacerpolitico.mx\/wp-content\/uploads\/2023\/05\/image-12-1197x2048.jpeg 1197w, https:\/\/quehacerpolitico.mx\/wp-content\/uploads\/2023\/05\/image-12-85x146.jpeg 85w, https:\/\/quehacerpolitico.mx\/wp-content\/uploads\/2023\/05\/image-12-29x50.jpeg 29w, https:\/\/quehacerpolitico.mx\/wp-content\/uploads\/2023\/05\/image-12-44x75.jpeg 44w, https:\/\/quehacerpolitico.mx\/wp-content\/uploads\/2023\/05\/image-12.jpeg 1270w\" sizes=\"auto, (max-width: 599px) 100vw, 599px\" \/><\/figure>\n\n\n\n<blockquote class=\"wp-block-quote is-layout-flow wp-block-quote-is-layout-flow\">\n<p>\u201cPapalote est\u00e1 explorando posibles nuevos formatos, innovadores y asombrosos, con un grupo de expertos en el dise\u00f1o de experiencias inmersivas, que en su momento daremos a conocer\u201d, resalt\u00f3.<\/p>\n<cite>\u00bfCu\u00e1nto cuesta la entrada al Papalote Museo del Ni\u00f1o?<br>De acuerdo con la p\u00e1gina de el Papalote Museo del Ni\u00f1o, los precios de las entradas en 2023 son:\u00a0<br>Una persona, 215 pesos.\u00a0<br>El paquete que conten\u00eda la visita al museo, la megapantalla IMAX y el\u00a0<strong>domo digital Citibanamex<\/strong>ten\u00eda un costo de 240 pesos.\u00a0<br>Hasta el 30 de mayo, de martes a jueves se puede pagar 172 pesos por personas, si adquieres tu boleto en l\u00ednea.\u00a0<br>En tanto, el pases anual con acceso ilimitado tiene un costo de 2 mil 499 pesos.<\/cite><\/blockquote>\n\n\n\n<h2 class=\"wp-block-heading\">\u00bfCu\u00e1nto cuesta la entrada al Papalote Museo del Ni\u00f1o?<\/h2>\n\n\n\n<p>De acuerdo con la p\u00e1gina de el Papalote Museo del Ni\u00f1o, los precios de las entradas en 2023 son:&nbsp;<\/p>\n\n\n\n<ul class=\"wp-block-list\">\n<li>Una persona, 215 pesos.&nbsp;<\/li>\n\n\n\n<li>El paquete que conten\u00eda la visita al museo, la megapantalla IMAX y el&nbsp;<strong>domo digital Citibanamex<\/strong>ten\u00eda un costo de 240 pesos.&nbsp;<\/li>\n\n\n\n<li>Hasta el 30 de mayo, de martes a jueves se puede pagar 172 pesos por personas, si adquieres tu boleto en l\u00ednea.&nbsp;<\/li>\n\n\n\n<li>En tanto, el pases anual con acceso ilimitado tiene un costo de 2 mil 499 pesos.<\/li>\n<\/ul>\n","protected":false},"excerpt":{"rendered":"<p>Por Redacci\u00f3n QP En la instalaci\u00f3n se proyectaron 80 pel\u00edculas en formato IMAX, que vieron&#8230;<\/p>\n","protected":false},"author":2,"featured_media":100517,"comment_status":"open","ping_status":"open","sticky":false,"template":"","format":"standard","meta":{"_monsterinsights_skip_tracking":false,"_monsterinsights_sitenote_active":false,"_monsterinsights_sitenote_note":"","_monsterinsights_sitenote_category":0,"footnotes":""},"categories":[55],"tags":[],"class_list":["post-100515","post","type-post","status-publish","format-standard","has-post-thumbnail","hentry","category-cdmx"],"yoast_head":"<!-- This site is optimized with the Yoast SEO plugin v27.3 - https:\/\/yoast.com\/product\/yoast-seo-wordpress\/ -->\n<title>Adi\u00f3s a la Megapantalla IMAX del Papalote Museo del Ni\u00f1o desaparecer\u00e1 -<\/title>\n<meta name=\"robots\" content=\"index, follow, max-snippet:-1, max-image-preview:large, max-video-preview:-1\" \/>\n<link rel=\"canonical\" href=\"https:\/\/quehacerpolitico.mx\/?p=100515\" \/>\n<meta property=\"og:locale\" content=\"es_MX\" \/>\n<meta property=\"og:type\" content=\"article\" \/>\n<meta property=\"og:title\" content=\"Adi\u00f3s a la Megapantalla IMAX del Papalote Museo del Ni\u00f1o desaparecer\u00e1 -\" \/>\n<meta property=\"og:description\" content=\"Por Redacci\u00f3n QP En la instalaci\u00f3n se proyectaron 80 pel\u00edculas en formato IMAX, que vieron...\" \/>\n<meta property=\"og:url\" content=\"https:\/\/quehacerpolitico.mx\/?p=100515\" \/>\n<meta property=\"article:published_time\" content=\"2023-05-03T00:21:57+00:00\" \/>\n<meta property=\"article:modified_time\" content=\"2023-05-03T00:22:00+00:00\" \/>\n<meta property=\"og:image\" content=\"https:\/\/quehacerpolitico.mx\/wp-content\/uploads\/2023\/05\/IMG_7453.jpeg\" \/>\n\t<meta property=\"og:image:width\" content=\"678\" \/>\n\t<meta property=\"og:image:height\" content=\"452\" \/>\n\t<meta property=\"og:image:type\" content=\"image\/jpeg\" \/>\n<meta name=\"author\" content=\"Redacci\u00f3n QP\" \/>\n<meta name=\"twitter:card\" content=\"summary_large_image\" \/>\n<meta name=\"twitter:label1\" content=\"Escrito por\" \/>\n\t<meta name=\"twitter:data1\" content=\"Redacci\u00f3n QP\" \/>\n\t<meta name=\"twitter:label2\" content=\"Tiempo de lectura\" \/>\n\t<meta name=\"twitter:data2\" content=\"3 minutos\" \/>\n<script type=\"application\/ld+json\" class=\"yoast-schema-graph\">{\"@context\":\"https:\\\/\\\/schema.org\",\"@graph\":[{\"@type\":\"Article\",\"@id\":\"https:\\\/\\\/quehacerpolitico.mx\\\/?p=100515#article\",\"isPartOf\":{\"@id\":\"https:\\\/\\\/quehacerpolitico.mx\\\/?p=100515\"},\"author\":{\"name\":\"Redacci\u00f3n QP\",\"@id\":\"https:\\\/\\\/quehacerpolitico.mx\\\/#\\\/schema\\\/person\\\/496d8ad2d1d3f8036101dca7ee39e585\"},\"headline\":\"Adi\u00f3s a la Megapantalla IMAX del Papalote Museo del Ni\u00f1o desaparecer\u00e1\",\"datePublished\":\"2023-05-03T00:21:57+00:00\",\"dateModified\":\"2023-05-03T00:22:00+00:00\",\"mainEntityOfPage\":{\"@id\":\"https:\\\/\\\/quehacerpolitico.mx\\\/?p=100515\"},\"wordCount\":529,\"commentCount\":0,\"image\":{\"@id\":\"https:\\\/\\\/quehacerpolitico.mx\\\/?p=100515#primaryimage\"},\"thumbnailUrl\":\"https:\\\/\\\/quehacerpolitico.mx\\\/wp-content\\\/uploads\\\/2023\\\/05\\\/IMG_7453.jpeg\",\"articleSection\":[\"CDMX\"],\"inLanguage\":\"es\",\"potentialAction\":[{\"@type\":\"CommentAction\",\"name\":\"Comment\",\"target\":[\"https:\\\/\\\/quehacerpolitico.mx\\\/?p=100515#respond\"]}]},{\"@type\":\"WebPage\",\"@id\":\"https:\\\/\\\/quehacerpolitico.mx\\\/?p=100515\",\"url\":\"https:\\\/\\\/quehacerpolitico.mx\\\/?p=100515\",\"name\":\"Adi\u00f3s a la Megapantalla IMAX del Papalote Museo del Ni\u00f1o desaparecer\u00e1 -\",\"isPartOf\":{\"@id\":\"https:\\\/\\\/quehacerpolitico.mx\\\/#website\"},\"primaryImageOfPage\":{\"@id\":\"https:\\\/\\\/quehacerpolitico.mx\\\/?p=100515#primaryimage\"},\"image\":{\"@id\":\"https:\\\/\\\/quehacerpolitico.mx\\\/?p=100515#primaryimage\"},\"thumbnailUrl\":\"https:\\\/\\\/quehacerpolitico.mx\\\/wp-content\\\/uploads\\\/2023\\\/05\\\/IMG_7453.jpeg\",\"datePublished\":\"2023-05-03T00:21:57+00:00\",\"dateModified\":\"2023-05-03T00:22:00+00:00\",\"author\":{\"@id\":\"https:\\\/\\\/quehacerpolitico.mx\\\/#\\\/schema\\\/person\\\/496d8ad2d1d3f8036101dca7ee39e585\"},\"breadcrumb\":{\"@id\":\"https:\\\/\\\/quehacerpolitico.mx\\\/?p=100515#breadcrumb\"},\"inLanguage\":\"es\",\"potentialAction\":[{\"@type\":\"ReadAction\",\"target\":[\"https:\\\/\\\/quehacerpolitico.mx\\\/?p=100515\"]}]},{\"@type\":\"ImageObject\",\"inLanguage\":\"es\",\"@id\":\"https:\\\/\\\/quehacerpolitico.mx\\\/?p=100515#primaryimage\",\"url\":\"https:\\\/\\\/quehacerpolitico.mx\\\/wp-content\\\/uploads\\\/2023\\\/05\\\/IMG_7453.jpeg\",\"contentUrl\":\"https:\\\/\\\/quehacerpolitico.mx\\\/wp-content\\\/uploads\\\/2023\\\/05\\\/IMG_7453.jpeg\",\"width\":678,\"height\":452},{\"@type\":\"BreadcrumbList\",\"@id\":\"https:\\\/\\\/quehacerpolitico.mx\\\/?p=100515#breadcrumb\",\"itemListElement\":[{\"@type\":\"ListItem\",\"position\":1,\"name\":\"Inicio\",\"item\":\"https:\\\/\\\/quehacerpolitico.mx\\\/\"},{\"@type\":\"ListItem\",\"position\":2,\"name\":\"Adi\u00f3s a la Megapantalla IMAX del Papalote Museo del Ni\u00f1o desaparecer\u00e1\"}]},{\"@type\":\"WebSite\",\"@id\":\"https:\\\/\\\/quehacerpolitico.mx\\\/#website\",\"url\":\"https:\\\/\\\/quehacerpolitico.mx\\\/\",\"name\":\"\",\"description\":\"\",\"potentialAction\":[{\"@type\":\"SearchAction\",\"target\":{\"@type\":\"EntryPoint\",\"urlTemplate\":\"https:\\\/\\\/quehacerpolitico.mx\\\/?s={search_term_string}\"},\"query-input\":{\"@type\":\"PropertyValueSpecification\",\"valueRequired\":true,\"valueName\":\"search_term_string\"}}],\"inLanguage\":\"es\"},{\"@type\":\"Person\",\"@id\":\"https:\\\/\\\/quehacerpolitico.mx\\\/#\\\/schema\\\/person\\\/496d8ad2d1d3f8036101dca7ee39e585\",\"name\":\"Redacci\u00f3n QP\",\"image\":{\"@type\":\"ImageObject\",\"inLanguage\":\"es\",\"@id\":\"https:\\\/\\\/secure.gravatar.com\\\/avatar\\\/c7164ed6fdec453195284ad24a5ae5b6e1eed2b848477fa2a4787ba9adf39a41?s=96&d=mm&r=g\",\"url\":\"https:\\\/\\\/secure.gravatar.com\\\/avatar\\\/c7164ed6fdec453195284ad24a5ae5b6e1eed2b848477fa2a4787ba9adf39a41?s=96&d=mm&r=g\",\"contentUrl\":\"https:\\\/\\\/secure.gravatar.com\\\/avatar\\\/c7164ed6fdec453195284ad24a5ae5b6e1eed2b848477fa2a4787ba9adf39a41?s=96&d=mm&r=g\",\"caption\":\"Redacci\u00f3n QP\"},\"url\":\"https:\\\/\\\/quehacerpolitico.mx\\\/?author=2\"}]}<\/script>\n<!-- \/ Yoast SEO plugin. -->","yoast_head_json":{"title":"Adi\u00f3s a la Megapantalla IMAX del Papalote Museo del Ni\u00f1o desaparecer\u00e1 -","robots":{"index":"index","follow":"follow","max-snippet":"max-snippet:-1","max-image-preview":"max-image-preview:large","max-video-preview":"max-video-preview:-1"},"canonical":"https:\/\/quehacerpolitico.mx\/?p=100515","og_locale":"es_MX","og_type":"article","og_title":"Adi\u00f3s a la Megapantalla IMAX del Papalote Museo del Ni\u00f1o desaparecer\u00e1 -","og_description":"Por Redacci\u00f3n QP En la instalaci\u00f3n se proyectaron 80 pel\u00edculas en formato IMAX, que vieron...","og_url":"https:\/\/quehacerpolitico.mx\/?p=100515","article_published_time":"2023-05-03T00:21:57+00:00","article_modified_time":"2023-05-03T00:22:00+00:00","og_image":[{"width":678,"height":452,"url":"https:\/\/quehacerpolitico.mx\/wp-content\/uploads\/2023\/05\/IMG_7453.jpeg","type":"image\/jpeg"}],"author":"Redacci\u00f3n QP","twitter_card":"summary_large_image","twitter_misc":{"Escrito por":"Redacci\u00f3n QP","Tiempo de lectura":"3 minutos"},"schema":{"@context":"https:\/\/schema.org","@graph":[{"@type":"Article","@id":"https:\/\/quehacerpolitico.mx\/?p=100515#article","isPartOf":{"@id":"https:\/\/quehacerpolitico.mx\/?p=100515"},"author":{"name":"Redacci\u00f3n QP","@id":"https:\/\/quehacerpolitico.mx\/#\/schema\/person\/496d8ad2d1d3f8036101dca7ee39e585"},"headline":"Adi\u00f3s a la Megapantalla IMAX del Papalote Museo del Ni\u00f1o desaparecer\u00e1","datePublished":"2023-05-03T00:21:57+00:00","dateModified":"2023-05-03T00:22:00+00:00","mainEntityOfPage":{"@id":"https:\/\/quehacerpolitico.mx\/?p=100515"},"wordCount":529,"commentCount":0,"image":{"@id":"https:\/\/quehacerpolitico.mx\/?p=100515#primaryimage"},"thumbnailUrl":"https:\/\/quehacerpolitico.mx\/wp-content\/uploads\/2023\/05\/IMG_7453.jpeg","articleSection":["CDMX"],"inLanguage":"es","potentialAction":[{"@type":"CommentAction","name":"Comment","target":["https:\/\/quehacerpolitico.mx\/?p=100515#respond"]}]},{"@type":"WebPage","@id":"https:\/\/quehacerpolitico.mx\/?p=100515","url":"https:\/\/quehacerpolitico.mx\/?p=100515","name":"Adi\u00f3s a la Megapantalla IMAX del Papalote Museo del Ni\u00f1o desaparecer\u00e1 -","isPartOf":{"@id":"https:\/\/quehacerpolitico.mx\/#website"},"primaryImageOfPage":{"@id":"https:\/\/quehacerpolitico.mx\/?p=100515#primaryimage"},"image":{"@id":"https:\/\/quehacerpolitico.mx\/?p=100515#primaryimage"},"thumbnailUrl":"https:\/\/quehacerpolitico.mx\/wp-content\/uploads\/2023\/05\/IMG_7453.jpeg","datePublished":"2023-05-03T00:21:57+00:00","dateModified":"2023-05-03T00:22:00+00:00","author":{"@id":"https:\/\/quehacerpolitico.mx\/#\/schema\/person\/496d8ad2d1d3f8036101dca7ee39e585"},"breadcrumb":{"@id":"https:\/\/quehacerpolitico.mx\/?p=100515#breadcrumb"},"inLanguage":"es","potentialAction":[{"@type":"ReadAction","target":["https:\/\/quehacerpolitico.mx\/?p=100515"]}]},{"@type":"ImageObject","inLanguage":"es","@id":"https:\/\/quehacerpolitico.mx\/?p=100515#primaryimage","url":"https:\/\/quehacerpolitico.mx\/wp-content\/uploads\/2023\/05\/IMG_7453.jpeg","contentUrl":"https:\/\/quehacerpolitico.mx\/wp-content\/uploads\/2023\/05\/IMG_7453.jpeg","width":678,"height":452},{"@type":"BreadcrumbList","@id":"https:\/\/quehacerpolitico.mx\/?p=100515#breadcrumb","itemListElement":[{"@type":"ListItem","position":1,"name":"Inicio","item":"https:\/\/quehacerpolitico.mx\/"},{"@type":"ListItem","position":2,"name":"Adi\u00f3s a la Megapantalla IMAX del Papalote Museo del Ni\u00f1o desaparecer\u00e1"}]},{"@type":"WebSite","@id":"https:\/\/quehacerpolitico.mx\/#website","url":"https:\/\/quehacerpolitico.mx\/","name":"","description":"","potentialAction":[{"@type":"SearchAction","target":{"@type":"EntryPoint","urlTemplate":"https:\/\/quehacerpolitico.mx\/?s={search_term_string}"},"query-input":{"@type":"PropertyValueSpecification","valueRequired":true,"valueName":"search_term_string"}}],"inLanguage":"es"},{"@type":"Person","@id":"https:\/\/quehacerpolitico.mx\/#\/schema\/person\/496d8ad2d1d3f8036101dca7ee39e585","name":"Redacci\u00f3n QP","image":{"@type":"ImageObject","inLanguage":"es","@id":"https:\/\/secure.gravatar.com\/avatar\/c7164ed6fdec453195284ad24a5ae5b6e1eed2b848477fa2a4787ba9adf39a41?s=96&d=mm&r=g","url":"https:\/\/secure.gravatar.com\/avatar\/c7164ed6fdec453195284ad24a5ae5b6e1eed2b848477fa2a4787ba9adf39a41?s=96&d=mm&r=g","contentUrl":"https:\/\/secure.gravatar.com\/avatar\/c7164ed6fdec453195284ad24a5ae5b6e1eed2b848477fa2a4787ba9adf39a41?s=96&d=mm&r=g","caption":"Redacci\u00f3n QP"},"url":"https:\/\/quehacerpolitico.mx\/?author=2"}]}},"featured_image_urls":{"full":["https:\/\/quehacerpolitico.mx\/wp-content\/uploads\/2023\/05\/IMG_7453.jpeg",678,452,false],"thumbnail":["https:\/\/quehacerpolitico.mx\/wp-content\/uploads\/2023\/05\/IMG_7453-150x150.jpeg",150,150,true],"medium":["https:\/\/quehacerpolitico.mx\/wp-content\/uploads\/2023\/05\/IMG_7453-300x200.jpeg",300,200,true],"medium_large":["https:\/\/quehacerpolitico.mx\/wp-content\/uploads\/2023\/05\/IMG_7453.jpeg",640,427,false],"large":["https:\/\/quehacerpolitico.mx\/wp-content\/uploads\/2023\/05\/IMG_7453.jpeg",640,427,false],"1536x1536":["https:\/\/quehacerpolitico.mx\/wp-content\/uploads\/2023\/05\/IMG_7453.jpeg",678,452,false],"2048x2048":["https:\/\/quehacerpolitico.mx\/wp-content\/uploads\/2023\/05\/IMG_7453.jpeg",678,452,false],"covernews-featured":["https:\/\/quehacerpolitico.mx\/wp-content\/uploads\/2023\/05\/IMG_7453.jpeg",678,452,false],"covernews-medium":["https:\/\/quehacerpolitico.mx\/wp-content\/uploads\/2023\/05\/IMG_7453.jpeg",510,340,false]},"author_info":{"display_name":"Redacci\u00f3n QP","author_link":"https:\/\/quehacerpolitico.mx\/?author=2"},"category_info":"<a href=\"https:\/\/quehacerpolitico.mx\/?cat=55\" rel=\"category\">CDMX<\/a>","tag_info":"CDMX","comment_count":"0","_links":{"self":[{"href":"https:\/\/quehacerpolitico.mx\/index.php?rest_route=\/wp\/v2\/posts\/100515","targetHints":{"allow":["GET"]}}],"collection":[{"href":"https:\/\/quehacerpolitico.mx\/index.php?rest_route=\/wp\/v2\/posts"}],"about":[{"href":"https:\/\/quehacerpolitico.mx\/index.php?rest_route=\/wp\/v2\/types\/post"}],"author":[{"embeddable":true,"href":"https:\/\/quehacerpolitico.mx\/index.php?rest_route=\/wp\/v2\/users\/2"}],"replies":[{"embeddable":true,"href":"https:\/\/quehacerpolitico.mx\/index.php?rest_route=%2Fwp%2Fv2%2Fcomments&post=100515"}],"version-history":[{"count":1,"href":"https:\/\/quehacerpolitico.mx\/index.php?rest_route=\/wp\/v2\/posts\/100515\/revisions"}],"predecessor-version":[{"id":100518,"href":"https:\/\/quehacerpolitico.mx\/index.php?rest_route=\/wp\/v2\/posts\/100515\/revisions\/100518"}],"wp:featuredmedia":[{"embeddable":true,"href":"https:\/\/quehacerpolitico.mx\/index.php?rest_route=\/wp\/v2\/media\/100517"}],"wp:attachment":[{"href":"https:\/\/quehacerpolitico.mx\/index.php?rest_route=%2Fwp%2Fv2%2Fmedia&parent=100515"}],"wp:term":[{"taxonomy":"category","embeddable":true,"href":"https:\/\/quehacerpolitico.mx\/index.php?rest_route=%2Fwp%2Fv2%2Fcategories&post=100515"},{"taxonomy":"post_tag","embeddable":true,"href":"https:\/\/quehacerpolitico.mx\/index.php?rest_route=%2Fwp%2Fv2%2Ftags&post=100515"}],"curies":[{"name":"wp","href":"https:\/\/api.w.org\/{rel}","templated":true}]}}