{"id":100512,"date":"2023-05-02T23:59:53","date_gmt":"2023-05-02T23:59:53","guid":{"rendered":"https:\/\/quehacerpolitico.mx\/?p=100512"},"modified":"2023-05-02T23:59:54","modified_gmt":"2023-05-02T23:59:54","slug":"implican-a-santiago-taboada-alcalde-de-benito-juarez-en-caso-de-corrupcion-inmobiliaria","status":"publish","type":"post","link":"https:\/\/quehacerpolitico.mx\/?p=100512","title":{"rendered":"Implican a Santiago Taboada alcalde de Benito Ju\u00e1rez en caso de corrupci\u00f3n inmobiliaria"},"content":{"rendered":"\n<p>Por Redacci\u00f3n QP<\/p>\n\n\n\n<p>Santiago Taboada fue se\u00f1alado de continuar con el modus operandi de la red de corrupci\u00f3n en el sector inmobiliario en Benito Ju\u00e1rez.<\/p>\n\n\n\n<p>Dionisio \u2018N\u2019,<strong>\u00a0desarrollador inmobiliario de City Towers<\/strong>, acus\u00f3 al alcalde de Benito Ju\u00e1rez,\u00a0Santiago Taboada, de c<strong>ontinuar con el modus operandi de la red de corrupci\u00f3n en el sector inmobiliario<\/strong>\u00a0de la demarcaci\u00f3n iniciada en la administraci\u00f3n de su antecesor Christian Von Roehrich.<\/p>\n\n\n\n<p>El vocero de la Fiscal\u00eda General de Justicia de la Ciudad de M\u00e9xico (FGJ-CdMx), Ulises Lara, inform\u00f3 en su declaraci\u00f3n ministerial, que el alcalde panista lo cit\u00f3 en sus oficinas en diciembre de 2018, para que se encargara de los t<strong>rabajos de remodelaci\u00f3n de la sede delegacional<\/strong>, da\u00f1ada por los sismos de 2017. Sin embargo, le qued\u00f3 a deber 10 millones de pesos.<\/p>\n\n\n\n<figure class=\"wp-block-embed is-type-video is-provider-youtube wp-block-embed-youtube wp-embed-aspect-16-9 wp-has-aspect-ratio\"><div class=\"wp-block-embed__wrapper\">\n<iframe loading=\"lazy\" title=\"Mensaje del Dr. Ulises Lara, en seguimiento al caso de Bienes Ra\u00edces en BJ\" width=\"640\" height=\"360\" src=\"https:\/\/www.youtube.com\/embed\/fTvPoBSos1U?feature=oembed\" frameborder=\"0\" allow=\"accelerometer; autoplay; clipboard-write; encrypted-media; gyroscope; picture-in-picture; web-share\" referrerpolicy=\"strict-origin-when-cross-origin\" allowfullscreen><\/iframe>\n<\/div><\/figure>\n\n\n\n<blockquote class=\"wp-block-quote is-layout-flow wp-block-quote-is-layout-flow\">\n<p>&#8220;El nuevo alcalde ya, Santiago\u2026 nos cit\u00f3 en sus oficinas que estaban en el Edificio BJ2 y nos solicit\u00f3 que apoy\u00e1ramos en la remodelaci\u00f3n del edificio, dado que, como comentaba anteriormente, ten\u00eda da\u00f1os por el sismo.<br>\u201c\u00c9l me coment\u00f3 que se ten\u00eda un presupuesto de aproximadamente 25.6 millones de pesos, aunque probablemente, seg\u00fan se avanzara en las obras, el presupuesto y costo de la obra aumentar\u00eda\u201d, explic\u00f3 el empresario.<\/p>\n<cite>La<strong>\u00a0remodelaci\u00f3n y construcci\u00f3n del edificio<\/strong>\u00a0inici\u00f3 en febrero de 2019. Dichos trabajos, seg\u00fan la declaraci\u00f3n, consistieron en la reconstrucci\u00f3n o reestructuraci\u00f3n de las columnas y cimentaci\u00f3n del inmueble, la demolici\u00f3n de los acabados y la sustituci\u00f3n de las redes el\u00e9ctricas, as\u00ed como la fachada de canceler\u00eda y vidrio que estaba da\u00f1ada.<br>&#8220;Esos trabajos los realizamos desde febrero de 2019 y se terminaron en noviembre, tambi\u00e9n de 2019. La empresa que nos liquidar\u00eda dichos pagos es la que nosotros conoc\u00edamos ya anteriormente. (Dise\u00f1os y Construcciones JP y Grupo Comercial D\u00edaz Mendoza.<br>&#8220;Estas empresas fuimos informados que nos pagar\u00edan por dichos trabajos que realiz\u00e1ramos. Nosotros suponemos que esas empresas eran cercanas a la alcald\u00eda, y que de esa forma ellos rescatar\u00edan el dinero de la remodelaci\u00f3n, siendo que nosotros concluimos los trabajos y solamente recibimos 15.5 millones de pesos, quedando un adeudo de 10 millones de pesos&#8221;, apunt\u00f3 el desarrollador inmobiliario.<\/cite><\/blockquote>\n\n\n\n<p>El empresario se\u00f1al\u00f3 que los pagos se efectuaron del ocho de febrero de 2019 hasta el 11 de julio del mismo a\u00f1o, pero con el restante de&nbsp;<strong>10 millones de pesos sin cubrir.<\/strong><\/p>\n\n\n\n<blockquote class=\"wp-block-quote is-layout-flow wp-block-quote-is-layout-flow\">\n<p>&#8220;A finales de mayo de 2019, nuevamente recib\u00ed una llamada de parte del alcalde Santiago (Taboada) y que me informaba que no ser\u00edan pagados esos 10 millones de pesos, que ser\u00eda el saldo en ese momento, y que no ten\u00edamos autorizaci\u00f3n para hacer ning\u00fan reclamo y en dicha llamada tambi\u00e9n me pidi\u00f3 que le reenviara al se\u00f1or Aridjis, de manera que le pudi\u00e9ramos entregar todos los materiales de soporte, como estimaciones y n\u00fameros generadores, igual que los calendarios, programas de obra y avances, para que ellos pudieran hacer con esa documentaci\u00f3n la facturaci\u00f3n y cobro\u201d, expuso.<\/p>\n<cite>\u00bfC\u00f3mo se adquiri\u00f3 el departamento del suegro de Jorge Romero?<br>El desarrollador inmobiliario Dionisio \u2018N\u2019 tambi\u00e9n dio a conocer que, en octubre de 2020, el entonces diputado local\u00a0Christian Von Roehrich, le solicit\u00f3 que Antonio Garc\u00eda Bada Mena,, suegro del legislador panista Jorge Romero Herrera, quer\u00eda comprar un departamento en City Towers.<br>&#8220;El diputado ya, Christian (Von Roehrich) me llam\u00f3 por tel\u00e9fono para citarme en un edificio que tambi\u00e9n nosotros est\u00e1bamos desarrollando, y me inform\u00f3 que hab\u00eda una persona que quer\u00eda comprar un departamento, el se\u00f1or Antonio (Garc\u00eda Bada Mena), suegro del que era diputado en ese momento, Jorge (Romero Herrera) a quien yo hab\u00eda conocido en diciembre de 2012, pues el delegado actual en esa fecha, el se\u00f1or Mario (Palacios), me lo present\u00f3\u201d, expuso.<\/cite><\/blockquote>\n\n\n\n<p>En esa reuni\u00f3n, Von Roehrich de la Isla &#8211; quien enfrenta proceso penal desde el Reclusorio Norte por su&nbsp;<strong>probable participaci\u00f3n en los delitos de ejercicio ilegal de atribuciones&nbsp;<\/strong>y facultades cometido por servidor p\u00fablico y asociaci\u00f3n delictuosa &#8211; le pidi\u00f3 que le vendiera la propiedad a un precio m\u00e1s bajo.<\/p>\n\n\n\n<blockquote class=\"wp-block-quote is-layout-flow wp-block-quote-is-layout-flow\">\n<p>&#8220;Que s\u00ed sigui\u00e9ramos apoyando y que hici\u00e9ramos la operaci\u00f3n de compra-venta del departamento en un monto de aproximadamente tres millones 997 mil pesos, aunque se tiene que reconocer que el valor comercial de ese inmueble, de ese departamento, era de seis millones 100 mil pesos.<br>&#8220;El departamento (H201) posteriormente se le escritur\u00f3 al se\u00f1or (Garc\u00eda Bada Mena) y el pago que se nos hicieron por ese departamento fue la cantidad de tres millones 995 mil pesos\u201d, expuso.<\/p>\n<cite>Dionisio &#8220;N&#8221; agreg\u00f3 que, posteriormente, solicit\u00f3 a la alcald\u00eda Benito Ju\u00e1rez, la\u00a0<strong>expedici\u00f3n de la copia certificada de la manifestaci\u00f3n de construcci\u00f3n<\/strong>, pero le dijeron que no se ten\u00eda en el archivo de la alcald\u00eda.<br>&#8220;Por esa raz\u00f3n comparecimos nosotros ante la Fiscal\u00eda de la Ciudad de M\u00e9xico para levantar una denuncia de hechos en contra de los se\u00f1ores Nicias Ren\u00e9 (Arijdis V\u00e1zquez) as\u00ed como el se\u00f1or Alfonso (Z\u00fa\u00f1iga Jim\u00e9nez), dado que no exist\u00eda el original en los archivos de la alcald\u00eda, como ellos nos hab\u00edan ofrecido originalmente\u201d, apunt\u00f3.<\/cite><\/blockquote>\n","protected":false},"excerpt":{"rendered":"<p>Por Redacci\u00f3n QP Santiago Taboada fue se\u00f1alado de continuar con el modus operandi de la&#8230;<\/p>\n","protected":false},"author":2,"featured_media":100513,"comment_status":"open","ping_status":"open","sticky":false,"template":"","format":"standard","meta":{"_monsterinsights_skip_tracking":false,"_monsterinsights_sitenote_active":false,"_monsterinsights_sitenote_note":"","_monsterinsights_sitenote_category":0,"footnotes":""},"categories":[55],"tags":[],"class_list":["post-100512","post","type-post","status-publish","format-standard","has-post-thumbnail","hentry","category-cdmx"],"yoast_head":"<!-- This site is optimized with the Yoast SEO plugin v27.3 - https:\/\/yoast.com\/product\/yoast-seo-wordpress\/ -->\n<title>Implican a Santiago Taboada alcalde de Benito Ju\u00e1rez en caso de corrupci\u00f3n inmobiliaria -<\/title>\n<meta name=\"robots\" content=\"index, follow, max-snippet:-1, max-image-preview:large, max-video-preview:-1\" \/>\n<link rel=\"canonical\" href=\"https:\/\/quehacerpolitico.mx\/?p=100512\" \/>\n<meta property=\"og:locale\" content=\"es_MX\" \/>\n<meta property=\"og:type\" content=\"article\" \/>\n<meta property=\"og:title\" content=\"Implican a Santiago Taboada alcalde de Benito Ju\u00e1rez en caso de corrupci\u00f3n inmobiliaria -\" \/>\n<meta property=\"og:description\" content=\"Por Redacci\u00f3n QP Santiago Taboada fue se\u00f1alado de continuar con el modus operandi de la...\" \/>\n<meta property=\"og:url\" content=\"https:\/\/quehacerpolitico.mx\/?p=100512\" \/>\n<meta property=\"article:published_time\" content=\"2023-05-02T23:59:53+00:00\" \/>\n<meta property=\"article:modified_time\" content=\"2023-05-02T23:59:54+00:00\" \/>\n<meta property=\"og:image\" content=\"https:\/\/quehacerpolitico.mx\/wp-content\/uploads\/2023\/05\/IMG_7451.jpeg\" \/>\n\t<meta property=\"og:image:width\" content=\"715\" \/>\n\t<meta property=\"og:image:height\" content=\"429\" \/>\n\t<meta property=\"og:image:type\" content=\"image\/jpeg\" \/>\n<meta name=\"author\" content=\"Redacci\u00f3n QP\" \/>\n<meta name=\"twitter:card\" content=\"summary_large_image\" \/>\n<meta name=\"twitter:label1\" content=\"Escrito por\" \/>\n\t<meta name=\"twitter:data1\" content=\"Redacci\u00f3n QP\" \/>\n\t<meta name=\"twitter:label2\" content=\"Tiempo de lectura\" \/>\n\t<meta name=\"twitter:data2\" content=\"5 minutos\" \/>\n<script type=\"application\/ld+json\" class=\"yoast-schema-graph\">{\"@context\":\"https:\\\/\\\/schema.org\",\"@graph\":[{\"@type\":\"Article\",\"@id\":\"https:\\\/\\\/quehacerpolitico.mx\\\/?p=100512#article\",\"isPartOf\":{\"@id\":\"https:\\\/\\\/quehacerpolitico.mx\\\/?p=100512\"},\"author\":{\"name\":\"Redacci\u00f3n QP\",\"@id\":\"https:\\\/\\\/quehacerpolitico.mx\\\/#\\\/schema\\\/person\\\/496d8ad2d1d3f8036101dca7ee39e585\"},\"headline\":\"Implican a Santiago Taboada alcalde de Benito Ju\u00e1rez en caso de corrupci\u00f3n inmobiliaria\",\"datePublished\":\"2023-05-02T23:59:53+00:00\",\"dateModified\":\"2023-05-02T23:59:54+00:00\",\"mainEntityOfPage\":{\"@id\":\"https:\\\/\\\/quehacerpolitico.mx\\\/?p=100512\"},\"wordCount\":925,\"commentCount\":0,\"image\":{\"@id\":\"https:\\\/\\\/quehacerpolitico.mx\\\/?p=100512#primaryimage\"},\"thumbnailUrl\":\"https:\\\/\\\/quehacerpolitico.mx\\\/wp-content\\\/uploads\\\/2023\\\/05\\\/IMG_7451.jpeg\",\"articleSection\":[\"CDMX\"],\"inLanguage\":\"es\",\"potentialAction\":[{\"@type\":\"CommentAction\",\"name\":\"Comment\",\"target\":[\"https:\\\/\\\/quehacerpolitico.mx\\\/?p=100512#respond\"]}]},{\"@type\":\"WebPage\",\"@id\":\"https:\\\/\\\/quehacerpolitico.mx\\\/?p=100512\",\"url\":\"https:\\\/\\\/quehacerpolitico.mx\\\/?p=100512\",\"name\":\"Implican a Santiago Taboada alcalde de Benito Ju\u00e1rez en caso de corrupci\u00f3n inmobiliaria -\",\"isPartOf\":{\"@id\":\"https:\\\/\\\/quehacerpolitico.mx\\\/#website\"},\"primaryImageOfPage\":{\"@id\":\"https:\\\/\\\/quehacerpolitico.mx\\\/?p=100512#primaryimage\"},\"image\":{\"@id\":\"https:\\\/\\\/quehacerpolitico.mx\\\/?p=100512#primaryimage\"},\"thumbnailUrl\":\"https:\\\/\\\/quehacerpolitico.mx\\\/wp-content\\\/uploads\\\/2023\\\/05\\\/IMG_7451.jpeg\",\"datePublished\":\"2023-05-02T23:59:53+00:00\",\"dateModified\":\"2023-05-02T23:59:54+00:00\",\"author\":{\"@id\":\"https:\\\/\\\/quehacerpolitico.mx\\\/#\\\/schema\\\/person\\\/496d8ad2d1d3f8036101dca7ee39e585\"},\"breadcrumb\":{\"@id\":\"https:\\\/\\\/quehacerpolitico.mx\\\/?p=100512#breadcrumb\"},\"inLanguage\":\"es\",\"potentialAction\":[{\"@type\":\"ReadAction\",\"target\":[\"https:\\\/\\\/quehacerpolitico.mx\\\/?p=100512\"]}]},{\"@type\":\"ImageObject\",\"inLanguage\":\"es\",\"@id\":\"https:\\\/\\\/quehacerpolitico.mx\\\/?p=100512#primaryimage\",\"url\":\"https:\\\/\\\/quehacerpolitico.mx\\\/wp-content\\\/uploads\\\/2023\\\/05\\\/IMG_7451.jpeg\",\"contentUrl\":\"https:\\\/\\\/quehacerpolitico.mx\\\/wp-content\\\/uploads\\\/2023\\\/05\\\/IMG_7451.jpeg\",\"width\":715,\"height\":429},{\"@type\":\"BreadcrumbList\",\"@id\":\"https:\\\/\\\/quehacerpolitico.mx\\\/?p=100512#breadcrumb\",\"itemListElement\":[{\"@type\":\"ListItem\",\"position\":1,\"name\":\"Inicio\",\"item\":\"https:\\\/\\\/quehacerpolitico.mx\\\/\"},{\"@type\":\"ListItem\",\"position\":2,\"name\":\"Implican a Santiago Taboada alcalde de Benito Ju\u00e1rez en caso de corrupci\u00f3n inmobiliaria\"}]},{\"@type\":\"WebSite\",\"@id\":\"https:\\\/\\\/quehacerpolitico.mx\\\/#website\",\"url\":\"https:\\\/\\\/quehacerpolitico.mx\\\/\",\"name\":\"\",\"description\":\"\",\"potentialAction\":[{\"@type\":\"SearchAction\",\"target\":{\"@type\":\"EntryPoint\",\"urlTemplate\":\"https:\\\/\\\/quehacerpolitico.mx\\\/?s={search_term_string}\"},\"query-input\":{\"@type\":\"PropertyValueSpecification\",\"valueRequired\":true,\"valueName\":\"search_term_string\"}}],\"inLanguage\":\"es\"},{\"@type\":\"Person\",\"@id\":\"https:\\\/\\\/quehacerpolitico.mx\\\/#\\\/schema\\\/person\\\/496d8ad2d1d3f8036101dca7ee39e585\",\"name\":\"Redacci\u00f3n QP\",\"image\":{\"@type\":\"ImageObject\",\"inLanguage\":\"es\",\"@id\":\"https:\\\/\\\/secure.gravatar.com\\\/avatar\\\/c7164ed6fdec453195284ad24a5ae5b6e1eed2b848477fa2a4787ba9adf39a41?s=96&d=mm&r=g\",\"url\":\"https:\\\/\\\/secure.gravatar.com\\\/avatar\\\/c7164ed6fdec453195284ad24a5ae5b6e1eed2b848477fa2a4787ba9adf39a41?s=96&d=mm&r=g\",\"contentUrl\":\"https:\\\/\\\/secure.gravatar.com\\\/avatar\\\/c7164ed6fdec453195284ad24a5ae5b6e1eed2b848477fa2a4787ba9adf39a41?s=96&d=mm&r=g\",\"caption\":\"Redacci\u00f3n QP\"},\"url\":\"https:\\\/\\\/quehacerpolitico.mx\\\/?author=2\"}]}<\/script>\n<!-- \/ Yoast SEO plugin. -->","yoast_head_json":{"title":"Implican a Santiago Taboada alcalde de Benito Ju\u00e1rez en caso de corrupci\u00f3n inmobiliaria -","robots":{"index":"index","follow":"follow","max-snippet":"max-snippet:-1","max-image-preview":"max-image-preview:large","max-video-preview":"max-video-preview:-1"},"canonical":"https:\/\/quehacerpolitico.mx\/?p=100512","og_locale":"es_MX","og_type":"article","og_title":"Implican a Santiago Taboada alcalde de Benito Ju\u00e1rez en caso de corrupci\u00f3n inmobiliaria -","og_description":"Por Redacci\u00f3n QP Santiago Taboada fue se\u00f1alado de continuar con el modus operandi de la...","og_url":"https:\/\/quehacerpolitico.mx\/?p=100512","article_published_time":"2023-05-02T23:59:53+00:00","article_modified_time":"2023-05-02T23:59:54+00:00","og_image":[{"width":715,"height":429,"url":"https:\/\/quehacerpolitico.mx\/wp-content\/uploads\/2023\/05\/IMG_7451.jpeg","type":"image\/jpeg"}],"author":"Redacci\u00f3n QP","twitter_card":"summary_large_image","twitter_misc":{"Escrito por":"Redacci\u00f3n QP","Tiempo de lectura":"5 minutos"},"schema":{"@context":"https:\/\/schema.org","@graph":[{"@type":"Article","@id":"https:\/\/quehacerpolitico.mx\/?p=100512#article","isPartOf":{"@id":"https:\/\/quehacerpolitico.mx\/?p=100512"},"author":{"name":"Redacci\u00f3n QP","@id":"https:\/\/quehacerpolitico.mx\/#\/schema\/person\/496d8ad2d1d3f8036101dca7ee39e585"},"headline":"Implican a Santiago Taboada alcalde de Benito Ju\u00e1rez en caso de corrupci\u00f3n inmobiliaria","datePublished":"2023-05-02T23:59:53+00:00","dateModified":"2023-05-02T23:59:54+00:00","mainEntityOfPage":{"@id":"https:\/\/quehacerpolitico.mx\/?p=100512"},"wordCount":925,"commentCount":0,"image":{"@id":"https:\/\/quehacerpolitico.mx\/?p=100512#primaryimage"},"thumbnailUrl":"https:\/\/quehacerpolitico.mx\/wp-content\/uploads\/2023\/05\/IMG_7451.jpeg","articleSection":["CDMX"],"inLanguage":"es","potentialAction":[{"@type":"CommentAction","name":"Comment","target":["https:\/\/quehacerpolitico.mx\/?p=100512#respond"]}]},{"@type":"WebPage","@id":"https:\/\/quehacerpolitico.mx\/?p=100512","url":"https:\/\/quehacerpolitico.mx\/?p=100512","name":"Implican a Santiago Taboada alcalde de Benito Ju\u00e1rez en caso de corrupci\u00f3n inmobiliaria -","isPartOf":{"@id":"https:\/\/quehacerpolitico.mx\/#website"},"primaryImageOfPage":{"@id":"https:\/\/quehacerpolitico.mx\/?p=100512#primaryimage"},"image":{"@id":"https:\/\/quehacerpolitico.mx\/?p=100512#primaryimage"},"thumbnailUrl":"https:\/\/quehacerpolitico.mx\/wp-content\/uploads\/2023\/05\/IMG_7451.jpeg","datePublished":"2023-05-02T23:59:53+00:00","dateModified":"2023-05-02T23:59:54+00:00","author":{"@id":"https:\/\/quehacerpolitico.mx\/#\/schema\/person\/496d8ad2d1d3f8036101dca7ee39e585"},"breadcrumb":{"@id":"https:\/\/quehacerpolitico.mx\/?p=100512#breadcrumb"},"inLanguage":"es","potentialAction":[{"@type":"ReadAction","target":["https:\/\/quehacerpolitico.mx\/?p=100512"]}]},{"@type":"ImageObject","inLanguage":"es","@id":"https:\/\/quehacerpolitico.mx\/?p=100512#primaryimage","url":"https:\/\/quehacerpolitico.mx\/wp-content\/uploads\/2023\/05\/IMG_7451.jpeg","contentUrl":"https:\/\/quehacerpolitico.mx\/wp-content\/uploads\/2023\/05\/IMG_7451.jpeg","width":715,"height":429},{"@type":"BreadcrumbList","@id":"https:\/\/quehacerpolitico.mx\/?p=100512#breadcrumb","itemListElement":[{"@type":"ListItem","position":1,"name":"Inicio","item":"https:\/\/quehacerpolitico.mx\/"},{"@type":"ListItem","position":2,"name":"Implican a Santiago Taboada alcalde de Benito Ju\u00e1rez en caso de corrupci\u00f3n inmobiliaria"}]},{"@type":"WebSite","@id":"https:\/\/quehacerpolitico.mx\/#website","url":"https:\/\/quehacerpolitico.mx\/","name":"","description":"","potentialAction":[{"@type":"SearchAction","target":{"@type":"EntryPoint","urlTemplate":"https:\/\/quehacerpolitico.mx\/?s={search_term_string}"},"query-input":{"@type":"PropertyValueSpecification","valueRequired":true,"valueName":"search_term_string"}}],"inLanguage":"es"},{"@type":"Person","@id":"https:\/\/quehacerpolitico.mx\/#\/schema\/person\/496d8ad2d1d3f8036101dca7ee39e585","name":"Redacci\u00f3n QP","image":{"@type":"ImageObject","inLanguage":"es","@id":"https:\/\/secure.gravatar.com\/avatar\/c7164ed6fdec453195284ad24a5ae5b6e1eed2b848477fa2a4787ba9adf39a41?s=96&d=mm&r=g","url":"https:\/\/secure.gravatar.com\/avatar\/c7164ed6fdec453195284ad24a5ae5b6e1eed2b848477fa2a4787ba9adf39a41?s=96&d=mm&r=g","contentUrl":"https:\/\/secure.gravatar.com\/avatar\/c7164ed6fdec453195284ad24a5ae5b6e1eed2b848477fa2a4787ba9adf39a41?s=96&d=mm&r=g","caption":"Redacci\u00f3n QP"},"url":"https:\/\/quehacerpolitico.mx\/?author=2"}]}},"featured_image_urls":{"full":["https:\/\/quehacerpolitico.mx\/wp-content\/uploads\/2023\/05\/IMG_7451.jpeg",715,429,false],"thumbnail":["https:\/\/quehacerpolitico.mx\/wp-content\/uploads\/2023\/05\/IMG_7451-150x150.jpeg",150,150,true],"medium":["https:\/\/quehacerpolitico.mx\/wp-content\/uploads\/2023\/05\/IMG_7451-300x180.jpeg",300,180,true],"medium_large":["https:\/\/quehacerpolitico.mx\/wp-content\/uploads\/2023\/05\/IMG_7451.jpeg",640,384,false],"large":["https:\/\/quehacerpolitico.mx\/wp-content\/uploads\/2023\/05\/IMG_7451.jpeg",640,384,false],"1536x1536":["https:\/\/quehacerpolitico.mx\/wp-content\/uploads\/2023\/05\/IMG_7451.jpeg",715,429,false],"2048x2048":["https:\/\/quehacerpolitico.mx\/wp-content\/uploads\/2023\/05\/IMG_7451.jpeg",715,429,false],"covernews-featured":["https:\/\/quehacerpolitico.mx\/wp-content\/uploads\/2023\/05\/IMG_7451.jpeg",715,429,false],"covernews-medium":["https:\/\/quehacerpolitico.mx\/wp-content\/uploads\/2023\/05\/IMG_7451.jpeg",540,324,false]},"author_info":{"display_name":"Redacci\u00f3n QP","author_link":"https:\/\/quehacerpolitico.mx\/?author=2"},"category_info":"<a href=\"https:\/\/quehacerpolitico.mx\/?cat=55\" rel=\"category\">CDMX<\/a>","tag_info":"CDMX","comment_count":"0","_links":{"self":[{"href":"https:\/\/quehacerpolitico.mx\/index.php?rest_route=\/wp\/v2\/posts\/100512","targetHints":{"allow":["GET"]}}],"collection":[{"href":"https:\/\/quehacerpolitico.mx\/index.php?rest_route=\/wp\/v2\/posts"}],"about":[{"href":"https:\/\/quehacerpolitico.mx\/index.php?rest_route=\/wp\/v2\/types\/post"}],"author":[{"embeddable":true,"href":"https:\/\/quehacerpolitico.mx\/index.php?rest_route=\/wp\/v2\/users\/2"}],"replies":[{"embeddable":true,"href":"https:\/\/quehacerpolitico.mx\/index.php?rest_route=%2Fwp%2Fv2%2Fcomments&post=100512"}],"version-history":[{"count":1,"href":"https:\/\/quehacerpolitico.mx\/index.php?rest_route=\/wp\/v2\/posts\/100512\/revisions"}],"predecessor-version":[{"id":100514,"href":"https:\/\/quehacerpolitico.mx\/index.php?rest_route=\/wp\/v2\/posts\/100512\/revisions\/100514"}],"wp:featuredmedia":[{"embeddable":true,"href":"https:\/\/quehacerpolitico.mx\/index.php?rest_route=\/wp\/v2\/media\/100513"}],"wp:attachment":[{"href":"https:\/\/quehacerpolitico.mx\/index.php?rest_route=%2Fwp%2Fv2%2Fmedia&parent=100512"}],"wp:term":[{"taxonomy":"category","embeddable":true,"href":"https:\/\/quehacerpolitico.mx\/index.php?rest_route=%2Fwp%2Fv2%2Fcategories&post=100512"},{"taxonomy":"post_tag","embeddable":true,"href":"https:\/\/quehacerpolitico.mx\/index.php?rest_route=%2Fwp%2Fv2%2Ftags&post=100512"}],"curies":[{"name":"wp","href":"https:\/\/api.w.org\/{rel}","templated":true}]}}