{"id":100505,"date":"2023-05-02T20:05:54","date_gmt":"2023-05-02T20:05:54","guid":{"rendered":"https:\/\/quehacerpolitico.mx\/?p=100505"},"modified":"2023-05-02T20:14:50","modified_gmt":"2023-05-02T20:14:50","slug":"enfoque-litza-deniss-duran-espinosa-hoy-ultimo-dia-para-presentar-la-declaracion-anual-2022-que-no-se-te-pase","status":"publish","type":"post","link":"https:\/\/quehacerpolitico.mx\/?p=100505","title":{"rendered":"Enfoque\/\/\/Litza Deniss Dur\u00e1n Espinosa\/\/\/Hoy \u00faltimo d\u00eda para presentar la declaraci\u00f3n anual 2022 que no se te pase"},"content":{"rendered":"\n<p>Por Litza Deniss Dur\u00e1n Espinosa<\/p>\n\n\n\n<p>Analista<\/p>\n\n\n\n<p>Termina la temporada de declaraciones de ingresos que deben hacer todos los contribuyentes en M\u00e9xico ante el SAT<\/p>\n\n\n\n<p>Este martes 2 de mayo&nbsp;<strong>es el \u00faltimo d\u00eda para que las personas f\u00edsicas presenten su declaraci\u00f3n anual correspondiente al ejercicio 2022<\/strong>, incluyendo a los peque\u00f1os contribuyentes que tributan en el nuevo R\u00e9gimen Simplificado de Confianza (Resico).<\/p>\n\n\n\n<p>Es decir, para los que tienen una est\u00e9tica, miscel\u00e1nea, tienda de abarrotes, cafeter\u00eda, local en los mercados, peque\u00f1os productores y ganaderos, profesionistas y arrendatarios cuyos ingresos anuales no hayan rebasado los 3.5 millones de pesos.<\/p>\n\n\n\n<p>Con ello,<strong>&nbsp;termina la temporada de declaraciones de ingresos que deben hacer todos los contribuyentes en M\u00e9xico<\/strong>&nbsp;ante el Servicio de Administraci\u00f3n Tributaria (SAT).<\/p>\n\n\n\n<p><strong>En marzo toc\u00f3 el turno a las empresas y a los que est\u00e1n en el Resico como personas morales, y en abril al resto de los contribuyentes<\/strong>, incluyendo los asalariados con ingresos superiores a los 400 mil pesos anuales, los que trabajaron para dos patrones de manera simult\u00e1nea o de uno solo por sueldos y salarios y dejaron de recibirlo antes del 31 de diciembre.<\/p>\n\n\n\n<p>Tambi\u00e9n los que percibieron salarios provenientes del extranjero o de personas no obligadas a retener. Por indemnizaci\u00f3n o jubilaci\u00f3n.<\/p>\n\n\n\n<p>Si cobraste por servicios profesionales o trabajaste por tu cuenta y emitiste comprobantes por honorarios, presentas declaraci\u00f3n anual.<\/p>\n\n\n\n<p>Los repartidores de comida, los que prestaron servicios de transporte personal de pasajeros o rentaron su casa contratados por plataformas tecnol\u00f3gicas, tambi\u00e9n deben cumplir con esta obligaci\u00f3n.<\/p>\n\n\n\n<p>Incluye tambi\u00e9n a los peque\u00f1os contribuyentes que se quedaron en el R\u00e9gimen de Incorporaci\u00f3n Fiscal (RIF) con coeficiente de utilidad.<\/p>\n\n\n\n<p>De igual manera los que gozan de los est\u00edmulos fiscales en la regi\u00f3n fronteriza del norte o del sur, ya que es un requisito para que sigan con una tasa reducida del Impuesto del Valor Agregado (IVA).<\/p>\n\n\n\n<p><strong>Si vives de tus rentas por inmuebles, debes declarar ante el fisco y pagar impuestos.<\/strong><\/p>\n\n\n\n<p>Los que recibieron intereses financieros o un dividendo, no se salvan porque hay que presentar declaraci\u00f3n; asimismo, los que vendieron o compraron bienes inmuebles el a\u00f1o pasado.<\/p>\n","protected":false},"excerpt":{"rendered":"<p>Por Litza Deniss Dur\u00e1n Espinosa Analista Termina la temporada de declaraciones de ingresos que deben&#8230;<\/p>\n","protected":false},"author":2,"featured_media":100506,"comment_status":"open","ping_status":"open","sticky":false,"template":"","format":"standard","meta":{"_monsterinsights_skip_tracking":false,"_monsterinsights_sitenote_active":false,"_monsterinsights_sitenote_note":"","_monsterinsights_sitenote_category":0,"footnotes":""},"categories":[56],"tags":[],"class_list":["post-100505","post","type-post","status-publish","format-standard","has-post-thumbnail","hentry","category-economia"],"yoast_head":"<!-- This site is optimized with the Yoast SEO plugin v27.3 - https:\/\/yoast.com\/product\/yoast-seo-wordpress\/ -->\n<title>Enfoque\/\/\/Litza Deniss Dur\u00e1n Espinosa\/\/\/Hoy \u00faltimo d\u00eda para presentar la declaraci\u00f3n anual 2022 que no se te pase -<\/title>\n<meta name=\"robots\" content=\"index, follow, max-snippet:-1, max-image-preview:large, max-video-preview:-1\" \/>\n<link rel=\"canonical\" href=\"https:\/\/quehacerpolitico.mx\/?p=100505\" \/>\n<meta property=\"og:locale\" content=\"es_MX\" \/>\n<meta property=\"og:type\" content=\"article\" \/>\n<meta property=\"og:title\" content=\"Enfoque\/\/\/Litza Deniss Dur\u00e1n Espinosa\/\/\/Hoy \u00faltimo d\u00eda para presentar la declaraci\u00f3n anual 2022 que no se te pase -\" \/>\n<meta property=\"og:description\" content=\"Por Litza Deniss Dur\u00e1n Espinosa Analista Termina la temporada de declaraciones de ingresos que deben...\" \/>\n<meta property=\"og:url\" content=\"https:\/\/quehacerpolitico.mx\/?p=100505\" \/>\n<meta property=\"article:published_time\" content=\"2023-05-02T20:05:54+00:00\" \/>\n<meta property=\"article:modified_time\" content=\"2023-05-02T20:14:50+00:00\" \/>\n<meta property=\"og:image\" content=\"https:\/\/quehacerpolitico.mx\/wp-content\/uploads\/2023\/05\/ffb861ea-47ab-405c-af3e-9b89cc09d96e-1.jpeg\" \/>\n\t<meta property=\"og:image:width\" content=\"963\" \/>\n\t<meta property=\"og:image:height\" content=\"493\" \/>\n\t<meta property=\"og:image:type\" content=\"image\/jpeg\" \/>\n<meta name=\"author\" content=\"Redacci\u00f3n QP\" \/>\n<meta name=\"twitter:card\" content=\"summary_large_image\" \/>\n<meta name=\"twitter:label1\" content=\"Escrito por\" \/>\n\t<meta name=\"twitter:data1\" content=\"Redacci\u00f3n QP\" \/>\n\t<meta name=\"twitter:label2\" content=\"Tiempo de lectura\" \/>\n\t<meta name=\"twitter:data2\" content=\"2 minutos\" \/>\n<script type=\"application\/ld+json\" class=\"yoast-schema-graph\">{\"@context\":\"https:\\\/\\\/schema.org\",\"@graph\":[{\"@type\":\"Article\",\"@id\":\"https:\\\/\\\/quehacerpolitico.mx\\\/?p=100505#article\",\"isPartOf\":{\"@id\":\"https:\\\/\\\/quehacerpolitico.mx\\\/?p=100505\"},\"author\":{\"name\":\"Redacci\u00f3n QP\",\"@id\":\"https:\\\/\\\/quehacerpolitico.mx\\\/#\\\/schema\\\/person\\\/496d8ad2d1d3f8036101dca7ee39e585\"},\"headline\":\"Enfoque\\\/\\\/\\\/Litza Deniss Dur\u00e1n Espinosa\\\/\\\/\\\/Hoy \u00faltimo d\u00eda para presentar la declaraci\u00f3n anual 2022 que no se te pase\",\"datePublished\":\"2023-05-02T20:05:54+00:00\",\"dateModified\":\"2023-05-02T20:14:50+00:00\",\"mainEntityOfPage\":{\"@id\":\"https:\\\/\\\/quehacerpolitico.mx\\\/?p=100505\"},\"wordCount\":397,\"commentCount\":0,\"image\":{\"@id\":\"https:\\\/\\\/quehacerpolitico.mx\\\/?p=100505#primaryimage\"},\"thumbnailUrl\":\"https:\\\/\\\/quehacerpolitico.mx\\\/wp-content\\\/uploads\\\/2023\\\/05\\\/ffb861ea-47ab-405c-af3e-9b89cc09d96e-1.jpeg\",\"articleSection\":[\"Econom\u00eda\"],\"inLanguage\":\"es\",\"potentialAction\":[{\"@type\":\"CommentAction\",\"name\":\"Comment\",\"target\":[\"https:\\\/\\\/quehacerpolitico.mx\\\/?p=100505#respond\"]}]},{\"@type\":\"WebPage\",\"@id\":\"https:\\\/\\\/quehacerpolitico.mx\\\/?p=100505\",\"url\":\"https:\\\/\\\/quehacerpolitico.mx\\\/?p=100505\",\"name\":\"Enfoque\\\/\\\/\\\/Litza Deniss Dur\u00e1n Espinosa\\\/\\\/\\\/Hoy \u00faltimo d\u00eda para presentar la declaraci\u00f3n anual 2022 que no se te pase -\",\"isPartOf\":{\"@id\":\"https:\\\/\\\/quehacerpolitico.mx\\\/#website\"},\"primaryImageOfPage\":{\"@id\":\"https:\\\/\\\/quehacerpolitico.mx\\\/?p=100505#primaryimage\"},\"image\":{\"@id\":\"https:\\\/\\\/quehacerpolitico.mx\\\/?p=100505#primaryimage\"},\"thumbnailUrl\":\"https:\\\/\\\/quehacerpolitico.mx\\\/wp-content\\\/uploads\\\/2023\\\/05\\\/ffb861ea-47ab-405c-af3e-9b89cc09d96e-1.jpeg\",\"datePublished\":\"2023-05-02T20:05:54+00:00\",\"dateModified\":\"2023-05-02T20:14:50+00:00\",\"author\":{\"@id\":\"https:\\\/\\\/quehacerpolitico.mx\\\/#\\\/schema\\\/person\\\/496d8ad2d1d3f8036101dca7ee39e585\"},\"breadcrumb\":{\"@id\":\"https:\\\/\\\/quehacerpolitico.mx\\\/?p=100505#breadcrumb\"},\"inLanguage\":\"es\",\"potentialAction\":[{\"@type\":\"ReadAction\",\"target\":[\"https:\\\/\\\/quehacerpolitico.mx\\\/?p=100505\"]}]},{\"@type\":\"ImageObject\",\"inLanguage\":\"es\",\"@id\":\"https:\\\/\\\/quehacerpolitico.mx\\\/?p=100505#primaryimage\",\"url\":\"https:\\\/\\\/quehacerpolitico.mx\\\/wp-content\\\/uploads\\\/2023\\\/05\\\/ffb861ea-47ab-405c-af3e-9b89cc09d96e-1.jpeg\",\"contentUrl\":\"https:\\\/\\\/quehacerpolitico.mx\\\/wp-content\\\/uploads\\\/2023\\\/05\\\/ffb861ea-47ab-405c-af3e-9b89cc09d96e-1.jpeg\",\"width\":963,\"height\":493},{\"@type\":\"BreadcrumbList\",\"@id\":\"https:\\\/\\\/quehacerpolitico.mx\\\/?p=100505#breadcrumb\",\"itemListElement\":[{\"@type\":\"ListItem\",\"position\":1,\"name\":\"Inicio\",\"item\":\"https:\\\/\\\/quehacerpolitico.mx\\\/\"},{\"@type\":\"ListItem\",\"position\":2,\"name\":\"Enfoque\\\/\\\/\\\/Litza Deniss Dur\u00e1n Espinosa\\\/\\\/\\\/Hoy \u00faltimo d\u00eda para presentar la declaraci\u00f3n anual 2022 que no se te pase\"}]},{\"@type\":\"WebSite\",\"@id\":\"https:\\\/\\\/quehacerpolitico.mx\\\/#website\",\"url\":\"https:\\\/\\\/quehacerpolitico.mx\\\/\",\"name\":\"\",\"description\":\"\",\"potentialAction\":[{\"@type\":\"SearchAction\",\"target\":{\"@type\":\"EntryPoint\",\"urlTemplate\":\"https:\\\/\\\/quehacerpolitico.mx\\\/?s={search_term_string}\"},\"query-input\":{\"@type\":\"PropertyValueSpecification\",\"valueRequired\":true,\"valueName\":\"search_term_string\"}}],\"inLanguage\":\"es\"},{\"@type\":\"Person\",\"@id\":\"https:\\\/\\\/quehacerpolitico.mx\\\/#\\\/schema\\\/person\\\/496d8ad2d1d3f8036101dca7ee39e585\",\"name\":\"Redacci\u00f3n QP\",\"image\":{\"@type\":\"ImageObject\",\"inLanguage\":\"es\",\"@id\":\"https:\\\/\\\/secure.gravatar.com\\\/avatar\\\/c7164ed6fdec453195284ad24a5ae5b6e1eed2b848477fa2a4787ba9adf39a41?s=96&d=mm&r=g\",\"url\":\"https:\\\/\\\/secure.gravatar.com\\\/avatar\\\/c7164ed6fdec453195284ad24a5ae5b6e1eed2b848477fa2a4787ba9adf39a41?s=96&d=mm&r=g\",\"contentUrl\":\"https:\\\/\\\/secure.gravatar.com\\\/avatar\\\/c7164ed6fdec453195284ad24a5ae5b6e1eed2b848477fa2a4787ba9adf39a41?s=96&d=mm&r=g\",\"caption\":\"Redacci\u00f3n QP\"},\"url\":\"https:\\\/\\\/quehacerpolitico.mx\\\/?author=2\"}]}<\/script>\n<!-- \/ Yoast SEO plugin. -->","yoast_head_json":{"title":"Enfoque\/\/\/Litza Deniss Dur\u00e1n Espinosa\/\/\/Hoy \u00faltimo d\u00eda para presentar la declaraci\u00f3n anual 2022 que no se te pase -","robots":{"index":"index","follow":"follow","max-snippet":"max-snippet:-1","max-image-preview":"max-image-preview:large","max-video-preview":"max-video-preview:-1"},"canonical":"https:\/\/quehacerpolitico.mx\/?p=100505","og_locale":"es_MX","og_type":"article","og_title":"Enfoque\/\/\/Litza Deniss Dur\u00e1n Espinosa\/\/\/Hoy \u00faltimo d\u00eda para presentar la declaraci\u00f3n anual 2022 que no se te pase -","og_description":"Por Litza Deniss Dur\u00e1n Espinosa Analista Termina la temporada de declaraciones de ingresos que deben...","og_url":"https:\/\/quehacerpolitico.mx\/?p=100505","article_published_time":"2023-05-02T20:05:54+00:00","article_modified_time":"2023-05-02T20:14:50+00:00","og_image":[{"width":963,"height":493,"url":"https:\/\/quehacerpolitico.mx\/wp-content\/uploads\/2023\/05\/ffb861ea-47ab-405c-af3e-9b89cc09d96e-1.jpeg","type":"image\/jpeg"}],"author":"Redacci\u00f3n QP","twitter_card":"summary_large_image","twitter_misc":{"Escrito por":"Redacci\u00f3n QP","Tiempo de lectura":"2 minutos"},"schema":{"@context":"https:\/\/schema.org","@graph":[{"@type":"Article","@id":"https:\/\/quehacerpolitico.mx\/?p=100505#article","isPartOf":{"@id":"https:\/\/quehacerpolitico.mx\/?p=100505"},"author":{"name":"Redacci\u00f3n QP","@id":"https:\/\/quehacerpolitico.mx\/#\/schema\/person\/496d8ad2d1d3f8036101dca7ee39e585"},"headline":"Enfoque\/\/\/Litza Deniss Dur\u00e1n Espinosa\/\/\/Hoy \u00faltimo d\u00eda para presentar la declaraci\u00f3n anual 2022 que no se te pase","datePublished":"2023-05-02T20:05:54+00:00","dateModified":"2023-05-02T20:14:50+00:00","mainEntityOfPage":{"@id":"https:\/\/quehacerpolitico.mx\/?p=100505"},"wordCount":397,"commentCount":0,"image":{"@id":"https:\/\/quehacerpolitico.mx\/?p=100505#primaryimage"},"thumbnailUrl":"https:\/\/quehacerpolitico.mx\/wp-content\/uploads\/2023\/05\/ffb861ea-47ab-405c-af3e-9b89cc09d96e-1.jpeg","articleSection":["Econom\u00eda"],"inLanguage":"es","potentialAction":[{"@type":"CommentAction","name":"Comment","target":["https:\/\/quehacerpolitico.mx\/?p=100505#respond"]}]},{"@type":"WebPage","@id":"https:\/\/quehacerpolitico.mx\/?p=100505","url":"https:\/\/quehacerpolitico.mx\/?p=100505","name":"Enfoque\/\/\/Litza Deniss Dur\u00e1n Espinosa\/\/\/Hoy \u00faltimo d\u00eda para presentar la declaraci\u00f3n anual 2022 que no se te pase -","isPartOf":{"@id":"https:\/\/quehacerpolitico.mx\/#website"},"primaryImageOfPage":{"@id":"https:\/\/quehacerpolitico.mx\/?p=100505#primaryimage"},"image":{"@id":"https:\/\/quehacerpolitico.mx\/?p=100505#primaryimage"},"thumbnailUrl":"https:\/\/quehacerpolitico.mx\/wp-content\/uploads\/2023\/05\/ffb861ea-47ab-405c-af3e-9b89cc09d96e-1.jpeg","datePublished":"2023-05-02T20:05:54+00:00","dateModified":"2023-05-02T20:14:50+00:00","author":{"@id":"https:\/\/quehacerpolitico.mx\/#\/schema\/person\/496d8ad2d1d3f8036101dca7ee39e585"},"breadcrumb":{"@id":"https:\/\/quehacerpolitico.mx\/?p=100505#breadcrumb"},"inLanguage":"es","potentialAction":[{"@type":"ReadAction","target":["https:\/\/quehacerpolitico.mx\/?p=100505"]}]},{"@type":"ImageObject","inLanguage":"es","@id":"https:\/\/quehacerpolitico.mx\/?p=100505#primaryimage","url":"https:\/\/quehacerpolitico.mx\/wp-content\/uploads\/2023\/05\/ffb861ea-47ab-405c-af3e-9b89cc09d96e-1.jpeg","contentUrl":"https:\/\/quehacerpolitico.mx\/wp-content\/uploads\/2023\/05\/ffb861ea-47ab-405c-af3e-9b89cc09d96e-1.jpeg","width":963,"height":493},{"@type":"BreadcrumbList","@id":"https:\/\/quehacerpolitico.mx\/?p=100505#breadcrumb","itemListElement":[{"@type":"ListItem","position":1,"name":"Inicio","item":"https:\/\/quehacerpolitico.mx\/"},{"@type":"ListItem","position":2,"name":"Enfoque\/\/\/Litza Deniss Dur\u00e1n Espinosa\/\/\/Hoy \u00faltimo d\u00eda para presentar la declaraci\u00f3n anual 2022 que no se te pase"}]},{"@type":"WebSite","@id":"https:\/\/quehacerpolitico.mx\/#website","url":"https:\/\/quehacerpolitico.mx\/","name":"","description":"","potentialAction":[{"@type":"SearchAction","target":{"@type":"EntryPoint","urlTemplate":"https:\/\/quehacerpolitico.mx\/?s={search_term_string}"},"query-input":{"@type":"PropertyValueSpecification","valueRequired":true,"valueName":"search_term_string"}}],"inLanguage":"es"},{"@type":"Person","@id":"https:\/\/quehacerpolitico.mx\/#\/schema\/person\/496d8ad2d1d3f8036101dca7ee39e585","name":"Redacci\u00f3n QP","image":{"@type":"ImageObject","inLanguage":"es","@id":"https:\/\/secure.gravatar.com\/avatar\/c7164ed6fdec453195284ad24a5ae5b6e1eed2b848477fa2a4787ba9adf39a41?s=96&d=mm&r=g","url":"https:\/\/secure.gravatar.com\/avatar\/c7164ed6fdec453195284ad24a5ae5b6e1eed2b848477fa2a4787ba9adf39a41?s=96&d=mm&r=g","contentUrl":"https:\/\/secure.gravatar.com\/avatar\/c7164ed6fdec453195284ad24a5ae5b6e1eed2b848477fa2a4787ba9adf39a41?s=96&d=mm&r=g","caption":"Redacci\u00f3n QP"},"url":"https:\/\/quehacerpolitico.mx\/?author=2"}]}},"featured_image_urls":{"full":["https:\/\/quehacerpolitico.mx\/wp-content\/uploads\/2023\/05\/ffb861ea-47ab-405c-af3e-9b89cc09d96e-1.jpeg",963,493,false],"thumbnail":["https:\/\/quehacerpolitico.mx\/wp-content\/uploads\/2023\/05\/ffb861ea-47ab-405c-af3e-9b89cc09d96e-1-150x150.jpeg",150,150,true],"medium":["https:\/\/quehacerpolitico.mx\/wp-content\/uploads\/2023\/05\/ffb861ea-47ab-405c-af3e-9b89cc09d96e-1-300x154.jpeg",300,154,true],"medium_large":["https:\/\/quehacerpolitico.mx\/wp-content\/uploads\/2023\/05\/ffb861ea-47ab-405c-af3e-9b89cc09d96e-1-768x393.jpeg",640,328,true],"large":["https:\/\/quehacerpolitico.mx\/wp-content\/uploads\/2023\/05\/ffb861ea-47ab-405c-af3e-9b89cc09d96e-1.jpeg",640,328,false],"1536x1536":["https:\/\/quehacerpolitico.mx\/wp-content\/uploads\/2023\/05\/ffb861ea-47ab-405c-af3e-9b89cc09d96e-1.jpeg",963,493,false],"2048x2048":["https:\/\/quehacerpolitico.mx\/wp-content\/uploads\/2023\/05\/ffb861ea-47ab-405c-af3e-9b89cc09d96e-1.jpeg",963,493,false],"covernews-featured":["https:\/\/quehacerpolitico.mx\/wp-content\/uploads\/2023\/05\/ffb861ea-47ab-405c-af3e-9b89cc09d96e-1.jpeg",963,493,false],"covernews-medium":["https:\/\/quehacerpolitico.mx\/wp-content\/uploads\/2023\/05\/ffb861ea-47ab-405c-af3e-9b89cc09d96e-1.jpeg",540,276,false]},"author_info":{"display_name":"Redacci\u00f3n QP","author_link":"https:\/\/quehacerpolitico.mx\/?author=2"},"category_info":"<a href=\"https:\/\/quehacerpolitico.mx\/?cat=56\" rel=\"category\">Econom\u00eda<\/a>","tag_info":"Econom\u00eda","comment_count":"0","_links":{"self":[{"href":"https:\/\/quehacerpolitico.mx\/index.php?rest_route=\/wp\/v2\/posts\/100505","targetHints":{"allow":["GET"]}}],"collection":[{"href":"https:\/\/quehacerpolitico.mx\/index.php?rest_route=\/wp\/v2\/posts"}],"about":[{"href":"https:\/\/quehacerpolitico.mx\/index.php?rest_route=\/wp\/v2\/types\/post"}],"author":[{"embeddable":true,"href":"https:\/\/quehacerpolitico.mx\/index.php?rest_route=\/wp\/v2\/users\/2"}],"replies":[{"embeddable":true,"href":"https:\/\/quehacerpolitico.mx\/index.php?rest_route=%2Fwp%2Fv2%2Fcomments&post=100505"}],"version-history":[{"count":2,"href":"https:\/\/quehacerpolitico.mx\/index.php?rest_route=\/wp\/v2\/posts\/100505\/revisions"}],"predecessor-version":[{"id":100508,"href":"https:\/\/quehacerpolitico.mx\/index.php?rest_route=\/wp\/v2\/posts\/100505\/revisions\/100508"}],"wp:featuredmedia":[{"embeddable":true,"href":"https:\/\/quehacerpolitico.mx\/index.php?rest_route=\/wp\/v2\/media\/100506"}],"wp:attachment":[{"href":"https:\/\/quehacerpolitico.mx\/index.php?rest_route=%2Fwp%2Fv2%2Fmedia&parent=100505"}],"wp:term":[{"taxonomy":"category","embeddable":true,"href":"https:\/\/quehacerpolitico.mx\/index.php?rest_route=%2Fwp%2Fv2%2Fcategories&post=100505"},{"taxonomy":"post_tag","embeddable":true,"href":"https:\/\/quehacerpolitico.mx\/index.php?rest_route=%2Fwp%2Fv2%2Ftags&post=100505"}],"curies":[{"name":"wp","href":"https:\/\/api.w.org\/{rel}","templated":true}]}}