{"id":100499,"date":"2023-05-02T18:36:53","date_gmt":"2023-05-02T18:36:53","guid":{"rendered":"https:\/\/quehacerpolitico.mx\/?p=100499"},"modified":"2023-05-02T18:36:57","modified_gmt":"2023-05-02T18:36:57","slug":"la-vida-en-rosa-nidia-sanchez-dos-vidas-alicia-flores","status":"publish","type":"post","link":"https:\/\/quehacerpolitico.mx\/?p=100499","title":{"rendered":"La vida en rosa\/\/\/Nidia Sanchez\/\/\/Dos vidas: Alicia Flores"},"content":{"rendered":"\n<p>Por Nidia Sanchez<\/p>\n\n\n\n<p>Analista<\/p>\n\n\n\n<p>Escritora,&nbsp;mexicana,&nbsp;Premio&nbsp;Nacional&nbsp;en los XII Juegos Florales&nbsp;Ram\u00f3n&nbsp;L\u00f3pez Velarde (2019),&nbsp;con ocho novelas publicadas, entre las que se encuentra&nbsp;<em>Una retratista en la corte de Enrique VIII,<\/em>&nbsp;que estuvo entre las diez m\u00e1s le\u00eddas en M\u00e9xico en 2009,&nbsp;y&nbsp;que le ha tra\u00eddo muchas&nbsp;satisfacciones,&nbsp;entre las que se cuentan,&nbsp;la segunda edici\u00f3n&nbsp;en Espa\u00f1a de esta novela&nbsp;que sali\u00f3 en noviembre pasado. Nuestra invitada&nbsp;permanece&nbsp;vigente y creativacon obras de cuento, poemarios,&nbsp;su participaci\u00f3n en&nbsp;antolog\u00edas, adem\u00e1s de promover la lectura e impartir talleres literarios.<\/p>\n\n\n\n<p><em>Una retratista en la corte de Enrique VIII<\/em><em>,&nbsp;<\/em>fue finalista en el&nbsp;Premio Literario&nbsp;Casa de las Am\u00e9ricas&nbsp;(Cuba, 2009), donde el presidente del jurado fue&nbsp;el gran&nbsp;Jos\u00e9 Saramago.<\/p>\n\n\n\n<p>Si bien Alicia Flores naci\u00f3 en\u00a0la\u00a0provincia\u00a0deLas Choapas, Veracruz, radica actualmente en el estado de Puebla, desde donde atendi\u00f3 entusiasta y radiante a esta entrevista.<\/p>\n\n\n\n<figure class=\"wp-block-image size-large\"><img loading=\"lazy\" decoding=\"async\" width=\"1024\" height=\"757\" src=\"https:\/\/quehacerpolitico.mx\/wp-content\/uploads\/2023\/05\/image-9-1024x757.jpeg\" alt=\"\" class=\"wp-image-100501\" srcset=\"https:\/\/quehacerpolitico.mx\/wp-content\/uploads\/2023\/05\/image-9-1024x757.jpeg 1024w, https:\/\/quehacerpolitico.mx\/wp-content\/uploads\/2023\/05\/image-9-300x222.jpeg 300w, https:\/\/quehacerpolitico.mx\/wp-content\/uploads\/2023\/05\/image-9-768x568.jpeg 768w, https:\/\/quehacerpolitico.mx\/wp-content\/uploads\/2023\/05\/image-9-1536x1135.jpeg 1536w, https:\/\/quehacerpolitico.mx\/wp-content\/uploads\/2023\/05\/image-9-2048x1514.jpeg 2048w, https:\/\/quehacerpolitico.mx\/wp-content\/uploads\/2023\/05\/image-9-198x146.jpeg 198w, https:\/\/quehacerpolitico.mx\/wp-content\/uploads\/2023\/05\/image-9-50x37.jpeg 50w, https:\/\/quehacerpolitico.mx\/wp-content\/uploads\/2023\/05\/image-9-101x75.jpeg 101w\" sizes=\"auto, (max-width: 1024px) 100vw, 1024px\" \/><\/figure>\n\n\n\n<p>\u00bfEn qu\u00e9 momento descubri\u00f3 su capacidad de escribir&nbsp;literariamente?<\/p>\n\n\n\n<p>Los ojos brillantes de nuestra entrevistada trajeron a su memoria&nbsp;la edad&nbsp;de&nbsp;58&nbsp;a\u00f1os,cuando estaba punto de jubilarse&nbsp;de&nbsp;su&nbsp;profesi\u00f3n&nbsp;como&nbsp;m\u00e9dico&nbsp;especialista en&nbsp;ginecolog\u00eda.<\/p>\n\n\n\n<p>\u201cFui lectora desde muy chica.&nbsp;Un d\u00eda,&nbsp;en&nbsp;el&nbsp;quir\u00f3fano,&nbsp;cuando todo estaba tranquilo porque preparaban&nbsp;a la paciente&nbsp;para operarla,se materializ\u00f3 un poema,&nbsp;creo que estaba vibrando&nbsp;tal vez en un nivel superior. Entraba&nbsp;dos&nbsp;veces por semana&nbsp;a quir\u00f3fano y la enfermera circulante entre&nbsp;las cosas que&nbsp;entregaba&nbsp;al anestesi\u00f3logo, me&nbsp;daba&nbsp;una hoja blanca y un&nbsp;l\u00e1piz, entonces&nbsp;me pon\u00eda a escribir en una oficina peque\u00f1a&nbsp;anexa a quir\u00f3fano.&nbsp;Mi amigo el anestesi\u00f3logo&nbsp;dice que todos&nbsp;se preguntaban,&nbsp;\u00bfqu\u00e9 estar\u00e1 haciendo la doctora?,&nbsp;y pensaban, estar\u00e1 escribiendo cartas,&nbsp;pero nadie me pregunt\u00f3. As\u00ed&nbsp;fueron naciendo los primeros poemas de&nbsp;<em>Naufragio<\/em>.&nbsp;Alos pocos&nbsp;meses,&nbsp;me jubil\u00e9\u201d.<\/p>\n\n\n\n<p>\u201cMis primeros textos fueron po\u00e9ticos, de la l\u00edrica. Desde los\u00a0cinco\u00a0a\u00f1os aprend\u00ed a leer todo lo que ca\u00eda en mis manos,\u00a0hasta buscaba a mis t\u00edas, abuelitas,\u00a0a\u00a0las\u00a0vecinas, para ir a leer en voz alta.\u00a0No solo me quedaba\u00a0con lashistorias,\u00a0quer\u00eda\u00a0contarlas, todo eso se fue recargando en capas y capas hasta que lleg\u00f3 el momento en que explot\u00f3, hab\u00eda que darlo\u201d.<\/p>\n\n\n\n<figure class=\"wp-block-image size-large\"><img loading=\"lazy\" decoding=\"async\" width=\"791\" height=\"1024\" src=\"https:\/\/quehacerpolitico.mx\/wp-content\/uploads\/2023\/05\/image-10-791x1024.jpeg\" alt=\"\" class=\"wp-image-100502\" srcset=\"https:\/\/quehacerpolitico.mx\/wp-content\/uploads\/2023\/05\/image-10-791x1024.jpeg 791w, https:\/\/quehacerpolitico.mx\/wp-content\/uploads\/2023\/05\/image-10-232x300.jpeg 232w, https:\/\/quehacerpolitico.mx\/wp-content\/uploads\/2023\/05\/image-10-768x994.jpeg 768w, https:\/\/quehacerpolitico.mx\/wp-content\/uploads\/2023\/05\/image-10-1187x1536.jpeg 1187w, https:\/\/quehacerpolitico.mx\/wp-content\/uploads\/2023\/05\/image-10-113x146.jpeg 113w, https:\/\/quehacerpolitico.mx\/wp-content\/uploads\/2023\/05\/image-10-39x50.jpeg 39w, https:\/\/quehacerpolitico.mx\/wp-content\/uploads\/2023\/05\/image-10-58x75.jpeg 58w, https:\/\/quehacerpolitico.mx\/wp-content\/uploads\/2023\/05\/image-10.jpeg 1349w\" sizes=\"auto, (max-width: 791px) 100vw, 791px\" \/><\/figure>\n\n\n\n<p>\u00bfQui\u00e9nes&nbsp;han sido&nbsp;sus autores favoritos?<\/p>\n\n\n\n<p>\u201cYo&nbsp;empec\u00e9 leyendo poes\u00eda,&nbsp;mi&nbsp;autor&nbsp;favorito&nbsp;a edad temprana&nbsp;es&nbsp;Rub\u00e9n&nbsp;Dar\u00edo,&nbsp;le\u00ed sus obras completas cuando ten\u00eda 11 a\u00f1os, \u00e9l fue mi iniciador.&nbsp;En la actualidad entre mis poetas favoritos est\u00e1 Jaime Sabines y&nbsp;Mario Benedetti,&nbsp;de ficci\u00f3n ahora prefiero leer novela y novela hist\u00f3rica,&nbsp;mi autor favoritoestadounidense es&nbsp;Noah&nbsp;Gordon,&nbsp;que escribi\u00f3<em>El M\u00e9dico<\/em><em>,<\/em>&nbsp;tambi\u00e9n tengo una autora inglesa que se llama&nbsp;Taylor Caldwell, que escribi\u00f3&nbsp;la novela&nbsp;<em>M<\/em><em>\u00e9dico de cuerpos y almas<\/em>,&nbsp;que es&nbsp;labiograf\u00eda novelada de&nbsp;San&nbsp;Lucas, el evangelista.&nbsp;Leo a otra autora de ficci\u00f3n&nbsp;que&nbsp;es una literata norteamericana&nbsp;de ra\u00edces jud\u00edas&nbsp;que se llama Erica Jong, feminista, tengo todas sus obras\u201d.<\/p>\n\n\n\n<p>\u00bfCu\u00e1l fue la primera&nbsp;obra&nbsp;que&nbsp;envi\u00f3&nbsp;aconcurso?<\/p>\n\n\n\n<p>\u201cEs el poemario\u00a0<em>Naufragio,<\/em>\u00a0lo mand\u00e9 a dos concursos,\u00a0y no gan\u00f3, pero,\u00a0mi primera\u00a0novelahist\u00f3rica\u00a0<em>Una retratista en la corte de\u00a0Enrique<\/em>VIII, le pregunt\u00e9 a mi \u00fanico maestro por aquel entonces,\u00a0qu\u00e9 hac\u00eda con una novela terminada,\u00a0me dijo que la enviara a un concurso.\u00a0Para entonces hab\u00eda internet,\u00a0era2009,\u00a0busqu\u00e9 y encontr\u00e9\u00a0Premio Planeta de Novela (Argentina). Viv\u00eda todav\u00eda en\u00a0Las Choapas, ped\u00edan en f\u00edsico la novela,\u00a0cincoejemplares\u00a0porque eran los integrantes del jurado.\u00a0Mi novela\u00a0ten\u00eda 300 p\u00e1ginas, en el pueblo imprim\u00ed\u00a01500\u00a0hojas, hab\u00eda queengargolarlas\u00a0y mandarlas por correo.\u00a0En las instalaciones del\u00a0correo\u00a0la persona que atend\u00eda\u00a0result\u00f3\u00a0ser\u00a0mi paciente, me inform\u00f3 que saldr\u00eda car\u00edsimo\u00a0el env\u00edo\u00a0hasta Argentina, as\u00ed que\u00a0las comprimi\u00f3\u00a0con cinta canela.\u00a0Cu\u00e1l ser\u00eda mi sorpresa,\u00a0como a los tres meses, ya hasta me hab\u00eda olvidado,\u00a0me hablaron\u00a0desde Buenos Aires,\u00a0dici\u00e9ndome:\u00a0Sabe\u00a0usted que\u00a0qued\u00f3\u00a0finalista\u00a0del\u00a0Premio\u00a0Planeta\u00a0de Novela(Argentina),\u00a0y hay una cena de lujo\u00a0con los diez finalistas,\u00a0ah\u00ed se informar\u00e1 el fallo del jurado, est\u00e1 invitada con su pareja.\u00a0Estoy en M\u00e9xico,\u00a0respond\u00ed.\u00a0Acabamos de ver su novela. Finalmente,\u00a0gan\u00f3\u00a0el\u00a0argentino\u00a0Federico\u00a0Andahazi\u00a0con\u00a0una\u00a0novela\u00a0que trata\u00a0de un navegante\u00a0azteca\u00a0que\u00a0viaj\u00f3 a Europa, la obra se llama\u00a0<em>El conquistador<\/em>\u201d.<\/p>\n\n\n\n<figure class=\"wp-block-image size-full\"><img loading=\"lazy\" decoding=\"async\" width=\"677\" height=\"418\" src=\"https:\/\/quehacerpolitico.mx\/wp-content\/uploads\/2023\/05\/image-11.jpeg\" alt=\"\" class=\"wp-image-100503\" srcset=\"https:\/\/quehacerpolitico.mx\/wp-content\/uploads\/2023\/05\/image-11.jpeg 677w, https:\/\/quehacerpolitico.mx\/wp-content\/uploads\/2023\/05\/image-11-300x185.jpeg 300w, https:\/\/quehacerpolitico.mx\/wp-content\/uploads\/2023\/05\/image-11-236x146.jpeg 236w, https:\/\/quehacerpolitico.mx\/wp-content\/uploads\/2023\/05\/image-11-50x31.jpeg 50w, https:\/\/quehacerpolitico.mx\/wp-content\/uploads\/2023\/05\/image-11-121x75.jpeg 121w\" sizes=\"auto, (max-width: 677px) 100vw, 677px\" \/><\/figure>\n\n\n\n<p>\u201cPens\u00e9,&nbsp;la voy a mandar a otro concurso.&nbsp;La envi\u00e9&nbsp;al&nbsp;Premio Literario&nbsp;Casa de las&nbsp;Am\u00e9ricas(Cuba, 2009),&nbsp;en ese tiempo era como el&nbsp;Premio&nbsp;Nobel en espa\u00f1ol.&nbsp;Recib\u00ed un correo de la editorial Planeta, donde me dec\u00edan qued\u00f3 usted como finalista del Premio Literario&nbsp;Casa de las Am\u00e9ricas,&nbsp;queremos editar su novela.Lo cuento,&nbsp;porque muchos escritores me han dicho que no creen en los concursos, y doy fe que&nbsp;al menos en&nbsp;esos concursos&nbsp;fueron totalmente imparciales.&nbsp;Es una historia que voy a contar en m\u00ed autobiograf\u00eda\u201d.&nbsp;<\/p>\n\n\n\n<p>\u201cEn&nbsp;el concurso Premio Literario&nbsp;Casa de las Am\u00e9ricas,&nbsp;el presidente del jurado&nbsp;fue&nbsp;Jos\u00e9 Saramago. Tengo la segunda edici\u00f3n de&nbsp;<em>Una retratis<\/em><em>t<\/em><em>a<\/em><em>&nbsp;en la corte de Enrique VIII<\/em><em>,<\/em>&nbsp;me la hicieron en Espa\u00f1a&nbsp;con&nbsp;una portada preciosa, la original que me hizo&nbsp;editorial&nbsp;Planeta,tambi\u00e9n es bonita, es un cuadro de Rafael y esta&nbsp;novela se vendi\u00f3 toda en el primer a\u00f1o. Estuvo&nbsp;entre las&nbsp;diez&nbsp;novelas m\u00e1s vendidas&nbsp;enM\u00e9xico en&nbsp;Cafebrer\u00eda&nbsp;El P\u00e9ndulo,&nbsp;mi novela&nbsp;en sexto lugar junto a&nbsp;una obra de&nbsp;Octavio&nbsp;Paz, que era el quinto&nbsp;lugar,&nbsp;y&nbsp;la&nbsp;escritora rumano-alemana Herta&nbsp;M\u00fbller,&nbsp;Premio&nbsp;Nobel&nbsp;de Literatura 2009.<\/p>\n\n\n\n<p>\u00bfConsidera que escribir literariamente tiene relaci\u00f3n directa con la inspiraci\u00f3n&nbsp;o acasoocurre&nbsp;de forma&nbsp;natural?<\/p>\n\n\n\n<p>\u201cLa inspiraci\u00f3n es algo subjetivo, me&nbsp;adhiero a los escritores que dicen que&nbsp;la musa no tiene hora para llegar,&nbsp;pero&nbsp;es muy celosa, si llega y est\u00e1s ocupado en otra cosa,&nbsp;se va,&nbsp;y ya no regresa.&nbsp;Para m\u00ed&nbsp;es ideal escribir en la noche,ya no te&nbsp;llaman&nbsp;por tel\u00e9fono, todos duermen,hay silencio y eso ayuda.&nbsp;No&nbsp;descanso si&nbsp;no escribo todos los d\u00edas,&nbsp;pueden ser&nbsp;art\u00edculos period\u00edsticos, cuentos\u201d.<\/p>\n\n\n\n<p>\u201cLa literatura&nbsp;es&nbsp;una diciplina muy rigurosa, cuando escribo una novela&nbsp;me impongo&nbsp;almenos&nbsp;diez&nbsp;p\u00e1ginas diarias\u201d.<\/p>\n\n\n\n<p>\u201cSoy tan&nbsp;afortunada que me ha tocado vivir dos vidas:&nbsp;la primera&nbsp;como profesionista,&nbsp;y la segunda como escritora, cuando&nbsp;por lo general&nbsp;a los 60 a\u00f1os&nbsp;se da por&nbsp;terminada la vida&nbsp;y&nbsp;nosdedicamos&nbsp;a apapachar a los nietos.&nbsp;La sociedad ha empezado a ver a la tercera edad&nbsp;como personas&nbsp;que&nbsp;todav\u00eda&nbsp;tienen&nbsp;mucho&nbsp;que&nbsp;dar,&nbsp;cuando antes mandaban&nbsp;a sentarse al rinc\u00f3n para esperar la muerte, la gente as\u00ed lo tomaba,&nbsp;ahora hay muchas actividades&nbsp;para las personas de la tercera edad.&nbsp;He&nbsp;impartido&nbsp;muchos&nbsp;talleres en&nbsp;La&nbsp;Casa del&nbsp;Abue, es un programa del DIF&nbsp;de&nbsp;Puebla,&nbsp;donde&nbsp;hacen ejercicios, bailan, tambi\u00e9n&nbsp;toman&nbsp;clases de literatura,&nbsp;he dado&nbsp;poes\u00eda,&nbsp;cuento,&nbsp;y&nbsp;donde&nbsp;antes solo se contemplaba&nbsp;a&nbsp;ni\u00f1os,&nbsp;j\u00f3venes,actualmente&nbsp;los adultos&nbsp;han&nbsp;logrado&nbsp;buenos poemas y vamos a hacer una antolog\u00eda\u201d.<\/p>\n\n\n\n<p>\u00bfHasta el momento cu\u00e1l ha sido el mayor reto literario?<\/p>\n\n\n\n<p>\u201cUna novela futurista&nbsp;que escrib\u00ed. La ciencia&nbsp;ficci\u00f3n&nbsp;est\u00e1 de moda entre lectores medianos o de a pie, lo que m\u00e1s se comercializa&nbsp;esnovela, de todo lo que se edita las dos terceras partes&nbsp;son&nbsp;novela, libros de autoayuda y ciencia ficci\u00f3n, pienso que nunca voy a escribir autoayuda y cre\u00ed que tampoco ciencia ficci\u00f3n,&nbsp;y luego&nbsp;me propuse escribir una novela futurista,&nbsp;de un mundo dist\u00f3pico,&nbsp;se llama&nbsp;<em>Acu<\/em><em>\u00e9<\/em><em>rdate de olvidarme<\/em>,&nbsp;la&nbsp;edit\u00f3 la BUAP,&nbsp;antes de la pandemia\u201d.<\/p>\n\n\n\n<p>\u00bfQu\u00e9 aporta la literatura a la humanidad?<\/p>\n\n\n\n<p>\u201cEsa es una pregunta como dijo Louis&nbsp;Armstrong cuando le preguntaron&nbsp;\u00bfqu\u00e9 aporta el jazz a la m\u00fasica?,&nbsp;\u00e9l contest\u00f3:&nbsp;My&nbsp;friend,&nbsp;ifyou&nbsp;ask&nbsp;me&nbsp;you&nbsp;will&nbsp;never&nbsp;know, mi amigo,&nbsp;si t\u00fa&nbsp;preguntas eso, nunca lo vas a entender. Hay muchas personas que dicen que lo que aporta la literatura es vida, el que lee vive mil vidas, pobre&nbsp;del que no lee,&nbsp;porque nada m\u00e1s vive su vida,&nbsp;es&nbsp;transportarse a otros planetas,&nbsp;a otros siglos,&nbsp;a&nbsp;tantos momentos hist\u00f3ricos&nbsp;como la revoluci\u00f3n rusa, francesa, tiempos \u00e9picos,&nbsp;personajes sabios&nbsp;con los que uno dialoga a pesar&nbsp;de&nbsp;que&nbsp;tienen&nbsp;siglos de haber muerto, un viaje al centro de la tierra, todo eso que nos es dado por la literatura,&nbsp;es vida, as\u00ed lo siento, son vidas extras,&nbsp;vidas que nosotros vivimos a trav\u00e9s de los libros\u201d.<\/p>\n\n\n\n<p>\u00bfQu\u00e9&nbsp;se ve&nbsp;haciendo en los pr\u00f3ximos a\u00f1os?<\/p>\n\n\n\n<p>\u201cMe veo en una&nbsp;casita en&nbsp;el campo,&nbsp;en&nbsp;Atlixco,con una biblioteca minimalista,&nbsp;porque&nbsp;he&nbsp;acumulado tantos libros que&nbsp;realmente ya es hora&nbsp;de&nbsp;que pasen a otras manos.&nbsp;Me veo&nbsp;en un estudio escribiendo&nbsp;todo lo que se me ocurra,&nbsp;tengo una novela&nbsp;que habla&nbsp;de la&nbsp;p\u00edldora anticonceptiva, es la historia de la p\u00edldora,&nbsp;novelada.&nbsp;Estar\u00e9 rodeada de flores y plantas, con alguien que&nbsp;me&nbsp;ame&nbsp;y&nbsp;a&nbsp;quienamo\u201d.<\/p>\n\n\n\n<p>Como autora&nbsp;\u00fanica&nbsp;Alicia Flores&nbsp;tiene&nbsp;ochonovelas&nbsp;que son:&nbsp;<em>Una semana de gracia<\/em><em>;&nbsp;<\/em><em>Una ret<\/em><em>ratista en la corte de Enrique VIII<\/em><em>;<\/em><em>&nbsp;<\/em><em>Ca\u00f1ita<\/em><em><\/em><em>C<\/em><em>ua<\/em><em>h<\/em><em>u<\/em><em>z<\/em><em>ayol<\/em><em>y<\/em><em>;&nbsp;<\/em><em>El faro de sierra de negra<\/em><em>&nbsp;<\/em>(es una novela hist\u00f3rica);&nbsp;<em>Acu\u00e9rdate de olvidarme<\/em><em>,<\/em><em>Pasajeros sin huella<\/em><em>.<\/em><em>&nbsp;<\/em><em>\u201c<\/em>Mi libro mi favorito sentimental&nbsp;es&nbsp;<em>L<\/em><em>agunas mentales<\/em><em>,<\/em>&nbsp;un thrillerpsicol\u00f3gico\u201d.<\/p>\n\n\n\n<p>Tres poemarios forman parte de sus obras:&nbsp;<em>Naufragio<\/em><em>;<\/em>&nbsp;<em>Las mil y una emociones<\/em><em>,&nbsp;<\/em>editado por un programa PACMIC de Acayucan, Veracruz;<em>&nbsp;<\/em><em>Atributos florales<\/em><em>,<\/em>&nbsp;un&nbsp;libro objeto ilustrado con flores, que se agot\u00f3&nbsp;y&nbsp;debido a locaro&nbsp;no ha vuelto&nbsp;a editarse, fue resultado de un taller en&nbsp;Las Choapas,&nbsp;cuando&nbsp;iniciaba como escritora.<\/p>\n\n\n\n<p>Entre sus libros de cuentos&nbsp;tiene:&nbsp;<em>Los&nbsp;<\/em><em>C<\/em><em>uentos claros<\/em><em>&nbsp;y el&nbsp;<\/em><em>R<\/em><em>elato espeso,&nbsp;<\/em>que edit\u00f3 la Universidad Veracruzana&nbsp;en el&nbsp;Centenario de la&nbsp;Revoluci\u00f3n<em>;<\/em><em>&nbsp;<\/em><em>Suave de sur a norte<\/em>,&nbsp;a cargo de&nbsp;la Editora de Gobierno del Estado de Veracruz;&nbsp;<em>Alcanzar el sol<\/em><em>,<\/em>&nbsp;que&nbsp;gan\u00f3&nbsp;el&nbsp;Premio&nbsp;Nacional Ram\u00f3n&nbsp;L\u00f3pez Velarde&nbsp;(2019)&nbsp;en Jerez de&nbsp;Garc\u00eda&nbsp;Salinas, Zacatecas.<\/p>\n\n\n\n<p>Como escritora&nbsp;activa&nbsp;cuenta con art\u00edculos period\u00edsticos y&nbsp;ensayos&nbsp;publicados.<\/p>\n\n\n\n<p>La participaci\u00f3n de Alicia Flores est\u00e1 presente en quince antolog\u00edas&nbsp;con diversos autores&nbsp;donde publican&nbsp;poes\u00eda y cuento.<\/p>\n\n\n\n<p>\u201cHe sido muy afortunada, tengo 30 libros, entre antolog\u00edas, colectivos&nbsp;y donde soy \u00fanica autora que son 15.<em>&nbsp;<\/em><em>Esperar lo inesperado<\/em><em>,&nbsp;<\/em>es otra<em>&nbsp;<\/em>antolog\u00eda de cuentos que&nbsp;edit\u00f3&nbsp;la UNAM.De un colectivo hicimos&nbsp;<em>L<\/em><em>a&nbsp;<\/em><em>C<\/em><em>onstancia<\/em><em>,<\/em>&nbsp;una f\u00e1brica textil<em>&nbsp;<\/em>que est\u00e1 en Puebla,&nbsp;ahoraremodelada, es un libro que me gusta mucho\u201d.<\/p>\n\n\n\n<p>\u201cA m\u00ed me gusta hacer las portadas&nbsp;de mis libros, el editor me puede dar propuestas&nbsp;y al final decido\u201d.<\/p>\n\n\n\n<p>\u201cTengo un caj\u00f3n lleno de diplomas&nbsp;de todas las universidades a las que he ido&nbsp;a&nbsp;dar&nbsp;talleres, reconocimientos por fomento a la lectura\u201d.&nbsp;<\/p>\n\n\n\n<p>\u201cLo&nbsp;que&nbsp;considero muy entra\u00f1able es el trofeo que me dieron en los&nbsp;XII&nbsp;Juegos&nbsp;Florales en&nbsp;Jerez de Garc\u00eda&nbsp;Salinas,&nbsp;Zacatecas en&nbsp;un teatro\u201d.<\/p>\n\n\n\n<p>La escritora Alicia Flores se ha presentado en innumerables escenarios, un&nbsp;sue\u00f1o y un&nbsp;reto fue la Feria&nbsp;Internacional&nbsp;del Libro&nbsp;de Guadalajara,&nbsp;a donde se traslad\u00f3 en&nbsp;2018, no solo con un libro, sino&nbsp;con tres,&nbsp;como coautora&nbsp;en las obras&nbsp;<em>Bocado de&nbsp;<\/em><em>\u00c1<\/em><em>ngeles<\/em><em>;<\/em><em>&nbsp;<\/em><em>La Alegr\u00eda del<\/em><em>&nbsp;<\/em><em>H<\/em><em>ogar<\/em>;&nbsp;y como \u00fanica autora con la segunda parte de&nbsp;<em>Una retratista en la corte de Enrique VIII<\/em>, que es&nbsp;<em>Un rescatista en la corte de Felipe II<\/em>, que edit\u00f3 la BUAP,&nbsp;un libro&nbsp;que tiene impresas&nbsp;pinturas&nbsp;seleccionadas por la autora.<\/p>\n\n\n\n<p>Otro lugar que nuestra invitada considera memorable,&nbsp;adem\u00e1s del&nbsp;Palacio&nbsp;de Bellas Artes, es&nbsp;la biblioteca Palafoxiana&nbsp;(Puebla)&nbsp;donde ha&nbsp;presentado&nbsp;algunos de sus&nbsp;libros.<\/p>\n\n\n\n<p>Nos comparte&nbsp;que&nbsp;a veces los recuerdos m\u00e1s entra\u00f1ables han sido en escenarios mucho menos impactantes.<\/p>\n\n\n\n<p>\u201cEl segundo escenario favorito para m\u00ed es la capilla La Constancia, hicimos&nbsp;el&nbsp;libro&nbsp;<em>V<\/em><em>oces&nbsp;<\/em><em>viv<\/em><em>as de La Constancia<\/em><em>,<\/em>&nbsp;y&nbsp;el gobierno de Puebla permiti\u00f3 que se celebrara&nbsp;la primera presentaci\u00f3n en esta capilla,&nbsp;donde&nbsp;tocaron la campana como si se llamara a misa,&nbsp;era el \u00fanico lugar vivo que quedaba de esa f\u00e1brica textil, que se extingui\u00f3&nbsp;y&nbsp;el gobierno la renov\u00f3 despu\u00e9s.&nbsp;En aquella ocasi\u00f3n toda la capilla se llen\u00f3, fue&nbsp;un escenario precioso, lo m\u00e1s significativo fue que d\u00e9cadas atr\u00e1s me hab\u00eda casado con mi esposo&nbsp;en ese mismo lugar\u201d.<\/p>\n\n\n\n<p>\u201cEn el Paraninfo de la Universidad de Puebla,&nbsp;que&nbsp;es un sal\u00f3n precioso, tambi\u00e9n ha presentado libros y se trata de un lugar&nbsp;donde present\u00e9 mi examen profesional\u201d.<\/p>\n\n\n\n<p>\u201cOtra experiencia peculiar&nbsp;me&nbsp;ocurri\u00f3 enPuebla&nbsp;en&nbsp;la colonia marginal llamada&nbsp;Pueblo Nuevo,&nbsp;ahora&nbsp;rebautizada como&nbsp;Romero Vargas, uno de los focos rojos de las colonias populares,&nbsp;a donde&nbsp;una sociedad civil me invit\u00f3 a participar a fundar un museo comunitario y una biblioteca.&nbsp;El museo&nbsp;comunitario&nbsp;queda a un lado de la capilla de Pueblo&nbsp;Nuevo,&nbsp;y presentaba un libro cuando un se\u00f1or se&nbsp;levant\u00f3&nbsp;y dijo:&nbsp;vine a la capilla a sacar una fe de bautizo que necesito&nbsp;y&nbsp;tengo que regresar a mi pueblo,&nbsp;pero como me hac\u00eda falta una&nbsp;hora para subirme al cami\u00f3n,&nbsp;entr\u00e9aqu\u00ed donde hab\u00eda gente&nbsp;y estaban dando&nbsp;caf\u00e9,la oigo a usted y yo quiero su libro,&nbsp;\u00bfcu\u00e1nto cuesta?, ap\u00farese porque mi cami\u00f3n sale en media hora y no lo voy a alcanzar,&nbsp;yo no me voy a ir sin su libro, le dije son 200&nbsp;pesos, agarr\u00f3 el libro que estaba mostrando,&nbsp;dej\u00f3 el dinero,&nbsp;y se fue, nunca en la vida me he sentido tan satisfecha, m\u00e1s halagada&nbsp;y&nbsp;gratificada,&nbsp;que en esa ocasi\u00f3n\u201d.<\/p>\n\n\n\n<p>\u201cLa vida hay que vivirla minuto a minuto. Hay una frase&nbsp;de Albert Camus con la que me identifico:&nbsp;\u201cEn&nbsp;las profundidades del&nbsp;invierno,finalmente aprend\u00ed,&nbsp;que en mi interior,&nbsp;habitabaun verano&nbsp;invencible\u201d.&nbsp;\u201cAs\u00ed me siento, dentro de mi invierno, nunca se va a quitar ese sol&nbsp;esplendoroso del verano, aunque sea dentro de mi coraz\u00f3n lo tengo\u201d.<\/p>\n\n\n\n<p>\u201cHacer puentes para perpetuar la literatura, difundirla y conectar a m\u00e1s gente. Siempre digo que los seres humanos, especialmente los escritores,&nbsp;somos vasos comunicantes&nbsp;que vamos extendi\u00e9ndonos&nbsp;para que los que vienen&nbsp;atr\u00e1s de nosotros sigan la obra\u201d.<\/p>\n","protected":false},"excerpt":{"rendered":"<p>Por Nidia Sanchez Analista Escritora,&nbsp;mexicana,&nbsp;Premio&nbsp;Nacional&nbsp;en los XII Juegos Florales&nbsp;Ram\u00f3n&nbsp;L\u00f3pez Velarde (2019),&nbsp;con ocho novelas publicadas, entre&#8230;<\/p>\n","protected":false},"author":2,"featured_media":100500,"comment_status":"open","ping_status":"open","sticky":false,"template":"","format":"standard","meta":{"_monsterinsights_skip_tracking":false,"_monsterinsights_sitenote_active":false,"_monsterinsights_sitenote_note":"","_monsterinsights_sitenote_category":0,"footnotes":""},"categories":[58],"tags":[],"class_list":["post-100499","post","type-post","status-publish","format-standard","has-post-thumbnail","hentry","category-cultura"],"yoast_head":"<!-- This site is optimized with the Yoast SEO plugin v27.3 - https:\/\/yoast.com\/product\/yoast-seo-wordpress\/ -->\n<title>La vida en rosa\/\/\/Nidia Sanchez\/\/\/Dos vidas: Alicia Flores -<\/title>\n<meta name=\"robots\" content=\"index, follow, max-snippet:-1, max-image-preview:large, max-video-preview:-1\" \/>\n<link rel=\"canonical\" href=\"https:\/\/quehacerpolitico.mx\/?p=100499\" \/>\n<meta property=\"og:locale\" content=\"es_MX\" \/>\n<meta property=\"og:type\" content=\"article\" \/>\n<meta property=\"og:title\" content=\"La vida en rosa\/\/\/Nidia Sanchez\/\/\/Dos vidas: Alicia Flores -\" \/>\n<meta property=\"og:description\" content=\"Por Nidia Sanchez Analista Escritora,&nbsp;mexicana,&nbsp;Premio&nbsp;Nacional&nbsp;en los XII Juegos Florales&nbsp;Ram\u00f3n&nbsp;L\u00f3pez Velarde (2019),&nbsp;con ocho novelas publicadas, entre...\" \/>\n<meta property=\"og:url\" content=\"https:\/\/quehacerpolitico.mx\/?p=100499\" \/>\n<meta property=\"article:published_time\" content=\"2023-05-02T18:36:53+00:00\" \/>\n<meta property=\"article:modified_time\" content=\"2023-05-02T18:36:57+00:00\" \/>\n<meta property=\"og:image\" content=\"https:\/\/quehacerpolitico.mx\/wp-content\/uploads\/2023\/05\/IMG_7444.jpeg\" \/>\n\t<meta property=\"og:image:width\" content=\"678\" \/>\n\t<meta property=\"og:image:height\" content=\"452\" \/>\n\t<meta property=\"og:image:type\" content=\"image\/jpeg\" \/>\n<meta name=\"author\" content=\"Redacci\u00f3n QP\" \/>\n<meta name=\"twitter:card\" content=\"summary_large_image\" \/>\n<meta name=\"twitter:label1\" content=\"Escrito por\" \/>\n\t<meta name=\"twitter:data1\" content=\"Redacci\u00f3n QP\" \/>\n\t<meta name=\"twitter:label2\" content=\"Tiempo de lectura\" \/>\n\t<meta name=\"twitter:data2\" content=\"14 minutos\" \/>\n<script type=\"application\/ld+json\" class=\"yoast-schema-graph\">{\"@context\":\"https:\\\/\\\/schema.org\",\"@graph\":[{\"@type\":\"Article\",\"@id\":\"https:\\\/\\\/quehacerpolitico.mx\\\/?p=100499#article\",\"isPartOf\":{\"@id\":\"https:\\\/\\\/quehacerpolitico.mx\\\/?p=100499\"},\"author\":{\"name\":\"Redacci\u00f3n QP\",\"@id\":\"https:\\\/\\\/quehacerpolitico.mx\\\/#\\\/schema\\\/person\\\/496d8ad2d1d3f8036101dca7ee39e585\"},\"headline\":\"La vida en rosa\\\/\\\/\\\/Nidia Sanchez\\\/\\\/\\\/Dos vidas: Alicia Flores\",\"datePublished\":\"2023-05-02T18:36:53+00:00\",\"dateModified\":\"2023-05-02T18:36:57+00:00\",\"mainEntityOfPage\":{\"@id\":\"https:\\\/\\\/quehacerpolitico.mx\\\/?p=100499\"},\"wordCount\":2925,\"commentCount\":0,\"image\":{\"@id\":\"https:\\\/\\\/quehacerpolitico.mx\\\/?p=100499#primaryimage\"},\"thumbnailUrl\":\"https:\\\/\\\/quehacerpolitico.mx\\\/wp-content\\\/uploads\\\/2023\\\/05\\\/IMG_7444.jpeg\",\"articleSection\":[\"Cultura y Entretenimiento\"],\"inLanguage\":\"es\",\"potentialAction\":[{\"@type\":\"CommentAction\",\"name\":\"Comment\",\"target\":[\"https:\\\/\\\/quehacerpolitico.mx\\\/?p=100499#respond\"]}]},{\"@type\":\"WebPage\",\"@id\":\"https:\\\/\\\/quehacerpolitico.mx\\\/?p=100499\",\"url\":\"https:\\\/\\\/quehacerpolitico.mx\\\/?p=100499\",\"name\":\"La vida en rosa\\\/\\\/\\\/Nidia Sanchez\\\/\\\/\\\/Dos vidas: Alicia Flores -\",\"isPartOf\":{\"@id\":\"https:\\\/\\\/quehacerpolitico.mx\\\/#website\"},\"primaryImageOfPage\":{\"@id\":\"https:\\\/\\\/quehacerpolitico.mx\\\/?p=100499#primaryimage\"},\"image\":{\"@id\":\"https:\\\/\\\/quehacerpolitico.mx\\\/?p=100499#primaryimage\"},\"thumbnailUrl\":\"https:\\\/\\\/quehacerpolitico.mx\\\/wp-content\\\/uploads\\\/2023\\\/05\\\/IMG_7444.jpeg\",\"datePublished\":\"2023-05-02T18:36:53+00:00\",\"dateModified\":\"2023-05-02T18:36:57+00:00\",\"author\":{\"@id\":\"https:\\\/\\\/quehacerpolitico.mx\\\/#\\\/schema\\\/person\\\/496d8ad2d1d3f8036101dca7ee39e585\"},\"breadcrumb\":{\"@id\":\"https:\\\/\\\/quehacerpolitico.mx\\\/?p=100499#breadcrumb\"},\"inLanguage\":\"es\",\"potentialAction\":[{\"@type\":\"ReadAction\",\"target\":[\"https:\\\/\\\/quehacerpolitico.mx\\\/?p=100499\"]}]},{\"@type\":\"ImageObject\",\"inLanguage\":\"es\",\"@id\":\"https:\\\/\\\/quehacerpolitico.mx\\\/?p=100499#primaryimage\",\"url\":\"https:\\\/\\\/quehacerpolitico.mx\\\/wp-content\\\/uploads\\\/2023\\\/05\\\/IMG_7444.jpeg\",\"contentUrl\":\"https:\\\/\\\/quehacerpolitico.mx\\\/wp-content\\\/uploads\\\/2023\\\/05\\\/IMG_7444.jpeg\",\"width\":678,\"height\":452},{\"@type\":\"BreadcrumbList\",\"@id\":\"https:\\\/\\\/quehacerpolitico.mx\\\/?p=100499#breadcrumb\",\"itemListElement\":[{\"@type\":\"ListItem\",\"position\":1,\"name\":\"Inicio\",\"item\":\"https:\\\/\\\/quehacerpolitico.mx\\\/\"},{\"@type\":\"ListItem\",\"position\":2,\"name\":\"La vida en rosa\\\/\\\/\\\/Nidia Sanchez\\\/\\\/\\\/Dos vidas: Alicia Flores\"}]},{\"@type\":\"WebSite\",\"@id\":\"https:\\\/\\\/quehacerpolitico.mx\\\/#website\",\"url\":\"https:\\\/\\\/quehacerpolitico.mx\\\/\",\"name\":\"\",\"description\":\"\",\"potentialAction\":[{\"@type\":\"SearchAction\",\"target\":{\"@type\":\"EntryPoint\",\"urlTemplate\":\"https:\\\/\\\/quehacerpolitico.mx\\\/?s={search_term_string}\"},\"query-input\":{\"@type\":\"PropertyValueSpecification\",\"valueRequired\":true,\"valueName\":\"search_term_string\"}}],\"inLanguage\":\"es\"},{\"@type\":\"Person\",\"@id\":\"https:\\\/\\\/quehacerpolitico.mx\\\/#\\\/schema\\\/person\\\/496d8ad2d1d3f8036101dca7ee39e585\",\"name\":\"Redacci\u00f3n QP\",\"image\":{\"@type\":\"ImageObject\",\"inLanguage\":\"es\",\"@id\":\"https:\\\/\\\/secure.gravatar.com\\\/avatar\\\/c7164ed6fdec453195284ad24a5ae5b6e1eed2b848477fa2a4787ba9adf39a41?s=96&d=mm&r=g\",\"url\":\"https:\\\/\\\/secure.gravatar.com\\\/avatar\\\/c7164ed6fdec453195284ad24a5ae5b6e1eed2b848477fa2a4787ba9adf39a41?s=96&d=mm&r=g\",\"contentUrl\":\"https:\\\/\\\/secure.gravatar.com\\\/avatar\\\/c7164ed6fdec453195284ad24a5ae5b6e1eed2b848477fa2a4787ba9adf39a41?s=96&d=mm&r=g\",\"caption\":\"Redacci\u00f3n QP\"},\"url\":\"https:\\\/\\\/quehacerpolitico.mx\\\/?author=2\"}]}<\/script>\n<!-- \/ Yoast SEO plugin. -->","yoast_head_json":{"title":"La vida en rosa\/\/\/Nidia Sanchez\/\/\/Dos vidas: Alicia Flores -","robots":{"index":"index","follow":"follow","max-snippet":"max-snippet:-1","max-image-preview":"max-image-preview:large","max-video-preview":"max-video-preview:-1"},"canonical":"https:\/\/quehacerpolitico.mx\/?p=100499","og_locale":"es_MX","og_type":"article","og_title":"La vida en rosa\/\/\/Nidia Sanchez\/\/\/Dos vidas: Alicia Flores -","og_description":"Por Nidia Sanchez Analista Escritora,&nbsp;mexicana,&nbsp;Premio&nbsp;Nacional&nbsp;en los XII Juegos Florales&nbsp;Ram\u00f3n&nbsp;L\u00f3pez Velarde (2019),&nbsp;con ocho novelas publicadas, entre...","og_url":"https:\/\/quehacerpolitico.mx\/?p=100499","article_published_time":"2023-05-02T18:36:53+00:00","article_modified_time":"2023-05-02T18:36:57+00:00","og_image":[{"width":678,"height":452,"url":"https:\/\/quehacerpolitico.mx\/wp-content\/uploads\/2023\/05\/IMG_7444.jpeg","type":"image\/jpeg"}],"author":"Redacci\u00f3n QP","twitter_card":"summary_large_image","twitter_misc":{"Escrito por":"Redacci\u00f3n QP","Tiempo de lectura":"14 minutos"},"schema":{"@context":"https:\/\/schema.org","@graph":[{"@type":"Article","@id":"https:\/\/quehacerpolitico.mx\/?p=100499#article","isPartOf":{"@id":"https:\/\/quehacerpolitico.mx\/?p=100499"},"author":{"name":"Redacci\u00f3n QP","@id":"https:\/\/quehacerpolitico.mx\/#\/schema\/person\/496d8ad2d1d3f8036101dca7ee39e585"},"headline":"La vida en rosa\/\/\/Nidia Sanchez\/\/\/Dos vidas: Alicia Flores","datePublished":"2023-05-02T18:36:53+00:00","dateModified":"2023-05-02T18:36:57+00:00","mainEntityOfPage":{"@id":"https:\/\/quehacerpolitico.mx\/?p=100499"},"wordCount":2925,"commentCount":0,"image":{"@id":"https:\/\/quehacerpolitico.mx\/?p=100499#primaryimage"},"thumbnailUrl":"https:\/\/quehacerpolitico.mx\/wp-content\/uploads\/2023\/05\/IMG_7444.jpeg","articleSection":["Cultura y Entretenimiento"],"inLanguage":"es","potentialAction":[{"@type":"CommentAction","name":"Comment","target":["https:\/\/quehacerpolitico.mx\/?p=100499#respond"]}]},{"@type":"WebPage","@id":"https:\/\/quehacerpolitico.mx\/?p=100499","url":"https:\/\/quehacerpolitico.mx\/?p=100499","name":"La vida en rosa\/\/\/Nidia Sanchez\/\/\/Dos vidas: Alicia Flores -","isPartOf":{"@id":"https:\/\/quehacerpolitico.mx\/#website"},"primaryImageOfPage":{"@id":"https:\/\/quehacerpolitico.mx\/?p=100499#primaryimage"},"image":{"@id":"https:\/\/quehacerpolitico.mx\/?p=100499#primaryimage"},"thumbnailUrl":"https:\/\/quehacerpolitico.mx\/wp-content\/uploads\/2023\/05\/IMG_7444.jpeg","datePublished":"2023-05-02T18:36:53+00:00","dateModified":"2023-05-02T18:36:57+00:00","author":{"@id":"https:\/\/quehacerpolitico.mx\/#\/schema\/person\/496d8ad2d1d3f8036101dca7ee39e585"},"breadcrumb":{"@id":"https:\/\/quehacerpolitico.mx\/?p=100499#breadcrumb"},"inLanguage":"es","potentialAction":[{"@type":"ReadAction","target":["https:\/\/quehacerpolitico.mx\/?p=100499"]}]},{"@type":"ImageObject","inLanguage":"es","@id":"https:\/\/quehacerpolitico.mx\/?p=100499#primaryimage","url":"https:\/\/quehacerpolitico.mx\/wp-content\/uploads\/2023\/05\/IMG_7444.jpeg","contentUrl":"https:\/\/quehacerpolitico.mx\/wp-content\/uploads\/2023\/05\/IMG_7444.jpeg","width":678,"height":452},{"@type":"BreadcrumbList","@id":"https:\/\/quehacerpolitico.mx\/?p=100499#breadcrumb","itemListElement":[{"@type":"ListItem","position":1,"name":"Inicio","item":"https:\/\/quehacerpolitico.mx\/"},{"@type":"ListItem","position":2,"name":"La vida en rosa\/\/\/Nidia Sanchez\/\/\/Dos vidas: Alicia Flores"}]},{"@type":"WebSite","@id":"https:\/\/quehacerpolitico.mx\/#website","url":"https:\/\/quehacerpolitico.mx\/","name":"","description":"","potentialAction":[{"@type":"SearchAction","target":{"@type":"EntryPoint","urlTemplate":"https:\/\/quehacerpolitico.mx\/?s={search_term_string}"},"query-input":{"@type":"PropertyValueSpecification","valueRequired":true,"valueName":"search_term_string"}}],"inLanguage":"es"},{"@type":"Person","@id":"https:\/\/quehacerpolitico.mx\/#\/schema\/person\/496d8ad2d1d3f8036101dca7ee39e585","name":"Redacci\u00f3n QP","image":{"@type":"ImageObject","inLanguage":"es","@id":"https:\/\/secure.gravatar.com\/avatar\/c7164ed6fdec453195284ad24a5ae5b6e1eed2b848477fa2a4787ba9adf39a41?s=96&d=mm&r=g","url":"https:\/\/secure.gravatar.com\/avatar\/c7164ed6fdec453195284ad24a5ae5b6e1eed2b848477fa2a4787ba9adf39a41?s=96&d=mm&r=g","contentUrl":"https:\/\/secure.gravatar.com\/avatar\/c7164ed6fdec453195284ad24a5ae5b6e1eed2b848477fa2a4787ba9adf39a41?s=96&d=mm&r=g","caption":"Redacci\u00f3n QP"},"url":"https:\/\/quehacerpolitico.mx\/?author=2"}]}},"featured_image_urls":{"full":["https:\/\/quehacerpolitico.mx\/wp-content\/uploads\/2023\/05\/IMG_7444.jpeg",678,452,false],"thumbnail":["https:\/\/quehacerpolitico.mx\/wp-content\/uploads\/2023\/05\/IMG_7444-150x150.jpeg",150,150,true],"medium":["https:\/\/quehacerpolitico.mx\/wp-content\/uploads\/2023\/05\/IMG_7444-300x200.jpeg",300,200,true],"medium_large":["https:\/\/quehacerpolitico.mx\/wp-content\/uploads\/2023\/05\/IMG_7444.jpeg",640,427,false],"large":["https:\/\/quehacerpolitico.mx\/wp-content\/uploads\/2023\/05\/IMG_7444.jpeg",640,427,false],"1536x1536":["https:\/\/quehacerpolitico.mx\/wp-content\/uploads\/2023\/05\/IMG_7444.jpeg",678,452,false],"2048x2048":["https:\/\/quehacerpolitico.mx\/wp-content\/uploads\/2023\/05\/IMG_7444.jpeg",678,452,false],"covernews-featured":["https:\/\/quehacerpolitico.mx\/wp-content\/uploads\/2023\/05\/IMG_7444.jpeg",678,452,false],"covernews-medium":["https:\/\/quehacerpolitico.mx\/wp-content\/uploads\/2023\/05\/IMG_7444.jpeg",510,340,false]},"author_info":{"display_name":"Redacci\u00f3n QP","author_link":"https:\/\/quehacerpolitico.mx\/?author=2"},"category_info":"<a href=\"https:\/\/quehacerpolitico.mx\/?cat=58\" rel=\"category\">Cultura y Entretenimiento<\/a>","tag_info":"Cultura y Entretenimiento","comment_count":"0","_links":{"self":[{"href":"https:\/\/quehacerpolitico.mx\/index.php?rest_route=\/wp\/v2\/posts\/100499","targetHints":{"allow":["GET"]}}],"collection":[{"href":"https:\/\/quehacerpolitico.mx\/index.php?rest_route=\/wp\/v2\/posts"}],"about":[{"href":"https:\/\/quehacerpolitico.mx\/index.php?rest_route=\/wp\/v2\/types\/post"}],"author":[{"embeddable":true,"href":"https:\/\/quehacerpolitico.mx\/index.php?rest_route=\/wp\/v2\/users\/2"}],"replies":[{"embeddable":true,"href":"https:\/\/quehacerpolitico.mx\/index.php?rest_route=%2Fwp%2Fv2%2Fcomments&post=100499"}],"version-history":[{"count":1,"href":"https:\/\/quehacerpolitico.mx\/index.php?rest_route=\/wp\/v2\/posts\/100499\/revisions"}],"predecessor-version":[{"id":100504,"href":"https:\/\/quehacerpolitico.mx\/index.php?rest_route=\/wp\/v2\/posts\/100499\/revisions\/100504"}],"wp:featuredmedia":[{"embeddable":true,"href":"https:\/\/quehacerpolitico.mx\/index.php?rest_route=\/wp\/v2\/media\/100500"}],"wp:attachment":[{"href":"https:\/\/quehacerpolitico.mx\/index.php?rest_route=%2Fwp%2Fv2%2Fmedia&parent=100499"}],"wp:term":[{"taxonomy":"category","embeddable":true,"href":"https:\/\/quehacerpolitico.mx\/index.php?rest_route=%2Fwp%2Fv2%2Fcategories&post=100499"},{"taxonomy":"post_tag","embeddable":true,"href":"https:\/\/quehacerpolitico.mx\/index.php?rest_route=%2Fwp%2Fv2%2Ftags&post=100499"}],"curies":[{"name":"wp","href":"https:\/\/api.w.org\/{rel}","templated":true}]}}