{"id":100496,"date":"2023-05-02T17:47:46","date_gmt":"2023-05-02T17:47:46","guid":{"rendered":"https:\/\/quehacerpolitico.mx\/?p=100496"},"modified":"2023-05-02T17:47:50","modified_gmt":"2023-05-02T17:47:50","slug":"una-jueza-federal-ordeno-al-senado-de-la-republica-para-que-nombre-de-inmediato-a-los-tres-comisionados-del-inai","status":"publish","type":"post","link":"https:\/\/quehacerpolitico.mx\/?p=100496","title":{"rendered":"Una\u00a0jueza federal\u00a0orden\u00f3 al\u00a0Senado de la Rep\u00fablica Para que\u00a0nombre de inmediato\u00a0a los\u00a0tres comisionados del INAI"},"content":{"rendered":"\n<p>Por Redacci\u00f3n QP<\/p>\n\n\n\n<p>Jueza federal Celia Quintero orden\u00f3 al Senado de la Rep\u00fablica nombrar a los tres comisionados faltantes del Instituto de Transparencia, INAI<\/p>\n\n\n\n<p>Una\u00a0<strong>jueza federal<\/strong>\u00a0orden\u00f3 al\u00a0Senado de la Rep\u00fablica Para que\u00a0<strong>nombre de inmediato<\/strong>\u00a0a los\u00a0<strong>tres comisionados<\/strong>\u00a0pendientes del \u00a0Instituto Nacional de Transparencia, Acceso a la Informaci\u00f3n y Protecci\u00f3n de Datos Personales (<strong>INAI<\/strong>).<\/p>\n\n\n\n<p>Lo anterior fue ordenado por\u00a0<strong>Celia Quintero Rico<\/strong>, jueza D\u00e9cimo S\u00e9ptima de Distrito en Materia Administrativa, tras un amparo promovido por el\u00a0Consejo Consultivo del INAI<\/p>\n\n\n\n<p>\u201cSe concede la medida cautelar para el \u00fanico efecto de que la Jucopo (del Senado) cese la omisi\u00f3n reclamada y con base en el dictamen de las Comisiones de Anticorrupci\u00f3n, Transparencia y Participaci\u00f3n Ciudadana y de Justicia, por el que se propone el listado de las y los candidatos que, con base en los principios de especializaci\u00f3n e idoneidad, reunieron las condiciones de elegibilidad para ocupar el cargo de Comisionada o Comisionado del INAI, acuerde el nombramiento que debe someter al Pleno de la C\u00e1mara de Senadores para su aprobaci\u00f3n, con la finalidad de ocupar el cargo que deja disponible el comisionado Acu\u00f1a\u201d, se lee en la resoluci\u00f3n.<\/p>\n\n\n\n<p>La jueza Quintero Rico dio tambi\u00e9n 48 horas a la Jucopo de la C\u00e1mara Alta para que acredite que ya cumpli\u00f3 con otra suspensi\u00f3n definitiva otorgada en marzo pasado, donde tambi\u00e9n se orden\u00f3 elegir a los dos comisionados del INAI faltantes.<\/p>\n\n\n\n<p>En caso de que el Senado de la Rep\u00fablica no atienda estas suspensiones de jueces, estar\u00eda violando&nbsp;un mandato judicial.<\/p>\n\n\n\n<p>El INAI continuar\u00e1 sin sesionar, luego de que el pasado jueves 27 de abril se rechazara en el Senado de la Rep\u00fablica el nombramiento de un quinto miembro de su pleno.<\/p>\n\n\n\n<p>Con 67 votos en contra y 43 a favor, se neg\u00f3 que&nbsp;<strong>Ricardo Salgado<\/strong>, propuesto como nuevo comisionado del Inai, se integre al organismo y con ello se alcance el m\u00ednimo de cinco miembros para poder resolver controversias en transparencia y protecci\u00f3n de datos personales en posesi\u00f3n de terceros.<\/p>\n\n\n\n<p>La ley mexicana se\u00f1ala que para que el Inai pueda tomar decisiones de pleno requiere como m\u00ednimo cinco de sus siete miembros, al tiempo que se busca eliminar al organismo aut\u00f3nomo por considerar que \u201cno sirve para nada\u201d.<\/p>\n\n\n\n<p>Anteriormente, se inscribi\u00f3 una iniciativa del presidente de la C\u00e1mara de Senadores, Alejandro Armenta, para eliminar a este organismo aut\u00f3nomo mexicano y traspasar sus facultades a la Secretar\u00eda de la Funci\u00f3n P\u00fablica. Sin embargo, el legislador del Movimiento Regeneraci\u00f3n Nacional (Morena) retir\u00f3 su propuesta.<\/p>\n\n\n\n<p>La propia comisionada presidenta del Inai, Blanca Lilia Ibarra, ha advertido que son los derechos de los mexicanos de acceder a informaci\u00f3n p\u00fablica y proteger sus datos personales los que \u201cest\u00e1n en juego\u201d por la falta de su qu\u00f3rum legal.<\/p>\n\n\n\n<p>\u201cLo que est\u00e1 en juego no es la instituci\u00f3n, no somos los comisionados, lo que est\u00e1 en juego es la garant\u00eda de dos derechos fundamentales, que es el derecho a saber y tambi\u00e9n la protecci\u00f3n de datos personales\u201d, coment\u00f3 Ibarra.<\/p>\n","protected":false},"excerpt":{"rendered":"<p>Por Redacci\u00f3n QP Jueza federal Celia Quintero orden\u00f3 al Senado de la Rep\u00fablica nombrar a&#8230;<\/p>\n","protected":false},"author":2,"featured_media":100497,"comment_status":"open","ping_status":"open","sticky":false,"template":"","format":"standard","meta":{"_monsterinsights_skip_tracking":false,"_monsterinsights_sitenote_active":false,"_monsterinsights_sitenote_note":"","_monsterinsights_sitenote_category":0,"footnotes":""},"categories":[2],"tags":[],"class_list":["post-100496","post","type-post","status-publish","format-standard","has-post-thumbnail","hentry","category-noticias"],"yoast_head":"<!-- This site is optimized with the Yoast SEO plugin v27.3 - https:\/\/yoast.com\/product\/yoast-seo-wordpress\/ -->\n<title>Una\u00a0jueza federal\u00a0orden\u00f3 al\u00a0Senado de la Rep\u00fablica Para que\u00a0nombre de inmediato\u00a0a los\u00a0tres comisionados del INAI -<\/title>\n<meta name=\"robots\" content=\"index, follow, max-snippet:-1, max-image-preview:large, max-video-preview:-1\" \/>\n<link rel=\"canonical\" href=\"https:\/\/quehacerpolitico.mx\/?p=100496\" \/>\n<meta property=\"og:locale\" content=\"es_MX\" \/>\n<meta property=\"og:type\" content=\"article\" \/>\n<meta property=\"og:title\" content=\"Una\u00a0jueza federal\u00a0orden\u00f3 al\u00a0Senado de la Rep\u00fablica Para que\u00a0nombre de inmediato\u00a0a los\u00a0tres comisionados del INAI -\" \/>\n<meta property=\"og:description\" content=\"Por Redacci\u00f3n QP Jueza federal Celia Quintero orden\u00f3 al Senado de la Rep\u00fablica nombrar a...\" \/>\n<meta property=\"og:url\" content=\"https:\/\/quehacerpolitico.mx\/?p=100496\" \/>\n<meta property=\"article:published_time\" content=\"2023-05-02T17:47:46+00:00\" \/>\n<meta property=\"article:modified_time\" content=\"2023-05-02T17:47:50+00:00\" \/>\n<meta property=\"og:image\" content=\"https:\/\/quehacerpolitico.mx\/wp-content\/uploads\/2023\/05\/IMG_7441.jpeg\" \/>\n\t<meta property=\"og:image:width\" content=\"679\" \/>\n\t<meta property=\"og:image:height\" content=\"452\" \/>\n\t<meta property=\"og:image:type\" content=\"image\/jpeg\" \/>\n<meta name=\"author\" content=\"Redacci\u00f3n QP\" \/>\n<meta name=\"twitter:card\" content=\"summary_large_image\" \/>\n<meta name=\"twitter:label1\" content=\"Escrito por\" \/>\n\t<meta name=\"twitter:data1\" content=\"Redacci\u00f3n QP\" \/>\n\t<meta name=\"twitter:label2\" content=\"Tiempo de lectura\" \/>\n\t<meta name=\"twitter:data2\" content=\"3 minutos\" \/>\n<script type=\"application\/ld+json\" class=\"yoast-schema-graph\">{\"@context\":\"https:\\\/\\\/schema.org\",\"@graph\":[{\"@type\":\"Article\",\"@id\":\"https:\\\/\\\/quehacerpolitico.mx\\\/?p=100496#article\",\"isPartOf\":{\"@id\":\"https:\\\/\\\/quehacerpolitico.mx\\\/?p=100496\"},\"author\":{\"name\":\"Redacci\u00f3n QP\",\"@id\":\"https:\\\/\\\/quehacerpolitico.mx\\\/#\\\/schema\\\/person\\\/496d8ad2d1d3f8036101dca7ee39e585\"},\"headline\":\"Una\u00a0jueza federal\u00a0orden\u00f3 al\u00a0Senado de la Rep\u00fablica Para que\u00a0nombre de inmediato\u00a0a los\u00a0tres comisionados del INAI\",\"datePublished\":\"2023-05-02T17:47:46+00:00\",\"dateModified\":\"2023-05-02T17:47:50+00:00\",\"mainEntityOfPage\":{\"@id\":\"https:\\\/\\\/quehacerpolitico.mx\\\/?p=100496\"},\"wordCount\":556,\"commentCount\":0,\"image\":{\"@id\":\"https:\\\/\\\/quehacerpolitico.mx\\\/?p=100496#primaryimage\"},\"thumbnailUrl\":\"https:\\\/\\\/quehacerpolitico.mx\\\/wp-content\\\/uploads\\\/2023\\\/05\\\/IMG_7441.jpeg\",\"articleSection\":[\"Noticias\"],\"inLanguage\":\"es\",\"potentialAction\":[{\"@type\":\"CommentAction\",\"name\":\"Comment\",\"target\":[\"https:\\\/\\\/quehacerpolitico.mx\\\/?p=100496#respond\"]}]},{\"@type\":\"WebPage\",\"@id\":\"https:\\\/\\\/quehacerpolitico.mx\\\/?p=100496\",\"url\":\"https:\\\/\\\/quehacerpolitico.mx\\\/?p=100496\",\"name\":\"Una\u00a0jueza federal\u00a0orden\u00f3 al\u00a0Senado de la Rep\u00fablica Para que\u00a0nombre de inmediato\u00a0a los\u00a0tres comisionados del INAI -\",\"isPartOf\":{\"@id\":\"https:\\\/\\\/quehacerpolitico.mx\\\/#website\"},\"primaryImageOfPage\":{\"@id\":\"https:\\\/\\\/quehacerpolitico.mx\\\/?p=100496#primaryimage\"},\"image\":{\"@id\":\"https:\\\/\\\/quehacerpolitico.mx\\\/?p=100496#primaryimage\"},\"thumbnailUrl\":\"https:\\\/\\\/quehacerpolitico.mx\\\/wp-content\\\/uploads\\\/2023\\\/05\\\/IMG_7441.jpeg\",\"datePublished\":\"2023-05-02T17:47:46+00:00\",\"dateModified\":\"2023-05-02T17:47:50+00:00\",\"author\":{\"@id\":\"https:\\\/\\\/quehacerpolitico.mx\\\/#\\\/schema\\\/person\\\/496d8ad2d1d3f8036101dca7ee39e585\"},\"breadcrumb\":{\"@id\":\"https:\\\/\\\/quehacerpolitico.mx\\\/?p=100496#breadcrumb\"},\"inLanguage\":\"es\",\"potentialAction\":[{\"@type\":\"ReadAction\",\"target\":[\"https:\\\/\\\/quehacerpolitico.mx\\\/?p=100496\"]}]},{\"@type\":\"ImageObject\",\"inLanguage\":\"es\",\"@id\":\"https:\\\/\\\/quehacerpolitico.mx\\\/?p=100496#primaryimage\",\"url\":\"https:\\\/\\\/quehacerpolitico.mx\\\/wp-content\\\/uploads\\\/2023\\\/05\\\/IMG_7441.jpeg\",\"contentUrl\":\"https:\\\/\\\/quehacerpolitico.mx\\\/wp-content\\\/uploads\\\/2023\\\/05\\\/IMG_7441.jpeg\",\"width\":679,\"height\":452},{\"@type\":\"BreadcrumbList\",\"@id\":\"https:\\\/\\\/quehacerpolitico.mx\\\/?p=100496#breadcrumb\",\"itemListElement\":[{\"@type\":\"ListItem\",\"position\":1,\"name\":\"Inicio\",\"item\":\"https:\\\/\\\/quehacerpolitico.mx\\\/\"},{\"@type\":\"ListItem\",\"position\":2,\"name\":\"Una\u00a0jueza federal\u00a0orden\u00f3 al\u00a0Senado de la Rep\u00fablica Para que\u00a0nombre de inmediato\u00a0a los\u00a0tres comisionados del INAI\"}]},{\"@type\":\"WebSite\",\"@id\":\"https:\\\/\\\/quehacerpolitico.mx\\\/#website\",\"url\":\"https:\\\/\\\/quehacerpolitico.mx\\\/\",\"name\":\"\",\"description\":\"\",\"potentialAction\":[{\"@type\":\"SearchAction\",\"target\":{\"@type\":\"EntryPoint\",\"urlTemplate\":\"https:\\\/\\\/quehacerpolitico.mx\\\/?s={search_term_string}\"},\"query-input\":{\"@type\":\"PropertyValueSpecification\",\"valueRequired\":true,\"valueName\":\"search_term_string\"}}],\"inLanguage\":\"es\"},{\"@type\":\"Person\",\"@id\":\"https:\\\/\\\/quehacerpolitico.mx\\\/#\\\/schema\\\/person\\\/496d8ad2d1d3f8036101dca7ee39e585\",\"name\":\"Redacci\u00f3n QP\",\"image\":{\"@type\":\"ImageObject\",\"inLanguage\":\"es\",\"@id\":\"https:\\\/\\\/secure.gravatar.com\\\/avatar\\\/c7164ed6fdec453195284ad24a5ae5b6e1eed2b848477fa2a4787ba9adf39a41?s=96&d=mm&r=g\",\"url\":\"https:\\\/\\\/secure.gravatar.com\\\/avatar\\\/c7164ed6fdec453195284ad24a5ae5b6e1eed2b848477fa2a4787ba9adf39a41?s=96&d=mm&r=g\",\"contentUrl\":\"https:\\\/\\\/secure.gravatar.com\\\/avatar\\\/c7164ed6fdec453195284ad24a5ae5b6e1eed2b848477fa2a4787ba9adf39a41?s=96&d=mm&r=g\",\"caption\":\"Redacci\u00f3n QP\"},\"url\":\"https:\\\/\\\/quehacerpolitico.mx\\\/?author=2\"}]}<\/script>\n<!-- \/ Yoast SEO plugin. -->","yoast_head_json":{"title":"Una\u00a0jueza federal\u00a0orden\u00f3 al\u00a0Senado de la Rep\u00fablica Para que\u00a0nombre de inmediato\u00a0a los\u00a0tres comisionados del INAI -","robots":{"index":"index","follow":"follow","max-snippet":"max-snippet:-1","max-image-preview":"max-image-preview:large","max-video-preview":"max-video-preview:-1"},"canonical":"https:\/\/quehacerpolitico.mx\/?p=100496","og_locale":"es_MX","og_type":"article","og_title":"Una\u00a0jueza federal\u00a0orden\u00f3 al\u00a0Senado de la Rep\u00fablica Para que\u00a0nombre de inmediato\u00a0a los\u00a0tres comisionados del INAI -","og_description":"Por Redacci\u00f3n QP Jueza federal Celia Quintero orden\u00f3 al Senado de la Rep\u00fablica nombrar a...","og_url":"https:\/\/quehacerpolitico.mx\/?p=100496","article_published_time":"2023-05-02T17:47:46+00:00","article_modified_time":"2023-05-02T17:47:50+00:00","og_image":[{"width":679,"height":452,"url":"https:\/\/quehacerpolitico.mx\/wp-content\/uploads\/2023\/05\/IMG_7441.jpeg","type":"image\/jpeg"}],"author":"Redacci\u00f3n QP","twitter_card":"summary_large_image","twitter_misc":{"Escrito por":"Redacci\u00f3n QP","Tiempo de lectura":"3 minutos"},"schema":{"@context":"https:\/\/schema.org","@graph":[{"@type":"Article","@id":"https:\/\/quehacerpolitico.mx\/?p=100496#article","isPartOf":{"@id":"https:\/\/quehacerpolitico.mx\/?p=100496"},"author":{"name":"Redacci\u00f3n QP","@id":"https:\/\/quehacerpolitico.mx\/#\/schema\/person\/496d8ad2d1d3f8036101dca7ee39e585"},"headline":"Una\u00a0jueza federal\u00a0orden\u00f3 al\u00a0Senado de la Rep\u00fablica Para que\u00a0nombre de inmediato\u00a0a los\u00a0tres comisionados del INAI","datePublished":"2023-05-02T17:47:46+00:00","dateModified":"2023-05-02T17:47:50+00:00","mainEntityOfPage":{"@id":"https:\/\/quehacerpolitico.mx\/?p=100496"},"wordCount":556,"commentCount":0,"image":{"@id":"https:\/\/quehacerpolitico.mx\/?p=100496#primaryimage"},"thumbnailUrl":"https:\/\/quehacerpolitico.mx\/wp-content\/uploads\/2023\/05\/IMG_7441.jpeg","articleSection":["Noticias"],"inLanguage":"es","potentialAction":[{"@type":"CommentAction","name":"Comment","target":["https:\/\/quehacerpolitico.mx\/?p=100496#respond"]}]},{"@type":"WebPage","@id":"https:\/\/quehacerpolitico.mx\/?p=100496","url":"https:\/\/quehacerpolitico.mx\/?p=100496","name":"Una\u00a0jueza federal\u00a0orden\u00f3 al\u00a0Senado de la Rep\u00fablica Para que\u00a0nombre de inmediato\u00a0a los\u00a0tres comisionados del INAI -","isPartOf":{"@id":"https:\/\/quehacerpolitico.mx\/#website"},"primaryImageOfPage":{"@id":"https:\/\/quehacerpolitico.mx\/?p=100496#primaryimage"},"image":{"@id":"https:\/\/quehacerpolitico.mx\/?p=100496#primaryimage"},"thumbnailUrl":"https:\/\/quehacerpolitico.mx\/wp-content\/uploads\/2023\/05\/IMG_7441.jpeg","datePublished":"2023-05-02T17:47:46+00:00","dateModified":"2023-05-02T17:47:50+00:00","author":{"@id":"https:\/\/quehacerpolitico.mx\/#\/schema\/person\/496d8ad2d1d3f8036101dca7ee39e585"},"breadcrumb":{"@id":"https:\/\/quehacerpolitico.mx\/?p=100496#breadcrumb"},"inLanguage":"es","potentialAction":[{"@type":"ReadAction","target":["https:\/\/quehacerpolitico.mx\/?p=100496"]}]},{"@type":"ImageObject","inLanguage":"es","@id":"https:\/\/quehacerpolitico.mx\/?p=100496#primaryimage","url":"https:\/\/quehacerpolitico.mx\/wp-content\/uploads\/2023\/05\/IMG_7441.jpeg","contentUrl":"https:\/\/quehacerpolitico.mx\/wp-content\/uploads\/2023\/05\/IMG_7441.jpeg","width":679,"height":452},{"@type":"BreadcrumbList","@id":"https:\/\/quehacerpolitico.mx\/?p=100496#breadcrumb","itemListElement":[{"@type":"ListItem","position":1,"name":"Inicio","item":"https:\/\/quehacerpolitico.mx\/"},{"@type":"ListItem","position":2,"name":"Una\u00a0jueza federal\u00a0orden\u00f3 al\u00a0Senado de la Rep\u00fablica Para que\u00a0nombre de inmediato\u00a0a los\u00a0tres comisionados del INAI"}]},{"@type":"WebSite","@id":"https:\/\/quehacerpolitico.mx\/#website","url":"https:\/\/quehacerpolitico.mx\/","name":"","description":"","potentialAction":[{"@type":"SearchAction","target":{"@type":"EntryPoint","urlTemplate":"https:\/\/quehacerpolitico.mx\/?s={search_term_string}"},"query-input":{"@type":"PropertyValueSpecification","valueRequired":true,"valueName":"search_term_string"}}],"inLanguage":"es"},{"@type":"Person","@id":"https:\/\/quehacerpolitico.mx\/#\/schema\/person\/496d8ad2d1d3f8036101dca7ee39e585","name":"Redacci\u00f3n QP","image":{"@type":"ImageObject","inLanguage":"es","@id":"https:\/\/secure.gravatar.com\/avatar\/c7164ed6fdec453195284ad24a5ae5b6e1eed2b848477fa2a4787ba9adf39a41?s=96&d=mm&r=g","url":"https:\/\/secure.gravatar.com\/avatar\/c7164ed6fdec453195284ad24a5ae5b6e1eed2b848477fa2a4787ba9adf39a41?s=96&d=mm&r=g","contentUrl":"https:\/\/secure.gravatar.com\/avatar\/c7164ed6fdec453195284ad24a5ae5b6e1eed2b848477fa2a4787ba9adf39a41?s=96&d=mm&r=g","caption":"Redacci\u00f3n QP"},"url":"https:\/\/quehacerpolitico.mx\/?author=2"}]}},"featured_image_urls":{"full":["https:\/\/quehacerpolitico.mx\/wp-content\/uploads\/2023\/05\/IMG_7441.jpeg",679,452,false],"thumbnail":["https:\/\/quehacerpolitico.mx\/wp-content\/uploads\/2023\/05\/IMG_7441-150x150.jpeg",150,150,true],"medium":["https:\/\/quehacerpolitico.mx\/wp-content\/uploads\/2023\/05\/IMG_7441-300x200.jpeg",300,200,true],"medium_large":["https:\/\/quehacerpolitico.mx\/wp-content\/uploads\/2023\/05\/IMG_7441.jpeg",640,426,false],"large":["https:\/\/quehacerpolitico.mx\/wp-content\/uploads\/2023\/05\/IMG_7441.jpeg",640,426,false],"1536x1536":["https:\/\/quehacerpolitico.mx\/wp-content\/uploads\/2023\/05\/IMG_7441.jpeg",679,452,false],"2048x2048":["https:\/\/quehacerpolitico.mx\/wp-content\/uploads\/2023\/05\/IMG_7441.jpeg",679,452,false],"covernews-featured":["https:\/\/quehacerpolitico.mx\/wp-content\/uploads\/2023\/05\/IMG_7441.jpeg",679,452,false],"covernews-medium":["https:\/\/quehacerpolitico.mx\/wp-content\/uploads\/2023\/05\/IMG_7441.jpeg",511,340,false]},"author_info":{"display_name":"Redacci\u00f3n QP","author_link":"https:\/\/quehacerpolitico.mx\/?author=2"},"category_info":"<a href=\"https:\/\/quehacerpolitico.mx\/?cat=2\" rel=\"category\">Noticias<\/a>","tag_info":"Noticias","comment_count":"0","_links":{"self":[{"href":"https:\/\/quehacerpolitico.mx\/index.php?rest_route=\/wp\/v2\/posts\/100496","targetHints":{"allow":["GET"]}}],"collection":[{"href":"https:\/\/quehacerpolitico.mx\/index.php?rest_route=\/wp\/v2\/posts"}],"about":[{"href":"https:\/\/quehacerpolitico.mx\/index.php?rest_route=\/wp\/v2\/types\/post"}],"author":[{"embeddable":true,"href":"https:\/\/quehacerpolitico.mx\/index.php?rest_route=\/wp\/v2\/users\/2"}],"replies":[{"embeddable":true,"href":"https:\/\/quehacerpolitico.mx\/index.php?rest_route=%2Fwp%2Fv2%2Fcomments&post=100496"}],"version-history":[{"count":1,"href":"https:\/\/quehacerpolitico.mx\/index.php?rest_route=\/wp\/v2\/posts\/100496\/revisions"}],"predecessor-version":[{"id":100498,"href":"https:\/\/quehacerpolitico.mx\/index.php?rest_route=\/wp\/v2\/posts\/100496\/revisions\/100498"}],"wp:featuredmedia":[{"embeddable":true,"href":"https:\/\/quehacerpolitico.mx\/index.php?rest_route=\/wp\/v2\/media\/100497"}],"wp:attachment":[{"href":"https:\/\/quehacerpolitico.mx\/index.php?rest_route=%2Fwp%2Fv2%2Fmedia&parent=100496"}],"wp:term":[{"taxonomy":"category","embeddable":true,"href":"https:\/\/quehacerpolitico.mx\/index.php?rest_route=%2Fwp%2Fv2%2Fcategories&post=100496"},{"taxonomy":"post_tag","embeddable":true,"href":"https:\/\/quehacerpolitico.mx\/index.php?rest_route=%2Fwp%2Fv2%2Ftags&post=100496"}],"curies":[{"name":"wp","href":"https:\/\/api.w.org\/{rel}","templated":true}]}}