{"id":100493,"date":"2023-05-02T17:27:02","date_gmt":"2023-05-02T17:27:02","guid":{"rendered":"https:\/\/quehacerpolitico.mx\/?p=100493"},"modified":"2023-05-02T17:27:06","modified_gmt":"2023-05-02T17:27:06","slug":"todo-esto-de-tamaulipas-es-una-campana-contra-el-gobernador-americo-villarreal-amlo","status":"publish","type":"post","link":"https:\/\/quehacerpolitico.mx\/?p=100493","title":{"rendered":"Todo esto de Tamaulipas es una campa\u00f1a contra el Gobernador Am\u00e9rico Villarreal: AMLO"},"content":{"rendered":"\n<p>Por Redacci\u00f3n QP<\/p>\n\n\n\n<p>Sedena detall\u00f3 que ya se levantaron bloqueos en zonas de Tamaulipas; L\u00f3pez Obrador ve campa\u00f1a contra el gobernador Am\u00e9rico Villarreal<\/p>\n\n\n\n<p><strong>Luis Cresencio Sandoval<\/strong>, secretario de la Defensa Nacional (Sedena), se\u00f1al\u00f3 que\u00a0no hay bloqueos en zonas de Tamaulipas, como\u00a0<strong>San Fernando<\/strong>\u00a0y\u00a0<strong>Matamoros<\/strong>.<\/p>\n\n\n\n<figure class=\"wp-block-embed is-type-rich is-provider-twitter wp-block-embed-twitter\"><div class=\"wp-block-embed__wrapper\">\n<blockquote class=\"twitter-tweet\" data-width=\"550\" data-dnt=\"true\"><p lang=\"es\" dir=\"ltr\">El general secretario, Luis Cresencio Sandoval, dio el parte actualizado sobre la situaci\u00f3n en Tamaulipas, tras los reportes en Matamoros.<br><br>&quot;Ya no hay ning\u00fan bloqueo&quot;, se\u00f1al\u00f3, y descart\u00f3 agresiones o reportes de heridos.<br><br>M\u00e1s, en: <a href=\"https:\/\/t.co\/Qmm7Wa7oFI\">https:\/\/t.co\/Qmm7Wa7oFI<\/a> <a href=\"https:\/\/t.co\/f5hyA85wSY\">pic.twitter.com\/f5hyA85wSY<\/a><\/p>&mdash; Joaqu\u00edn L\u00f3pez-D\u00f3riga (@lopezdoriga) <a href=\"https:\/\/twitter.com\/lopezdoriga\/status\/1653430417901383682?ref_src=twsrc%5Etfw\">May 2, 2023<\/a><\/blockquote><script async src=\"https:\/\/platform.twitter.com\/widgets.js\" charset=\"utf-8\"><\/script>\n<\/div><\/figure>\n\n\n\n<p>En la conferencia matutina de Palacio Nacional, Sandoval Gonz\u00e1lez apunt\u00f3 que derivado de estos bloqueos solo hubo una persona que fue atacada por civiles armados.<\/p>\n\n\n\n<p>Sali\u00f3 en las noticias que hab\u00eda 16 bloqueos en el \u00e1rea de San Fernando, ya no hay ning\u00fan bloqueo, si existieron algunos fueron retirados por personal de seguridad del estado y fuerzas federales\u201d, indic\u00f3.<\/p>\n\n\n\n<p>\u201cNo hay agresiones, hubo una persona que fue atacada a las 7 de la ma\u00f1ana en la salida de Reynosa a R\u00edo Bravo, es la \u00fanica registrada, no hay agresiones en contra de las autoridades\u201d, puntualiz\u00f3.<\/p>\n\n\n\n<figure class=\"wp-block-embed is-type-rich is-provider-twitter wp-block-embed-twitter\"><div class=\"wp-block-embed__wrapper\">\n<blockquote class=\"twitter-tweet\" data-width=\"550\" data-dnt=\"true\"><p lang=\"es\" dir=\"ltr\">SDR atentos gente bloqueos todo <a href=\"https:\/\/twitter.com\/hashtag\/Matamoros?src=hash&amp;ref_src=twsrc%5Etfw\">#Matamoros<\/a> cortando salidas y v\u00edas de comunicaci\u00f3n.. <a href=\"https:\/\/t.co\/N3C1RL9uHo\">pic.twitter.com\/N3C1RL9uHo<\/a><\/p>&mdash; Justiciero (@Justicieromx23) <a href=\"https:\/\/twitter.com\/Justicieromx23\/status\/1653379491379511296?ref_src=twsrc%5Etfw\">May 2, 2023<\/a><\/blockquote><script async src=\"https:\/\/platform.twitter.com\/widgets.js\" charset=\"utf-8\"><\/script>\n<\/div><\/figure>\n\n\n\n<p>La ciudad de&nbsp;<strong>Matamoros<\/strong>, Tamaulipas, amaneci\u00f3 de nueva cuenta con nuevos&nbsp;<strong>bloqueos carreteros<\/strong>&nbsp;que interrumpieron el servicio de transporte p\u00fablico.<\/p>\n\n\n\n<p>Principales v\u00edas para entrar y salir de la capital tamaulipeca fueron bloqueadas con&nbsp;<strong>autobuses<\/strong>,&nbsp;<strong>camiones<\/strong>&nbsp;y&nbsp;<strong>pipas<\/strong>. Dichas unidades fueron robadas, seg\u00fan denunciaron sus propios conductores a las autoridades.<\/p>\n\n\n\n<p>Los bloqueos provocaron la suspensi\u00f3n del servicio de&nbsp;<strong>transporte p\u00fablico<\/strong>, con lo que autoridades educativas dejaron a criterio de los padres de familia y tutores llevar a sus hijos a la escuela.<\/p>\n\n\n\n<p>Elementos del&nbsp;<strong>Ej\u00e9rcito<\/strong>&nbsp;y la&nbsp;<strong>Guardia Nacional<\/strong>&nbsp;implementaron operativos para&nbsp;<strong>retirar los bloqueos<\/strong>.<\/p>\n\n\n\n<p>Al dar su opini\u00f3n sobre estos hechos, el presidente\u00a0<strong>Andr\u00e9s Manuel L\u00f3pez Obrador<\/strong>\u00a0vislumbra una campa\u00f1a contra el gobernador de Tamaulipas,\u00a0<strong>Am\u00e9rico Villarreal<\/strong>.<\/p>\n\n\n\n<figure class=\"wp-block-embed is-type-rich is-provider-twitter wp-block-embed-twitter\"><div class=\"wp-block-embed__wrapper\">\n<blockquote class=\"twitter-tweet\" data-width=\"550\" data-dnt=\"true\"><p lang=\"es\" dir=\"ltr\">Y luego de los bloqueos en Tamaulipas, el presidente L\u00f3pez Obrador acus\u00f3 que hay \u201cuna lanzada pol\u00edtica\u201d en contra del gobernador, Am\u00e9rico Villarreal. <br><br>&quot;No estoy diciendo que no haya problemas de inseguridad&quot; en la entidad, aclar\u00f3. <a href=\"https:\/\/t.co\/3DIb4f1NyH\">pic.twitter.com\/3DIb4f1NyH<\/a><\/p>&mdash; Joaqu\u00edn L\u00f3pez-D\u00f3riga (@lopezdoriga) <a href=\"https:\/\/twitter.com\/lopezdoriga\/status\/1653432651817320448?ref_src=twsrc%5Etfw\">May 2, 2023<\/a><\/blockquote><script async src=\"https:\/\/platform.twitter.com\/widgets.js\" charset=\"utf-8\"><\/script>\n<\/div><\/figure>\n\n\n\n<p>\u201cDesde antier est\u00e1 lo de Tamaulipas, pero ya lleva unos 15 d\u00edas, que est\u00e1n manejando mucho el que hay inestabilidad en Tamaulipas, que ya regres\u00f3 la violencia, que antes, cuando estaba el gobernador Cabeza de Vaca prevalec\u00eda la paz\u201d, declar\u00f3.<\/p>\n\n\n\n<p>\u201cEntonces, me empez\u00f3 a llamar la atenci\u00f3n, de all\u00e1 es la frase de \u2018de parte de qui\u00e9n\u2019, cuando suceden cosas at\u00edpicas en pol\u00edtica es de parte de qui\u00e9n, es como cuando quieres saber qui\u00e9n cometi\u00f3 el delito, cu\u00e1l es el m\u00f3vil del crimen y se recomienda s\u00edguele la pista al dinero\u201d, extern\u00f3.<\/p>\n\n\n\n<p>Entonces en el caso de Tamaulipas es de parte de qui\u00e9n, bueno, qu\u00e9 es lo que estoy yo percibiendo, que hay una lanzada pol\u00edtica en contra del gobernador Am\u00e9rico Villarreal\u201d, agreg\u00f3.<\/p>\n","protected":false},"excerpt":{"rendered":"<p>Por Redacci\u00f3n QP Sedena detall\u00f3 que ya se levantaron bloqueos en zonas de Tamaulipas; L\u00f3pez&#8230;<\/p>\n","protected":false},"author":2,"featured_media":100494,"comment_status":"open","ping_status":"open","sticky":false,"template":"","format":"standard","meta":{"_monsterinsights_skip_tracking":false,"_monsterinsights_sitenote_active":false,"_monsterinsights_sitenote_note":"","_monsterinsights_sitenote_category":0,"footnotes":""},"categories":[2],"tags":[],"class_list":["post-100493","post","type-post","status-publish","format-standard","has-post-thumbnail","hentry","category-noticias"],"yoast_head":"<!-- This site is optimized with the Yoast SEO plugin v27.3 - https:\/\/yoast.com\/product\/yoast-seo-wordpress\/ -->\n<title>Todo esto de Tamaulipas es una campa\u00f1a contra el Gobernador Am\u00e9rico Villarreal: AMLO -<\/title>\n<meta name=\"robots\" content=\"index, follow, max-snippet:-1, max-image-preview:large, max-video-preview:-1\" \/>\n<link rel=\"canonical\" href=\"https:\/\/quehacerpolitico.mx\/?p=100493\" \/>\n<meta property=\"og:locale\" content=\"es_MX\" \/>\n<meta property=\"og:type\" content=\"article\" \/>\n<meta property=\"og:title\" content=\"Todo esto de Tamaulipas es una campa\u00f1a contra el Gobernador Am\u00e9rico Villarreal: AMLO -\" \/>\n<meta property=\"og:description\" content=\"Por Redacci\u00f3n QP Sedena detall\u00f3 que ya se levantaron bloqueos en zonas de Tamaulipas; L\u00f3pez...\" \/>\n<meta property=\"og:url\" content=\"https:\/\/quehacerpolitico.mx\/?p=100493\" \/>\n<meta property=\"article:published_time\" content=\"2023-05-02T17:27:02+00:00\" \/>\n<meta property=\"article:modified_time\" content=\"2023-05-02T17:27:06+00:00\" \/>\n<meta property=\"og:image\" content=\"https:\/\/quehacerpolitico.mx\/wp-content\/uploads\/2023\/05\/IMG_7440.jpeg\" \/>\n\t<meta property=\"og:image:width\" content=\"1284\" \/>\n\t<meta property=\"og:image:height\" content=\"702\" \/>\n\t<meta property=\"og:image:type\" content=\"image\/jpeg\" \/>\n<meta name=\"author\" content=\"Redacci\u00f3n QP\" \/>\n<meta name=\"twitter:card\" content=\"summary_large_image\" \/>\n<meta name=\"twitter:label1\" content=\"Escrito por\" \/>\n\t<meta name=\"twitter:data1\" content=\"Redacci\u00f3n QP\" \/>\n\t<meta name=\"twitter:label2\" content=\"Tiempo de lectura\" \/>\n\t<meta name=\"twitter:data2\" content=\"2 minutos\" \/>\n<script type=\"application\/ld+json\" class=\"yoast-schema-graph\">{\"@context\":\"https:\\\/\\\/schema.org\",\"@graph\":[{\"@type\":\"Article\",\"@id\":\"https:\\\/\\\/quehacerpolitico.mx\\\/?p=100493#article\",\"isPartOf\":{\"@id\":\"https:\\\/\\\/quehacerpolitico.mx\\\/?p=100493\"},\"author\":{\"name\":\"Redacci\u00f3n QP\",\"@id\":\"https:\\\/\\\/quehacerpolitico.mx\\\/#\\\/schema\\\/person\\\/496d8ad2d1d3f8036101dca7ee39e585\"},\"headline\":\"Todo esto de Tamaulipas es una campa\u00f1a contra el Gobernador Am\u00e9rico Villarreal: AMLO\",\"datePublished\":\"2023-05-02T17:27:02+00:00\",\"dateModified\":\"2023-05-02T17:27:06+00:00\",\"mainEntityOfPage\":{\"@id\":\"https:\\\/\\\/quehacerpolitico.mx\\\/?p=100493\"},\"wordCount\":475,\"commentCount\":0,\"image\":{\"@id\":\"https:\\\/\\\/quehacerpolitico.mx\\\/?p=100493#primaryimage\"},\"thumbnailUrl\":\"https:\\\/\\\/quehacerpolitico.mx\\\/wp-content\\\/uploads\\\/2023\\\/05\\\/IMG_7440.jpeg\",\"articleSection\":[\"Noticias\"],\"inLanguage\":\"es\",\"potentialAction\":[{\"@type\":\"CommentAction\",\"name\":\"Comment\",\"target\":[\"https:\\\/\\\/quehacerpolitico.mx\\\/?p=100493#respond\"]}]},{\"@type\":\"WebPage\",\"@id\":\"https:\\\/\\\/quehacerpolitico.mx\\\/?p=100493\",\"url\":\"https:\\\/\\\/quehacerpolitico.mx\\\/?p=100493\",\"name\":\"Todo esto de Tamaulipas es una campa\u00f1a contra el Gobernador Am\u00e9rico Villarreal: AMLO -\",\"isPartOf\":{\"@id\":\"https:\\\/\\\/quehacerpolitico.mx\\\/#website\"},\"primaryImageOfPage\":{\"@id\":\"https:\\\/\\\/quehacerpolitico.mx\\\/?p=100493#primaryimage\"},\"image\":{\"@id\":\"https:\\\/\\\/quehacerpolitico.mx\\\/?p=100493#primaryimage\"},\"thumbnailUrl\":\"https:\\\/\\\/quehacerpolitico.mx\\\/wp-content\\\/uploads\\\/2023\\\/05\\\/IMG_7440.jpeg\",\"datePublished\":\"2023-05-02T17:27:02+00:00\",\"dateModified\":\"2023-05-02T17:27:06+00:00\",\"author\":{\"@id\":\"https:\\\/\\\/quehacerpolitico.mx\\\/#\\\/schema\\\/person\\\/496d8ad2d1d3f8036101dca7ee39e585\"},\"breadcrumb\":{\"@id\":\"https:\\\/\\\/quehacerpolitico.mx\\\/?p=100493#breadcrumb\"},\"inLanguage\":\"es\",\"potentialAction\":[{\"@type\":\"ReadAction\",\"target\":[\"https:\\\/\\\/quehacerpolitico.mx\\\/?p=100493\"]}]},{\"@type\":\"ImageObject\",\"inLanguage\":\"es\",\"@id\":\"https:\\\/\\\/quehacerpolitico.mx\\\/?p=100493#primaryimage\",\"url\":\"https:\\\/\\\/quehacerpolitico.mx\\\/wp-content\\\/uploads\\\/2023\\\/05\\\/IMG_7440.jpeg\",\"contentUrl\":\"https:\\\/\\\/quehacerpolitico.mx\\\/wp-content\\\/uploads\\\/2023\\\/05\\\/IMG_7440.jpeg\",\"width\":1284,\"height\":702},{\"@type\":\"BreadcrumbList\",\"@id\":\"https:\\\/\\\/quehacerpolitico.mx\\\/?p=100493#breadcrumb\",\"itemListElement\":[{\"@type\":\"ListItem\",\"position\":1,\"name\":\"Inicio\",\"item\":\"https:\\\/\\\/quehacerpolitico.mx\\\/\"},{\"@type\":\"ListItem\",\"position\":2,\"name\":\"Todo esto de Tamaulipas es una campa\u00f1a contra el Gobernador Am\u00e9rico Villarreal: AMLO\"}]},{\"@type\":\"WebSite\",\"@id\":\"https:\\\/\\\/quehacerpolitico.mx\\\/#website\",\"url\":\"https:\\\/\\\/quehacerpolitico.mx\\\/\",\"name\":\"\",\"description\":\"\",\"potentialAction\":[{\"@type\":\"SearchAction\",\"target\":{\"@type\":\"EntryPoint\",\"urlTemplate\":\"https:\\\/\\\/quehacerpolitico.mx\\\/?s={search_term_string}\"},\"query-input\":{\"@type\":\"PropertyValueSpecification\",\"valueRequired\":true,\"valueName\":\"search_term_string\"}}],\"inLanguage\":\"es\"},{\"@type\":\"Person\",\"@id\":\"https:\\\/\\\/quehacerpolitico.mx\\\/#\\\/schema\\\/person\\\/496d8ad2d1d3f8036101dca7ee39e585\",\"name\":\"Redacci\u00f3n QP\",\"image\":{\"@type\":\"ImageObject\",\"inLanguage\":\"es\",\"@id\":\"https:\\\/\\\/secure.gravatar.com\\\/avatar\\\/c7164ed6fdec453195284ad24a5ae5b6e1eed2b848477fa2a4787ba9adf39a41?s=96&d=mm&r=g\",\"url\":\"https:\\\/\\\/secure.gravatar.com\\\/avatar\\\/c7164ed6fdec453195284ad24a5ae5b6e1eed2b848477fa2a4787ba9adf39a41?s=96&d=mm&r=g\",\"contentUrl\":\"https:\\\/\\\/secure.gravatar.com\\\/avatar\\\/c7164ed6fdec453195284ad24a5ae5b6e1eed2b848477fa2a4787ba9adf39a41?s=96&d=mm&r=g\",\"caption\":\"Redacci\u00f3n QP\"},\"url\":\"https:\\\/\\\/quehacerpolitico.mx\\\/?author=2\"}]}<\/script>\n<!-- \/ Yoast SEO plugin. -->","yoast_head_json":{"title":"Todo esto de Tamaulipas es una campa\u00f1a contra el Gobernador Am\u00e9rico Villarreal: AMLO -","robots":{"index":"index","follow":"follow","max-snippet":"max-snippet:-1","max-image-preview":"max-image-preview:large","max-video-preview":"max-video-preview:-1"},"canonical":"https:\/\/quehacerpolitico.mx\/?p=100493","og_locale":"es_MX","og_type":"article","og_title":"Todo esto de Tamaulipas es una campa\u00f1a contra el Gobernador Am\u00e9rico Villarreal: AMLO -","og_description":"Por Redacci\u00f3n QP Sedena detall\u00f3 que ya se levantaron bloqueos en zonas de Tamaulipas; L\u00f3pez...","og_url":"https:\/\/quehacerpolitico.mx\/?p=100493","article_published_time":"2023-05-02T17:27:02+00:00","article_modified_time":"2023-05-02T17:27:06+00:00","og_image":[{"width":1284,"height":702,"url":"https:\/\/quehacerpolitico.mx\/wp-content\/uploads\/2023\/05\/IMG_7440.jpeg","type":"image\/jpeg"}],"author":"Redacci\u00f3n QP","twitter_card":"summary_large_image","twitter_misc":{"Escrito por":"Redacci\u00f3n QP","Tiempo de lectura":"2 minutos"},"schema":{"@context":"https:\/\/schema.org","@graph":[{"@type":"Article","@id":"https:\/\/quehacerpolitico.mx\/?p=100493#article","isPartOf":{"@id":"https:\/\/quehacerpolitico.mx\/?p=100493"},"author":{"name":"Redacci\u00f3n QP","@id":"https:\/\/quehacerpolitico.mx\/#\/schema\/person\/496d8ad2d1d3f8036101dca7ee39e585"},"headline":"Todo esto de Tamaulipas es una campa\u00f1a contra el Gobernador Am\u00e9rico Villarreal: AMLO","datePublished":"2023-05-02T17:27:02+00:00","dateModified":"2023-05-02T17:27:06+00:00","mainEntityOfPage":{"@id":"https:\/\/quehacerpolitico.mx\/?p=100493"},"wordCount":475,"commentCount":0,"image":{"@id":"https:\/\/quehacerpolitico.mx\/?p=100493#primaryimage"},"thumbnailUrl":"https:\/\/quehacerpolitico.mx\/wp-content\/uploads\/2023\/05\/IMG_7440.jpeg","articleSection":["Noticias"],"inLanguage":"es","potentialAction":[{"@type":"CommentAction","name":"Comment","target":["https:\/\/quehacerpolitico.mx\/?p=100493#respond"]}]},{"@type":"WebPage","@id":"https:\/\/quehacerpolitico.mx\/?p=100493","url":"https:\/\/quehacerpolitico.mx\/?p=100493","name":"Todo esto de Tamaulipas es una campa\u00f1a contra el Gobernador Am\u00e9rico Villarreal: AMLO -","isPartOf":{"@id":"https:\/\/quehacerpolitico.mx\/#website"},"primaryImageOfPage":{"@id":"https:\/\/quehacerpolitico.mx\/?p=100493#primaryimage"},"image":{"@id":"https:\/\/quehacerpolitico.mx\/?p=100493#primaryimage"},"thumbnailUrl":"https:\/\/quehacerpolitico.mx\/wp-content\/uploads\/2023\/05\/IMG_7440.jpeg","datePublished":"2023-05-02T17:27:02+00:00","dateModified":"2023-05-02T17:27:06+00:00","author":{"@id":"https:\/\/quehacerpolitico.mx\/#\/schema\/person\/496d8ad2d1d3f8036101dca7ee39e585"},"breadcrumb":{"@id":"https:\/\/quehacerpolitico.mx\/?p=100493#breadcrumb"},"inLanguage":"es","potentialAction":[{"@type":"ReadAction","target":["https:\/\/quehacerpolitico.mx\/?p=100493"]}]},{"@type":"ImageObject","inLanguage":"es","@id":"https:\/\/quehacerpolitico.mx\/?p=100493#primaryimage","url":"https:\/\/quehacerpolitico.mx\/wp-content\/uploads\/2023\/05\/IMG_7440.jpeg","contentUrl":"https:\/\/quehacerpolitico.mx\/wp-content\/uploads\/2023\/05\/IMG_7440.jpeg","width":1284,"height":702},{"@type":"BreadcrumbList","@id":"https:\/\/quehacerpolitico.mx\/?p=100493#breadcrumb","itemListElement":[{"@type":"ListItem","position":1,"name":"Inicio","item":"https:\/\/quehacerpolitico.mx\/"},{"@type":"ListItem","position":2,"name":"Todo esto de Tamaulipas es una campa\u00f1a contra el Gobernador Am\u00e9rico Villarreal: AMLO"}]},{"@type":"WebSite","@id":"https:\/\/quehacerpolitico.mx\/#website","url":"https:\/\/quehacerpolitico.mx\/","name":"","description":"","potentialAction":[{"@type":"SearchAction","target":{"@type":"EntryPoint","urlTemplate":"https:\/\/quehacerpolitico.mx\/?s={search_term_string}"},"query-input":{"@type":"PropertyValueSpecification","valueRequired":true,"valueName":"search_term_string"}}],"inLanguage":"es"},{"@type":"Person","@id":"https:\/\/quehacerpolitico.mx\/#\/schema\/person\/496d8ad2d1d3f8036101dca7ee39e585","name":"Redacci\u00f3n QP","image":{"@type":"ImageObject","inLanguage":"es","@id":"https:\/\/secure.gravatar.com\/avatar\/c7164ed6fdec453195284ad24a5ae5b6e1eed2b848477fa2a4787ba9adf39a41?s=96&d=mm&r=g","url":"https:\/\/secure.gravatar.com\/avatar\/c7164ed6fdec453195284ad24a5ae5b6e1eed2b848477fa2a4787ba9adf39a41?s=96&d=mm&r=g","contentUrl":"https:\/\/secure.gravatar.com\/avatar\/c7164ed6fdec453195284ad24a5ae5b6e1eed2b848477fa2a4787ba9adf39a41?s=96&d=mm&r=g","caption":"Redacci\u00f3n QP"},"url":"https:\/\/quehacerpolitico.mx\/?author=2"}]}},"featured_image_urls":{"full":["https:\/\/quehacerpolitico.mx\/wp-content\/uploads\/2023\/05\/IMG_7440.jpeg",1284,702,false],"thumbnail":["https:\/\/quehacerpolitico.mx\/wp-content\/uploads\/2023\/05\/IMG_7440-150x150.jpeg",150,150,true],"medium":["https:\/\/quehacerpolitico.mx\/wp-content\/uploads\/2023\/05\/IMG_7440-300x164.jpeg",300,164,true],"medium_large":["https:\/\/quehacerpolitico.mx\/wp-content\/uploads\/2023\/05\/IMG_7440-768x420.jpeg",640,350,true],"large":["https:\/\/quehacerpolitico.mx\/wp-content\/uploads\/2023\/05\/IMG_7440-1024x560.jpeg",640,350,true],"1536x1536":["https:\/\/quehacerpolitico.mx\/wp-content\/uploads\/2023\/05\/IMG_7440.jpeg",1284,702,false],"2048x2048":["https:\/\/quehacerpolitico.mx\/wp-content\/uploads\/2023\/05\/IMG_7440.jpeg",1284,702,false],"covernews-featured":["https:\/\/quehacerpolitico.mx\/wp-content\/uploads\/2023\/05\/IMG_7440.jpeg",1024,560,false],"covernews-medium":["https:\/\/quehacerpolitico.mx\/wp-content\/uploads\/2023\/05\/IMG_7440.jpeg",540,295,false]},"author_info":{"display_name":"Redacci\u00f3n QP","author_link":"https:\/\/quehacerpolitico.mx\/?author=2"},"category_info":"<a href=\"https:\/\/quehacerpolitico.mx\/?cat=2\" rel=\"category\">Noticias<\/a>","tag_info":"Noticias","comment_count":"0","_links":{"self":[{"href":"https:\/\/quehacerpolitico.mx\/index.php?rest_route=\/wp\/v2\/posts\/100493","targetHints":{"allow":["GET"]}}],"collection":[{"href":"https:\/\/quehacerpolitico.mx\/index.php?rest_route=\/wp\/v2\/posts"}],"about":[{"href":"https:\/\/quehacerpolitico.mx\/index.php?rest_route=\/wp\/v2\/types\/post"}],"author":[{"embeddable":true,"href":"https:\/\/quehacerpolitico.mx\/index.php?rest_route=\/wp\/v2\/users\/2"}],"replies":[{"embeddable":true,"href":"https:\/\/quehacerpolitico.mx\/index.php?rest_route=%2Fwp%2Fv2%2Fcomments&post=100493"}],"version-history":[{"count":1,"href":"https:\/\/quehacerpolitico.mx\/index.php?rest_route=\/wp\/v2\/posts\/100493\/revisions"}],"predecessor-version":[{"id":100495,"href":"https:\/\/quehacerpolitico.mx\/index.php?rest_route=\/wp\/v2\/posts\/100493\/revisions\/100495"}],"wp:featuredmedia":[{"embeddable":true,"href":"https:\/\/quehacerpolitico.mx\/index.php?rest_route=\/wp\/v2\/media\/100494"}],"wp:attachment":[{"href":"https:\/\/quehacerpolitico.mx\/index.php?rest_route=%2Fwp%2Fv2%2Fmedia&parent=100493"}],"wp:term":[{"taxonomy":"category","embeddable":true,"href":"https:\/\/quehacerpolitico.mx\/index.php?rest_route=%2Fwp%2Fv2%2Fcategories&post=100493"},{"taxonomy":"post_tag","embeddable":true,"href":"https:\/\/quehacerpolitico.mx\/index.php?rest_route=%2Fwp%2Fv2%2Ftags&post=100493"}],"curies":[{"name":"wp","href":"https:\/\/api.w.org\/{rel}","templated":true}]}}