{"id":100490,"date":"2023-05-02T17:12:23","date_gmt":"2023-05-02T17:12:23","guid":{"rendered":"https:\/\/quehacerpolitico.mx\/?p=100490"},"modified":"2023-05-02T17:12:26","modified_gmt":"2023-05-02T17:12:26","slug":"listos-las-fechas-para-la-reclasificacion-de-la-liga-mx","status":"publish","type":"post","link":"https:\/\/quehacerpolitico.mx\/?p=100490","title":{"rendered":"Listos las fechas para la reclasificaci\u00f3n de la Liga MX"},"content":{"rendered":"\n<p>Por Redacci\u00f3n QP<\/p>\n\n\n\n<p>La Liga MX revel\u00f3 los horarios en que se disputar\u00e1n los encuentros correspondientes a la Reclasificaci\u00f3n del Clausura 2023<\/p>\n\n\n\n<p>La\u00a0Liga MX dio a conocer\u00a0los<strong>\u00a0horarios<\/strong>\u00a0de la\u00a0<strong>Reclasificaci\u00f3n<\/strong>\u00a0correspondientes al\u00a0Clausura 2023 que se disputar\u00e1n este\u00a0<strong>fin de semana.<\/strong><\/p>\n\n\n\n<figure class=\"wp-block-embed is-type-rich is-provider-twitter wp-block-embed-twitter\"><div class=\"wp-block-embed__wrapper\">\n<blockquote class=\"twitter-tweet\" data-width=\"550\" data-dnt=\"true\"><p lang=\"es\" dir=\"ltr\">\u00a1\u00a1Ya est\u00e1n los Horarios para la <a href=\"https:\/\/twitter.com\/hashtag\/Reclasificaci%C3%B3n?src=hash&amp;ref_src=twsrc%5Etfw\">#Reclasificaci\u00f3n<\/a>!! \u23f0<br><br>Comienza la <a href=\"https:\/\/twitter.com\/hashtag\/FaseFinal?src=hash&amp;ref_src=twsrc%5Etfw\">#FaseFinal<\/a> y as\u00ed se disputar\u00e1n los duelos:<br><br>Prepara tu \ud83d\udcc6\u00a0<a href=\"https:\/\/twitter.com\/hashtag\/AgendaFutbol%C3%ADstica?src=hash&amp;ref_src=twsrc%5Etfw\">#AgendaFutbol\u00edstica<\/a> y no te pierdas la <a href=\"https:\/\/twitter.com\/hashtag\/LigaBBVAMX?src=hash&amp;ref_src=twsrc%5Etfw\">#LigaBBVAMX<\/a><br><br>\u00a1Reg\u00edstrate ahora en <a href=\"https:\/\/t.co\/PigIFB93t5\">https:\/\/t.co\/PigIFB93t5<\/a> y RECIBE $1,000 DE REGALO para comenzar a apostar!\u2026 <a href=\"https:\/\/t.co\/mv82YsuHgq\">pic.twitter.com\/mv82YsuHgq<\/a><\/p>&mdash; Liga BBVA MX (@LigaBBVAMX) <a href=\"https:\/\/twitter.com\/LigaBBVAMX\/status\/1653433637155610625?ref_src=twsrc%5Etfw\">May 2, 2023<\/a><\/blockquote><script async src=\"https:\/\/platform.twitter.com\/widgets.js\" charset=\"utf-8\"><\/script>\n<\/div><\/figure>\n\n\n\n<p><strong>Cruz Azul y Atlas<\/strong>&nbsp;disputar\u00e1n su boleto a los Cuartos de Final cuando se vean las caras en el&nbsp;<strong>Estadio Azteca&nbsp;<\/strong>a las&nbsp;<strong>17:00 h.<\/strong><\/p>\n\n\n\n<p>Al t\u00e9rmino de dicho encuentro,&nbsp;<strong>Pachuca y Santos Laguna<\/strong>&nbsp;se medir\u00e1n en la cancha del&nbsp;<strong>Estadio Hidalgo<\/strong>&nbsp;el s\u00e1bado 6 de mayo en punto de las&nbsp;<strong>19:10 h<\/strong>.<\/p>\n\n\n\n<p>Para el domingo 7 de mayo,<strong>&nbsp;Le\u00f3n y Atl\u00e9tico San Luis<\/strong>&nbsp;jugar\u00e1n en el&nbsp;<strong>Estadio Nou Camp<\/strong>&nbsp;el mismo domingo en punto de las&nbsp;<strong>19:06<\/strong><strong>h<\/strong>.<\/p>\n\n\n\n<p>El \u00faltimo duelo lo protagonizar\u00e1n&nbsp;<strong>Tigres de la UANL y Puebla<\/strong>&nbsp;, quienes se enfrentar\u00e1n en el&nbsp;<strong>Estadio Universitario<\/strong>&nbsp;a las<strong>&nbsp;21:10 h<\/strong>.<\/p>\n\n\n\n<p>La Reclasificaci\u00f3n se disputar\u00e1 a partido \u00fanico en el estadio del equipo mejor sembrado y el criterio de desempate son los tiros penales.<\/p>\n\n\n\n<p>Monterrey (40 puntos), Am\u00e9rica (34 puntos), Chivas (34 puntos) y Toluca (32 puntos) consiguieron su boleto directo a los Cuartos de Final del Clausura 2023.<\/p>\n","protected":false},"excerpt":{"rendered":"<p>Por Redacci\u00f3n QP La Liga MX revel\u00f3 los horarios en que se disputar\u00e1n los encuentros&#8230;<\/p>\n","protected":false},"author":2,"featured_media":100491,"comment_status":"open","ping_status":"open","sticky":false,"template":"","format":"standard","meta":{"_monsterinsights_skip_tracking":false,"_monsterinsights_sitenote_active":false,"_monsterinsights_sitenote_note":"","_monsterinsights_sitenote_category":0,"footnotes":""},"categories":[54],"tags":[],"class_list":["post-100490","post","type-post","status-publish","format-standard","has-post-thumbnail","hentry","category-deportes"],"yoast_head":"<!-- This site is optimized with the Yoast SEO plugin v27.3 - https:\/\/yoast.com\/product\/yoast-seo-wordpress\/ -->\n<title>Listos las fechas para la reclasificaci\u00f3n de la Liga MX -<\/title>\n<meta name=\"robots\" content=\"index, follow, max-snippet:-1, max-image-preview:large, max-video-preview:-1\" \/>\n<link rel=\"canonical\" href=\"https:\/\/quehacerpolitico.mx\/?p=100490\" \/>\n<meta property=\"og:locale\" content=\"es_MX\" \/>\n<meta property=\"og:type\" content=\"article\" \/>\n<meta property=\"og:title\" content=\"Listos las fechas para la reclasificaci\u00f3n de la Liga MX -\" \/>\n<meta property=\"og:description\" content=\"Por Redacci\u00f3n QP La Liga MX revel\u00f3 los horarios en que se disputar\u00e1n los encuentros...\" \/>\n<meta property=\"og:url\" content=\"https:\/\/quehacerpolitico.mx\/?p=100490\" \/>\n<meta property=\"article:published_time\" content=\"2023-05-02T17:12:23+00:00\" \/>\n<meta property=\"article:modified_time\" content=\"2023-05-02T17:12:26+00:00\" \/>\n<meta property=\"og:image\" content=\"https:\/\/quehacerpolitico.mx\/wp-content\/uploads\/2023\/05\/IMG_7438.jpeg\" \/>\n\t<meta property=\"og:image:width\" content=\"739\" \/>\n\t<meta property=\"og:image:height\" content=\"415\" \/>\n\t<meta property=\"og:image:type\" content=\"image\/jpeg\" \/>\n<meta name=\"author\" content=\"Redacci\u00f3n QP\" \/>\n<meta name=\"twitter:card\" content=\"summary_large_image\" \/>\n<meta name=\"twitter:label1\" content=\"Escrito por\" \/>\n\t<meta name=\"twitter:data1\" content=\"Redacci\u00f3n QP\" \/>\n\t<meta name=\"twitter:label2\" content=\"Tiempo de lectura\" \/>\n\t<meta name=\"twitter:data2\" content=\"1 minuto\" \/>\n<script type=\"application\/ld+json\" class=\"yoast-schema-graph\">{\"@context\":\"https:\\\/\\\/schema.org\",\"@graph\":[{\"@type\":\"Article\",\"@id\":\"https:\\\/\\\/quehacerpolitico.mx\\\/?p=100490#article\",\"isPartOf\":{\"@id\":\"https:\\\/\\\/quehacerpolitico.mx\\\/?p=100490\"},\"author\":{\"name\":\"Redacci\u00f3n QP\",\"@id\":\"https:\\\/\\\/quehacerpolitico.mx\\\/#\\\/schema\\\/person\\\/496d8ad2d1d3f8036101dca7ee39e585\"},\"headline\":\"Listos las fechas para la reclasificaci\u00f3n de la Liga MX\",\"datePublished\":\"2023-05-02T17:12:23+00:00\",\"dateModified\":\"2023-05-02T17:12:26+00:00\",\"mainEntityOfPage\":{\"@id\":\"https:\\\/\\\/quehacerpolitico.mx\\\/?p=100490\"},\"wordCount\":237,\"commentCount\":0,\"image\":{\"@id\":\"https:\\\/\\\/quehacerpolitico.mx\\\/?p=100490#primaryimage\"},\"thumbnailUrl\":\"https:\\\/\\\/quehacerpolitico.mx\\\/wp-content\\\/uploads\\\/2023\\\/05\\\/IMG_7438.jpeg\",\"articleSection\":[\"Deportes\"],\"inLanguage\":\"es\",\"potentialAction\":[{\"@type\":\"CommentAction\",\"name\":\"Comment\",\"target\":[\"https:\\\/\\\/quehacerpolitico.mx\\\/?p=100490#respond\"]}]},{\"@type\":\"WebPage\",\"@id\":\"https:\\\/\\\/quehacerpolitico.mx\\\/?p=100490\",\"url\":\"https:\\\/\\\/quehacerpolitico.mx\\\/?p=100490\",\"name\":\"Listos las fechas para la reclasificaci\u00f3n de la Liga MX -\",\"isPartOf\":{\"@id\":\"https:\\\/\\\/quehacerpolitico.mx\\\/#website\"},\"primaryImageOfPage\":{\"@id\":\"https:\\\/\\\/quehacerpolitico.mx\\\/?p=100490#primaryimage\"},\"image\":{\"@id\":\"https:\\\/\\\/quehacerpolitico.mx\\\/?p=100490#primaryimage\"},\"thumbnailUrl\":\"https:\\\/\\\/quehacerpolitico.mx\\\/wp-content\\\/uploads\\\/2023\\\/05\\\/IMG_7438.jpeg\",\"datePublished\":\"2023-05-02T17:12:23+00:00\",\"dateModified\":\"2023-05-02T17:12:26+00:00\",\"author\":{\"@id\":\"https:\\\/\\\/quehacerpolitico.mx\\\/#\\\/schema\\\/person\\\/496d8ad2d1d3f8036101dca7ee39e585\"},\"breadcrumb\":{\"@id\":\"https:\\\/\\\/quehacerpolitico.mx\\\/?p=100490#breadcrumb\"},\"inLanguage\":\"es\",\"potentialAction\":[{\"@type\":\"ReadAction\",\"target\":[\"https:\\\/\\\/quehacerpolitico.mx\\\/?p=100490\"]}]},{\"@type\":\"ImageObject\",\"inLanguage\":\"es\",\"@id\":\"https:\\\/\\\/quehacerpolitico.mx\\\/?p=100490#primaryimage\",\"url\":\"https:\\\/\\\/quehacerpolitico.mx\\\/wp-content\\\/uploads\\\/2023\\\/05\\\/IMG_7438.jpeg\",\"contentUrl\":\"https:\\\/\\\/quehacerpolitico.mx\\\/wp-content\\\/uploads\\\/2023\\\/05\\\/IMG_7438.jpeg\",\"width\":739,\"height\":415},{\"@type\":\"BreadcrumbList\",\"@id\":\"https:\\\/\\\/quehacerpolitico.mx\\\/?p=100490#breadcrumb\",\"itemListElement\":[{\"@type\":\"ListItem\",\"position\":1,\"name\":\"Inicio\",\"item\":\"https:\\\/\\\/quehacerpolitico.mx\\\/\"},{\"@type\":\"ListItem\",\"position\":2,\"name\":\"Listos las fechas para la reclasificaci\u00f3n de la Liga MX\"}]},{\"@type\":\"WebSite\",\"@id\":\"https:\\\/\\\/quehacerpolitico.mx\\\/#website\",\"url\":\"https:\\\/\\\/quehacerpolitico.mx\\\/\",\"name\":\"\",\"description\":\"\",\"potentialAction\":[{\"@type\":\"SearchAction\",\"target\":{\"@type\":\"EntryPoint\",\"urlTemplate\":\"https:\\\/\\\/quehacerpolitico.mx\\\/?s={search_term_string}\"},\"query-input\":{\"@type\":\"PropertyValueSpecification\",\"valueRequired\":true,\"valueName\":\"search_term_string\"}}],\"inLanguage\":\"es\"},{\"@type\":\"Person\",\"@id\":\"https:\\\/\\\/quehacerpolitico.mx\\\/#\\\/schema\\\/person\\\/496d8ad2d1d3f8036101dca7ee39e585\",\"name\":\"Redacci\u00f3n QP\",\"image\":{\"@type\":\"ImageObject\",\"inLanguage\":\"es\",\"@id\":\"https:\\\/\\\/secure.gravatar.com\\\/avatar\\\/c7164ed6fdec453195284ad24a5ae5b6e1eed2b848477fa2a4787ba9adf39a41?s=96&d=mm&r=g\",\"url\":\"https:\\\/\\\/secure.gravatar.com\\\/avatar\\\/c7164ed6fdec453195284ad24a5ae5b6e1eed2b848477fa2a4787ba9adf39a41?s=96&d=mm&r=g\",\"contentUrl\":\"https:\\\/\\\/secure.gravatar.com\\\/avatar\\\/c7164ed6fdec453195284ad24a5ae5b6e1eed2b848477fa2a4787ba9adf39a41?s=96&d=mm&r=g\",\"caption\":\"Redacci\u00f3n QP\"},\"url\":\"https:\\\/\\\/quehacerpolitico.mx\\\/?author=2\"}]}<\/script>\n<!-- \/ Yoast SEO plugin. -->","yoast_head_json":{"title":"Listos las fechas para la reclasificaci\u00f3n de la Liga MX -","robots":{"index":"index","follow":"follow","max-snippet":"max-snippet:-1","max-image-preview":"max-image-preview:large","max-video-preview":"max-video-preview:-1"},"canonical":"https:\/\/quehacerpolitico.mx\/?p=100490","og_locale":"es_MX","og_type":"article","og_title":"Listos las fechas para la reclasificaci\u00f3n de la Liga MX -","og_description":"Por Redacci\u00f3n QP La Liga MX revel\u00f3 los horarios en que se disputar\u00e1n los encuentros...","og_url":"https:\/\/quehacerpolitico.mx\/?p=100490","article_published_time":"2023-05-02T17:12:23+00:00","article_modified_time":"2023-05-02T17:12:26+00:00","og_image":[{"width":739,"height":415,"url":"https:\/\/quehacerpolitico.mx\/wp-content\/uploads\/2023\/05\/IMG_7438.jpeg","type":"image\/jpeg"}],"author":"Redacci\u00f3n QP","twitter_card":"summary_large_image","twitter_misc":{"Escrito por":"Redacci\u00f3n QP","Tiempo de lectura":"1 minuto"},"schema":{"@context":"https:\/\/schema.org","@graph":[{"@type":"Article","@id":"https:\/\/quehacerpolitico.mx\/?p=100490#article","isPartOf":{"@id":"https:\/\/quehacerpolitico.mx\/?p=100490"},"author":{"name":"Redacci\u00f3n QP","@id":"https:\/\/quehacerpolitico.mx\/#\/schema\/person\/496d8ad2d1d3f8036101dca7ee39e585"},"headline":"Listos las fechas para la reclasificaci\u00f3n de la Liga MX","datePublished":"2023-05-02T17:12:23+00:00","dateModified":"2023-05-02T17:12:26+00:00","mainEntityOfPage":{"@id":"https:\/\/quehacerpolitico.mx\/?p=100490"},"wordCount":237,"commentCount":0,"image":{"@id":"https:\/\/quehacerpolitico.mx\/?p=100490#primaryimage"},"thumbnailUrl":"https:\/\/quehacerpolitico.mx\/wp-content\/uploads\/2023\/05\/IMG_7438.jpeg","articleSection":["Deportes"],"inLanguage":"es","potentialAction":[{"@type":"CommentAction","name":"Comment","target":["https:\/\/quehacerpolitico.mx\/?p=100490#respond"]}]},{"@type":"WebPage","@id":"https:\/\/quehacerpolitico.mx\/?p=100490","url":"https:\/\/quehacerpolitico.mx\/?p=100490","name":"Listos las fechas para la reclasificaci\u00f3n de la Liga MX -","isPartOf":{"@id":"https:\/\/quehacerpolitico.mx\/#website"},"primaryImageOfPage":{"@id":"https:\/\/quehacerpolitico.mx\/?p=100490#primaryimage"},"image":{"@id":"https:\/\/quehacerpolitico.mx\/?p=100490#primaryimage"},"thumbnailUrl":"https:\/\/quehacerpolitico.mx\/wp-content\/uploads\/2023\/05\/IMG_7438.jpeg","datePublished":"2023-05-02T17:12:23+00:00","dateModified":"2023-05-02T17:12:26+00:00","author":{"@id":"https:\/\/quehacerpolitico.mx\/#\/schema\/person\/496d8ad2d1d3f8036101dca7ee39e585"},"breadcrumb":{"@id":"https:\/\/quehacerpolitico.mx\/?p=100490#breadcrumb"},"inLanguage":"es","potentialAction":[{"@type":"ReadAction","target":["https:\/\/quehacerpolitico.mx\/?p=100490"]}]},{"@type":"ImageObject","inLanguage":"es","@id":"https:\/\/quehacerpolitico.mx\/?p=100490#primaryimage","url":"https:\/\/quehacerpolitico.mx\/wp-content\/uploads\/2023\/05\/IMG_7438.jpeg","contentUrl":"https:\/\/quehacerpolitico.mx\/wp-content\/uploads\/2023\/05\/IMG_7438.jpeg","width":739,"height":415},{"@type":"BreadcrumbList","@id":"https:\/\/quehacerpolitico.mx\/?p=100490#breadcrumb","itemListElement":[{"@type":"ListItem","position":1,"name":"Inicio","item":"https:\/\/quehacerpolitico.mx\/"},{"@type":"ListItem","position":2,"name":"Listos las fechas para la reclasificaci\u00f3n de la Liga MX"}]},{"@type":"WebSite","@id":"https:\/\/quehacerpolitico.mx\/#website","url":"https:\/\/quehacerpolitico.mx\/","name":"","description":"","potentialAction":[{"@type":"SearchAction","target":{"@type":"EntryPoint","urlTemplate":"https:\/\/quehacerpolitico.mx\/?s={search_term_string}"},"query-input":{"@type":"PropertyValueSpecification","valueRequired":true,"valueName":"search_term_string"}}],"inLanguage":"es"},{"@type":"Person","@id":"https:\/\/quehacerpolitico.mx\/#\/schema\/person\/496d8ad2d1d3f8036101dca7ee39e585","name":"Redacci\u00f3n QP","image":{"@type":"ImageObject","inLanguage":"es","@id":"https:\/\/secure.gravatar.com\/avatar\/c7164ed6fdec453195284ad24a5ae5b6e1eed2b848477fa2a4787ba9adf39a41?s=96&d=mm&r=g","url":"https:\/\/secure.gravatar.com\/avatar\/c7164ed6fdec453195284ad24a5ae5b6e1eed2b848477fa2a4787ba9adf39a41?s=96&d=mm&r=g","contentUrl":"https:\/\/secure.gravatar.com\/avatar\/c7164ed6fdec453195284ad24a5ae5b6e1eed2b848477fa2a4787ba9adf39a41?s=96&d=mm&r=g","caption":"Redacci\u00f3n QP"},"url":"https:\/\/quehacerpolitico.mx\/?author=2"}]}},"featured_image_urls":{"full":["https:\/\/quehacerpolitico.mx\/wp-content\/uploads\/2023\/05\/IMG_7438.jpeg",739,415,false],"thumbnail":["https:\/\/quehacerpolitico.mx\/wp-content\/uploads\/2023\/05\/IMG_7438-150x150.jpeg",150,150,true],"medium":["https:\/\/quehacerpolitico.mx\/wp-content\/uploads\/2023\/05\/IMG_7438-300x168.jpeg",300,168,true],"medium_large":["https:\/\/quehacerpolitico.mx\/wp-content\/uploads\/2023\/05\/IMG_7438.jpeg",640,359,false],"large":["https:\/\/quehacerpolitico.mx\/wp-content\/uploads\/2023\/05\/IMG_7438.jpeg",640,359,false],"1536x1536":["https:\/\/quehacerpolitico.mx\/wp-content\/uploads\/2023\/05\/IMG_7438.jpeg",739,415,false],"2048x2048":["https:\/\/quehacerpolitico.mx\/wp-content\/uploads\/2023\/05\/IMG_7438.jpeg",739,415,false],"covernews-featured":["https:\/\/quehacerpolitico.mx\/wp-content\/uploads\/2023\/05\/IMG_7438.jpeg",739,415,false],"covernews-medium":["https:\/\/quehacerpolitico.mx\/wp-content\/uploads\/2023\/05\/IMG_7438.jpeg",540,303,false]},"author_info":{"display_name":"Redacci\u00f3n QP","author_link":"https:\/\/quehacerpolitico.mx\/?author=2"},"category_info":"<a href=\"https:\/\/quehacerpolitico.mx\/?cat=54\" rel=\"category\">Deportes<\/a>","tag_info":"Deportes","comment_count":"0","_links":{"self":[{"href":"https:\/\/quehacerpolitico.mx\/index.php?rest_route=\/wp\/v2\/posts\/100490","targetHints":{"allow":["GET"]}}],"collection":[{"href":"https:\/\/quehacerpolitico.mx\/index.php?rest_route=\/wp\/v2\/posts"}],"about":[{"href":"https:\/\/quehacerpolitico.mx\/index.php?rest_route=\/wp\/v2\/types\/post"}],"author":[{"embeddable":true,"href":"https:\/\/quehacerpolitico.mx\/index.php?rest_route=\/wp\/v2\/users\/2"}],"replies":[{"embeddable":true,"href":"https:\/\/quehacerpolitico.mx\/index.php?rest_route=%2Fwp%2Fv2%2Fcomments&post=100490"}],"version-history":[{"count":1,"href":"https:\/\/quehacerpolitico.mx\/index.php?rest_route=\/wp\/v2\/posts\/100490\/revisions"}],"predecessor-version":[{"id":100492,"href":"https:\/\/quehacerpolitico.mx\/index.php?rest_route=\/wp\/v2\/posts\/100490\/revisions\/100492"}],"wp:featuredmedia":[{"embeddable":true,"href":"https:\/\/quehacerpolitico.mx\/index.php?rest_route=\/wp\/v2\/media\/100491"}],"wp:attachment":[{"href":"https:\/\/quehacerpolitico.mx\/index.php?rest_route=%2Fwp%2Fv2%2Fmedia&parent=100490"}],"wp:term":[{"taxonomy":"category","embeddable":true,"href":"https:\/\/quehacerpolitico.mx\/index.php?rest_route=%2Fwp%2Fv2%2Fcategories&post=100490"},{"taxonomy":"post_tag","embeddable":true,"href":"https:\/\/quehacerpolitico.mx\/index.php?rest_route=%2Fwp%2Fv2%2Ftags&post=100490"}],"curies":[{"name":"wp","href":"https:\/\/api.w.org\/{rel}","templated":true}]}}