{"id":100452,"date":"2023-05-01T20:03:23","date_gmt":"2023-05-01T20:03:23","guid":{"rendered":"https:\/\/quehacerpolitico.mx\/?p=100452"},"modified":"2023-05-01T20:03:26","modified_gmt":"2023-05-01T20:03:26","slug":"ricardo-anaya-reconoce-en-el-dia-del-trabajo-a-los-aspiracionistas","status":"publish","type":"post","link":"https:\/\/quehacerpolitico.mx\/?p=100452","title":{"rendered":"Ricardo Anaya reconoce en el D\u00eda del Trabajo a los &#8220;aspiracionistas&#8221;"},"content":{"rendered":"\n<p>Por Redacci\u00f3n QP<\/p>\n\n\n\n<p>En un video publicado en redes, el excandidato presidencial no perdi\u00f3 oportunidad para criticar la administraci\u00f3n de L\u00f3pez Obrador<\/p>\n\n\n\n<p>Ricardo Anaya Cort\u00e9s, excandidato presidencial, r<strong>enombr\u00f3 el D\u00eda del Trabajo como el &#8220;d\u00eda del aspiracionismo&#8221; a<\/strong>l argumentar que &#8220;es el d\u00eda en que conmemoramos el esfuerzo diario de los aspiracionistas que trabajan, que pagan impuestos, que aspiran a lograr una vida mejor para ellos y sus familias&#8221;.<\/p>\n\n\n\n<p>A trav\u00e9s de un video que comparti\u00f3 en redes sociales, Ricardo Anaya record\u00f3 que el Presidente Andr\u00e9s Manuel L\u00f3pez Obrador ha criticado lo que llama &#8220;actitud aspiracionista&#8221; de la clase media,\u00a0<strong>como si &#8220;trabajar y aspirar a una vida mejor fuera un defecto&#8221;.<\/strong><\/p>\n\n\n\n<figure class=\"wp-block-embed is-type-video is-provider-youtube wp-block-embed-youtube wp-embed-aspect-16-9 wp-has-aspect-ratio\"><div class=\"wp-block-embed__wrapper\">\n<iframe loading=\"lazy\" title=\"\u00a1Feliz d\u00eda del aspiracionista!\" width=\"640\" height=\"360\" src=\"https:\/\/www.youtube.com\/embed\/U0ZkJ6wCywY?feature=oembed\" frameborder=\"0\" allow=\"accelerometer; autoplay; clipboard-write; encrypted-media; gyroscope; picture-in-picture; web-share\" referrerpolicy=\"strict-origin-when-cross-origin\" allowfullscreen><\/iframe>\n<\/div><\/figure>\n\n\n\n<p>Anaya explic\u00f3 que &#8220;el gran problema de L\u00f3pez Obrador es que no entiende que la mejor pol\u00edtica social que existe,\u00a0<strong>lo mejor que se le puede ofrecer a una persona, es un trabajo bien pagado&#8221;.<\/strong><\/p>\n\n\n\n<p>&#8220;Y justamente porque no entiende la importancia del trabajo bien pagado,<strong>&nbsp;se ha dedicado a ahuyentar inversiones y a convertir su sexenio en el de las oportunidades perdidas<\/strong>&#8220;, agreg\u00f3.<\/p>\n\n\n\n<p>A manera de ejemplo, Anaya record\u00f3 la cancelaci\u00f3n del aeropuerto de Texcoco y de la planta de Constellation Brands, adem\u00e1s de la suspensi\u00f3n de subastas de energ\u00edas limpias.<\/p>\n\n\n\n<p>&#8220;Pero la gota que derram\u00f3 el vaso es la iniciativa que recientemente present\u00f3 para modificar 23 leyes, para concentrar todav\u00eda m\u00e1s poder, incluso para anular contratos, revocar concesiones, expropiar. \u00bfY sabes qu\u00e9 provoca todo esto? Muy simple,&nbsp;<strong>que se frenen las inversiones que podr\u00edan generar los trabajos bien pagados que la gente necesita<\/strong>&#8220;, acus\u00f3.<\/p>\n\n\n\n<p>Ricardo Anaya mencion\u00f3 que &#8220;hay gente que requiere del apoyo del gobierno, sin duda, pero un gobierno que solamente reparte apoyos olvida que es el trabajo lo que dignifica a las personas&#8221;.<\/p>\n\n\n\n<p>&#8220;El trabajo nos da sentido del tiempo y sentido de la vida,&nbsp;<strong>porque nos permite ponernos metas y alcanzarlas. Nos hace sentir \u00fatiles. Nos permite ganar el pan para nuestra familia&#8221;<\/strong>, declar\u00f3.<\/p>\n\n\n\n<p>&#8220;Ojal\u00e1 este gobierno entienda, antes de que sea muy tarde, que no hay mejor pol\u00edtica social que el trabajo bien pagado. Que nunca habr\u00e1 dinero que sustituya la dignidad del trabajo, ni apoyo que reemplace los beneficios del empleo&#8221;, asever\u00f3.<\/p>\n\n\n\n<p>Con informaci\u00f3n de SUN <\/p>\n","protected":false},"excerpt":{"rendered":"<p>Por Redacci\u00f3n QP En un video publicado en redes, el excandidato presidencial no perdi\u00f3 oportunidad&#8230;<\/p>\n","protected":false},"author":2,"featured_media":100453,"comment_status":"open","ping_status":"open","sticky":false,"template":"","format":"standard","meta":{"_monsterinsights_skip_tracking":false,"_monsterinsights_sitenote_active":false,"_monsterinsights_sitenote_note":"","_monsterinsights_sitenote_category":0,"footnotes":""},"categories":[2],"tags":[],"class_list":["post-100452","post","type-post","status-publish","format-standard","has-post-thumbnail","hentry","category-noticias"],"yoast_head":"<!-- This site is optimized with the Yoast SEO plugin v27.3 - https:\/\/yoast.com\/product\/yoast-seo-wordpress\/ -->\n<title>Ricardo Anaya reconoce en el D\u00eda del Trabajo a los &quot;aspiracionistas&quot; -<\/title>\n<meta name=\"robots\" content=\"index, follow, max-snippet:-1, max-image-preview:large, max-video-preview:-1\" \/>\n<link rel=\"canonical\" href=\"https:\/\/quehacerpolitico.mx\/?p=100452\" \/>\n<meta property=\"og:locale\" content=\"es_MX\" \/>\n<meta property=\"og:type\" content=\"article\" \/>\n<meta property=\"og:title\" content=\"Ricardo Anaya reconoce en el D\u00eda del Trabajo a los &quot;aspiracionistas&quot; -\" \/>\n<meta property=\"og:description\" content=\"Por Redacci\u00f3n QP En un video publicado en redes, el excandidato presidencial no perdi\u00f3 oportunidad...\" \/>\n<meta property=\"og:url\" content=\"https:\/\/quehacerpolitico.mx\/?p=100452\" \/>\n<meta property=\"article:published_time\" content=\"2023-05-01T20:03:23+00:00\" \/>\n<meta property=\"article:modified_time\" content=\"2023-05-01T20:03:26+00:00\" \/>\n<meta property=\"og:image\" content=\"https:\/\/quehacerpolitico.mx\/wp-content\/uploads\/2023\/05\/IMG_7417.jpeg\" \/>\n\t<meta property=\"og:image:width\" content=\"1284\" \/>\n\t<meta property=\"og:image:height\" content=\"664\" \/>\n\t<meta property=\"og:image:type\" content=\"image\/jpeg\" \/>\n<meta name=\"author\" content=\"Redacci\u00f3n QP\" \/>\n<meta name=\"twitter:card\" content=\"summary_large_image\" \/>\n<meta name=\"twitter:label1\" content=\"Escrito por\" \/>\n\t<meta name=\"twitter:data1\" content=\"Redacci\u00f3n QP\" \/>\n\t<meta name=\"twitter:label2\" content=\"Tiempo de lectura\" \/>\n\t<meta name=\"twitter:data2\" content=\"2 minutos\" \/>\n<script type=\"application\/ld+json\" class=\"yoast-schema-graph\">{\"@context\":\"https:\\\/\\\/schema.org\",\"@graph\":[{\"@type\":\"Article\",\"@id\":\"https:\\\/\\\/quehacerpolitico.mx\\\/?p=100452#article\",\"isPartOf\":{\"@id\":\"https:\\\/\\\/quehacerpolitico.mx\\\/?p=100452\"},\"author\":{\"name\":\"Redacci\u00f3n QP\",\"@id\":\"https:\\\/\\\/quehacerpolitico.mx\\\/#\\\/schema\\\/person\\\/496d8ad2d1d3f8036101dca7ee39e585\"},\"headline\":\"Ricardo Anaya reconoce en el D\u00eda del Trabajo a los &#8220;aspiracionistas&#8221;\",\"datePublished\":\"2023-05-01T20:03:23+00:00\",\"dateModified\":\"2023-05-01T20:03:26+00:00\",\"mainEntityOfPage\":{\"@id\":\"https:\\\/\\\/quehacerpolitico.mx\\\/?p=100452\"},\"wordCount\":407,\"commentCount\":0,\"image\":{\"@id\":\"https:\\\/\\\/quehacerpolitico.mx\\\/?p=100452#primaryimage\"},\"thumbnailUrl\":\"https:\\\/\\\/quehacerpolitico.mx\\\/wp-content\\\/uploads\\\/2023\\\/05\\\/IMG_7417.jpeg\",\"articleSection\":[\"Noticias\"],\"inLanguage\":\"es\",\"potentialAction\":[{\"@type\":\"CommentAction\",\"name\":\"Comment\",\"target\":[\"https:\\\/\\\/quehacerpolitico.mx\\\/?p=100452#respond\"]}]},{\"@type\":\"WebPage\",\"@id\":\"https:\\\/\\\/quehacerpolitico.mx\\\/?p=100452\",\"url\":\"https:\\\/\\\/quehacerpolitico.mx\\\/?p=100452\",\"name\":\"Ricardo Anaya reconoce en el D\u00eda del Trabajo a los \\\"aspiracionistas\\\" -\",\"isPartOf\":{\"@id\":\"https:\\\/\\\/quehacerpolitico.mx\\\/#website\"},\"primaryImageOfPage\":{\"@id\":\"https:\\\/\\\/quehacerpolitico.mx\\\/?p=100452#primaryimage\"},\"image\":{\"@id\":\"https:\\\/\\\/quehacerpolitico.mx\\\/?p=100452#primaryimage\"},\"thumbnailUrl\":\"https:\\\/\\\/quehacerpolitico.mx\\\/wp-content\\\/uploads\\\/2023\\\/05\\\/IMG_7417.jpeg\",\"datePublished\":\"2023-05-01T20:03:23+00:00\",\"dateModified\":\"2023-05-01T20:03:26+00:00\",\"author\":{\"@id\":\"https:\\\/\\\/quehacerpolitico.mx\\\/#\\\/schema\\\/person\\\/496d8ad2d1d3f8036101dca7ee39e585\"},\"breadcrumb\":{\"@id\":\"https:\\\/\\\/quehacerpolitico.mx\\\/?p=100452#breadcrumb\"},\"inLanguage\":\"es\",\"potentialAction\":[{\"@type\":\"ReadAction\",\"target\":[\"https:\\\/\\\/quehacerpolitico.mx\\\/?p=100452\"]}]},{\"@type\":\"ImageObject\",\"inLanguage\":\"es\",\"@id\":\"https:\\\/\\\/quehacerpolitico.mx\\\/?p=100452#primaryimage\",\"url\":\"https:\\\/\\\/quehacerpolitico.mx\\\/wp-content\\\/uploads\\\/2023\\\/05\\\/IMG_7417.jpeg\",\"contentUrl\":\"https:\\\/\\\/quehacerpolitico.mx\\\/wp-content\\\/uploads\\\/2023\\\/05\\\/IMG_7417.jpeg\",\"width\":1284,\"height\":664},{\"@type\":\"BreadcrumbList\",\"@id\":\"https:\\\/\\\/quehacerpolitico.mx\\\/?p=100452#breadcrumb\",\"itemListElement\":[{\"@type\":\"ListItem\",\"position\":1,\"name\":\"Inicio\",\"item\":\"https:\\\/\\\/quehacerpolitico.mx\\\/\"},{\"@type\":\"ListItem\",\"position\":2,\"name\":\"Ricardo Anaya reconoce en el D\u00eda del Trabajo a los &#8220;aspiracionistas&#8221;\"}]},{\"@type\":\"WebSite\",\"@id\":\"https:\\\/\\\/quehacerpolitico.mx\\\/#website\",\"url\":\"https:\\\/\\\/quehacerpolitico.mx\\\/\",\"name\":\"\",\"description\":\"\",\"potentialAction\":[{\"@type\":\"SearchAction\",\"target\":{\"@type\":\"EntryPoint\",\"urlTemplate\":\"https:\\\/\\\/quehacerpolitico.mx\\\/?s={search_term_string}\"},\"query-input\":{\"@type\":\"PropertyValueSpecification\",\"valueRequired\":true,\"valueName\":\"search_term_string\"}}],\"inLanguage\":\"es\"},{\"@type\":\"Person\",\"@id\":\"https:\\\/\\\/quehacerpolitico.mx\\\/#\\\/schema\\\/person\\\/496d8ad2d1d3f8036101dca7ee39e585\",\"name\":\"Redacci\u00f3n QP\",\"image\":{\"@type\":\"ImageObject\",\"inLanguage\":\"es\",\"@id\":\"https:\\\/\\\/secure.gravatar.com\\\/avatar\\\/c7164ed6fdec453195284ad24a5ae5b6e1eed2b848477fa2a4787ba9adf39a41?s=96&d=mm&r=g\",\"url\":\"https:\\\/\\\/secure.gravatar.com\\\/avatar\\\/c7164ed6fdec453195284ad24a5ae5b6e1eed2b848477fa2a4787ba9adf39a41?s=96&d=mm&r=g\",\"contentUrl\":\"https:\\\/\\\/secure.gravatar.com\\\/avatar\\\/c7164ed6fdec453195284ad24a5ae5b6e1eed2b848477fa2a4787ba9adf39a41?s=96&d=mm&r=g\",\"caption\":\"Redacci\u00f3n QP\"},\"url\":\"https:\\\/\\\/quehacerpolitico.mx\\\/?author=2\"}]}<\/script>\n<!-- \/ Yoast SEO plugin. -->","yoast_head_json":{"title":"Ricardo Anaya reconoce en el D\u00eda del Trabajo a los \"aspiracionistas\" -","robots":{"index":"index","follow":"follow","max-snippet":"max-snippet:-1","max-image-preview":"max-image-preview:large","max-video-preview":"max-video-preview:-1"},"canonical":"https:\/\/quehacerpolitico.mx\/?p=100452","og_locale":"es_MX","og_type":"article","og_title":"Ricardo Anaya reconoce en el D\u00eda del Trabajo a los \"aspiracionistas\" -","og_description":"Por Redacci\u00f3n QP En un video publicado en redes, el excandidato presidencial no perdi\u00f3 oportunidad...","og_url":"https:\/\/quehacerpolitico.mx\/?p=100452","article_published_time":"2023-05-01T20:03:23+00:00","article_modified_time":"2023-05-01T20:03:26+00:00","og_image":[{"width":1284,"height":664,"url":"https:\/\/quehacerpolitico.mx\/wp-content\/uploads\/2023\/05\/IMG_7417.jpeg","type":"image\/jpeg"}],"author":"Redacci\u00f3n QP","twitter_card":"summary_large_image","twitter_misc":{"Escrito por":"Redacci\u00f3n QP","Tiempo de lectura":"2 minutos"},"schema":{"@context":"https:\/\/schema.org","@graph":[{"@type":"Article","@id":"https:\/\/quehacerpolitico.mx\/?p=100452#article","isPartOf":{"@id":"https:\/\/quehacerpolitico.mx\/?p=100452"},"author":{"name":"Redacci\u00f3n QP","@id":"https:\/\/quehacerpolitico.mx\/#\/schema\/person\/496d8ad2d1d3f8036101dca7ee39e585"},"headline":"Ricardo Anaya reconoce en el D\u00eda del Trabajo a los &#8220;aspiracionistas&#8221;","datePublished":"2023-05-01T20:03:23+00:00","dateModified":"2023-05-01T20:03:26+00:00","mainEntityOfPage":{"@id":"https:\/\/quehacerpolitico.mx\/?p=100452"},"wordCount":407,"commentCount":0,"image":{"@id":"https:\/\/quehacerpolitico.mx\/?p=100452#primaryimage"},"thumbnailUrl":"https:\/\/quehacerpolitico.mx\/wp-content\/uploads\/2023\/05\/IMG_7417.jpeg","articleSection":["Noticias"],"inLanguage":"es","potentialAction":[{"@type":"CommentAction","name":"Comment","target":["https:\/\/quehacerpolitico.mx\/?p=100452#respond"]}]},{"@type":"WebPage","@id":"https:\/\/quehacerpolitico.mx\/?p=100452","url":"https:\/\/quehacerpolitico.mx\/?p=100452","name":"Ricardo Anaya reconoce en el D\u00eda del Trabajo a los \"aspiracionistas\" -","isPartOf":{"@id":"https:\/\/quehacerpolitico.mx\/#website"},"primaryImageOfPage":{"@id":"https:\/\/quehacerpolitico.mx\/?p=100452#primaryimage"},"image":{"@id":"https:\/\/quehacerpolitico.mx\/?p=100452#primaryimage"},"thumbnailUrl":"https:\/\/quehacerpolitico.mx\/wp-content\/uploads\/2023\/05\/IMG_7417.jpeg","datePublished":"2023-05-01T20:03:23+00:00","dateModified":"2023-05-01T20:03:26+00:00","author":{"@id":"https:\/\/quehacerpolitico.mx\/#\/schema\/person\/496d8ad2d1d3f8036101dca7ee39e585"},"breadcrumb":{"@id":"https:\/\/quehacerpolitico.mx\/?p=100452#breadcrumb"},"inLanguage":"es","potentialAction":[{"@type":"ReadAction","target":["https:\/\/quehacerpolitico.mx\/?p=100452"]}]},{"@type":"ImageObject","inLanguage":"es","@id":"https:\/\/quehacerpolitico.mx\/?p=100452#primaryimage","url":"https:\/\/quehacerpolitico.mx\/wp-content\/uploads\/2023\/05\/IMG_7417.jpeg","contentUrl":"https:\/\/quehacerpolitico.mx\/wp-content\/uploads\/2023\/05\/IMG_7417.jpeg","width":1284,"height":664},{"@type":"BreadcrumbList","@id":"https:\/\/quehacerpolitico.mx\/?p=100452#breadcrumb","itemListElement":[{"@type":"ListItem","position":1,"name":"Inicio","item":"https:\/\/quehacerpolitico.mx\/"},{"@type":"ListItem","position":2,"name":"Ricardo Anaya reconoce en el D\u00eda del Trabajo a los &#8220;aspiracionistas&#8221;"}]},{"@type":"WebSite","@id":"https:\/\/quehacerpolitico.mx\/#website","url":"https:\/\/quehacerpolitico.mx\/","name":"","description":"","potentialAction":[{"@type":"SearchAction","target":{"@type":"EntryPoint","urlTemplate":"https:\/\/quehacerpolitico.mx\/?s={search_term_string}"},"query-input":{"@type":"PropertyValueSpecification","valueRequired":true,"valueName":"search_term_string"}}],"inLanguage":"es"},{"@type":"Person","@id":"https:\/\/quehacerpolitico.mx\/#\/schema\/person\/496d8ad2d1d3f8036101dca7ee39e585","name":"Redacci\u00f3n QP","image":{"@type":"ImageObject","inLanguage":"es","@id":"https:\/\/secure.gravatar.com\/avatar\/c7164ed6fdec453195284ad24a5ae5b6e1eed2b848477fa2a4787ba9adf39a41?s=96&d=mm&r=g","url":"https:\/\/secure.gravatar.com\/avatar\/c7164ed6fdec453195284ad24a5ae5b6e1eed2b848477fa2a4787ba9adf39a41?s=96&d=mm&r=g","contentUrl":"https:\/\/secure.gravatar.com\/avatar\/c7164ed6fdec453195284ad24a5ae5b6e1eed2b848477fa2a4787ba9adf39a41?s=96&d=mm&r=g","caption":"Redacci\u00f3n QP"},"url":"https:\/\/quehacerpolitico.mx\/?author=2"}]}},"featured_image_urls":{"full":["https:\/\/quehacerpolitico.mx\/wp-content\/uploads\/2023\/05\/IMG_7417.jpeg",1284,664,false],"thumbnail":["https:\/\/quehacerpolitico.mx\/wp-content\/uploads\/2023\/05\/IMG_7417-150x150.jpeg",150,150,true],"medium":["https:\/\/quehacerpolitico.mx\/wp-content\/uploads\/2023\/05\/IMG_7417-300x155.jpeg",300,155,true],"medium_large":["https:\/\/quehacerpolitico.mx\/wp-content\/uploads\/2023\/05\/IMG_7417-768x397.jpeg",640,331,true],"large":["https:\/\/quehacerpolitico.mx\/wp-content\/uploads\/2023\/05\/IMG_7417-1024x530.jpeg",640,331,true],"1536x1536":["https:\/\/quehacerpolitico.mx\/wp-content\/uploads\/2023\/05\/IMG_7417.jpeg",1284,664,false],"2048x2048":["https:\/\/quehacerpolitico.mx\/wp-content\/uploads\/2023\/05\/IMG_7417.jpeg",1284,664,false],"covernews-featured":["https:\/\/quehacerpolitico.mx\/wp-content\/uploads\/2023\/05\/IMG_7417.jpeg",1024,530,false],"covernews-medium":["https:\/\/quehacerpolitico.mx\/wp-content\/uploads\/2023\/05\/IMG_7417.jpeg",540,279,false]},"author_info":{"display_name":"Redacci\u00f3n QP","author_link":"https:\/\/quehacerpolitico.mx\/?author=2"},"category_info":"<a href=\"https:\/\/quehacerpolitico.mx\/?cat=2\" rel=\"category\">Noticias<\/a>","tag_info":"Noticias","comment_count":"0","_links":{"self":[{"href":"https:\/\/quehacerpolitico.mx\/index.php?rest_route=\/wp\/v2\/posts\/100452","targetHints":{"allow":["GET"]}}],"collection":[{"href":"https:\/\/quehacerpolitico.mx\/index.php?rest_route=\/wp\/v2\/posts"}],"about":[{"href":"https:\/\/quehacerpolitico.mx\/index.php?rest_route=\/wp\/v2\/types\/post"}],"author":[{"embeddable":true,"href":"https:\/\/quehacerpolitico.mx\/index.php?rest_route=\/wp\/v2\/users\/2"}],"replies":[{"embeddable":true,"href":"https:\/\/quehacerpolitico.mx\/index.php?rest_route=%2Fwp%2Fv2%2Fcomments&post=100452"}],"version-history":[{"count":1,"href":"https:\/\/quehacerpolitico.mx\/index.php?rest_route=\/wp\/v2\/posts\/100452\/revisions"}],"predecessor-version":[{"id":100454,"href":"https:\/\/quehacerpolitico.mx\/index.php?rest_route=\/wp\/v2\/posts\/100452\/revisions\/100454"}],"wp:featuredmedia":[{"embeddable":true,"href":"https:\/\/quehacerpolitico.mx\/index.php?rest_route=\/wp\/v2\/media\/100453"}],"wp:attachment":[{"href":"https:\/\/quehacerpolitico.mx\/index.php?rest_route=%2Fwp%2Fv2%2Fmedia&parent=100452"}],"wp:term":[{"taxonomy":"category","embeddable":true,"href":"https:\/\/quehacerpolitico.mx\/index.php?rest_route=%2Fwp%2Fv2%2Fcategories&post=100452"},{"taxonomy":"post_tag","embeddable":true,"href":"https:\/\/quehacerpolitico.mx\/index.php?rest_route=%2Fwp%2Fv2%2Ftags&post=100452"}],"curies":[{"name":"wp","href":"https:\/\/api.w.org\/{rel}","templated":true}]}}