{"id":100429,"date":"2023-05-01T17:11:44","date_gmt":"2023-05-01T17:11:44","guid":{"rendered":"https:\/\/quehacerpolitico.mx\/?p=100429"},"modified":"2023-05-01T17:11:46","modified_gmt":"2023-05-01T17:11:46","slug":"enfoque-litza-deniss-duran-espinosa-donde-y-cuando-nacio-la-celebracion-del-dia-del-trabajo","status":"publish","type":"post","link":"https:\/\/quehacerpolitico.mx\/?p=100429","title":{"rendered":"Enfoque\/\/\/Litza Deniss Dur\u00e1n Espinosa\/\/\/\u00bfDonde y cuando naci\u00f3 la celebraci\u00f3n del D\u00eda del trabajo?"},"content":{"rendered":"\n<p>Por Litza Deniss Dur\u00e1n Espinosa<\/p>\n\n\n\n<p>Analista <\/p>\n\n\n\n<p>El origen de este d\u00eda festivo se remonta a una tr\u00e1gica manifestaci\u00f3n; esta es la historia<\/p>\n\n\n\n<p><strong>Este lunes 1 de Mayo se celebra, alrededor del mundo, el D\u00eda del Trabajo.<\/strong>\u00a0La fecha es no s\u00f3lo en M\u00e9xico, sino en muchos puntos del planeta, el d\u00eda en que miles de personas salen a las calles para conmemorar la lucha de los trabajadores por sus derechos.<\/p>\n\n\n\n<p><strong>La historia de este d\u00eda hist\u00f3rico se remonta a 1886, en pleno apogeo industrial en Estados Unidos<\/strong>. Cansados de las jornadas interminables, los obreros comenzaron con una serie de protestas para reivindicar una jornada laboral de ocho horas; el d\u00eda de hoy este es un derecho constitucional, pero este logro supuso una gran lucha de los trabajadores.<\/p>\n\n\n\n<p>En aquella \u00e9poca, las jornadas laborales eran de 12 y hasta 18 horas, por lo que bajo este contexto se inici\u00f3 uno de los movimientos m\u00e1s importantes en la historia bajo la proclama<strong>\u00a0&#8220;Ocho horas de trabajo, ocho horas de ocio y ocho horas de descanso&#8221;.<\/strong><\/p>\n\n\n\n<p>Bajo este hecho, la Federaci\u00f3n Americana del Trabajo\u00a0<strong>decidi\u00f3 que, a partir del 1 de mayo de 1886, los turnos de trabajo ser\u00edan de ocho horas<\/strong>. No obstante, los empresarios se mostraron reacios a implementar la jornada laboral, por lo que se organizaron varias protestas, concretamente en Chicago.<\/p>\n\n\n\n<figure class=\"wp-block-image size-full\"><img loading=\"lazy\" decoding=\"async\" width=\"998\" height=\"750\" src=\"https:\/\/quehacerpolitico.mx\/wp-content\/uploads\/2023\/05\/image.jpeg\" alt=\"\" class=\"wp-image-100431\" srcset=\"https:\/\/quehacerpolitico.mx\/wp-content\/uploads\/2023\/05\/image.jpeg 998w, https:\/\/quehacerpolitico.mx\/wp-content\/uploads\/2023\/05\/image-300x225.jpeg 300w, https:\/\/quehacerpolitico.mx\/wp-content\/uploads\/2023\/05\/image-768x577.jpeg 768w, https:\/\/quehacerpolitico.mx\/wp-content\/uploads\/2023\/05\/image-194x146.jpeg 194w, https:\/\/quehacerpolitico.mx\/wp-content\/uploads\/2023\/05\/image-50x38.jpeg 50w, https:\/\/quehacerpolitico.mx\/wp-content\/uploads\/2023\/05\/image-100x75.jpeg 100w, https:\/\/quehacerpolitico.mx\/wp-content\/uploads\/2023\/05\/image-960x720.jpeg 960w\" sizes=\"auto, (max-width: 998px) 100vw, 998px\" \/><\/figure>\n\n\n\n<h2 class=\"wp-block-heading\">M\u00c1RTIRES DE CHICAGO<\/h2>\n\n\n\n<p><strong>Una de esas manifestaciones tuvo lugar en la plaza de Haymarket, en Chicago, el 4 de mayo de 1886.<\/strong>\u00a0A pesar de que se trataba de una manifestaci\u00f3n pac\u00edfica, la concentraci\u00f3n acab\u00f3 en tragedia: la detonaci\u00f3n de un artefacto explosivo se sald\u00f3 con la muerte de seis polic\u00edas y dej\u00f3 a decenas de agentes heridos. La respuesta policial fue la de abrir fuego contra los manifestantes, causando 38 muertos.<\/p>\n\n\n\n<p>Una vez se consigui\u00f3 sofocar la revuelta, hubo terribles consecuencias para algunos de los l\u00edderes sindicales y afiliados que participaron en ella,&nbsp;<strong>quienes fueron juzgados con penas de sentencia de muerte o cadena perpetua.<\/strong><\/p>\n\n\n\n<p>A estos sindicalistas se les pas\u00f3 a conocer como los m\u00e1rtires de Chicago o Haymarket y en honor a ellos, en 1989, el Congreso Obrero Socialista de la Segunda Internacional declar\u00f3 el 1 de Mayo como el D\u00eda Internacional del Trabajo.<\/p>\n\n\n\n<p>Es por eso por lo que, cada 1 de Mayo, los trabajadores disfrutan de un d\u00eda libre para conmemorar esta lucha.<\/p>\n\n\n\n<p>As\u00ed el Quehacer Pol\u00edtico a trav\u00e9s de mi Enfoque.Es cuanto.<\/p>\n","protected":false},"excerpt":{"rendered":"<p>Por Litza Deniss Dur\u00e1n Espinosa Analista El origen de este d\u00eda festivo se remonta a&#8230;<\/p>\n","protected":false},"author":2,"featured_media":100430,"comment_status":"open","ping_status":"open","sticky":false,"template":"","format":"standard","meta":{"_monsterinsights_skip_tracking":false,"_monsterinsights_sitenote_active":false,"_monsterinsights_sitenote_note":"","_monsterinsights_sitenote_category":0,"footnotes":""},"categories":[2],"tags":[],"class_list":["post-100429","post","type-post","status-publish","format-standard","has-post-thumbnail","hentry","category-noticias"],"yoast_head":"<!-- This site is optimized with the Yoast SEO plugin v27.3 - https:\/\/yoast.com\/product\/yoast-seo-wordpress\/ -->\n<title>Enfoque\/\/\/Litza Deniss Dur\u00e1n Espinosa\/\/\/\u00bfDonde y cuando naci\u00f3 la celebraci\u00f3n del D\u00eda del trabajo? -<\/title>\n<meta name=\"robots\" content=\"index, follow, max-snippet:-1, max-image-preview:large, max-video-preview:-1\" \/>\n<link rel=\"canonical\" href=\"https:\/\/quehacerpolitico.mx\/?p=100429\" \/>\n<meta property=\"og:locale\" content=\"es_MX\" \/>\n<meta property=\"og:type\" content=\"article\" \/>\n<meta property=\"og:title\" content=\"Enfoque\/\/\/Litza Deniss Dur\u00e1n Espinosa\/\/\/\u00bfDonde y cuando naci\u00f3 la celebraci\u00f3n del D\u00eda del trabajo? -\" \/>\n<meta property=\"og:description\" content=\"Por Litza Deniss Dur\u00e1n Espinosa Analista El origen de este d\u00eda festivo se remonta a...\" \/>\n<meta property=\"og:url\" content=\"https:\/\/quehacerpolitico.mx\/?p=100429\" \/>\n<meta property=\"article:published_time\" content=\"2023-05-01T17:11:44+00:00\" \/>\n<meta property=\"article:modified_time\" content=\"2023-05-01T17:11:46+00:00\" \/>\n<meta property=\"og:image\" content=\"https:\/\/quehacerpolitico.mx\/wp-content\/uploads\/2023\/05\/ffb861ea-47ab-405c-af3e-9b89cc09d96e.jpeg\" \/>\n\t<meta property=\"og:image:width\" content=\"963\" \/>\n\t<meta property=\"og:image:height\" content=\"493\" \/>\n\t<meta property=\"og:image:type\" content=\"image\/jpeg\" \/>\n<meta name=\"author\" content=\"Redacci\u00f3n QP\" \/>\n<meta name=\"twitter:card\" content=\"summary_large_image\" \/>\n<meta name=\"twitter:label1\" content=\"Escrito por\" \/>\n\t<meta name=\"twitter:data1\" content=\"Redacci\u00f3n QP\" \/>\n\t<meta name=\"twitter:label2\" content=\"Tiempo de lectura\" \/>\n\t<meta name=\"twitter:data2\" content=\"2 minutos\" \/>\n<script type=\"application\/ld+json\" class=\"yoast-schema-graph\">{\"@context\":\"https:\\\/\\\/schema.org\",\"@graph\":[{\"@type\":\"Article\",\"@id\":\"https:\\\/\\\/quehacerpolitico.mx\\\/?p=100429#article\",\"isPartOf\":{\"@id\":\"https:\\\/\\\/quehacerpolitico.mx\\\/?p=100429\"},\"author\":{\"name\":\"Redacci\u00f3n QP\",\"@id\":\"https:\\\/\\\/quehacerpolitico.mx\\\/#\\\/schema\\\/person\\\/496d8ad2d1d3f8036101dca7ee39e585\"},\"headline\":\"Enfoque\\\/\\\/\\\/Litza Deniss Dur\u00e1n Espinosa\\\/\\\/\\\/\u00bfDonde y cuando naci\u00f3 la celebraci\u00f3n del D\u00eda del trabajo?\",\"datePublished\":\"2023-05-01T17:11:44+00:00\",\"dateModified\":\"2023-05-01T17:11:46+00:00\",\"mainEntityOfPage\":{\"@id\":\"https:\\\/\\\/quehacerpolitico.mx\\\/?p=100429\"},\"wordCount\":433,\"commentCount\":0,\"image\":{\"@id\":\"https:\\\/\\\/quehacerpolitico.mx\\\/?p=100429#primaryimage\"},\"thumbnailUrl\":\"https:\\\/\\\/quehacerpolitico.mx\\\/wp-content\\\/uploads\\\/2023\\\/05\\\/ffb861ea-47ab-405c-af3e-9b89cc09d96e.jpeg\",\"articleSection\":[\"Noticias\"],\"inLanguage\":\"es\",\"potentialAction\":[{\"@type\":\"CommentAction\",\"name\":\"Comment\",\"target\":[\"https:\\\/\\\/quehacerpolitico.mx\\\/?p=100429#respond\"]}]},{\"@type\":\"WebPage\",\"@id\":\"https:\\\/\\\/quehacerpolitico.mx\\\/?p=100429\",\"url\":\"https:\\\/\\\/quehacerpolitico.mx\\\/?p=100429\",\"name\":\"Enfoque\\\/\\\/\\\/Litza Deniss Dur\u00e1n Espinosa\\\/\\\/\\\/\u00bfDonde y cuando naci\u00f3 la celebraci\u00f3n del D\u00eda del trabajo? -\",\"isPartOf\":{\"@id\":\"https:\\\/\\\/quehacerpolitico.mx\\\/#website\"},\"primaryImageOfPage\":{\"@id\":\"https:\\\/\\\/quehacerpolitico.mx\\\/?p=100429#primaryimage\"},\"image\":{\"@id\":\"https:\\\/\\\/quehacerpolitico.mx\\\/?p=100429#primaryimage\"},\"thumbnailUrl\":\"https:\\\/\\\/quehacerpolitico.mx\\\/wp-content\\\/uploads\\\/2023\\\/05\\\/ffb861ea-47ab-405c-af3e-9b89cc09d96e.jpeg\",\"datePublished\":\"2023-05-01T17:11:44+00:00\",\"dateModified\":\"2023-05-01T17:11:46+00:00\",\"author\":{\"@id\":\"https:\\\/\\\/quehacerpolitico.mx\\\/#\\\/schema\\\/person\\\/496d8ad2d1d3f8036101dca7ee39e585\"},\"breadcrumb\":{\"@id\":\"https:\\\/\\\/quehacerpolitico.mx\\\/?p=100429#breadcrumb\"},\"inLanguage\":\"es\",\"potentialAction\":[{\"@type\":\"ReadAction\",\"target\":[\"https:\\\/\\\/quehacerpolitico.mx\\\/?p=100429\"]}]},{\"@type\":\"ImageObject\",\"inLanguage\":\"es\",\"@id\":\"https:\\\/\\\/quehacerpolitico.mx\\\/?p=100429#primaryimage\",\"url\":\"https:\\\/\\\/quehacerpolitico.mx\\\/wp-content\\\/uploads\\\/2023\\\/05\\\/ffb861ea-47ab-405c-af3e-9b89cc09d96e.jpeg\",\"contentUrl\":\"https:\\\/\\\/quehacerpolitico.mx\\\/wp-content\\\/uploads\\\/2023\\\/05\\\/ffb861ea-47ab-405c-af3e-9b89cc09d96e.jpeg\",\"width\":963,\"height\":493},{\"@type\":\"BreadcrumbList\",\"@id\":\"https:\\\/\\\/quehacerpolitico.mx\\\/?p=100429#breadcrumb\",\"itemListElement\":[{\"@type\":\"ListItem\",\"position\":1,\"name\":\"Inicio\",\"item\":\"https:\\\/\\\/quehacerpolitico.mx\\\/\"},{\"@type\":\"ListItem\",\"position\":2,\"name\":\"Enfoque\\\/\\\/\\\/Litza Deniss Dur\u00e1n Espinosa\\\/\\\/\\\/\u00bfDonde y cuando naci\u00f3 la celebraci\u00f3n del D\u00eda del trabajo?\"}]},{\"@type\":\"WebSite\",\"@id\":\"https:\\\/\\\/quehacerpolitico.mx\\\/#website\",\"url\":\"https:\\\/\\\/quehacerpolitico.mx\\\/\",\"name\":\"\",\"description\":\"\",\"potentialAction\":[{\"@type\":\"SearchAction\",\"target\":{\"@type\":\"EntryPoint\",\"urlTemplate\":\"https:\\\/\\\/quehacerpolitico.mx\\\/?s={search_term_string}\"},\"query-input\":{\"@type\":\"PropertyValueSpecification\",\"valueRequired\":true,\"valueName\":\"search_term_string\"}}],\"inLanguage\":\"es\"},{\"@type\":\"Person\",\"@id\":\"https:\\\/\\\/quehacerpolitico.mx\\\/#\\\/schema\\\/person\\\/496d8ad2d1d3f8036101dca7ee39e585\",\"name\":\"Redacci\u00f3n QP\",\"image\":{\"@type\":\"ImageObject\",\"inLanguage\":\"es\",\"@id\":\"https:\\\/\\\/secure.gravatar.com\\\/avatar\\\/c7164ed6fdec453195284ad24a5ae5b6e1eed2b848477fa2a4787ba9adf39a41?s=96&d=mm&r=g\",\"url\":\"https:\\\/\\\/secure.gravatar.com\\\/avatar\\\/c7164ed6fdec453195284ad24a5ae5b6e1eed2b848477fa2a4787ba9adf39a41?s=96&d=mm&r=g\",\"contentUrl\":\"https:\\\/\\\/secure.gravatar.com\\\/avatar\\\/c7164ed6fdec453195284ad24a5ae5b6e1eed2b848477fa2a4787ba9adf39a41?s=96&d=mm&r=g\",\"caption\":\"Redacci\u00f3n QP\"},\"url\":\"https:\\\/\\\/quehacerpolitico.mx\\\/?author=2\"}]}<\/script>\n<!-- \/ Yoast SEO plugin. -->","yoast_head_json":{"title":"Enfoque\/\/\/Litza Deniss Dur\u00e1n Espinosa\/\/\/\u00bfDonde y cuando naci\u00f3 la celebraci\u00f3n del D\u00eda del trabajo? -","robots":{"index":"index","follow":"follow","max-snippet":"max-snippet:-1","max-image-preview":"max-image-preview:large","max-video-preview":"max-video-preview:-1"},"canonical":"https:\/\/quehacerpolitico.mx\/?p=100429","og_locale":"es_MX","og_type":"article","og_title":"Enfoque\/\/\/Litza Deniss Dur\u00e1n Espinosa\/\/\/\u00bfDonde y cuando naci\u00f3 la celebraci\u00f3n del D\u00eda del trabajo? -","og_description":"Por Litza Deniss Dur\u00e1n Espinosa Analista El origen de este d\u00eda festivo se remonta a...","og_url":"https:\/\/quehacerpolitico.mx\/?p=100429","article_published_time":"2023-05-01T17:11:44+00:00","article_modified_time":"2023-05-01T17:11:46+00:00","og_image":[{"width":963,"height":493,"url":"https:\/\/quehacerpolitico.mx\/wp-content\/uploads\/2023\/05\/ffb861ea-47ab-405c-af3e-9b89cc09d96e.jpeg","type":"image\/jpeg"}],"author":"Redacci\u00f3n QP","twitter_card":"summary_large_image","twitter_misc":{"Escrito por":"Redacci\u00f3n QP","Tiempo de lectura":"2 minutos"},"schema":{"@context":"https:\/\/schema.org","@graph":[{"@type":"Article","@id":"https:\/\/quehacerpolitico.mx\/?p=100429#article","isPartOf":{"@id":"https:\/\/quehacerpolitico.mx\/?p=100429"},"author":{"name":"Redacci\u00f3n QP","@id":"https:\/\/quehacerpolitico.mx\/#\/schema\/person\/496d8ad2d1d3f8036101dca7ee39e585"},"headline":"Enfoque\/\/\/Litza Deniss Dur\u00e1n Espinosa\/\/\/\u00bfDonde y cuando naci\u00f3 la celebraci\u00f3n del D\u00eda del trabajo?","datePublished":"2023-05-01T17:11:44+00:00","dateModified":"2023-05-01T17:11:46+00:00","mainEntityOfPage":{"@id":"https:\/\/quehacerpolitico.mx\/?p=100429"},"wordCount":433,"commentCount":0,"image":{"@id":"https:\/\/quehacerpolitico.mx\/?p=100429#primaryimage"},"thumbnailUrl":"https:\/\/quehacerpolitico.mx\/wp-content\/uploads\/2023\/05\/ffb861ea-47ab-405c-af3e-9b89cc09d96e.jpeg","articleSection":["Noticias"],"inLanguage":"es","potentialAction":[{"@type":"CommentAction","name":"Comment","target":["https:\/\/quehacerpolitico.mx\/?p=100429#respond"]}]},{"@type":"WebPage","@id":"https:\/\/quehacerpolitico.mx\/?p=100429","url":"https:\/\/quehacerpolitico.mx\/?p=100429","name":"Enfoque\/\/\/Litza Deniss Dur\u00e1n Espinosa\/\/\/\u00bfDonde y cuando naci\u00f3 la celebraci\u00f3n del D\u00eda del trabajo? -","isPartOf":{"@id":"https:\/\/quehacerpolitico.mx\/#website"},"primaryImageOfPage":{"@id":"https:\/\/quehacerpolitico.mx\/?p=100429#primaryimage"},"image":{"@id":"https:\/\/quehacerpolitico.mx\/?p=100429#primaryimage"},"thumbnailUrl":"https:\/\/quehacerpolitico.mx\/wp-content\/uploads\/2023\/05\/ffb861ea-47ab-405c-af3e-9b89cc09d96e.jpeg","datePublished":"2023-05-01T17:11:44+00:00","dateModified":"2023-05-01T17:11:46+00:00","author":{"@id":"https:\/\/quehacerpolitico.mx\/#\/schema\/person\/496d8ad2d1d3f8036101dca7ee39e585"},"breadcrumb":{"@id":"https:\/\/quehacerpolitico.mx\/?p=100429#breadcrumb"},"inLanguage":"es","potentialAction":[{"@type":"ReadAction","target":["https:\/\/quehacerpolitico.mx\/?p=100429"]}]},{"@type":"ImageObject","inLanguage":"es","@id":"https:\/\/quehacerpolitico.mx\/?p=100429#primaryimage","url":"https:\/\/quehacerpolitico.mx\/wp-content\/uploads\/2023\/05\/ffb861ea-47ab-405c-af3e-9b89cc09d96e.jpeg","contentUrl":"https:\/\/quehacerpolitico.mx\/wp-content\/uploads\/2023\/05\/ffb861ea-47ab-405c-af3e-9b89cc09d96e.jpeg","width":963,"height":493},{"@type":"BreadcrumbList","@id":"https:\/\/quehacerpolitico.mx\/?p=100429#breadcrumb","itemListElement":[{"@type":"ListItem","position":1,"name":"Inicio","item":"https:\/\/quehacerpolitico.mx\/"},{"@type":"ListItem","position":2,"name":"Enfoque\/\/\/Litza Deniss Dur\u00e1n Espinosa\/\/\/\u00bfDonde y cuando naci\u00f3 la celebraci\u00f3n del D\u00eda del trabajo?"}]},{"@type":"WebSite","@id":"https:\/\/quehacerpolitico.mx\/#website","url":"https:\/\/quehacerpolitico.mx\/","name":"","description":"","potentialAction":[{"@type":"SearchAction","target":{"@type":"EntryPoint","urlTemplate":"https:\/\/quehacerpolitico.mx\/?s={search_term_string}"},"query-input":{"@type":"PropertyValueSpecification","valueRequired":true,"valueName":"search_term_string"}}],"inLanguage":"es"},{"@type":"Person","@id":"https:\/\/quehacerpolitico.mx\/#\/schema\/person\/496d8ad2d1d3f8036101dca7ee39e585","name":"Redacci\u00f3n QP","image":{"@type":"ImageObject","inLanguage":"es","@id":"https:\/\/secure.gravatar.com\/avatar\/c7164ed6fdec453195284ad24a5ae5b6e1eed2b848477fa2a4787ba9adf39a41?s=96&d=mm&r=g","url":"https:\/\/secure.gravatar.com\/avatar\/c7164ed6fdec453195284ad24a5ae5b6e1eed2b848477fa2a4787ba9adf39a41?s=96&d=mm&r=g","contentUrl":"https:\/\/secure.gravatar.com\/avatar\/c7164ed6fdec453195284ad24a5ae5b6e1eed2b848477fa2a4787ba9adf39a41?s=96&d=mm&r=g","caption":"Redacci\u00f3n QP"},"url":"https:\/\/quehacerpolitico.mx\/?author=2"}]}},"featured_image_urls":{"full":["https:\/\/quehacerpolitico.mx\/wp-content\/uploads\/2023\/05\/ffb861ea-47ab-405c-af3e-9b89cc09d96e.jpeg",963,493,false],"thumbnail":["https:\/\/quehacerpolitico.mx\/wp-content\/uploads\/2023\/05\/ffb861ea-47ab-405c-af3e-9b89cc09d96e-150x150.jpeg",150,150,true],"medium":["https:\/\/quehacerpolitico.mx\/wp-content\/uploads\/2023\/05\/ffb861ea-47ab-405c-af3e-9b89cc09d96e-300x154.jpeg",300,154,true],"medium_large":["https:\/\/quehacerpolitico.mx\/wp-content\/uploads\/2023\/05\/ffb861ea-47ab-405c-af3e-9b89cc09d96e-768x393.jpeg",640,328,true],"large":["https:\/\/quehacerpolitico.mx\/wp-content\/uploads\/2023\/05\/ffb861ea-47ab-405c-af3e-9b89cc09d96e.jpeg",640,328,false],"1536x1536":["https:\/\/quehacerpolitico.mx\/wp-content\/uploads\/2023\/05\/ffb861ea-47ab-405c-af3e-9b89cc09d96e.jpeg",963,493,false],"2048x2048":["https:\/\/quehacerpolitico.mx\/wp-content\/uploads\/2023\/05\/ffb861ea-47ab-405c-af3e-9b89cc09d96e.jpeg",963,493,false],"covernews-featured":["https:\/\/quehacerpolitico.mx\/wp-content\/uploads\/2023\/05\/ffb861ea-47ab-405c-af3e-9b89cc09d96e.jpeg",963,493,false],"covernews-medium":["https:\/\/quehacerpolitico.mx\/wp-content\/uploads\/2023\/05\/ffb861ea-47ab-405c-af3e-9b89cc09d96e.jpeg",540,276,false]},"author_info":{"display_name":"Redacci\u00f3n QP","author_link":"https:\/\/quehacerpolitico.mx\/?author=2"},"category_info":"<a href=\"https:\/\/quehacerpolitico.mx\/?cat=2\" rel=\"category\">Noticias<\/a>","tag_info":"Noticias","comment_count":"0","_links":{"self":[{"href":"https:\/\/quehacerpolitico.mx\/index.php?rest_route=\/wp\/v2\/posts\/100429","targetHints":{"allow":["GET"]}}],"collection":[{"href":"https:\/\/quehacerpolitico.mx\/index.php?rest_route=\/wp\/v2\/posts"}],"about":[{"href":"https:\/\/quehacerpolitico.mx\/index.php?rest_route=\/wp\/v2\/types\/post"}],"author":[{"embeddable":true,"href":"https:\/\/quehacerpolitico.mx\/index.php?rest_route=\/wp\/v2\/users\/2"}],"replies":[{"embeddable":true,"href":"https:\/\/quehacerpolitico.mx\/index.php?rest_route=%2Fwp%2Fv2%2Fcomments&post=100429"}],"version-history":[{"count":1,"href":"https:\/\/quehacerpolitico.mx\/index.php?rest_route=\/wp\/v2\/posts\/100429\/revisions"}],"predecessor-version":[{"id":100432,"href":"https:\/\/quehacerpolitico.mx\/index.php?rest_route=\/wp\/v2\/posts\/100429\/revisions\/100432"}],"wp:featuredmedia":[{"embeddable":true,"href":"https:\/\/quehacerpolitico.mx\/index.php?rest_route=\/wp\/v2\/media\/100430"}],"wp:attachment":[{"href":"https:\/\/quehacerpolitico.mx\/index.php?rest_route=%2Fwp%2Fv2%2Fmedia&parent=100429"}],"wp:term":[{"taxonomy":"category","embeddable":true,"href":"https:\/\/quehacerpolitico.mx\/index.php?rest_route=%2Fwp%2Fv2%2Fcategories&post=100429"},{"taxonomy":"post_tag","embeddable":true,"href":"https:\/\/quehacerpolitico.mx\/index.php?rest_route=%2Fwp%2Fv2%2Ftags&post=100429"}],"curies":[{"name":"wp","href":"https:\/\/api.w.org\/{rel}","templated":true}]}}