{"id":100402,"date":"2023-04-27T17:13:52","date_gmt":"2023-04-27T17:13:52","guid":{"rendered":"https:\/\/quehacerpolitico.mx\/?p=100402"},"modified":"2023-04-27T17:13:58","modified_gmt":"2023-04-27T17:13:58","slug":"adan-augusto-lopez-critica-reunion-de-dina-boluarte-con-felipe-calderon","status":"publish","type":"post","link":"https:\/\/quehacerpolitico.mx\/?p=100402","title":{"rendered":"Ad\u00e1n Augusto L\u00f3pez critica reuni\u00f3n de Dina Boluarte con Felipe Calder\u00f3n"},"content":{"rendered":"\n<p>Por Redacci\u00f3n QP<\/p>\n\n\n\n<p>En la reuni\u00f3n, Dina Boluarte acus\u00f3 a M\u00e9xico de &#8220;paralizar&#8221; la Alianza del Pac\u00edfico por no entregarle la presidencia pro t\u00e9mpore<\/p>\n\n\n\n<p>El Gobierno de M\u00e9xico<strong>\u00a0critic\u00f3 este jueves la reuni\u00f3n de la presidenta de Per\u00fa, Dina Boluarte, con el exmandatario mexicano Felipe Calder\u00f3n (2006-2012)<\/strong>\u00a0en la que ella acus\u00f3 a M\u00e9xico de &#8220;paralizar&#8221; la Alianza del Pac\u00edfico por no entregarle la presidencia pro t\u00e9mpore.<\/p>\n\n\n\n<blockquote class=\"wp-block-quote is-layout-flow wp-block-quote-is-layout-flow\">\n<p>&#8220;Es verdaderamente lamentable una posici\u00f3n, una declaraci\u00f3n pol\u00edtica alineada al conservadurismo y, desde luego, contraria al inter\u00e9s nacional&#8221;<\/p>\n<\/blockquote>\n\n\n\n<p>&#8220;Es verdaderamente lamentable una posici\u00f3n, una declaraci\u00f3n pol\u00edtica alineada al conservadurismo y, desde luego, contraria al inter\u00e9s nacional&#8221;, manifest\u00f3 el secretario de Gobernaci\u00f3n, Ad\u00e1n Augusto L\u00f3pez, quien sustituye al Presidente Andr\u00e9s Manuel L\u00f3pez Obrador, contagiado de COVID-19.<\/p>\n\n\n\n<p>Sus declaraciones se producen despu\u00e9s de que Boluarte organizara una ceremonia para conmemorar los 12 a\u00f1os de la Alianza del Pac\u00edfico en Lima, donde estuvo Calder\u00f3n, el mayor rival pol\u00edtico de L\u00f3pez Obrador.<\/p>\n\n\n\n<p><strong>Boluarte acus\u00f3 a L\u00f3pez Obrador, quien la tacha de &#8220;espuria&#8221;, de tener una &#8220;postura reacia&#8221; a transferirle la presidencia de la Alianza del Pac\u00edfico\u00a0<\/strong>y que, con ello, ha generado la &#8220;paralizaci\u00f3n de la mayor\u00eda de las acciones&#8221; del bloque comercial que tambi\u00e9n integran Chile y Colombia.<\/p>\n\n\n\n<figure class=\"wp-block-embed is-type-rich is-provider-twitter wp-block-embed-twitter\"><div class=\"wp-block-embed__wrapper\">\n<blockquote class=\"twitter-tweet\" data-width=\"550\" data-dnt=\"true\"><p lang=\"es\" dir=\"ltr\"><a href=\"https:\/\/twitter.com\/hashtag\/EnLaMa%C3%B1anera?src=hash&amp;ref_src=twsrc%5Etfw\">#EnLaMa\u00f1anera<\/a> | &#39;Si algo ha caracterizado a Felipe Calder\u00f3n es su entreguismo a los intereses extranjeros&#39;: el secretario <a href=\"https:\/\/twitter.com\/adan_augusto?ref_src=twsrc%5Etfw\">@adan_augusto<\/a> se lanz\u00f3 contra el expresidente mexicano tras criticar al mandatario <a href=\"https:\/\/twitter.com\/lopezobrador_?ref_src=twsrc%5Etfw\">@lopezobrador_<\/a> en el 12 aniversario de la <a href=\"https:\/\/twitter.com\/hashtag\/AlianzadelPac%C3%ADfico?src=hash&amp;ref_src=twsrc%5Etfw\">#AlianzadelPac\u00edfico<\/a> desde <a href=\"https:\/\/twitter.com\/hashtag\/Per%C3%BA?src=hash&amp;ref_src=twsrc%5Etfw\">#Per\u00fa<\/a>. <a href=\"https:\/\/t.co\/CL9VYFW6zq\">pic.twitter.com\/CL9VYFW6zq<\/a><\/p>&mdash; El Financiero TV (@ElFinancieroTv) <a href=\"https:\/\/twitter.com\/ElFinancieroTv\/status\/1651585505933361152?ref_src=twsrc%5Etfw\">April 27, 2023<\/a><\/blockquote><script async src=\"https:\/\/platform.twitter.com\/widgets.js\" charset=\"utf-8\"><\/script>\n<\/div><\/figure>\n\n\n\n<p>Pero el secretario de Gobernaci\u00f3n de M\u00e9xico defendi\u00f3 la postura del Gobierno, que ha incluido dar asilo a la familia del expresidente peruano Pedro Castillo, destituido en diciembre pasado tras un autogolpe de Estado fallido.<\/p>\n\n\n\n<p>&#8220;En el caso de Per\u00fa, el Gobierno federal, cumpliendo una instrucci\u00f3n del Presidente de la Rep\u00fablica, ha actuado con altura de miras. Aqu\u00ed est\u00e1, por ejemplo, se le otorg\u00f3 asilo a la esposa y a los hijos del presidente Castillo, se le da todo el apoyo a los ni\u00f1os&#8221;, dijo.<\/p>\n\n\n\n<p>La Alianza del Pac\u00edfico, constituida formalmente hace 10 a\u00f1os, presume de ser &#8220;la octava potencia econ\u00f3mica y la octava potencia exportadora a nivel mundial&#8221;, al representar el 41 % del Producto Interno Bruto (PIB) de Latinoam\u00e9rica y atraer el 38 % de la inversi\u00f3n extranjera directa.<\/p>\n\n\n\n<p>Con Informaci\u00f3n de EFE<\/p>\n","protected":false},"excerpt":{"rendered":"<p>Por Redacci\u00f3n QP En la reuni\u00f3n, Dina Boluarte acus\u00f3 a M\u00e9xico de &#8220;paralizar&#8221; la Alianza&#8230;<\/p>\n","protected":false},"author":2,"featured_media":100403,"comment_status":"open","ping_status":"open","sticky":false,"template":"","format":"standard","meta":{"_monsterinsights_skip_tracking":false,"_monsterinsights_sitenote_active":false,"_monsterinsights_sitenote_note":"","_monsterinsights_sitenote_category":0,"footnotes":""},"categories":[2],"tags":[],"class_list":["post-100402","post","type-post","status-publish","format-standard","has-post-thumbnail","hentry","category-noticias"],"yoast_head":"<!-- This site is optimized with the Yoast SEO plugin v27.3 - https:\/\/yoast.com\/product\/yoast-seo-wordpress\/ -->\n<title>Ad\u00e1n Augusto L\u00f3pez critica reuni\u00f3n de Dina Boluarte con Felipe Calder\u00f3n -<\/title>\n<meta name=\"robots\" content=\"index, follow, max-snippet:-1, max-image-preview:large, max-video-preview:-1\" \/>\n<link rel=\"canonical\" href=\"https:\/\/quehacerpolitico.mx\/?p=100402\" \/>\n<meta property=\"og:locale\" content=\"es_MX\" \/>\n<meta property=\"og:type\" content=\"article\" \/>\n<meta property=\"og:title\" content=\"Ad\u00e1n Augusto L\u00f3pez critica reuni\u00f3n de Dina Boluarte con Felipe Calder\u00f3n -\" \/>\n<meta property=\"og:description\" content=\"Por Redacci\u00f3n QP En la reuni\u00f3n, Dina Boluarte acus\u00f3 a M\u00e9xico de &#8220;paralizar&#8221; la Alianza...\" \/>\n<meta property=\"og:url\" content=\"https:\/\/quehacerpolitico.mx\/?p=100402\" \/>\n<meta property=\"article:published_time\" content=\"2023-04-27T17:13:52+00:00\" \/>\n<meta property=\"article:modified_time\" content=\"2023-04-27T17:13:58+00:00\" \/>\n<meta property=\"og:image\" content=\"https:\/\/quehacerpolitico.mx\/wp-content\/uploads\/2023\/04\/IMG_7364.jpeg\" \/>\n\t<meta property=\"og:image:width\" content=\"1280\" \/>\n\t<meta property=\"og:image:height\" content=\"853\" \/>\n\t<meta property=\"og:image:type\" content=\"image\/jpeg\" \/>\n<meta name=\"author\" content=\"Redacci\u00f3n QP\" \/>\n<meta name=\"twitter:card\" content=\"summary_large_image\" \/>\n<meta name=\"twitter:label1\" content=\"Escrito por\" \/>\n\t<meta name=\"twitter:data1\" content=\"Redacci\u00f3n QP\" \/>\n\t<meta name=\"twitter:label2\" content=\"Tiempo de lectura\" \/>\n\t<meta name=\"twitter:data2\" content=\"2 minutos\" \/>\n<script type=\"application\/ld+json\" class=\"yoast-schema-graph\">{\"@context\":\"https:\\\/\\\/schema.org\",\"@graph\":[{\"@type\":\"Article\",\"@id\":\"https:\\\/\\\/quehacerpolitico.mx\\\/?p=100402#article\",\"isPartOf\":{\"@id\":\"https:\\\/\\\/quehacerpolitico.mx\\\/?p=100402\"},\"author\":{\"name\":\"Redacci\u00f3n QP\",\"@id\":\"https:\\\/\\\/quehacerpolitico.mx\\\/#\\\/schema\\\/person\\\/496d8ad2d1d3f8036101dca7ee39e585\"},\"headline\":\"Ad\u00e1n Augusto L\u00f3pez critica reuni\u00f3n de Dina Boluarte con Felipe Calder\u00f3n\",\"datePublished\":\"2023-04-27T17:13:52+00:00\",\"dateModified\":\"2023-04-27T17:13:58+00:00\",\"mainEntityOfPage\":{\"@id\":\"https:\\\/\\\/quehacerpolitico.mx\\\/?p=100402\"},\"wordCount\":403,\"commentCount\":0,\"image\":{\"@id\":\"https:\\\/\\\/quehacerpolitico.mx\\\/?p=100402#primaryimage\"},\"thumbnailUrl\":\"https:\\\/\\\/quehacerpolitico.mx\\\/wp-content\\\/uploads\\\/2023\\\/04\\\/IMG_7364.jpeg\",\"articleSection\":[\"Noticias\"],\"inLanguage\":\"es\",\"potentialAction\":[{\"@type\":\"CommentAction\",\"name\":\"Comment\",\"target\":[\"https:\\\/\\\/quehacerpolitico.mx\\\/?p=100402#respond\"]}]},{\"@type\":\"WebPage\",\"@id\":\"https:\\\/\\\/quehacerpolitico.mx\\\/?p=100402\",\"url\":\"https:\\\/\\\/quehacerpolitico.mx\\\/?p=100402\",\"name\":\"Ad\u00e1n Augusto L\u00f3pez critica reuni\u00f3n de Dina Boluarte con Felipe Calder\u00f3n -\",\"isPartOf\":{\"@id\":\"https:\\\/\\\/quehacerpolitico.mx\\\/#website\"},\"primaryImageOfPage\":{\"@id\":\"https:\\\/\\\/quehacerpolitico.mx\\\/?p=100402#primaryimage\"},\"image\":{\"@id\":\"https:\\\/\\\/quehacerpolitico.mx\\\/?p=100402#primaryimage\"},\"thumbnailUrl\":\"https:\\\/\\\/quehacerpolitico.mx\\\/wp-content\\\/uploads\\\/2023\\\/04\\\/IMG_7364.jpeg\",\"datePublished\":\"2023-04-27T17:13:52+00:00\",\"dateModified\":\"2023-04-27T17:13:58+00:00\",\"author\":{\"@id\":\"https:\\\/\\\/quehacerpolitico.mx\\\/#\\\/schema\\\/person\\\/496d8ad2d1d3f8036101dca7ee39e585\"},\"breadcrumb\":{\"@id\":\"https:\\\/\\\/quehacerpolitico.mx\\\/?p=100402#breadcrumb\"},\"inLanguage\":\"es\",\"potentialAction\":[{\"@type\":\"ReadAction\",\"target\":[\"https:\\\/\\\/quehacerpolitico.mx\\\/?p=100402\"]}]},{\"@type\":\"ImageObject\",\"inLanguage\":\"es\",\"@id\":\"https:\\\/\\\/quehacerpolitico.mx\\\/?p=100402#primaryimage\",\"url\":\"https:\\\/\\\/quehacerpolitico.mx\\\/wp-content\\\/uploads\\\/2023\\\/04\\\/IMG_7364.jpeg\",\"contentUrl\":\"https:\\\/\\\/quehacerpolitico.mx\\\/wp-content\\\/uploads\\\/2023\\\/04\\\/IMG_7364.jpeg\",\"width\":1280,\"height\":853},{\"@type\":\"BreadcrumbList\",\"@id\":\"https:\\\/\\\/quehacerpolitico.mx\\\/?p=100402#breadcrumb\",\"itemListElement\":[{\"@type\":\"ListItem\",\"position\":1,\"name\":\"Inicio\",\"item\":\"https:\\\/\\\/quehacerpolitico.mx\\\/\"},{\"@type\":\"ListItem\",\"position\":2,\"name\":\"Ad\u00e1n Augusto L\u00f3pez critica reuni\u00f3n de Dina Boluarte con Felipe Calder\u00f3n\"}]},{\"@type\":\"WebSite\",\"@id\":\"https:\\\/\\\/quehacerpolitico.mx\\\/#website\",\"url\":\"https:\\\/\\\/quehacerpolitico.mx\\\/\",\"name\":\"\",\"description\":\"\",\"potentialAction\":[{\"@type\":\"SearchAction\",\"target\":{\"@type\":\"EntryPoint\",\"urlTemplate\":\"https:\\\/\\\/quehacerpolitico.mx\\\/?s={search_term_string}\"},\"query-input\":{\"@type\":\"PropertyValueSpecification\",\"valueRequired\":true,\"valueName\":\"search_term_string\"}}],\"inLanguage\":\"es\"},{\"@type\":\"Person\",\"@id\":\"https:\\\/\\\/quehacerpolitico.mx\\\/#\\\/schema\\\/person\\\/496d8ad2d1d3f8036101dca7ee39e585\",\"name\":\"Redacci\u00f3n QP\",\"image\":{\"@type\":\"ImageObject\",\"inLanguage\":\"es\",\"@id\":\"https:\\\/\\\/secure.gravatar.com\\\/avatar\\\/c7164ed6fdec453195284ad24a5ae5b6e1eed2b848477fa2a4787ba9adf39a41?s=96&d=mm&r=g\",\"url\":\"https:\\\/\\\/secure.gravatar.com\\\/avatar\\\/c7164ed6fdec453195284ad24a5ae5b6e1eed2b848477fa2a4787ba9adf39a41?s=96&d=mm&r=g\",\"contentUrl\":\"https:\\\/\\\/secure.gravatar.com\\\/avatar\\\/c7164ed6fdec453195284ad24a5ae5b6e1eed2b848477fa2a4787ba9adf39a41?s=96&d=mm&r=g\",\"caption\":\"Redacci\u00f3n QP\"},\"url\":\"https:\\\/\\\/quehacerpolitico.mx\\\/?author=2\"}]}<\/script>\n<!-- \/ Yoast SEO plugin. -->","yoast_head_json":{"title":"Ad\u00e1n Augusto L\u00f3pez critica reuni\u00f3n de Dina Boluarte con Felipe Calder\u00f3n -","robots":{"index":"index","follow":"follow","max-snippet":"max-snippet:-1","max-image-preview":"max-image-preview:large","max-video-preview":"max-video-preview:-1"},"canonical":"https:\/\/quehacerpolitico.mx\/?p=100402","og_locale":"es_MX","og_type":"article","og_title":"Ad\u00e1n Augusto L\u00f3pez critica reuni\u00f3n de Dina Boluarte con Felipe Calder\u00f3n -","og_description":"Por Redacci\u00f3n QP En la reuni\u00f3n, Dina Boluarte acus\u00f3 a M\u00e9xico de &#8220;paralizar&#8221; la Alianza...","og_url":"https:\/\/quehacerpolitico.mx\/?p=100402","article_published_time":"2023-04-27T17:13:52+00:00","article_modified_time":"2023-04-27T17:13:58+00:00","og_image":[{"width":1280,"height":853,"url":"https:\/\/quehacerpolitico.mx\/wp-content\/uploads\/2023\/04\/IMG_7364.jpeg","type":"image\/jpeg"}],"author":"Redacci\u00f3n QP","twitter_card":"summary_large_image","twitter_misc":{"Escrito por":"Redacci\u00f3n QP","Tiempo de lectura":"2 minutos"},"schema":{"@context":"https:\/\/schema.org","@graph":[{"@type":"Article","@id":"https:\/\/quehacerpolitico.mx\/?p=100402#article","isPartOf":{"@id":"https:\/\/quehacerpolitico.mx\/?p=100402"},"author":{"name":"Redacci\u00f3n QP","@id":"https:\/\/quehacerpolitico.mx\/#\/schema\/person\/496d8ad2d1d3f8036101dca7ee39e585"},"headline":"Ad\u00e1n Augusto L\u00f3pez critica reuni\u00f3n de Dina Boluarte con Felipe Calder\u00f3n","datePublished":"2023-04-27T17:13:52+00:00","dateModified":"2023-04-27T17:13:58+00:00","mainEntityOfPage":{"@id":"https:\/\/quehacerpolitico.mx\/?p=100402"},"wordCount":403,"commentCount":0,"image":{"@id":"https:\/\/quehacerpolitico.mx\/?p=100402#primaryimage"},"thumbnailUrl":"https:\/\/quehacerpolitico.mx\/wp-content\/uploads\/2023\/04\/IMG_7364.jpeg","articleSection":["Noticias"],"inLanguage":"es","potentialAction":[{"@type":"CommentAction","name":"Comment","target":["https:\/\/quehacerpolitico.mx\/?p=100402#respond"]}]},{"@type":"WebPage","@id":"https:\/\/quehacerpolitico.mx\/?p=100402","url":"https:\/\/quehacerpolitico.mx\/?p=100402","name":"Ad\u00e1n Augusto L\u00f3pez critica reuni\u00f3n de Dina Boluarte con Felipe Calder\u00f3n -","isPartOf":{"@id":"https:\/\/quehacerpolitico.mx\/#website"},"primaryImageOfPage":{"@id":"https:\/\/quehacerpolitico.mx\/?p=100402#primaryimage"},"image":{"@id":"https:\/\/quehacerpolitico.mx\/?p=100402#primaryimage"},"thumbnailUrl":"https:\/\/quehacerpolitico.mx\/wp-content\/uploads\/2023\/04\/IMG_7364.jpeg","datePublished":"2023-04-27T17:13:52+00:00","dateModified":"2023-04-27T17:13:58+00:00","author":{"@id":"https:\/\/quehacerpolitico.mx\/#\/schema\/person\/496d8ad2d1d3f8036101dca7ee39e585"},"breadcrumb":{"@id":"https:\/\/quehacerpolitico.mx\/?p=100402#breadcrumb"},"inLanguage":"es","potentialAction":[{"@type":"ReadAction","target":["https:\/\/quehacerpolitico.mx\/?p=100402"]}]},{"@type":"ImageObject","inLanguage":"es","@id":"https:\/\/quehacerpolitico.mx\/?p=100402#primaryimage","url":"https:\/\/quehacerpolitico.mx\/wp-content\/uploads\/2023\/04\/IMG_7364.jpeg","contentUrl":"https:\/\/quehacerpolitico.mx\/wp-content\/uploads\/2023\/04\/IMG_7364.jpeg","width":1280,"height":853},{"@type":"BreadcrumbList","@id":"https:\/\/quehacerpolitico.mx\/?p=100402#breadcrumb","itemListElement":[{"@type":"ListItem","position":1,"name":"Inicio","item":"https:\/\/quehacerpolitico.mx\/"},{"@type":"ListItem","position":2,"name":"Ad\u00e1n Augusto L\u00f3pez critica reuni\u00f3n de Dina Boluarte con Felipe Calder\u00f3n"}]},{"@type":"WebSite","@id":"https:\/\/quehacerpolitico.mx\/#website","url":"https:\/\/quehacerpolitico.mx\/","name":"","description":"","potentialAction":[{"@type":"SearchAction","target":{"@type":"EntryPoint","urlTemplate":"https:\/\/quehacerpolitico.mx\/?s={search_term_string}"},"query-input":{"@type":"PropertyValueSpecification","valueRequired":true,"valueName":"search_term_string"}}],"inLanguage":"es"},{"@type":"Person","@id":"https:\/\/quehacerpolitico.mx\/#\/schema\/person\/496d8ad2d1d3f8036101dca7ee39e585","name":"Redacci\u00f3n QP","image":{"@type":"ImageObject","inLanguage":"es","@id":"https:\/\/secure.gravatar.com\/avatar\/c7164ed6fdec453195284ad24a5ae5b6e1eed2b848477fa2a4787ba9adf39a41?s=96&d=mm&r=g","url":"https:\/\/secure.gravatar.com\/avatar\/c7164ed6fdec453195284ad24a5ae5b6e1eed2b848477fa2a4787ba9adf39a41?s=96&d=mm&r=g","contentUrl":"https:\/\/secure.gravatar.com\/avatar\/c7164ed6fdec453195284ad24a5ae5b6e1eed2b848477fa2a4787ba9adf39a41?s=96&d=mm&r=g","caption":"Redacci\u00f3n QP"},"url":"https:\/\/quehacerpolitico.mx\/?author=2"}]}},"featured_image_urls":{"full":["https:\/\/quehacerpolitico.mx\/wp-content\/uploads\/2023\/04\/IMG_7364.jpeg",1280,853,false],"thumbnail":["https:\/\/quehacerpolitico.mx\/wp-content\/uploads\/2023\/04\/IMG_7364-150x150.jpeg",150,150,true],"medium":["https:\/\/quehacerpolitico.mx\/wp-content\/uploads\/2023\/04\/IMG_7364-300x200.jpeg",300,200,true],"medium_large":["https:\/\/quehacerpolitico.mx\/wp-content\/uploads\/2023\/04\/IMG_7364-768x512.jpeg",640,427,true],"large":["https:\/\/quehacerpolitico.mx\/wp-content\/uploads\/2023\/04\/IMG_7364-1024x682.jpeg",640,426,true],"1536x1536":["https:\/\/quehacerpolitico.mx\/wp-content\/uploads\/2023\/04\/IMG_7364.jpeg",1280,853,false],"2048x2048":["https:\/\/quehacerpolitico.mx\/wp-content\/uploads\/2023\/04\/IMG_7364.jpeg",1280,853,false],"covernews-featured":["https:\/\/quehacerpolitico.mx\/wp-content\/uploads\/2023\/04\/IMG_7364.jpeg",1024,682,false],"covernews-medium":["https:\/\/quehacerpolitico.mx\/wp-content\/uploads\/2023\/04\/IMG_7364.jpeg",510,340,false]},"author_info":{"display_name":"Redacci\u00f3n QP","author_link":"https:\/\/quehacerpolitico.mx\/?author=2"},"category_info":"<a href=\"https:\/\/quehacerpolitico.mx\/?cat=2\" rel=\"category\">Noticias<\/a>","tag_info":"Noticias","comment_count":"0","_links":{"self":[{"href":"https:\/\/quehacerpolitico.mx\/index.php?rest_route=\/wp\/v2\/posts\/100402","targetHints":{"allow":["GET"]}}],"collection":[{"href":"https:\/\/quehacerpolitico.mx\/index.php?rest_route=\/wp\/v2\/posts"}],"about":[{"href":"https:\/\/quehacerpolitico.mx\/index.php?rest_route=\/wp\/v2\/types\/post"}],"author":[{"embeddable":true,"href":"https:\/\/quehacerpolitico.mx\/index.php?rest_route=\/wp\/v2\/users\/2"}],"replies":[{"embeddable":true,"href":"https:\/\/quehacerpolitico.mx\/index.php?rest_route=%2Fwp%2Fv2%2Fcomments&post=100402"}],"version-history":[{"count":1,"href":"https:\/\/quehacerpolitico.mx\/index.php?rest_route=\/wp\/v2\/posts\/100402\/revisions"}],"predecessor-version":[{"id":100404,"href":"https:\/\/quehacerpolitico.mx\/index.php?rest_route=\/wp\/v2\/posts\/100402\/revisions\/100404"}],"wp:featuredmedia":[{"embeddable":true,"href":"https:\/\/quehacerpolitico.mx\/index.php?rest_route=\/wp\/v2\/media\/100403"}],"wp:attachment":[{"href":"https:\/\/quehacerpolitico.mx\/index.php?rest_route=%2Fwp%2Fv2%2Fmedia&parent=100402"}],"wp:term":[{"taxonomy":"category","embeddable":true,"href":"https:\/\/quehacerpolitico.mx\/index.php?rest_route=%2Fwp%2Fv2%2Fcategories&post=100402"},{"taxonomy":"post_tag","embeddable":true,"href":"https:\/\/quehacerpolitico.mx\/index.php?rest_route=%2Fwp%2Fv2%2Ftags&post=100402"}],"curies":[{"name":"wp","href":"https:\/\/api.w.org\/{rel}","templated":true}]}}