{"id":100375,"date":"2023-04-27T00:10:46","date_gmt":"2023-04-27T00:10:46","guid":{"rendered":"https:\/\/quehacerpolitico.mx\/?p=100375"},"modified":"2023-04-27T00:10:49","modified_gmt":"2023-04-27T00:10:49","slug":"la-roma-condesa-una-de-las-colonias-con-las-mas-bellas-arquitecturas-de-la-cdmx","status":"publish","type":"post","link":"https:\/\/quehacerpolitico.mx\/?p=100375","title":{"rendered":"La Roma Condesa una de las colonias con las m\u00e1s bellas arquitecturas  de la CDMX"},"content":{"rendered":"\n<p>Por Redacci\u00f3n QP<\/p>\n\n\n\n<p>Las colonias Roma y Condesa son de las favoritas para turistas, pero tambi\u00e9n de muchas personas que buscan Renta de departamento en Ciudad de M\u00e9xico.Y aunque una de las cosas que m\u00e1s destaca es su ubicaci\u00f3n c\u00e9ntrica, tambi\u00e9n atrapa por la belleza de sus edificios.<\/p>\n\n\n\n<p>\u00bfHas admirado alguno en estas colonias? \u00bfNunca los has visto pero te gustar\u00eda tener m\u00e1s razones para conocerlos? En NotiExpress | La Revista del Sector Inmobiliario te decimos qu\u00e9 estilos de arquitectura puedes encontrar en sus calles, para la pr\u00f3xima vez que camines por ah\u00ed.\u00a0<\/p>\n\n\n\n<p><strong>La Roma y sus monumentos art\u00edsticos&nbsp;<\/strong><\/p>\n\n\n\n<p>En esta colonia, establecida durante el porfiriato (1877-1911) y cuyas calles est\u00e1n bautizadas con nombres de estados y localidades de M\u00e9xico, puedes encontrar alrededor de 17 inmuebles que fueron declarados como monumento art\u00edstico por el Instituto Nacional de Bellas Artes y Literatura (INBAL) y otros m\u00e1s con igual relevancia. Si ten\u00edas en mente la renta de un departamento en Ciudad de M\u00e9xico, puede ser tu opci\u00f3n.<\/p>\n\n\n\n<figure class=\"wp-block-image size-full\"><img loading=\"lazy\" decoding=\"async\" width=\"550\" height=\"365\" src=\"https:\/\/quehacerpolitico.mx\/wp-content\/uploads\/2023\/04\/image-72.jpeg\" alt=\"\" class=\"wp-image-100382\" srcset=\"https:\/\/quehacerpolitico.mx\/wp-content\/uploads\/2023\/04\/image-72.jpeg 550w, https:\/\/quehacerpolitico.mx\/wp-content\/uploads\/2023\/04\/image-72-300x199.jpeg 300w, https:\/\/quehacerpolitico.mx\/wp-content\/uploads\/2023\/04\/image-72-220x146.jpeg 220w, https:\/\/quehacerpolitico.mx\/wp-content\/uploads\/2023\/04\/image-72-50x33.jpeg 50w, https:\/\/quehacerpolitico.mx\/wp-content\/uploads\/2023\/04\/image-72-113x75.jpeg 113w\" sizes=\"auto, (max-width: 550px) 100vw, 550px\" \/><\/figure>\n\n\n\n<figure class=\"wp-block-image size-full\"><img loading=\"lazy\" decoding=\"async\" width=\"660\" height=\"337\" src=\"https:\/\/quehacerpolitico.mx\/wp-content\/uploads\/2023\/04\/image-67.jpeg\" alt=\"\" class=\"wp-image-100377\" srcset=\"https:\/\/quehacerpolitico.mx\/wp-content\/uploads\/2023\/04\/image-67.jpeg 660w, https:\/\/quehacerpolitico.mx\/wp-content\/uploads\/2023\/04\/image-67-300x153.jpeg 300w, https:\/\/quehacerpolitico.mx\/wp-content\/uploads\/2023\/04\/image-67-260x133.jpeg 260w, https:\/\/quehacerpolitico.mx\/wp-content\/uploads\/2023\/04\/image-67-50x26.jpeg 50w, https:\/\/quehacerpolitico.mx\/wp-content\/uploads\/2023\/04\/image-67-147x75.jpeg 147w\" sizes=\"auto, (max-width: 660px) 100vw, 660px\" \/><\/figure>\n\n\n\n<p>Pero regresemos un poco a los or\u00edgenes de la colonia. Al establecerse como zona residencial tomaron de referencia ciertos estilos arquitect\u00f3nicos, entre los que destac\u00f3 el <em>Art nouveau <\/em>&nbsp;o <em>Modernismo<\/em>, el cual dejaba atr\u00e1s el estilo neocl\u00e1sico con l\u00edneas rectas y figuras geom\u00e9tricas para dar lugar a siluetas m\u00e1s estilizadas.&nbsp;<\/p>\n\n\n\n<p>Sin embargo, con el paso del tiempo y con la ca\u00edda de inmuebles luego del terremoto de 1985, m\u00e1s estilos se pudieron observar en La Roma. Desde el <em>G\u00f3tico<\/em>, el <em>Pancoup\u00e9<\/em>, el <em>Art Dec\u00f3<\/em> y un predominante <em>Eclecticismo<\/em>, el cual se define por tomar lo mejor de diferentes estilos arquitect\u00f3nicos, los monumentos art\u00edsticos del INBAL presentes en la colonia son clasificados en dicho estilo.<\/p>\n\n\n\n<p><strong>\u00bfQu\u00e9 conocer?&nbsp;<\/strong><\/p>\n\n\n\n<p>Puedes empezar por la Casa Museo Guillermo Tovar de Teresa, ubicada en Valladolid 52, un ejemplo del estilo ecl\u00e9ctico, otras m\u00e1s que puedes observar al caminar por las calles son:&nbsp;<\/p>\n\n\n\n<ul class=\"wp-block-list\">\n<li>Zacatecas 95<\/li>\n\n\n\n<li>Chihuahua 79<\/li>\n\n\n\n<li>Pomona 53<\/li>\n\n\n\n<li>Colima 232 y 151<\/li>\n\n\n\n<li>Chihuahua 77<\/li>\n\n\n\n<li>Tonal\u00e1 20<\/li>\n\n\n\n<li>\u00c1lvaro Obreg\u00f3n 161<\/li>\n\n\n\n<li>Durango 131, 134 y 216<\/li>\n\n\n\n<li>Colima 145 y 249-E<\/li>\n\n\n\n<li>C\u00f3rdoba 90<\/li>\n<\/ul>\n\n\n\n<p>Tambi\u00e9n hay edificios famosos que pueden o no ser viables para renta de un departamento en Ciudad de M\u00e9xico, pero sin duda son motivo para mudarse a esta colonia.<\/p>\n\n\n\n<figure class=\"wp-block-image size-full\"><img loading=\"lazy\" decoding=\"async\" width=\"565\" height=\"543\" src=\"https:\/\/quehacerpolitico.mx\/wp-content\/uploads\/2023\/04\/image-71.jpeg\" alt=\"\" class=\"wp-image-100381\" srcset=\"https:\/\/quehacerpolitico.mx\/wp-content\/uploads\/2023\/04\/image-71.jpeg 565w, https:\/\/quehacerpolitico.mx\/wp-content\/uploads\/2023\/04\/image-71-300x288.jpeg 300w, https:\/\/quehacerpolitico.mx\/wp-content\/uploads\/2023\/04\/image-71-152x146.jpeg 152w, https:\/\/quehacerpolitico.mx\/wp-content\/uploads\/2023\/04\/image-71-50x48.jpeg 50w, https:\/\/quehacerpolitico.mx\/wp-content\/uploads\/2023\/04\/image-71-78x75.jpeg 78w\" sizes=\"auto, (max-width: 565px) 100vw, 565px\" \/><\/figure>\n\n\n\n<figure class=\"wp-block-image size-full\"><img loading=\"lazy\" decoding=\"async\" width=\"640\" height=\"480\" src=\"https:\/\/quehacerpolitico.mx\/wp-content\/uploads\/2023\/04\/image-68.jpeg\" alt=\"\" class=\"wp-image-100378\" srcset=\"https:\/\/quehacerpolitico.mx\/wp-content\/uploads\/2023\/04\/image-68.jpeg 640w, https:\/\/quehacerpolitico.mx\/wp-content\/uploads\/2023\/04\/image-68-300x225.jpeg 300w, https:\/\/quehacerpolitico.mx\/wp-content\/uploads\/2023\/04\/image-68-195x146.jpeg 195w, https:\/\/quehacerpolitico.mx\/wp-content\/uploads\/2023\/04\/image-68-50x38.jpeg 50w, https:\/\/quehacerpolitico.mx\/wp-content\/uploads\/2023\/04\/image-68-100x75.jpeg 100w\" sizes=\"auto, (max-width: 640px) 100vw, 640px\" \/><\/figure>\n\n\n\n<ul class=\"wp-block-list\">\n<li><strong>La Parroquia de la Sagrada Familia: <\/strong>ubicada en Puebla 144, con una arquitectura g\u00f3tica, movimiento que surgi\u00f3 en la Alta Edad Media, cuyas caracter\u00edsticas eran, entre otras, buscar la altura, la iluminaci\u00f3n, la presencia de contrafuertes y b\u00f3vedas de crucer\u00eda. Es com\u00fan verlos en edificios eclesi\u00e1sticos, como este caso.&nbsp;<\/li>\n\n\n\n<li><strong>Casa de las Brujas: <\/strong>tambi\u00e9n conocida como edificio R\u00edo de Janeiro, podemos observar el ladrillo rojo del estilo arquitect\u00f3nico ingl\u00e9s. Mientras que por dentro fue remodelada al estilo <em>Art Dec\u00f3<\/em>, caracterizado por formas geom\u00e9tricas y elegantes.&nbsp;<\/li>\n\n\n\n<li><strong>Edificio Balmori<\/strong>: Ubicado en Orizaba 101, fue defendido por artistas. Tambi\u00e9n de estilo ecl\u00e9ctico y afrancesado.&nbsp;<\/li>\n\n\n\n<li><strong>Casa Lamm:<\/strong> en \u00c1lvaro Obreg\u00f3n 99. Este centro cultural es, tambi\u00e9n, una muestra del estilo ecl\u00e9ctico caracter\u00edstico del porfiriato y de la admiraci\u00f3n que ten\u00eda la burgues\u00eda mexicana a Francia.&nbsp;<\/li>\n<\/ul>\n\n\n\n<p><strong>La Condesa, el Art Dec\u00f3 y los loft<\/strong><\/p>\n\n\n\n<p>El gobierno de la CDMX, se\u00f1ala que el patrimonio arquitect\u00f3nico de La Condesa es de m\u00e1s de 200 edificios \u201ccon estilo Neocolonial, Funcionalista, Ecl\u00e9ctico, Racionalista y Art Dec\u00f3.\u201d<\/p>\n\n\n\n<figure class=\"wp-block-image size-full\"><img loading=\"lazy\" decoding=\"async\" width=\"550\" height=\"365\" src=\"https:\/\/quehacerpolitico.mx\/wp-content\/uploads\/2023\/04\/image-70.jpeg\" alt=\"\" class=\"wp-image-100380\" srcset=\"https:\/\/quehacerpolitico.mx\/wp-content\/uploads\/2023\/04\/image-70.jpeg 550w, https:\/\/quehacerpolitico.mx\/wp-content\/uploads\/2023\/04\/image-70-300x199.jpeg 300w, https:\/\/quehacerpolitico.mx\/wp-content\/uploads\/2023\/04\/image-70-220x146.jpeg 220w, https:\/\/quehacerpolitico.mx\/wp-content\/uploads\/2023\/04\/image-70-50x33.jpeg 50w, https:\/\/quehacerpolitico.mx\/wp-content\/uploads\/2023\/04\/image-70-113x75.jpeg 113w\" sizes=\"auto, (max-width: 550px) 100vw, 550px\" \/><\/figure>\n\n\n\n<figure class=\"wp-block-image size-full\"><img loading=\"lazy\" decoding=\"async\" width=\"677\" height=\"453\" src=\"https:\/\/quehacerpolitico.mx\/wp-content\/uploads\/2023\/04\/image-69.jpeg\" alt=\"\" class=\"wp-image-100379\" srcset=\"https:\/\/quehacerpolitico.mx\/wp-content\/uploads\/2023\/04\/image-69.jpeg 677w, https:\/\/quehacerpolitico.mx\/wp-content\/uploads\/2023\/04\/image-69-300x201.jpeg 300w, https:\/\/quehacerpolitico.mx\/wp-content\/uploads\/2023\/04\/image-69-218x146.jpeg 218w, https:\/\/quehacerpolitico.mx\/wp-content\/uploads\/2023\/04\/image-69-50x33.jpeg 50w, https:\/\/quehacerpolitico.mx\/wp-content\/uploads\/2023\/04\/image-69-112x75.jpeg 112w\" sizes=\"auto, (max-width: 677px) 100vw, 677px\" \/><\/figure>\n\n\n\n<p>Ac\u00e1 algunos a los que debes poner atenci\u00f3n al caminar por sus calles:&nbsp;<\/p>\n\n\n\n<ul class=\"wp-block-list\">\n<li><strong>Conjunto Veracruz<\/strong>: un proyecto de varios edificios al estilo<em> Art Dec\u00f3<\/em>, ubicados en la Avenida Veracruz (81, 83, 85 y 91), proyectado por Javier S\u00e1nchez, quien introdujo el loft living a la ciudad. Un punto a considerar si buscas la renta de un loft en Ciudad de M\u00e9xico<\/li>\n\n\n\n<li><strong>Veracruz 94<\/strong>: considerado monumento art\u00edstico, tambi\u00e9n de estilo ecl\u00e9ctico.&nbsp;<\/li>\n\n\n\n<li><strong>Espa\u00f1a 55: <\/strong>conocido por ser un edificio dise\u00f1ado por el famoso arquitecto Mario Pani, tambi\u00e9n es una muestra del Art Dec\u00f3.<\/li>\n\n\n\n<li><strong>Edificio Basurto: <\/strong>ubicado en Avenida M\u00e9xico 187, una de las varias obras que realiz\u00f3 el arquitecto Francisco Serrano, exponente del Art Dec\u00f3.<\/li>\n\n\n\n<li><strong>Edificio Casas Jardines<\/strong>: ubicado en Sonora 204, tambi\u00e9n dise\u00f1ado por Francisco Serrano.&nbsp;<\/li>\n<\/ul>\n\n\n\n<p>Ambas colonias tienen una gran oferta de edificios si buscas una renta de departamento en Ciudad de M\u00e9xico.En NotiExpress | La Revista del Sector Inmobiliario puedes encontrar alguno tan asombroso como los que mencionamos aqu\u00ed.<\/p>\n\n\n\n<p>No se te olvide que?<\/p>\n\n\n\n<p>En\u00a0NotiExpress | La Revista del Sector Inmobiliario nos ocupamos en la difusi\u00f3n de la industria inmobiliaria generamos contenidos que te ayudar\u00e1n a mantenerte a la vanguardia en tecnolog\u00eda y en tendencias del sector inmobiliario para que puedas ofrecer el mejor servicio y generar m\u00e1s clientes.<\/p>\n\n\n\n<p>\u00c9chale una miradita a nuestra revista mensual donde encontrar\u00e1s la informaci\u00f3n precisa y oportuna con todo lo relacionado al sector inmobiliario aqu\u00ed\u00a0?<a href=\"https:\/\/issuu.com\/notiexpressmx\/docs\/notiexpress_07\">https:\/\/issuu.com\/notiexpressmx\/docs\/notiexpress_07\u00a0<\/a>\u00a0NotiExpress | La Revista del Sector Inmobiliario<\/p>\n\n\n\n<figure class=\"wp-block-image size-large\"><img loading=\"lazy\" decoding=\"async\" width=\"1024\" height=\"378\" src=\"https:\/\/quehacerpolitico.mx\/wp-content\/uploads\/2023\/04\/image-66-1024x378.jpeg\" alt=\"\" class=\"wp-image-100376\" srcset=\"https:\/\/quehacerpolitico.mx\/wp-content\/uploads\/2023\/04\/image-66-1024x378.jpeg 1024w, https:\/\/quehacerpolitico.mx\/wp-content\/uploads\/2023\/04\/image-66-300x111.jpeg 300w, https:\/\/quehacerpolitico.mx\/wp-content\/uploads\/2023\/04\/image-66-768x284.jpeg 768w, https:\/\/quehacerpolitico.mx\/wp-content\/uploads\/2023\/04\/image-66-260x96.jpeg 260w, https:\/\/quehacerpolitico.mx\/wp-content\/uploads\/2023\/04\/image-66-50x18.jpeg 50w, https:\/\/quehacerpolitico.mx\/wp-content\/uploads\/2023\/04\/image-66-150x55.jpeg 150w, https:\/\/quehacerpolitico.mx\/wp-content\/uploads\/2023\/04\/image-66.jpeg 1280w\" sizes=\"auto, (max-width: 1024px) 100vw, 1024px\" \/><\/figure>\n","protected":false},"excerpt":{"rendered":"<p>Por Redacci\u00f3n QP Las colonias Roma y Condesa son de las favoritas para turistas, pero&#8230;<\/p>\n","protected":false},"author":2,"featured_media":100383,"comment_status":"open","ping_status":"open","sticky":false,"template":"","format":"standard","meta":{"_monsterinsights_skip_tracking":false,"_monsterinsights_sitenote_active":false,"_monsterinsights_sitenote_note":"","_monsterinsights_sitenote_category":0,"footnotes":""},"categories":[56],"tags":[],"class_list":["post-100375","post","type-post","status-publish","format-standard","has-post-thumbnail","hentry","category-economia"],"yoast_head":"<!-- This site is optimized with the Yoast SEO plugin v27.3 - https:\/\/yoast.com\/product\/yoast-seo-wordpress\/ -->\n<title>La Roma Condesa una de las colonias con las m\u00e1s bellas arquitecturas de la CDMX -<\/title>\n<meta name=\"robots\" content=\"index, follow, max-snippet:-1, max-image-preview:large, max-video-preview:-1\" \/>\n<link rel=\"canonical\" href=\"https:\/\/quehacerpolitico.mx\/?p=100375\" \/>\n<meta property=\"og:locale\" content=\"es_MX\" \/>\n<meta property=\"og:type\" content=\"article\" \/>\n<meta property=\"og:title\" content=\"La Roma Condesa una de las colonias con las m\u00e1s bellas arquitecturas de la CDMX -\" \/>\n<meta property=\"og:description\" content=\"Por Redacci\u00f3n QP Las colonias Roma y Condesa son de las favoritas para turistas, pero...\" \/>\n<meta property=\"og:url\" content=\"https:\/\/quehacerpolitico.mx\/?p=100375\" \/>\n<meta property=\"article:published_time\" content=\"2023-04-27T00:10:46+00:00\" \/>\n<meta property=\"article:modified_time\" content=\"2023-04-27T00:10:49+00:00\" \/>\n<meta property=\"og:image\" content=\"https:\/\/quehacerpolitico.mx\/wp-content\/uploads\/2023\/04\/photo-output-12.jpeg\" \/>\n\t<meta property=\"og:image:width\" content=\"2046\" \/>\n\t<meta property=\"og:image:height\" content=\"1008\" \/>\n\t<meta property=\"og:image:type\" content=\"image\/jpeg\" \/>\n<meta name=\"author\" content=\"Redacci\u00f3n QP\" \/>\n<meta name=\"twitter:card\" content=\"summary_large_image\" \/>\n<meta name=\"twitter:label1\" content=\"Escrito por\" \/>\n\t<meta name=\"twitter:data1\" content=\"Redacci\u00f3n QP\" \/>\n\t<meta name=\"twitter:label2\" content=\"Tiempo de lectura\" \/>\n\t<meta name=\"twitter:data2\" content=\"4 minutos\" \/>\n<script type=\"application\/ld+json\" class=\"yoast-schema-graph\">{\"@context\":\"https:\\\/\\\/schema.org\",\"@graph\":[{\"@type\":\"Article\",\"@id\":\"https:\\\/\\\/quehacerpolitico.mx\\\/?p=100375#article\",\"isPartOf\":{\"@id\":\"https:\\\/\\\/quehacerpolitico.mx\\\/?p=100375\"},\"author\":{\"name\":\"Redacci\u00f3n QP\",\"@id\":\"https:\\\/\\\/quehacerpolitico.mx\\\/#\\\/schema\\\/person\\\/496d8ad2d1d3f8036101dca7ee39e585\"},\"headline\":\"La Roma Condesa una de las colonias con las m\u00e1s bellas arquitecturas de la CDMX\",\"datePublished\":\"2023-04-27T00:10:46+00:00\",\"dateModified\":\"2023-04-27T00:10:49+00:00\",\"mainEntityOfPage\":{\"@id\":\"https:\\\/\\\/quehacerpolitico.mx\\\/?p=100375\"},\"wordCount\":859,\"commentCount\":0,\"image\":{\"@id\":\"https:\\\/\\\/quehacerpolitico.mx\\\/?p=100375#primaryimage\"},\"thumbnailUrl\":\"https:\\\/\\\/quehacerpolitico.mx\\\/wp-content\\\/uploads\\\/2023\\\/04\\\/photo-output-12.jpeg\",\"articleSection\":[\"Econom\u00eda\"],\"inLanguage\":\"es\",\"potentialAction\":[{\"@type\":\"CommentAction\",\"name\":\"Comment\",\"target\":[\"https:\\\/\\\/quehacerpolitico.mx\\\/?p=100375#respond\"]}]},{\"@type\":\"WebPage\",\"@id\":\"https:\\\/\\\/quehacerpolitico.mx\\\/?p=100375\",\"url\":\"https:\\\/\\\/quehacerpolitico.mx\\\/?p=100375\",\"name\":\"La Roma Condesa una de las colonias con las m\u00e1s bellas arquitecturas de la CDMX -\",\"isPartOf\":{\"@id\":\"https:\\\/\\\/quehacerpolitico.mx\\\/#website\"},\"primaryImageOfPage\":{\"@id\":\"https:\\\/\\\/quehacerpolitico.mx\\\/?p=100375#primaryimage\"},\"image\":{\"@id\":\"https:\\\/\\\/quehacerpolitico.mx\\\/?p=100375#primaryimage\"},\"thumbnailUrl\":\"https:\\\/\\\/quehacerpolitico.mx\\\/wp-content\\\/uploads\\\/2023\\\/04\\\/photo-output-12.jpeg\",\"datePublished\":\"2023-04-27T00:10:46+00:00\",\"dateModified\":\"2023-04-27T00:10:49+00:00\",\"author\":{\"@id\":\"https:\\\/\\\/quehacerpolitico.mx\\\/#\\\/schema\\\/person\\\/496d8ad2d1d3f8036101dca7ee39e585\"},\"breadcrumb\":{\"@id\":\"https:\\\/\\\/quehacerpolitico.mx\\\/?p=100375#breadcrumb\"},\"inLanguage\":\"es\",\"potentialAction\":[{\"@type\":\"ReadAction\",\"target\":[\"https:\\\/\\\/quehacerpolitico.mx\\\/?p=100375\"]}]},{\"@type\":\"ImageObject\",\"inLanguage\":\"es\",\"@id\":\"https:\\\/\\\/quehacerpolitico.mx\\\/?p=100375#primaryimage\",\"url\":\"https:\\\/\\\/quehacerpolitico.mx\\\/wp-content\\\/uploads\\\/2023\\\/04\\\/photo-output-12.jpeg\",\"contentUrl\":\"https:\\\/\\\/quehacerpolitico.mx\\\/wp-content\\\/uploads\\\/2023\\\/04\\\/photo-output-12.jpeg\",\"width\":2046,\"height\":1008},{\"@type\":\"BreadcrumbList\",\"@id\":\"https:\\\/\\\/quehacerpolitico.mx\\\/?p=100375#breadcrumb\",\"itemListElement\":[{\"@type\":\"ListItem\",\"position\":1,\"name\":\"Inicio\",\"item\":\"https:\\\/\\\/quehacerpolitico.mx\\\/\"},{\"@type\":\"ListItem\",\"position\":2,\"name\":\"La Roma Condesa una de las colonias con las m\u00e1s bellas arquitecturas de la CDMX\"}]},{\"@type\":\"WebSite\",\"@id\":\"https:\\\/\\\/quehacerpolitico.mx\\\/#website\",\"url\":\"https:\\\/\\\/quehacerpolitico.mx\\\/\",\"name\":\"\",\"description\":\"\",\"potentialAction\":[{\"@type\":\"SearchAction\",\"target\":{\"@type\":\"EntryPoint\",\"urlTemplate\":\"https:\\\/\\\/quehacerpolitico.mx\\\/?s={search_term_string}\"},\"query-input\":{\"@type\":\"PropertyValueSpecification\",\"valueRequired\":true,\"valueName\":\"search_term_string\"}}],\"inLanguage\":\"es\"},{\"@type\":\"Person\",\"@id\":\"https:\\\/\\\/quehacerpolitico.mx\\\/#\\\/schema\\\/person\\\/496d8ad2d1d3f8036101dca7ee39e585\",\"name\":\"Redacci\u00f3n QP\",\"image\":{\"@type\":\"ImageObject\",\"inLanguage\":\"es\",\"@id\":\"https:\\\/\\\/secure.gravatar.com\\\/avatar\\\/c7164ed6fdec453195284ad24a5ae5b6e1eed2b848477fa2a4787ba9adf39a41?s=96&d=mm&r=g\",\"url\":\"https:\\\/\\\/secure.gravatar.com\\\/avatar\\\/c7164ed6fdec453195284ad24a5ae5b6e1eed2b848477fa2a4787ba9adf39a41?s=96&d=mm&r=g\",\"contentUrl\":\"https:\\\/\\\/secure.gravatar.com\\\/avatar\\\/c7164ed6fdec453195284ad24a5ae5b6e1eed2b848477fa2a4787ba9adf39a41?s=96&d=mm&r=g\",\"caption\":\"Redacci\u00f3n QP\"},\"url\":\"https:\\\/\\\/quehacerpolitico.mx\\\/?author=2\"}]}<\/script>\n<!-- \/ Yoast SEO plugin. -->","yoast_head_json":{"title":"La Roma Condesa una de las colonias con las m\u00e1s bellas arquitecturas de la CDMX -","robots":{"index":"index","follow":"follow","max-snippet":"max-snippet:-1","max-image-preview":"max-image-preview:large","max-video-preview":"max-video-preview:-1"},"canonical":"https:\/\/quehacerpolitico.mx\/?p=100375","og_locale":"es_MX","og_type":"article","og_title":"La Roma Condesa una de las colonias con las m\u00e1s bellas arquitecturas de la CDMX -","og_description":"Por Redacci\u00f3n QP Las colonias Roma y Condesa son de las favoritas para turistas, pero...","og_url":"https:\/\/quehacerpolitico.mx\/?p=100375","article_published_time":"2023-04-27T00:10:46+00:00","article_modified_time":"2023-04-27T00:10:49+00:00","og_image":[{"width":2046,"height":1008,"url":"https:\/\/quehacerpolitico.mx\/wp-content\/uploads\/2023\/04\/photo-output-12.jpeg","type":"image\/jpeg"}],"author":"Redacci\u00f3n QP","twitter_card":"summary_large_image","twitter_misc":{"Escrito por":"Redacci\u00f3n QP","Tiempo de lectura":"4 minutos"},"schema":{"@context":"https:\/\/schema.org","@graph":[{"@type":"Article","@id":"https:\/\/quehacerpolitico.mx\/?p=100375#article","isPartOf":{"@id":"https:\/\/quehacerpolitico.mx\/?p=100375"},"author":{"name":"Redacci\u00f3n QP","@id":"https:\/\/quehacerpolitico.mx\/#\/schema\/person\/496d8ad2d1d3f8036101dca7ee39e585"},"headline":"La Roma Condesa una de las colonias con las m\u00e1s bellas arquitecturas de la CDMX","datePublished":"2023-04-27T00:10:46+00:00","dateModified":"2023-04-27T00:10:49+00:00","mainEntityOfPage":{"@id":"https:\/\/quehacerpolitico.mx\/?p=100375"},"wordCount":859,"commentCount":0,"image":{"@id":"https:\/\/quehacerpolitico.mx\/?p=100375#primaryimage"},"thumbnailUrl":"https:\/\/quehacerpolitico.mx\/wp-content\/uploads\/2023\/04\/photo-output-12.jpeg","articleSection":["Econom\u00eda"],"inLanguage":"es","potentialAction":[{"@type":"CommentAction","name":"Comment","target":["https:\/\/quehacerpolitico.mx\/?p=100375#respond"]}]},{"@type":"WebPage","@id":"https:\/\/quehacerpolitico.mx\/?p=100375","url":"https:\/\/quehacerpolitico.mx\/?p=100375","name":"La Roma Condesa una de las colonias con las m\u00e1s bellas arquitecturas de la CDMX -","isPartOf":{"@id":"https:\/\/quehacerpolitico.mx\/#website"},"primaryImageOfPage":{"@id":"https:\/\/quehacerpolitico.mx\/?p=100375#primaryimage"},"image":{"@id":"https:\/\/quehacerpolitico.mx\/?p=100375#primaryimage"},"thumbnailUrl":"https:\/\/quehacerpolitico.mx\/wp-content\/uploads\/2023\/04\/photo-output-12.jpeg","datePublished":"2023-04-27T00:10:46+00:00","dateModified":"2023-04-27T00:10:49+00:00","author":{"@id":"https:\/\/quehacerpolitico.mx\/#\/schema\/person\/496d8ad2d1d3f8036101dca7ee39e585"},"breadcrumb":{"@id":"https:\/\/quehacerpolitico.mx\/?p=100375#breadcrumb"},"inLanguage":"es","potentialAction":[{"@type":"ReadAction","target":["https:\/\/quehacerpolitico.mx\/?p=100375"]}]},{"@type":"ImageObject","inLanguage":"es","@id":"https:\/\/quehacerpolitico.mx\/?p=100375#primaryimage","url":"https:\/\/quehacerpolitico.mx\/wp-content\/uploads\/2023\/04\/photo-output-12.jpeg","contentUrl":"https:\/\/quehacerpolitico.mx\/wp-content\/uploads\/2023\/04\/photo-output-12.jpeg","width":2046,"height":1008},{"@type":"BreadcrumbList","@id":"https:\/\/quehacerpolitico.mx\/?p=100375#breadcrumb","itemListElement":[{"@type":"ListItem","position":1,"name":"Inicio","item":"https:\/\/quehacerpolitico.mx\/"},{"@type":"ListItem","position":2,"name":"La Roma Condesa una de las colonias con las m\u00e1s bellas arquitecturas de la CDMX"}]},{"@type":"WebSite","@id":"https:\/\/quehacerpolitico.mx\/#website","url":"https:\/\/quehacerpolitico.mx\/","name":"","description":"","potentialAction":[{"@type":"SearchAction","target":{"@type":"EntryPoint","urlTemplate":"https:\/\/quehacerpolitico.mx\/?s={search_term_string}"},"query-input":{"@type":"PropertyValueSpecification","valueRequired":true,"valueName":"search_term_string"}}],"inLanguage":"es"},{"@type":"Person","@id":"https:\/\/quehacerpolitico.mx\/#\/schema\/person\/496d8ad2d1d3f8036101dca7ee39e585","name":"Redacci\u00f3n QP","image":{"@type":"ImageObject","inLanguage":"es","@id":"https:\/\/secure.gravatar.com\/avatar\/c7164ed6fdec453195284ad24a5ae5b6e1eed2b848477fa2a4787ba9adf39a41?s=96&d=mm&r=g","url":"https:\/\/secure.gravatar.com\/avatar\/c7164ed6fdec453195284ad24a5ae5b6e1eed2b848477fa2a4787ba9adf39a41?s=96&d=mm&r=g","contentUrl":"https:\/\/secure.gravatar.com\/avatar\/c7164ed6fdec453195284ad24a5ae5b6e1eed2b848477fa2a4787ba9adf39a41?s=96&d=mm&r=g","caption":"Redacci\u00f3n QP"},"url":"https:\/\/quehacerpolitico.mx\/?author=2"}]}},"featured_image_urls":{"full":["https:\/\/quehacerpolitico.mx\/wp-content\/uploads\/2023\/04\/photo-output-12.jpeg",2046,1008,false],"thumbnail":["https:\/\/quehacerpolitico.mx\/wp-content\/uploads\/2023\/04\/photo-output-12-150x150.jpeg",150,150,true],"medium":["https:\/\/quehacerpolitico.mx\/wp-content\/uploads\/2023\/04\/photo-output-12-300x148.jpeg",300,148,true],"medium_large":["https:\/\/quehacerpolitico.mx\/wp-content\/uploads\/2023\/04\/photo-output-12-768x378.jpeg",640,315,true],"large":["https:\/\/quehacerpolitico.mx\/wp-content\/uploads\/2023\/04\/photo-output-12-1024x504.jpeg",640,315,true],"1536x1536":["https:\/\/quehacerpolitico.mx\/wp-content\/uploads\/2023\/04\/photo-output-12-1536x757.jpeg",1536,757,true],"2048x2048":["https:\/\/quehacerpolitico.mx\/wp-content\/uploads\/2023\/04\/photo-output-12.jpeg",2046,1008,false],"covernews-featured":["https:\/\/quehacerpolitico.mx\/wp-content\/uploads\/2023\/04\/photo-output-12.jpeg",1024,504,false],"covernews-medium":["https:\/\/quehacerpolitico.mx\/wp-content\/uploads\/2023\/04\/photo-output-12.jpeg",540,266,false]},"author_info":{"display_name":"Redacci\u00f3n QP","author_link":"https:\/\/quehacerpolitico.mx\/?author=2"},"category_info":"<a href=\"https:\/\/quehacerpolitico.mx\/?cat=56\" rel=\"category\">Econom\u00eda<\/a>","tag_info":"Econom\u00eda","comment_count":"0","_links":{"self":[{"href":"https:\/\/quehacerpolitico.mx\/index.php?rest_route=\/wp\/v2\/posts\/100375","targetHints":{"allow":["GET"]}}],"collection":[{"href":"https:\/\/quehacerpolitico.mx\/index.php?rest_route=\/wp\/v2\/posts"}],"about":[{"href":"https:\/\/quehacerpolitico.mx\/index.php?rest_route=\/wp\/v2\/types\/post"}],"author":[{"embeddable":true,"href":"https:\/\/quehacerpolitico.mx\/index.php?rest_route=\/wp\/v2\/users\/2"}],"replies":[{"embeddable":true,"href":"https:\/\/quehacerpolitico.mx\/index.php?rest_route=%2Fwp%2Fv2%2Fcomments&post=100375"}],"version-history":[{"count":1,"href":"https:\/\/quehacerpolitico.mx\/index.php?rest_route=\/wp\/v2\/posts\/100375\/revisions"}],"predecessor-version":[{"id":100384,"href":"https:\/\/quehacerpolitico.mx\/index.php?rest_route=\/wp\/v2\/posts\/100375\/revisions\/100384"}],"wp:featuredmedia":[{"embeddable":true,"href":"https:\/\/quehacerpolitico.mx\/index.php?rest_route=\/wp\/v2\/media\/100383"}],"wp:attachment":[{"href":"https:\/\/quehacerpolitico.mx\/index.php?rest_route=%2Fwp%2Fv2%2Fmedia&parent=100375"}],"wp:term":[{"taxonomy":"category","embeddable":true,"href":"https:\/\/quehacerpolitico.mx\/index.php?rest_route=%2Fwp%2Fv2%2Fcategories&post=100375"},{"taxonomy":"post_tag","embeddable":true,"href":"https:\/\/quehacerpolitico.mx\/index.php?rest_route=%2Fwp%2Fv2%2Ftags&post=100375"}],"curies":[{"name":"wp","href":"https:\/\/api.w.org\/{rel}","templated":true}]}}