{"id":100369,"date":"2023-04-26T23:28:00","date_gmt":"2023-04-26T23:28:00","guid":{"rendered":"https:\/\/quehacerpolitico.mx\/?p=100369"},"modified":"2023-04-26T23:28:03","modified_gmt":"2023-04-26T23:28:03","slug":"conoce-el-programa-mejora-si-de-infonavit","status":"publish","type":"post","link":"https:\/\/quehacerpolitico.mx\/?p=100369","title":{"rendered":"Conoce el programa Mejora Si de Infonavit"},"content":{"rendered":"\n<p>Por Redacci\u00f3n QP<\/p>\n\n\n\n<p>Existen personas en M\u00e9xico que alguna vez cotizaron en el\u00a0Instituto del Fondo Nacional de la Vivienda para los Trabajadores (Infonavit) y que, aunque actualmente no cuentan con una relaci\u00f3n laboral, s\u00ed tienen un ahorro. Para ese sector de la poblaci\u00f3n, el Instituto lanz\u00f3 un programa de cr\u00e9dito este 2023: el MejOra S\u00ed.<\/p>\n\n\n\n<p>\u00bfYa sabes de qu\u00e9 te hablamos? \u00bfNo hab\u00edas escuchado de \u00e9l? Sea cual sea tu caso, en\u00a0NotiExpress | La Revista del Sector Inmobiliario la te contamos lo que tienes que saber sobre esta nueva opci\u00f3n.<\/p>\n\n\n\n<figure class=\"wp-block-embed is-type-video is-provider-youtube wp-block-embed-youtube wp-embed-aspect-16-9 wp-has-aspect-ratio\"><div class=\"wp-block-embed__wrapper\">\n<iframe loading=\"lazy\" title=\"Nuevo cr\u00e9dito de Infonavit MejOraS\u00ed \ud83d\ude31 \u00bfC\u00f3mo tramitarlo?\" width=\"640\" height=\"360\" src=\"https:\/\/www.youtube.com\/embed\/JtnxRPtRv08?feature=oembed\" frameborder=\"0\" allow=\"accelerometer; autoplay; clipboard-write; encrypted-media; gyroscope; picture-in-picture; web-share\" referrerpolicy=\"strict-origin-when-cross-origin\" allowfullscreen><\/iframe>\n<\/div><\/figure>\n\n\n\n<h3 class=\"wp-block-heading\"><strong>\u00bfDe qu\u00e9 trata y a qui\u00e9n va dirigido?<\/strong><\/h3>\n\n\n\n<p>Hay que dejar algo claro, este cr\u00e9dito\u00a0no es para\u00a0aquellos que busquen\u00a0comprar casa Infonavit sin una relaci\u00f3n laboral vigente, sino para quienes quieran reparar, mejorar o ampliar su vivienda (sin que modifique su estructura).\u00a0<\/p>\n\n\n\n<p>Adem\u00e1s, la caracter\u00edstica principal es que estas personas deben tener un ahorro en la Subcuenta de Vivienda, la cual es el total de dinero que ahorraste tras las aportaciones bimestrales que realizaste en el pasado o que a\u00fan entregas de forma voluntaria.&nbsp;<\/p>\n\n\n\n<p>Puedes checar de qu\u00e9 cantidad dispones en la p\u00e1gina web de\u00a0Mi cuenta.Si a\u00fan no te registras, deber\u00e1s hacerlo con tu n\u00famero de seguridad social y una contrase\u00f1a. Recuerda que es el mismo sitio al que debes entrar si lo que buscas es\u00a0comprar casa Infonavit en la Ciudad de M\u00e9xico u otra parte del pa\u00eds.<\/p>\n\n\n\n<figure class=\"wp-block-image size-full\"><img loading=\"lazy\" decoding=\"async\" width=\"739\" height=\"415\" src=\"https:\/\/quehacerpolitico.mx\/wp-content\/uploads\/2023\/04\/image-64.jpeg\" alt=\"\" class=\"wp-image-100371\" srcset=\"https:\/\/quehacerpolitico.mx\/wp-content\/uploads\/2023\/04\/image-64.jpeg 739w, https:\/\/quehacerpolitico.mx\/wp-content\/uploads\/2023\/04\/image-64-300x168.jpeg 300w, https:\/\/quehacerpolitico.mx\/wp-content\/uploads\/2023\/04\/image-64-260x146.jpeg 260w, https:\/\/quehacerpolitico.mx\/wp-content\/uploads\/2023\/04\/image-64-50x28.jpeg 50w, https:\/\/quehacerpolitico.mx\/wp-content\/uploads\/2023\/04\/image-64-134x75.jpeg 134w\" sizes=\"auto, (max-width: 739px) 100vw, 739px\" \/><\/figure>\n\n\n\n<h3 class=\"wp-block-heading\"><strong>\u00bfA cu\u00e1nto puedo acceder?&nbsp;<\/strong><\/h3>\n\n\n\n<p>El programa establece que el monto m\u00ednimo de cr\u00e9dito es de $4,856.69 pesos y el m\u00e1ximo de $139,109.53. Sin embargo, depender\u00e1 de varios factores, sobre todo del dinero que hay en tu Subcuenta de Vivienda. Para saber el monto exacto, debes acceder a\u00a0Mi Cuenta.<\/p>\n\n\n\n<p>De igual manera, es importante se\u00f1alar que hay dos opciones de cr\u00e9dito:&nbsp;<\/p>\n\n\n\n<ul class=\"wp-block-list\">\n<li>Solicitar hasta el 90% del ahorro que tengas en tu subcuenta con mensualidades sin intereses.&nbsp;<\/li>\n\n\n\n<li>Solicitar hasta el 115% del ahorro de tu subcuenta con una tasa de inter\u00e9s fija del 4%.&nbsp;<\/li>\n<\/ul>\n\n\n\n<p>Sea cual sea la cantidad que se te otorgue, el 50% se te dar\u00e1 en una tarjeta para que compres el material necesario y la otra parte se depositar\u00e1 para los otros gastos que tengas, como mano de obra.&nbsp;<\/p>\n\n\n\n<h3 class=\"wp-block-heading\"><strong>\u00bfCu\u00e1l es el plazo para pagarlo?<\/strong><\/h3>\n\n\n\n<p>No, esto no se va a plazos a 30 a\u00f1os, pues el plazo para pagar ser\u00e1 de hasta cinco a\u00f1os.&nbsp;<\/p>\n\n\n\n<h3 class=\"wp-block-heading\"><strong>\u00bfCu\u00e1les son los requisitos?<\/strong><\/h3>\n\n\n\n<ul class=\"wp-block-list\">\n<li>Tener un ahorro disponible en tu Subcuenta de Vivienda.&nbsp;<\/li>\n\n\n\n<li>No haber ejercido ning\u00fan cr\u00e9dito con el Infonavit.&nbsp;<\/li>\n\n\n\n<li>Estar registrado en una Afore.<\/li>\n\n\n\n<li>No haber ejercido ning\u00fan cr\u00e9dito con el Instituto.<\/li>\n\n\n\n<li>Que la vivienda est\u00e9 a tu nombre o acreditar su tenencia.&nbsp;<\/li>\n<\/ul>\n\n\n\n<ul class=\"wp-block-list\">\n<li>Que la vivienda se encuentre en territorio nacional.&nbsp;<\/li>\n\n\n\n<li>Que la suma de tu edad m\u00e1s el plazo de tu cr\u00e9dito no exceda 65 a\u00f1os.<\/li>\n<\/ul>\n\n\n\n<h3 class=\"wp-block-heading\"><strong>\u00bfC\u00f3mo puedo aplicar?<\/strong><\/h3>\n\n\n\n<p>Si calificas para este cr\u00e9dito y te interesar\u00eda acceder al mismo, puedes ingresar en el portal del Infonavit, luego al apartado de Quiero un cr\u00e9dito y de ah\u00ed a Quiero remodelar, donde te explicar\u00e1n esta y otras opciones. Una vez en\u00a0ese sitio, encontrar\u00e1s de manera m\u00e1s detallada qu\u00e9 documentos debes presentar y una pesta\u00f1a de registro para postularse.<\/p>\n\n\n\n<figure class=\"wp-block-image size-full\"><img loading=\"lazy\" decoding=\"async\" width=\"739\" height=\"415\" src=\"https:\/\/quehacerpolitico.mx\/wp-content\/uploads\/2023\/04\/image-65.jpeg\" alt=\"\" class=\"wp-image-100372\" srcset=\"https:\/\/quehacerpolitico.mx\/wp-content\/uploads\/2023\/04\/image-65.jpeg 739w, https:\/\/quehacerpolitico.mx\/wp-content\/uploads\/2023\/04\/image-65-300x168.jpeg 300w, https:\/\/quehacerpolitico.mx\/wp-content\/uploads\/2023\/04\/image-65-260x146.jpeg 260w, https:\/\/quehacerpolitico.mx\/wp-content\/uploads\/2023\/04\/image-65-50x28.jpeg 50w, https:\/\/quehacerpolitico.mx\/wp-content\/uploads\/2023\/04\/image-65-134x75.jpeg 134w\" sizes=\"auto, (max-width: 739px) 100vw, 739px\" \/><\/figure>\n\n\n\n<p>Te recordamos que en el portal de Mi Cuenta puedes buscar informaci\u00f3n para otras opciones de cr\u00e9dito, si tu objetivo es\u00a0comprar casa Infonavit en Yucat\u00e1n o buscas m\u00e1s informaci\u00f3n sobre tu estatus con el Instituto.\u00a0<\/p>\n\n\n\n<p>De igual manera,\u00a0en\u00a0 NotiExpress | La Revista del Sector Inmobiliario te contamos lo que tienes que saber sobre este y otros temas relacionados con los apoyos a la vivienda en M\u00e9xico, as\u00ed busques\u00a0comprar casa Infonavit en Ciudad de M\u00e9xico o entender c\u00f3mo funcionan los puntos para obtener tu vivienda.<\/p>\n\n\n\n<p>No se te olvide que?<\/p>\n\n\n\n<p>En\u00a0NotiExpress | La Revista del Sector Inmobiliario nos ocupamos en la difusi\u00f3n de la industria inmobiliaria generamos contenidos que te ayudar\u00e1n a mantenerte a la vanguardia en tecnolog\u00eda y en tendencias del sector inmobiliario para que puedas ofrecer el mejor servicio y generar m\u00e1s clientes.<\/p>\n\n\n\n<p>\u00c9chale una miradita a nuestra revista mensual donde encontrar\u00e1s la informaci\u00f3n precisa y oportuna con todo lo relacionado al sector inmobiliario aqu\u00ed\u00a0?<a href=\"https:\/\/issuu.com\/notiexpressmx\/docs\/notiexpress_07\">https:\/\/issuu.com\/notiexpressmx\/docs\/notiexpress_07\u00a0<\/a>\u00a0NotiExpress | La Revista del Sector Inmobiliario<\/p>\n\n\n\n<figure class=\"wp-block-image size-large\"><img loading=\"lazy\" decoding=\"async\" width=\"1024\" height=\"378\" src=\"https:\/\/quehacerpolitico.mx\/wp-content\/uploads\/2023\/04\/image-63-1024x378.jpeg\" alt=\"\" class=\"wp-image-100370\" srcset=\"https:\/\/quehacerpolitico.mx\/wp-content\/uploads\/2023\/04\/image-63-1024x378.jpeg 1024w, https:\/\/quehacerpolitico.mx\/wp-content\/uploads\/2023\/04\/image-63-300x111.jpeg 300w, https:\/\/quehacerpolitico.mx\/wp-content\/uploads\/2023\/04\/image-63-768x284.jpeg 768w, https:\/\/quehacerpolitico.mx\/wp-content\/uploads\/2023\/04\/image-63-260x96.jpeg 260w, https:\/\/quehacerpolitico.mx\/wp-content\/uploads\/2023\/04\/image-63-50x18.jpeg 50w, https:\/\/quehacerpolitico.mx\/wp-content\/uploads\/2023\/04\/image-63-150x55.jpeg 150w, https:\/\/quehacerpolitico.mx\/wp-content\/uploads\/2023\/04\/image-63.jpeg 1280w\" sizes=\"auto, (max-width: 1024px) 100vw, 1024px\" \/><\/figure>\n","protected":false},"excerpt":{"rendered":"<p>Por Redacci\u00f3n QP Existen personas en M\u00e9xico que alguna vez cotizaron en el\u00a0Instituto del Fondo&#8230;<\/p>\n","protected":false},"author":2,"featured_media":100373,"comment_status":"open","ping_status":"open","sticky":false,"template":"","format":"standard","meta":{"_monsterinsights_skip_tracking":false,"_monsterinsights_sitenote_active":false,"_monsterinsights_sitenote_note":"","_monsterinsights_sitenote_category":0,"footnotes":""},"categories":[56],"tags":[],"class_list":["post-100369","post","type-post","status-publish","format-standard","has-post-thumbnail","hentry","category-economia"],"yoast_head":"<!-- This site is optimized with the Yoast SEO plugin v27.3 - https:\/\/yoast.com\/product\/yoast-seo-wordpress\/ -->\n<title>Conoce el programa Mejora Si de Infonavit -<\/title>\n<meta name=\"robots\" content=\"index, follow, max-snippet:-1, max-image-preview:large, max-video-preview:-1\" \/>\n<link rel=\"canonical\" href=\"https:\/\/quehacerpolitico.mx\/?p=100369\" \/>\n<meta property=\"og:locale\" content=\"es_MX\" \/>\n<meta property=\"og:type\" content=\"article\" \/>\n<meta property=\"og:title\" content=\"Conoce el programa Mejora Si de Infonavit -\" \/>\n<meta property=\"og:description\" content=\"Por Redacci\u00f3n QP Existen personas en M\u00e9xico que alguna vez cotizaron en el\u00a0Instituto del Fondo...\" \/>\n<meta property=\"og:url\" content=\"https:\/\/quehacerpolitico.mx\/?p=100369\" \/>\n<meta property=\"article:published_time\" content=\"2023-04-26T23:28:00+00:00\" \/>\n<meta property=\"article:modified_time\" content=\"2023-04-26T23:28:03+00:00\" \/>\n<meta property=\"og:image\" content=\"https:\/\/quehacerpolitico.mx\/wp-content\/uploads\/2023\/04\/photo-output-11.jpeg\" \/>\n\t<meta property=\"og:image:width\" content=\"2046\" \/>\n\t<meta property=\"og:image:height\" content=\"1128\" \/>\n\t<meta property=\"og:image:type\" content=\"image\/jpeg\" \/>\n<meta name=\"author\" content=\"Redacci\u00f3n QP\" \/>\n<meta name=\"twitter:card\" content=\"summary_large_image\" \/>\n<meta name=\"twitter:label1\" content=\"Escrito por\" \/>\n\t<meta name=\"twitter:data1\" content=\"Redacci\u00f3n QP\" \/>\n\t<meta name=\"twitter:label2\" content=\"Tiempo de lectura\" \/>\n\t<meta name=\"twitter:data2\" content=\"4 minutos\" \/>\n<script type=\"application\/ld+json\" class=\"yoast-schema-graph\">{\"@context\":\"https:\\\/\\\/schema.org\",\"@graph\":[{\"@type\":\"Article\",\"@id\":\"https:\\\/\\\/quehacerpolitico.mx\\\/?p=100369#article\",\"isPartOf\":{\"@id\":\"https:\\\/\\\/quehacerpolitico.mx\\\/?p=100369\"},\"author\":{\"name\":\"Redacci\u00f3n QP\",\"@id\":\"https:\\\/\\\/quehacerpolitico.mx\\\/#\\\/schema\\\/person\\\/496d8ad2d1d3f8036101dca7ee39e585\"},\"headline\":\"Conoce el programa Mejora Si de Infonavit\",\"datePublished\":\"2023-04-26T23:28:00+00:00\",\"dateModified\":\"2023-04-26T23:28:03+00:00\",\"mainEntityOfPage\":{\"@id\":\"https:\\\/\\\/quehacerpolitico.mx\\\/?p=100369\"},\"wordCount\":766,\"commentCount\":0,\"image\":{\"@id\":\"https:\\\/\\\/quehacerpolitico.mx\\\/?p=100369#primaryimage\"},\"thumbnailUrl\":\"https:\\\/\\\/quehacerpolitico.mx\\\/wp-content\\\/uploads\\\/2023\\\/04\\\/photo-output-11.jpeg\",\"articleSection\":[\"Econom\u00eda\"],\"inLanguage\":\"es\",\"potentialAction\":[{\"@type\":\"CommentAction\",\"name\":\"Comment\",\"target\":[\"https:\\\/\\\/quehacerpolitico.mx\\\/?p=100369#respond\"]}]},{\"@type\":\"WebPage\",\"@id\":\"https:\\\/\\\/quehacerpolitico.mx\\\/?p=100369\",\"url\":\"https:\\\/\\\/quehacerpolitico.mx\\\/?p=100369\",\"name\":\"Conoce el programa Mejora Si de Infonavit -\",\"isPartOf\":{\"@id\":\"https:\\\/\\\/quehacerpolitico.mx\\\/#website\"},\"primaryImageOfPage\":{\"@id\":\"https:\\\/\\\/quehacerpolitico.mx\\\/?p=100369#primaryimage\"},\"image\":{\"@id\":\"https:\\\/\\\/quehacerpolitico.mx\\\/?p=100369#primaryimage\"},\"thumbnailUrl\":\"https:\\\/\\\/quehacerpolitico.mx\\\/wp-content\\\/uploads\\\/2023\\\/04\\\/photo-output-11.jpeg\",\"datePublished\":\"2023-04-26T23:28:00+00:00\",\"dateModified\":\"2023-04-26T23:28:03+00:00\",\"author\":{\"@id\":\"https:\\\/\\\/quehacerpolitico.mx\\\/#\\\/schema\\\/person\\\/496d8ad2d1d3f8036101dca7ee39e585\"},\"breadcrumb\":{\"@id\":\"https:\\\/\\\/quehacerpolitico.mx\\\/?p=100369#breadcrumb\"},\"inLanguage\":\"es\",\"potentialAction\":[{\"@type\":\"ReadAction\",\"target\":[\"https:\\\/\\\/quehacerpolitico.mx\\\/?p=100369\"]}]},{\"@type\":\"ImageObject\",\"inLanguage\":\"es\",\"@id\":\"https:\\\/\\\/quehacerpolitico.mx\\\/?p=100369#primaryimage\",\"url\":\"https:\\\/\\\/quehacerpolitico.mx\\\/wp-content\\\/uploads\\\/2023\\\/04\\\/photo-output-11.jpeg\",\"contentUrl\":\"https:\\\/\\\/quehacerpolitico.mx\\\/wp-content\\\/uploads\\\/2023\\\/04\\\/photo-output-11.jpeg\",\"width\":2046,\"height\":1128},{\"@type\":\"BreadcrumbList\",\"@id\":\"https:\\\/\\\/quehacerpolitico.mx\\\/?p=100369#breadcrumb\",\"itemListElement\":[{\"@type\":\"ListItem\",\"position\":1,\"name\":\"Inicio\",\"item\":\"https:\\\/\\\/quehacerpolitico.mx\\\/\"},{\"@type\":\"ListItem\",\"position\":2,\"name\":\"Conoce el programa Mejora Si de Infonavit\"}]},{\"@type\":\"WebSite\",\"@id\":\"https:\\\/\\\/quehacerpolitico.mx\\\/#website\",\"url\":\"https:\\\/\\\/quehacerpolitico.mx\\\/\",\"name\":\"\",\"description\":\"\",\"potentialAction\":[{\"@type\":\"SearchAction\",\"target\":{\"@type\":\"EntryPoint\",\"urlTemplate\":\"https:\\\/\\\/quehacerpolitico.mx\\\/?s={search_term_string}\"},\"query-input\":{\"@type\":\"PropertyValueSpecification\",\"valueRequired\":true,\"valueName\":\"search_term_string\"}}],\"inLanguage\":\"es\"},{\"@type\":\"Person\",\"@id\":\"https:\\\/\\\/quehacerpolitico.mx\\\/#\\\/schema\\\/person\\\/496d8ad2d1d3f8036101dca7ee39e585\",\"name\":\"Redacci\u00f3n QP\",\"image\":{\"@type\":\"ImageObject\",\"inLanguage\":\"es\",\"@id\":\"https:\\\/\\\/secure.gravatar.com\\\/avatar\\\/c7164ed6fdec453195284ad24a5ae5b6e1eed2b848477fa2a4787ba9adf39a41?s=96&d=mm&r=g\",\"url\":\"https:\\\/\\\/secure.gravatar.com\\\/avatar\\\/c7164ed6fdec453195284ad24a5ae5b6e1eed2b848477fa2a4787ba9adf39a41?s=96&d=mm&r=g\",\"contentUrl\":\"https:\\\/\\\/secure.gravatar.com\\\/avatar\\\/c7164ed6fdec453195284ad24a5ae5b6e1eed2b848477fa2a4787ba9adf39a41?s=96&d=mm&r=g\",\"caption\":\"Redacci\u00f3n QP\"},\"url\":\"https:\\\/\\\/quehacerpolitico.mx\\\/?author=2\"}]}<\/script>\n<!-- \/ Yoast SEO plugin. -->","yoast_head_json":{"title":"Conoce el programa Mejora Si de Infonavit -","robots":{"index":"index","follow":"follow","max-snippet":"max-snippet:-1","max-image-preview":"max-image-preview:large","max-video-preview":"max-video-preview:-1"},"canonical":"https:\/\/quehacerpolitico.mx\/?p=100369","og_locale":"es_MX","og_type":"article","og_title":"Conoce el programa Mejora Si de Infonavit -","og_description":"Por Redacci\u00f3n QP Existen personas en M\u00e9xico que alguna vez cotizaron en el\u00a0Instituto del Fondo...","og_url":"https:\/\/quehacerpolitico.mx\/?p=100369","article_published_time":"2023-04-26T23:28:00+00:00","article_modified_time":"2023-04-26T23:28:03+00:00","og_image":[{"width":2046,"height":1128,"url":"https:\/\/quehacerpolitico.mx\/wp-content\/uploads\/2023\/04\/photo-output-11.jpeg","type":"image\/jpeg"}],"author":"Redacci\u00f3n QP","twitter_card":"summary_large_image","twitter_misc":{"Escrito por":"Redacci\u00f3n QP","Tiempo de lectura":"4 minutos"},"schema":{"@context":"https:\/\/schema.org","@graph":[{"@type":"Article","@id":"https:\/\/quehacerpolitico.mx\/?p=100369#article","isPartOf":{"@id":"https:\/\/quehacerpolitico.mx\/?p=100369"},"author":{"name":"Redacci\u00f3n QP","@id":"https:\/\/quehacerpolitico.mx\/#\/schema\/person\/496d8ad2d1d3f8036101dca7ee39e585"},"headline":"Conoce el programa Mejora Si de Infonavit","datePublished":"2023-04-26T23:28:00+00:00","dateModified":"2023-04-26T23:28:03+00:00","mainEntityOfPage":{"@id":"https:\/\/quehacerpolitico.mx\/?p=100369"},"wordCount":766,"commentCount":0,"image":{"@id":"https:\/\/quehacerpolitico.mx\/?p=100369#primaryimage"},"thumbnailUrl":"https:\/\/quehacerpolitico.mx\/wp-content\/uploads\/2023\/04\/photo-output-11.jpeg","articleSection":["Econom\u00eda"],"inLanguage":"es","potentialAction":[{"@type":"CommentAction","name":"Comment","target":["https:\/\/quehacerpolitico.mx\/?p=100369#respond"]}]},{"@type":"WebPage","@id":"https:\/\/quehacerpolitico.mx\/?p=100369","url":"https:\/\/quehacerpolitico.mx\/?p=100369","name":"Conoce el programa Mejora Si de Infonavit -","isPartOf":{"@id":"https:\/\/quehacerpolitico.mx\/#website"},"primaryImageOfPage":{"@id":"https:\/\/quehacerpolitico.mx\/?p=100369#primaryimage"},"image":{"@id":"https:\/\/quehacerpolitico.mx\/?p=100369#primaryimage"},"thumbnailUrl":"https:\/\/quehacerpolitico.mx\/wp-content\/uploads\/2023\/04\/photo-output-11.jpeg","datePublished":"2023-04-26T23:28:00+00:00","dateModified":"2023-04-26T23:28:03+00:00","author":{"@id":"https:\/\/quehacerpolitico.mx\/#\/schema\/person\/496d8ad2d1d3f8036101dca7ee39e585"},"breadcrumb":{"@id":"https:\/\/quehacerpolitico.mx\/?p=100369#breadcrumb"},"inLanguage":"es","potentialAction":[{"@type":"ReadAction","target":["https:\/\/quehacerpolitico.mx\/?p=100369"]}]},{"@type":"ImageObject","inLanguage":"es","@id":"https:\/\/quehacerpolitico.mx\/?p=100369#primaryimage","url":"https:\/\/quehacerpolitico.mx\/wp-content\/uploads\/2023\/04\/photo-output-11.jpeg","contentUrl":"https:\/\/quehacerpolitico.mx\/wp-content\/uploads\/2023\/04\/photo-output-11.jpeg","width":2046,"height":1128},{"@type":"BreadcrumbList","@id":"https:\/\/quehacerpolitico.mx\/?p=100369#breadcrumb","itemListElement":[{"@type":"ListItem","position":1,"name":"Inicio","item":"https:\/\/quehacerpolitico.mx\/"},{"@type":"ListItem","position":2,"name":"Conoce el programa Mejora Si de Infonavit"}]},{"@type":"WebSite","@id":"https:\/\/quehacerpolitico.mx\/#website","url":"https:\/\/quehacerpolitico.mx\/","name":"","description":"","potentialAction":[{"@type":"SearchAction","target":{"@type":"EntryPoint","urlTemplate":"https:\/\/quehacerpolitico.mx\/?s={search_term_string}"},"query-input":{"@type":"PropertyValueSpecification","valueRequired":true,"valueName":"search_term_string"}}],"inLanguage":"es"},{"@type":"Person","@id":"https:\/\/quehacerpolitico.mx\/#\/schema\/person\/496d8ad2d1d3f8036101dca7ee39e585","name":"Redacci\u00f3n QP","image":{"@type":"ImageObject","inLanguage":"es","@id":"https:\/\/secure.gravatar.com\/avatar\/c7164ed6fdec453195284ad24a5ae5b6e1eed2b848477fa2a4787ba9adf39a41?s=96&d=mm&r=g","url":"https:\/\/secure.gravatar.com\/avatar\/c7164ed6fdec453195284ad24a5ae5b6e1eed2b848477fa2a4787ba9adf39a41?s=96&d=mm&r=g","contentUrl":"https:\/\/secure.gravatar.com\/avatar\/c7164ed6fdec453195284ad24a5ae5b6e1eed2b848477fa2a4787ba9adf39a41?s=96&d=mm&r=g","caption":"Redacci\u00f3n QP"},"url":"https:\/\/quehacerpolitico.mx\/?author=2"}]}},"featured_image_urls":{"full":["https:\/\/quehacerpolitico.mx\/wp-content\/uploads\/2023\/04\/photo-output-11.jpeg",2046,1128,false],"thumbnail":["https:\/\/quehacerpolitico.mx\/wp-content\/uploads\/2023\/04\/photo-output-11-150x150.jpeg",150,150,true],"medium":["https:\/\/quehacerpolitico.mx\/wp-content\/uploads\/2023\/04\/photo-output-11-300x165.jpeg",300,165,true],"medium_large":["https:\/\/quehacerpolitico.mx\/wp-content\/uploads\/2023\/04\/photo-output-11-768x423.jpeg",640,353,true],"large":["https:\/\/quehacerpolitico.mx\/wp-content\/uploads\/2023\/04\/photo-output-11-1024x565.jpeg",640,353,true],"1536x1536":["https:\/\/quehacerpolitico.mx\/wp-content\/uploads\/2023\/04\/photo-output-11-1536x847.jpeg",1536,847,true],"2048x2048":["https:\/\/quehacerpolitico.mx\/wp-content\/uploads\/2023\/04\/photo-output-11.jpeg",2046,1128,false],"covernews-featured":["https:\/\/quehacerpolitico.mx\/wp-content\/uploads\/2023\/04\/photo-output-11.jpeg",1024,565,false],"covernews-medium":["https:\/\/quehacerpolitico.mx\/wp-content\/uploads\/2023\/04\/photo-output-11.jpeg",540,298,false]},"author_info":{"display_name":"Redacci\u00f3n QP","author_link":"https:\/\/quehacerpolitico.mx\/?author=2"},"category_info":"<a href=\"https:\/\/quehacerpolitico.mx\/?cat=56\" rel=\"category\">Econom\u00eda<\/a>","tag_info":"Econom\u00eda","comment_count":"0","_links":{"self":[{"href":"https:\/\/quehacerpolitico.mx\/index.php?rest_route=\/wp\/v2\/posts\/100369","targetHints":{"allow":["GET"]}}],"collection":[{"href":"https:\/\/quehacerpolitico.mx\/index.php?rest_route=\/wp\/v2\/posts"}],"about":[{"href":"https:\/\/quehacerpolitico.mx\/index.php?rest_route=\/wp\/v2\/types\/post"}],"author":[{"embeddable":true,"href":"https:\/\/quehacerpolitico.mx\/index.php?rest_route=\/wp\/v2\/users\/2"}],"replies":[{"embeddable":true,"href":"https:\/\/quehacerpolitico.mx\/index.php?rest_route=%2Fwp%2Fv2%2Fcomments&post=100369"}],"version-history":[{"count":1,"href":"https:\/\/quehacerpolitico.mx\/index.php?rest_route=\/wp\/v2\/posts\/100369\/revisions"}],"predecessor-version":[{"id":100374,"href":"https:\/\/quehacerpolitico.mx\/index.php?rest_route=\/wp\/v2\/posts\/100369\/revisions\/100374"}],"wp:featuredmedia":[{"embeddable":true,"href":"https:\/\/quehacerpolitico.mx\/index.php?rest_route=\/wp\/v2\/media\/100373"}],"wp:attachment":[{"href":"https:\/\/quehacerpolitico.mx\/index.php?rest_route=%2Fwp%2Fv2%2Fmedia&parent=100369"}],"wp:term":[{"taxonomy":"category","embeddable":true,"href":"https:\/\/quehacerpolitico.mx\/index.php?rest_route=%2Fwp%2Fv2%2Fcategories&post=100369"},{"taxonomy":"post_tag","embeddable":true,"href":"https:\/\/quehacerpolitico.mx\/index.php?rest_route=%2Fwp%2Fv2%2Ftags&post=100369"}],"curies":[{"name":"wp","href":"https:\/\/api.w.org\/{rel}","templated":true}]}}