{"id":100192,"date":"2023-04-21T22:14:11","date_gmt":"2023-04-21T22:14:11","guid":{"rendered":"https:\/\/quehacerpolitico.mx\/?p=100192"},"modified":"2023-04-21T22:14:13","modified_gmt":"2023-04-21T22:14:13","slug":"tribunal-desecha-amparo-de-yasmin-esquivel-unam-puede-resolver-sobre-plagio","status":"publish","type":"post","link":"https:\/\/quehacerpolitico.mx\/?p=100192","title":{"rendered":"Tribunal desecha amparo de Yasm\u00edn Esquivel; UNAM puede resolver sobre plagio"},"content":{"rendered":"\n<p>Por Redacci\u00f3n QP<\/p>\n\n\n\n<p>Un tribunal federal desech\u00f3 el amparo de la ministra Yasm\u00edn Esquivel que imped\u00eda a la UNAM resolver sobre el presunto plagio de su tesis<\/p>\n\n\n\n<p>El Vig\u00e9simo Primer Tribunal Colegiado en Materia Administrativa del Primer Circuito<strong>\u00a0declar\u00f3 fundado, por dos votos contra uno, un recurso de queja de las autoridades de la UNAM\u00a0<\/strong>en el que se determin\u00f3 que Yasm\u00edn Esquivel Mossa deber\u00e1 esperar a que el Comit\u00e9 universitario resuelva lo que corresponda para poder impugnarlo, si es que \u00e9ste llegara a fallar en su contra. Por tanto, no hay nada todav\u00eda decidido.<\/p>\n\n\n\n<figure class=\"wp-block-image size-full\"><img loading=\"lazy\" decoding=\"async\" width=\"706\" height=\"1024\" src=\"https:\/\/quehacerpolitico.mx\/wp-content\/uploads\/2023\/04\/image-44.jpeg\" alt=\"\" class=\"wp-image-100194\" srcset=\"https:\/\/quehacerpolitico.mx\/wp-content\/uploads\/2023\/04\/image-44.jpeg 706w, https:\/\/quehacerpolitico.mx\/wp-content\/uploads\/2023\/04\/image-44-207x300.jpeg 207w, https:\/\/quehacerpolitico.mx\/wp-content\/uploads\/2023\/04\/image-44-101x146.jpeg 101w, https:\/\/quehacerpolitico.mx\/wp-content\/uploads\/2023\/04\/image-44-34x50.jpeg 34w, https:\/\/quehacerpolitico.mx\/wp-content\/uploads\/2023\/04\/image-44-52x75.jpeg 52w\" sizes=\"auto, (max-width: 706px) 100vw, 706px\" \/><\/figure>\n\n\n\n<p>Como se sabe, la demanda de amparo fue promovida por la ministra desde que las autoridades universitarias divulgaron en los medios de informaci\u00f3n diversos hechos en contra de Esquivel Mossa, pero sin haberla tomado en cuenta.<\/p>\n\n\n\n<p>En un comunicado, la ministra de la Corte se\u00f1ala que &#8220;primero la condenaron, y luego le informaron de lo que se le acusaba, y por eso, el asunto se traslad\u00f3 a un nuevo Comit\u00e9 de \u00c9tica de la UNAM&#8221;.<\/p>\n\n\n\n<p>Ahora, el Tribunal Colegiado decidi\u00f3 que debe de esperar hasta que esta nueva autoridad resuelva sobre el mismo asunto, por lo que&nbsp;<strong>el procedimiento podr\u00eda seguir su curso en espera de una posible nueva impugnaci\u00f3n,&nbsp;<\/strong>que se podr\u00e1 reclamar, si es que fuera desfavorable a Yasm\u00edn Esquivel Mossa.<\/p>\n\n\n\n<p><strong>La ministra ha sostenido en todo momento que la tesis es de su autor\u00eda, p<\/strong>ues tiene pruebas fehacientes y que conf\u00eda en la UNAM.<\/p>\n\n\n\n<p>Por otra parte, el Comit\u00e9 de \u00c9tica no podr\u00e1 emitir resoluci\u00f3n, toda vez que hay una diversa medida cautelar emitida por el 60\u00ba Juzgado de lo Civil, en el expediente 387\/2023. Esta \u00faltima medida cautelar se debe mantener hasta que el Juez determine sobre la legalidad del procedimiento.<\/p>\n\n\n\n<p>La resoluci\u00f3n del Vig\u00e9simo Primer Tribunal Colegiado en Materia Administrativa del Primer Circuito se realiz\u00f3 en sesi\u00f3n p\u00fablica, sin embargo, hay otra versi\u00f3n de que ya se puede dar a conocer la resoluci\u00f3n del Comit\u00e9 de \u00c9tica de la UNAM.<\/p>\n\n\n\n<p>Apenas hace unos d\u00edas, el rector de la Universidad Aut\u00f3noma de M\u00e9xico (UNAM), Enrique Graue Wiechers, adelant\u00f3 que el Comit\u00e9 de \u00c9tica de la instituci\u00f3n ya concluy\u00f3 los estudios sobre el caso de plagio de la ministra Yasm\u00edn Esquivel Mossa.<\/p>\n\n\n\n<p>Con Informaci\u00f3n de SUN <\/p>\n","protected":false},"excerpt":{"rendered":"<p>Por Redacci\u00f3n QP Un tribunal federal desech\u00f3 el amparo de la ministra Yasm\u00edn Esquivel que&#8230;<\/p>\n","protected":false},"author":2,"featured_media":100193,"comment_status":"open","ping_status":"open","sticky":false,"template":"","format":"standard","meta":{"_monsterinsights_skip_tracking":false,"_monsterinsights_sitenote_active":false,"_monsterinsights_sitenote_note":"","_monsterinsights_sitenote_category":0,"footnotes":""},"categories":[2],"tags":[],"class_list":["post-100192","post","type-post","status-publish","format-standard","has-post-thumbnail","hentry","category-noticias"],"yoast_head":"<!-- This site is optimized with the Yoast SEO plugin v27.3 - https:\/\/yoast.com\/product\/yoast-seo-wordpress\/ -->\n<title>Tribunal desecha amparo de Yasm\u00edn Esquivel; UNAM puede resolver sobre plagio -<\/title>\n<meta name=\"robots\" content=\"index, follow, max-snippet:-1, max-image-preview:large, max-video-preview:-1\" \/>\n<link rel=\"canonical\" href=\"https:\/\/quehacerpolitico.mx\/?p=100192\" \/>\n<meta property=\"og:locale\" content=\"es_MX\" \/>\n<meta property=\"og:type\" content=\"article\" \/>\n<meta property=\"og:title\" content=\"Tribunal desecha amparo de Yasm\u00edn Esquivel; UNAM puede resolver sobre plagio -\" \/>\n<meta property=\"og:description\" content=\"Por Redacci\u00f3n QP Un tribunal federal desech\u00f3 el amparo de la ministra Yasm\u00edn Esquivel que...\" \/>\n<meta property=\"og:url\" content=\"https:\/\/quehacerpolitico.mx\/?p=100192\" \/>\n<meta property=\"article:published_time\" content=\"2023-04-21T22:14:11+00:00\" \/>\n<meta property=\"article:modified_time\" content=\"2023-04-21T22:14:13+00:00\" \/>\n<meta property=\"og:image\" content=\"https:\/\/quehacerpolitico.mx\/wp-content\/uploads\/2023\/04\/IMG_7224.jpeg\" \/>\n\t<meta property=\"og:image:width\" content=\"640\" \/>\n\t<meta property=\"og:image:height\" content=\"480\" \/>\n\t<meta property=\"og:image:type\" content=\"image\/jpeg\" \/>\n<meta name=\"author\" content=\"Redacci\u00f3n QP\" \/>\n<meta name=\"twitter:card\" content=\"summary_large_image\" \/>\n<meta name=\"twitter:label1\" content=\"Escrito por\" \/>\n\t<meta name=\"twitter:data1\" content=\"Redacci\u00f3n QP\" \/>\n\t<meta name=\"twitter:label2\" content=\"Tiempo de lectura\" \/>\n\t<meta name=\"twitter:data2\" content=\"2 minutos\" \/>\n<script type=\"application\/ld+json\" class=\"yoast-schema-graph\">{\"@context\":\"https:\\\/\\\/schema.org\",\"@graph\":[{\"@type\":\"Article\",\"@id\":\"https:\\\/\\\/quehacerpolitico.mx\\\/?p=100192#article\",\"isPartOf\":{\"@id\":\"https:\\\/\\\/quehacerpolitico.mx\\\/?p=100192\"},\"author\":{\"name\":\"Redacci\u00f3n QP\",\"@id\":\"https:\\\/\\\/quehacerpolitico.mx\\\/#\\\/schema\\\/person\\\/496d8ad2d1d3f8036101dca7ee39e585\"},\"headline\":\"Tribunal desecha amparo de Yasm\u00edn Esquivel; UNAM puede resolver sobre plagio\",\"datePublished\":\"2023-04-21T22:14:11+00:00\",\"dateModified\":\"2023-04-21T22:14:13+00:00\",\"mainEntityOfPage\":{\"@id\":\"https:\\\/\\\/quehacerpolitico.mx\\\/?p=100192\"},\"wordCount\":412,\"commentCount\":0,\"image\":{\"@id\":\"https:\\\/\\\/quehacerpolitico.mx\\\/?p=100192#primaryimage\"},\"thumbnailUrl\":\"https:\\\/\\\/quehacerpolitico.mx\\\/wp-content\\\/uploads\\\/2023\\\/04\\\/IMG_7224.jpeg\",\"articleSection\":[\"Noticias\"],\"inLanguage\":\"es\",\"potentialAction\":[{\"@type\":\"CommentAction\",\"name\":\"Comment\",\"target\":[\"https:\\\/\\\/quehacerpolitico.mx\\\/?p=100192#respond\"]}]},{\"@type\":\"WebPage\",\"@id\":\"https:\\\/\\\/quehacerpolitico.mx\\\/?p=100192\",\"url\":\"https:\\\/\\\/quehacerpolitico.mx\\\/?p=100192\",\"name\":\"Tribunal desecha amparo de Yasm\u00edn Esquivel; UNAM puede resolver sobre plagio -\",\"isPartOf\":{\"@id\":\"https:\\\/\\\/quehacerpolitico.mx\\\/#website\"},\"primaryImageOfPage\":{\"@id\":\"https:\\\/\\\/quehacerpolitico.mx\\\/?p=100192#primaryimage\"},\"image\":{\"@id\":\"https:\\\/\\\/quehacerpolitico.mx\\\/?p=100192#primaryimage\"},\"thumbnailUrl\":\"https:\\\/\\\/quehacerpolitico.mx\\\/wp-content\\\/uploads\\\/2023\\\/04\\\/IMG_7224.jpeg\",\"datePublished\":\"2023-04-21T22:14:11+00:00\",\"dateModified\":\"2023-04-21T22:14:13+00:00\",\"author\":{\"@id\":\"https:\\\/\\\/quehacerpolitico.mx\\\/#\\\/schema\\\/person\\\/496d8ad2d1d3f8036101dca7ee39e585\"},\"breadcrumb\":{\"@id\":\"https:\\\/\\\/quehacerpolitico.mx\\\/?p=100192#breadcrumb\"},\"inLanguage\":\"es\",\"potentialAction\":[{\"@type\":\"ReadAction\",\"target\":[\"https:\\\/\\\/quehacerpolitico.mx\\\/?p=100192\"]}]},{\"@type\":\"ImageObject\",\"inLanguage\":\"es\",\"@id\":\"https:\\\/\\\/quehacerpolitico.mx\\\/?p=100192#primaryimage\",\"url\":\"https:\\\/\\\/quehacerpolitico.mx\\\/wp-content\\\/uploads\\\/2023\\\/04\\\/IMG_7224.jpeg\",\"contentUrl\":\"https:\\\/\\\/quehacerpolitico.mx\\\/wp-content\\\/uploads\\\/2023\\\/04\\\/IMG_7224.jpeg\",\"width\":640,\"height\":480},{\"@type\":\"BreadcrumbList\",\"@id\":\"https:\\\/\\\/quehacerpolitico.mx\\\/?p=100192#breadcrumb\",\"itemListElement\":[{\"@type\":\"ListItem\",\"position\":1,\"name\":\"Inicio\",\"item\":\"https:\\\/\\\/quehacerpolitico.mx\\\/\"},{\"@type\":\"ListItem\",\"position\":2,\"name\":\"Tribunal desecha amparo de Yasm\u00edn Esquivel; UNAM puede resolver sobre plagio\"}]},{\"@type\":\"WebSite\",\"@id\":\"https:\\\/\\\/quehacerpolitico.mx\\\/#website\",\"url\":\"https:\\\/\\\/quehacerpolitico.mx\\\/\",\"name\":\"\",\"description\":\"\",\"potentialAction\":[{\"@type\":\"SearchAction\",\"target\":{\"@type\":\"EntryPoint\",\"urlTemplate\":\"https:\\\/\\\/quehacerpolitico.mx\\\/?s={search_term_string}\"},\"query-input\":{\"@type\":\"PropertyValueSpecification\",\"valueRequired\":true,\"valueName\":\"search_term_string\"}}],\"inLanguage\":\"es\"},{\"@type\":\"Person\",\"@id\":\"https:\\\/\\\/quehacerpolitico.mx\\\/#\\\/schema\\\/person\\\/496d8ad2d1d3f8036101dca7ee39e585\",\"name\":\"Redacci\u00f3n QP\",\"image\":{\"@type\":\"ImageObject\",\"inLanguage\":\"es\",\"@id\":\"https:\\\/\\\/secure.gravatar.com\\\/avatar\\\/c7164ed6fdec453195284ad24a5ae5b6e1eed2b848477fa2a4787ba9adf39a41?s=96&d=mm&r=g\",\"url\":\"https:\\\/\\\/secure.gravatar.com\\\/avatar\\\/c7164ed6fdec453195284ad24a5ae5b6e1eed2b848477fa2a4787ba9adf39a41?s=96&d=mm&r=g\",\"contentUrl\":\"https:\\\/\\\/secure.gravatar.com\\\/avatar\\\/c7164ed6fdec453195284ad24a5ae5b6e1eed2b848477fa2a4787ba9adf39a41?s=96&d=mm&r=g\",\"caption\":\"Redacci\u00f3n QP\"},\"url\":\"https:\\\/\\\/quehacerpolitico.mx\\\/?author=2\"}]}<\/script>\n<!-- \/ Yoast SEO plugin. -->","yoast_head_json":{"title":"Tribunal desecha amparo de Yasm\u00edn Esquivel; UNAM puede resolver sobre plagio -","robots":{"index":"index","follow":"follow","max-snippet":"max-snippet:-1","max-image-preview":"max-image-preview:large","max-video-preview":"max-video-preview:-1"},"canonical":"https:\/\/quehacerpolitico.mx\/?p=100192","og_locale":"es_MX","og_type":"article","og_title":"Tribunal desecha amparo de Yasm\u00edn Esquivel; UNAM puede resolver sobre plagio -","og_description":"Por Redacci\u00f3n QP Un tribunal federal desech\u00f3 el amparo de la ministra Yasm\u00edn Esquivel que...","og_url":"https:\/\/quehacerpolitico.mx\/?p=100192","article_published_time":"2023-04-21T22:14:11+00:00","article_modified_time":"2023-04-21T22:14:13+00:00","og_image":[{"width":640,"height":480,"url":"https:\/\/quehacerpolitico.mx\/wp-content\/uploads\/2023\/04\/IMG_7224.jpeg","type":"image\/jpeg"}],"author":"Redacci\u00f3n QP","twitter_card":"summary_large_image","twitter_misc":{"Escrito por":"Redacci\u00f3n QP","Tiempo de lectura":"2 minutos"},"schema":{"@context":"https:\/\/schema.org","@graph":[{"@type":"Article","@id":"https:\/\/quehacerpolitico.mx\/?p=100192#article","isPartOf":{"@id":"https:\/\/quehacerpolitico.mx\/?p=100192"},"author":{"name":"Redacci\u00f3n QP","@id":"https:\/\/quehacerpolitico.mx\/#\/schema\/person\/496d8ad2d1d3f8036101dca7ee39e585"},"headline":"Tribunal desecha amparo de Yasm\u00edn Esquivel; UNAM puede resolver sobre plagio","datePublished":"2023-04-21T22:14:11+00:00","dateModified":"2023-04-21T22:14:13+00:00","mainEntityOfPage":{"@id":"https:\/\/quehacerpolitico.mx\/?p=100192"},"wordCount":412,"commentCount":0,"image":{"@id":"https:\/\/quehacerpolitico.mx\/?p=100192#primaryimage"},"thumbnailUrl":"https:\/\/quehacerpolitico.mx\/wp-content\/uploads\/2023\/04\/IMG_7224.jpeg","articleSection":["Noticias"],"inLanguage":"es","potentialAction":[{"@type":"CommentAction","name":"Comment","target":["https:\/\/quehacerpolitico.mx\/?p=100192#respond"]}]},{"@type":"WebPage","@id":"https:\/\/quehacerpolitico.mx\/?p=100192","url":"https:\/\/quehacerpolitico.mx\/?p=100192","name":"Tribunal desecha amparo de Yasm\u00edn Esquivel; UNAM puede resolver sobre plagio -","isPartOf":{"@id":"https:\/\/quehacerpolitico.mx\/#website"},"primaryImageOfPage":{"@id":"https:\/\/quehacerpolitico.mx\/?p=100192#primaryimage"},"image":{"@id":"https:\/\/quehacerpolitico.mx\/?p=100192#primaryimage"},"thumbnailUrl":"https:\/\/quehacerpolitico.mx\/wp-content\/uploads\/2023\/04\/IMG_7224.jpeg","datePublished":"2023-04-21T22:14:11+00:00","dateModified":"2023-04-21T22:14:13+00:00","author":{"@id":"https:\/\/quehacerpolitico.mx\/#\/schema\/person\/496d8ad2d1d3f8036101dca7ee39e585"},"breadcrumb":{"@id":"https:\/\/quehacerpolitico.mx\/?p=100192#breadcrumb"},"inLanguage":"es","potentialAction":[{"@type":"ReadAction","target":["https:\/\/quehacerpolitico.mx\/?p=100192"]}]},{"@type":"ImageObject","inLanguage":"es","@id":"https:\/\/quehacerpolitico.mx\/?p=100192#primaryimage","url":"https:\/\/quehacerpolitico.mx\/wp-content\/uploads\/2023\/04\/IMG_7224.jpeg","contentUrl":"https:\/\/quehacerpolitico.mx\/wp-content\/uploads\/2023\/04\/IMG_7224.jpeg","width":640,"height":480},{"@type":"BreadcrumbList","@id":"https:\/\/quehacerpolitico.mx\/?p=100192#breadcrumb","itemListElement":[{"@type":"ListItem","position":1,"name":"Inicio","item":"https:\/\/quehacerpolitico.mx\/"},{"@type":"ListItem","position":2,"name":"Tribunal desecha amparo de Yasm\u00edn Esquivel; UNAM puede resolver sobre plagio"}]},{"@type":"WebSite","@id":"https:\/\/quehacerpolitico.mx\/#website","url":"https:\/\/quehacerpolitico.mx\/","name":"","description":"","potentialAction":[{"@type":"SearchAction","target":{"@type":"EntryPoint","urlTemplate":"https:\/\/quehacerpolitico.mx\/?s={search_term_string}"},"query-input":{"@type":"PropertyValueSpecification","valueRequired":true,"valueName":"search_term_string"}}],"inLanguage":"es"},{"@type":"Person","@id":"https:\/\/quehacerpolitico.mx\/#\/schema\/person\/496d8ad2d1d3f8036101dca7ee39e585","name":"Redacci\u00f3n QP","image":{"@type":"ImageObject","inLanguage":"es","@id":"https:\/\/secure.gravatar.com\/avatar\/c7164ed6fdec453195284ad24a5ae5b6e1eed2b848477fa2a4787ba9adf39a41?s=96&d=mm&r=g","url":"https:\/\/secure.gravatar.com\/avatar\/c7164ed6fdec453195284ad24a5ae5b6e1eed2b848477fa2a4787ba9adf39a41?s=96&d=mm&r=g","contentUrl":"https:\/\/secure.gravatar.com\/avatar\/c7164ed6fdec453195284ad24a5ae5b6e1eed2b848477fa2a4787ba9adf39a41?s=96&d=mm&r=g","caption":"Redacci\u00f3n QP"},"url":"https:\/\/quehacerpolitico.mx\/?author=2"}]}},"featured_image_urls":{"full":["https:\/\/quehacerpolitico.mx\/wp-content\/uploads\/2023\/04\/IMG_7224.jpeg",640,480,false],"thumbnail":["https:\/\/quehacerpolitico.mx\/wp-content\/uploads\/2023\/04\/IMG_7224-150x150.jpeg",150,150,true],"medium":["https:\/\/quehacerpolitico.mx\/wp-content\/uploads\/2023\/04\/IMG_7224-300x225.jpeg",300,225,true],"medium_large":["https:\/\/quehacerpolitico.mx\/wp-content\/uploads\/2023\/04\/IMG_7224.jpeg",640,480,false],"large":["https:\/\/quehacerpolitico.mx\/wp-content\/uploads\/2023\/04\/IMG_7224.jpeg",640,480,false],"1536x1536":["https:\/\/quehacerpolitico.mx\/wp-content\/uploads\/2023\/04\/IMG_7224.jpeg",640,480,false],"2048x2048":["https:\/\/quehacerpolitico.mx\/wp-content\/uploads\/2023\/04\/IMG_7224.jpeg",640,480,false],"covernews-featured":["https:\/\/quehacerpolitico.mx\/wp-content\/uploads\/2023\/04\/IMG_7224.jpeg",640,480,false],"covernews-medium":["https:\/\/quehacerpolitico.mx\/wp-content\/uploads\/2023\/04\/IMG_7224.jpeg",453,340,false]},"author_info":{"display_name":"Redacci\u00f3n QP","author_link":"https:\/\/quehacerpolitico.mx\/?author=2"},"category_info":"<a href=\"https:\/\/quehacerpolitico.mx\/?cat=2\" rel=\"category\">Noticias<\/a>","tag_info":"Noticias","comment_count":"0","_links":{"self":[{"href":"https:\/\/quehacerpolitico.mx\/index.php?rest_route=\/wp\/v2\/posts\/100192","targetHints":{"allow":["GET"]}}],"collection":[{"href":"https:\/\/quehacerpolitico.mx\/index.php?rest_route=\/wp\/v2\/posts"}],"about":[{"href":"https:\/\/quehacerpolitico.mx\/index.php?rest_route=\/wp\/v2\/types\/post"}],"author":[{"embeddable":true,"href":"https:\/\/quehacerpolitico.mx\/index.php?rest_route=\/wp\/v2\/users\/2"}],"replies":[{"embeddable":true,"href":"https:\/\/quehacerpolitico.mx\/index.php?rest_route=%2Fwp%2Fv2%2Fcomments&post=100192"}],"version-history":[{"count":1,"href":"https:\/\/quehacerpolitico.mx\/index.php?rest_route=\/wp\/v2\/posts\/100192\/revisions"}],"predecessor-version":[{"id":100195,"href":"https:\/\/quehacerpolitico.mx\/index.php?rest_route=\/wp\/v2\/posts\/100192\/revisions\/100195"}],"wp:featuredmedia":[{"embeddable":true,"href":"https:\/\/quehacerpolitico.mx\/index.php?rest_route=\/wp\/v2\/media\/100193"}],"wp:attachment":[{"href":"https:\/\/quehacerpolitico.mx\/index.php?rest_route=%2Fwp%2Fv2%2Fmedia&parent=100192"}],"wp:term":[{"taxonomy":"category","embeddable":true,"href":"https:\/\/quehacerpolitico.mx\/index.php?rest_route=%2Fwp%2Fv2%2Fcategories&post=100192"},{"taxonomy":"post_tag","embeddable":true,"href":"https:\/\/quehacerpolitico.mx\/index.php?rest_route=%2Fwp%2Fv2%2Ftags&post=100192"}],"curies":[{"name":"wp","href":"https:\/\/api.w.org\/{rel}","templated":true}]}}