{"id":100189,"date":"2023-04-21T21:57:17","date_gmt":"2023-04-21T21:57:17","guid":{"rendered":"https:\/\/quehacerpolitico.mx\/?p=100189"},"modified":"2023-04-21T21:57:20","modified_gmt":"2023-04-21T21:57:20","slug":"mexico-no-quiere-ayuda-de-eu-contra-el-crimen-organizado-lopez-obrador","status":"publish","type":"post","link":"https:\/\/quehacerpolitico.mx\/?p=100189","title":{"rendered":"M\u00e9xico &#8220;no quiere ayuda&#8221; de EU contra el crimen organizado: L\u00f3pez Obrador"},"content":{"rendered":"\n<p>Por Redacci\u00f3n QP<\/p>\n\n\n\n<p>El Presidente L\u00f3pez Obrador hizo estas declaraciones durante el aniversario de la &#8220;Defensa patri\u00f3tica&#8221; del Puerto de Veracruz<\/p>\n\n\n\n<p>El Presidente de M\u00e9xico,\u00a0Andres Manuel Lopez Obrador, dijo hoy viernes a Estados Unidos que\u00a0<strong>&#8220;no quiere ayuda&#8221;<\/strong>\u00a0para combatir al crimen organizado ante las crecientes presiones de Washington para que su Gobierno luche contra los narcotraficantes.<\/p>\n\n\n\n<p>&#8220;Les decimos, y que se oiga bien y que se oiga lejos:\u00a0<strong>&#8216;No aceptamos ninguna intervenci\u00f3n, nosotros tenemos capacidad suficiente para enfrentar a la delincuencia organizada,<\/strong>\u00a0no queremos intervencionismo, no queremos ayuda, entre comillas, de nadie'&#8221;, expres\u00f3 el Mandatario.<\/p>\n\n\n\n<figure class=\"wp-block-embed is-type-rich is-provider-twitter wp-block-embed-twitter\"><div class=\"wp-block-embed__wrapper\">\n<blockquote class=\"twitter-tweet\" data-width=\"550\" data-dnt=\"true\"><p lang=\"es\" dir=\"ltr\">El presidente L\u00f3pez Obrador, por su parte, asegur\u00f3 que el Gobierno de M\u00e9xico tiene la capacidad para enfrentar por s\u00ed mismo a la delincuencia organizada, por lo que \u201cno queremos intervencionismo\u201d de Estados Unidos.<br><br>M\u00e1s, en <a href=\"https:\/\/t.co\/BjdELZkX5p\">https:\/\/t.co\/BjdELZkX5p<\/a> <a href=\"https:\/\/t.co\/S1I2ocg4as\">pic.twitter.com\/S1I2ocg4as<\/a><\/p>&mdash; Joaqu\u00edn L\u00f3pez-D\u00f3riga (@lopezdoriga) <a href=\"https:\/\/twitter.com\/lopezdoriga\/status\/1649490080640413697?ref_src=twsrc%5Etfw\">April 21, 2023<\/a><\/blockquote><script async src=\"https:\/\/platform.twitter.com\/widgets.js\" charset=\"utf-8\"><\/script>\n<\/div><\/figure>\n\n\n\n<p>L\u00f3pez Obrador hizo estas declaraciones durante el aniversario de la &#8220;Defensa patri\u00f3tica&#8221; del Puerto de Veracruz, que conmemora la resistencia de las Fuerzas Armadas de M\u00e9xico ante la segunda invasi\u00f3n estadounidense en el pa\u00eds, en 1914.<\/p>\n\n\n\n<p>&#8220;La ense\u00f1anza mayor (del hecho hist\u00f3rico) es que&nbsp;<strong>somos libres, somos independiente y nosotros tenemos que arreglar,<\/strong>&nbsp;los mexicanos, nuestras diferencias sin intervenci\u00f3n de ning\u00fan pa\u00eds, de ninguna potencia, de ninguna hegemon\u00eda. Somos libres y somos soberanos&#8221;, manifest\u00f3 el presidente.<\/p>\n\n\n\n<p>Su discurso tambi\u00e9n se produce mientras crecen los roces entre M\u00e9xico y Estados Unidos porque los legisladores republicanos han propuesto declarar la guerra a los c\u00e1rteles mexicanos y designarlos como terroristas.<\/p>\n\n\n\n<p>Adem\u00e1s, L\u00f3pez Obrador acus\u00f3 el lunes a la Agencia Antidrogas de Estados Unidos\u00a0(DEA) de infiltrar sin autorizaci\u00f3n de M\u00e9xico al C\u00e1rtel de Sinaloa, despu\u00e9s de que el Departamento de Justicia de EU anunci\u00f3 cargos contra sus cabecillas, incluyendo a cuatro hijos de Joaqu\u00edn &#8220;Chapo&#8221; Guzm\u00e1n.<\/p>\n\n\n\n<p><strong>&#8220;Se habla en Estados Unidos de intervenir y de enfrentar a la delincuencia organizada, a los narcotraficantes d\u00e1ndoles un trato de terroristas<\/strong>&nbsp;y que por ese motivo van a venir a ayudarnos, a apoyarnos para enfrentar a la delincuencia organizada&#8221;, critic\u00f3 el mandatario.<\/p>\n\n\n\n<p>Ante las acusaciones del Presidente de M\u00e9xico, uno de los voceros de la Casa Blanca, John Kirby, defendi\u00f3 ayer jueves que Washington haya imputado a 28 miembros del C\u00e1rtel de Sinaloa.<\/p>\n\n\n\n<p>Mientras que el embajador de\u00a0Estados Unidos\u00a0en M\u00e9xico, Ken Salazar, afirm\u00f3 el mismo d\u00eda que s\u00ed trabajaron con el Gobierno mexicano en la investigaci\u00f3n contra el C\u00e1rtel de Sinaloa.<\/p>\n\n\n\n<p>&#8220;Nos ha costado mucho el hacer valer nuestra soberan\u00eda\u00a0<strong>y, aunque se trate, repito, de buenas intenciones, son asuntos que solo nos corresponden a los mexicanos&#8221;<\/strong>, remarc\u00f3 este viernes L\u00f3pez Obrador.<\/p>\n\n\n\n<p>Con Informaci\u00f3n de EFE<\/p>\n","protected":false},"excerpt":{"rendered":"<p>Por Redacci\u00f3n QP El Presidente L\u00f3pez Obrador hizo estas declaraciones durante el aniversario de la&#8230;<\/p>\n","protected":false},"author":2,"featured_media":100190,"comment_status":"open","ping_status":"open","sticky":false,"template":"","format":"standard","meta":{"_monsterinsights_skip_tracking":false,"_monsterinsights_sitenote_active":false,"_monsterinsights_sitenote_note":"","_monsterinsights_sitenote_category":0,"footnotes":""},"categories":[2],"tags":[],"class_list":["post-100189","post","type-post","status-publish","format-standard","has-post-thumbnail","hentry","category-noticias"],"yoast_head":"<!-- This site is optimized with the Yoast SEO plugin v27.3 - https:\/\/yoast.com\/product\/yoast-seo-wordpress\/ -->\n<title>M\u00e9xico &quot;no quiere ayuda&quot; de EU contra el crimen organizado: L\u00f3pez Obrador -<\/title>\n<meta name=\"robots\" content=\"index, follow, max-snippet:-1, max-image-preview:large, max-video-preview:-1\" \/>\n<link rel=\"canonical\" href=\"https:\/\/quehacerpolitico.mx\/?p=100189\" \/>\n<meta property=\"og:locale\" content=\"es_MX\" \/>\n<meta property=\"og:type\" content=\"article\" \/>\n<meta property=\"og:title\" content=\"M\u00e9xico &quot;no quiere ayuda&quot; de EU contra el crimen organizado: L\u00f3pez Obrador -\" \/>\n<meta property=\"og:description\" content=\"Por Redacci\u00f3n QP El Presidente L\u00f3pez Obrador hizo estas declaraciones durante el aniversario de la...\" \/>\n<meta property=\"og:url\" content=\"https:\/\/quehacerpolitico.mx\/?p=100189\" \/>\n<meta property=\"article:published_time\" content=\"2023-04-21T21:57:17+00:00\" \/>\n<meta property=\"article:modified_time\" content=\"2023-04-21T21:57:20+00:00\" \/>\n<meta property=\"og:image\" content=\"https:\/\/quehacerpolitico.mx\/wp-content\/uploads\/2023\/04\/IMG_7222.jpeg\" \/>\n\t<meta property=\"og:image:width\" content=\"1284\" \/>\n\t<meta property=\"og:image:height\" content=\"703\" \/>\n\t<meta property=\"og:image:type\" content=\"image\/jpeg\" \/>\n<meta name=\"author\" content=\"Redacci\u00f3n QP\" \/>\n<meta name=\"twitter:card\" content=\"summary_large_image\" \/>\n<meta name=\"twitter:label1\" content=\"Escrito por\" \/>\n\t<meta name=\"twitter:data1\" content=\"Redacci\u00f3n QP\" \/>\n\t<meta name=\"twitter:label2\" content=\"Tiempo de lectura\" \/>\n\t<meta name=\"twitter:data2\" content=\"2 minutos\" \/>\n<script type=\"application\/ld+json\" class=\"yoast-schema-graph\">{\"@context\":\"https:\\\/\\\/schema.org\",\"@graph\":[{\"@type\":\"Article\",\"@id\":\"https:\\\/\\\/quehacerpolitico.mx\\\/?p=100189#article\",\"isPartOf\":{\"@id\":\"https:\\\/\\\/quehacerpolitico.mx\\\/?p=100189\"},\"author\":{\"name\":\"Redacci\u00f3n QP\",\"@id\":\"https:\\\/\\\/quehacerpolitico.mx\\\/#\\\/schema\\\/person\\\/496d8ad2d1d3f8036101dca7ee39e585\"},\"headline\":\"M\u00e9xico &#8220;no quiere ayuda&#8221; de EU contra el crimen organizado: L\u00f3pez Obrador\",\"datePublished\":\"2023-04-21T21:57:17+00:00\",\"dateModified\":\"2023-04-21T21:57:20+00:00\",\"mainEntityOfPage\":{\"@id\":\"https:\\\/\\\/quehacerpolitico.mx\\\/?p=100189\"},\"wordCount\":452,\"commentCount\":0,\"image\":{\"@id\":\"https:\\\/\\\/quehacerpolitico.mx\\\/?p=100189#primaryimage\"},\"thumbnailUrl\":\"https:\\\/\\\/quehacerpolitico.mx\\\/wp-content\\\/uploads\\\/2023\\\/04\\\/IMG_7222.jpeg\",\"articleSection\":[\"Noticias\"],\"inLanguage\":\"es\",\"potentialAction\":[{\"@type\":\"CommentAction\",\"name\":\"Comment\",\"target\":[\"https:\\\/\\\/quehacerpolitico.mx\\\/?p=100189#respond\"]}]},{\"@type\":\"WebPage\",\"@id\":\"https:\\\/\\\/quehacerpolitico.mx\\\/?p=100189\",\"url\":\"https:\\\/\\\/quehacerpolitico.mx\\\/?p=100189\",\"name\":\"M\u00e9xico \\\"no quiere ayuda\\\" de EU contra el crimen organizado: L\u00f3pez Obrador -\",\"isPartOf\":{\"@id\":\"https:\\\/\\\/quehacerpolitico.mx\\\/#website\"},\"primaryImageOfPage\":{\"@id\":\"https:\\\/\\\/quehacerpolitico.mx\\\/?p=100189#primaryimage\"},\"image\":{\"@id\":\"https:\\\/\\\/quehacerpolitico.mx\\\/?p=100189#primaryimage\"},\"thumbnailUrl\":\"https:\\\/\\\/quehacerpolitico.mx\\\/wp-content\\\/uploads\\\/2023\\\/04\\\/IMG_7222.jpeg\",\"datePublished\":\"2023-04-21T21:57:17+00:00\",\"dateModified\":\"2023-04-21T21:57:20+00:00\",\"author\":{\"@id\":\"https:\\\/\\\/quehacerpolitico.mx\\\/#\\\/schema\\\/person\\\/496d8ad2d1d3f8036101dca7ee39e585\"},\"breadcrumb\":{\"@id\":\"https:\\\/\\\/quehacerpolitico.mx\\\/?p=100189#breadcrumb\"},\"inLanguage\":\"es\",\"potentialAction\":[{\"@type\":\"ReadAction\",\"target\":[\"https:\\\/\\\/quehacerpolitico.mx\\\/?p=100189\"]}]},{\"@type\":\"ImageObject\",\"inLanguage\":\"es\",\"@id\":\"https:\\\/\\\/quehacerpolitico.mx\\\/?p=100189#primaryimage\",\"url\":\"https:\\\/\\\/quehacerpolitico.mx\\\/wp-content\\\/uploads\\\/2023\\\/04\\\/IMG_7222.jpeg\",\"contentUrl\":\"https:\\\/\\\/quehacerpolitico.mx\\\/wp-content\\\/uploads\\\/2023\\\/04\\\/IMG_7222.jpeg\",\"width\":1284,\"height\":703},{\"@type\":\"BreadcrumbList\",\"@id\":\"https:\\\/\\\/quehacerpolitico.mx\\\/?p=100189#breadcrumb\",\"itemListElement\":[{\"@type\":\"ListItem\",\"position\":1,\"name\":\"Inicio\",\"item\":\"https:\\\/\\\/quehacerpolitico.mx\\\/\"},{\"@type\":\"ListItem\",\"position\":2,\"name\":\"M\u00e9xico &#8220;no quiere ayuda&#8221; de EU contra el crimen organizado: L\u00f3pez Obrador\"}]},{\"@type\":\"WebSite\",\"@id\":\"https:\\\/\\\/quehacerpolitico.mx\\\/#website\",\"url\":\"https:\\\/\\\/quehacerpolitico.mx\\\/\",\"name\":\"\",\"description\":\"\",\"potentialAction\":[{\"@type\":\"SearchAction\",\"target\":{\"@type\":\"EntryPoint\",\"urlTemplate\":\"https:\\\/\\\/quehacerpolitico.mx\\\/?s={search_term_string}\"},\"query-input\":{\"@type\":\"PropertyValueSpecification\",\"valueRequired\":true,\"valueName\":\"search_term_string\"}}],\"inLanguage\":\"es\"},{\"@type\":\"Person\",\"@id\":\"https:\\\/\\\/quehacerpolitico.mx\\\/#\\\/schema\\\/person\\\/496d8ad2d1d3f8036101dca7ee39e585\",\"name\":\"Redacci\u00f3n QP\",\"image\":{\"@type\":\"ImageObject\",\"inLanguage\":\"es\",\"@id\":\"https:\\\/\\\/secure.gravatar.com\\\/avatar\\\/c7164ed6fdec453195284ad24a5ae5b6e1eed2b848477fa2a4787ba9adf39a41?s=96&d=mm&r=g\",\"url\":\"https:\\\/\\\/secure.gravatar.com\\\/avatar\\\/c7164ed6fdec453195284ad24a5ae5b6e1eed2b848477fa2a4787ba9adf39a41?s=96&d=mm&r=g\",\"contentUrl\":\"https:\\\/\\\/secure.gravatar.com\\\/avatar\\\/c7164ed6fdec453195284ad24a5ae5b6e1eed2b848477fa2a4787ba9adf39a41?s=96&d=mm&r=g\",\"caption\":\"Redacci\u00f3n QP\"},\"url\":\"https:\\\/\\\/quehacerpolitico.mx\\\/?author=2\"}]}<\/script>\n<!-- \/ Yoast SEO plugin. -->","yoast_head_json":{"title":"M\u00e9xico \"no quiere ayuda\" de EU contra el crimen organizado: L\u00f3pez Obrador -","robots":{"index":"index","follow":"follow","max-snippet":"max-snippet:-1","max-image-preview":"max-image-preview:large","max-video-preview":"max-video-preview:-1"},"canonical":"https:\/\/quehacerpolitico.mx\/?p=100189","og_locale":"es_MX","og_type":"article","og_title":"M\u00e9xico \"no quiere ayuda\" de EU contra el crimen organizado: L\u00f3pez Obrador -","og_description":"Por Redacci\u00f3n QP El Presidente L\u00f3pez Obrador hizo estas declaraciones durante el aniversario de la...","og_url":"https:\/\/quehacerpolitico.mx\/?p=100189","article_published_time":"2023-04-21T21:57:17+00:00","article_modified_time":"2023-04-21T21:57:20+00:00","og_image":[{"width":1284,"height":703,"url":"https:\/\/quehacerpolitico.mx\/wp-content\/uploads\/2023\/04\/IMG_7222.jpeg","type":"image\/jpeg"}],"author":"Redacci\u00f3n QP","twitter_card":"summary_large_image","twitter_misc":{"Escrito por":"Redacci\u00f3n QP","Tiempo de lectura":"2 minutos"},"schema":{"@context":"https:\/\/schema.org","@graph":[{"@type":"Article","@id":"https:\/\/quehacerpolitico.mx\/?p=100189#article","isPartOf":{"@id":"https:\/\/quehacerpolitico.mx\/?p=100189"},"author":{"name":"Redacci\u00f3n QP","@id":"https:\/\/quehacerpolitico.mx\/#\/schema\/person\/496d8ad2d1d3f8036101dca7ee39e585"},"headline":"M\u00e9xico &#8220;no quiere ayuda&#8221; de EU contra el crimen organizado: L\u00f3pez Obrador","datePublished":"2023-04-21T21:57:17+00:00","dateModified":"2023-04-21T21:57:20+00:00","mainEntityOfPage":{"@id":"https:\/\/quehacerpolitico.mx\/?p=100189"},"wordCount":452,"commentCount":0,"image":{"@id":"https:\/\/quehacerpolitico.mx\/?p=100189#primaryimage"},"thumbnailUrl":"https:\/\/quehacerpolitico.mx\/wp-content\/uploads\/2023\/04\/IMG_7222.jpeg","articleSection":["Noticias"],"inLanguage":"es","potentialAction":[{"@type":"CommentAction","name":"Comment","target":["https:\/\/quehacerpolitico.mx\/?p=100189#respond"]}]},{"@type":"WebPage","@id":"https:\/\/quehacerpolitico.mx\/?p=100189","url":"https:\/\/quehacerpolitico.mx\/?p=100189","name":"M\u00e9xico \"no quiere ayuda\" de EU contra el crimen organizado: L\u00f3pez Obrador -","isPartOf":{"@id":"https:\/\/quehacerpolitico.mx\/#website"},"primaryImageOfPage":{"@id":"https:\/\/quehacerpolitico.mx\/?p=100189#primaryimage"},"image":{"@id":"https:\/\/quehacerpolitico.mx\/?p=100189#primaryimage"},"thumbnailUrl":"https:\/\/quehacerpolitico.mx\/wp-content\/uploads\/2023\/04\/IMG_7222.jpeg","datePublished":"2023-04-21T21:57:17+00:00","dateModified":"2023-04-21T21:57:20+00:00","author":{"@id":"https:\/\/quehacerpolitico.mx\/#\/schema\/person\/496d8ad2d1d3f8036101dca7ee39e585"},"breadcrumb":{"@id":"https:\/\/quehacerpolitico.mx\/?p=100189#breadcrumb"},"inLanguage":"es","potentialAction":[{"@type":"ReadAction","target":["https:\/\/quehacerpolitico.mx\/?p=100189"]}]},{"@type":"ImageObject","inLanguage":"es","@id":"https:\/\/quehacerpolitico.mx\/?p=100189#primaryimage","url":"https:\/\/quehacerpolitico.mx\/wp-content\/uploads\/2023\/04\/IMG_7222.jpeg","contentUrl":"https:\/\/quehacerpolitico.mx\/wp-content\/uploads\/2023\/04\/IMG_7222.jpeg","width":1284,"height":703},{"@type":"BreadcrumbList","@id":"https:\/\/quehacerpolitico.mx\/?p=100189#breadcrumb","itemListElement":[{"@type":"ListItem","position":1,"name":"Inicio","item":"https:\/\/quehacerpolitico.mx\/"},{"@type":"ListItem","position":2,"name":"M\u00e9xico &#8220;no quiere ayuda&#8221; de EU contra el crimen organizado: L\u00f3pez Obrador"}]},{"@type":"WebSite","@id":"https:\/\/quehacerpolitico.mx\/#website","url":"https:\/\/quehacerpolitico.mx\/","name":"","description":"","potentialAction":[{"@type":"SearchAction","target":{"@type":"EntryPoint","urlTemplate":"https:\/\/quehacerpolitico.mx\/?s={search_term_string}"},"query-input":{"@type":"PropertyValueSpecification","valueRequired":true,"valueName":"search_term_string"}}],"inLanguage":"es"},{"@type":"Person","@id":"https:\/\/quehacerpolitico.mx\/#\/schema\/person\/496d8ad2d1d3f8036101dca7ee39e585","name":"Redacci\u00f3n QP","image":{"@type":"ImageObject","inLanguage":"es","@id":"https:\/\/secure.gravatar.com\/avatar\/c7164ed6fdec453195284ad24a5ae5b6e1eed2b848477fa2a4787ba9adf39a41?s=96&d=mm&r=g","url":"https:\/\/secure.gravatar.com\/avatar\/c7164ed6fdec453195284ad24a5ae5b6e1eed2b848477fa2a4787ba9adf39a41?s=96&d=mm&r=g","contentUrl":"https:\/\/secure.gravatar.com\/avatar\/c7164ed6fdec453195284ad24a5ae5b6e1eed2b848477fa2a4787ba9adf39a41?s=96&d=mm&r=g","caption":"Redacci\u00f3n QP"},"url":"https:\/\/quehacerpolitico.mx\/?author=2"}]}},"featured_image_urls":{"full":["https:\/\/quehacerpolitico.mx\/wp-content\/uploads\/2023\/04\/IMG_7222.jpeg",1284,703,false],"thumbnail":["https:\/\/quehacerpolitico.mx\/wp-content\/uploads\/2023\/04\/IMG_7222-150x150.jpeg",150,150,true],"medium":["https:\/\/quehacerpolitico.mx\/wp-content\/uploads\/2023\/04\/IMG_7222-300x164.jpeg",300,164,true],"medium_large":["https:\/\/quehacerpolitico.mx\/wp-content\/uploads\/2023\/04\/IMG_7222-768x420.jpeg",640,350,true],"large":["https:\/\/quehacerpolitico.mx\/wp-content\/uploads\/2023\/04\/IMG_7222-1024x561.jpeg",640,351,true],"1536x1536":["https:\/\/quehacerpolitico.mx\/wp-content\/uploads\/2023\/04\/IMG_7222.jpeg",1284,703,false],"2048x2048":["https:\/\/quehacerpolitico.mx\/wp-content\/uploads\/2023\/04\/IMG_7222.jpeg",1284,703,false],"covernews-featured":["https:\/\/quehacerpolitico.mx\/wp-content\/uploads\/2023\/04\/IMG_7222.jpeg",1024,561,false],"covernews-medium":["https:\/\/quehacerpolitico.mx\/wp-content\/uploads\/2023\/04\/IMG_7222.jpeg",540,296,false]},"author_info":{"display_name":"Redacci\u00f3n QP","author_link":"https:\/\/quehacerpolitico.mx\/?author=2"},"category_info":"<a href=\"https:\/\/quehacerpolitico.mx\/?cat=2\" rel=\"category\">Noticias<\/a>","tag_info":"Noticias","comment_count":"0","_links":{"self":[{"href":"https:\/\/quehacerpolitico.mx\/index.php?rest_route=\/wp\/v2\/posts\/100189","targetHints":{"allow":["GET"]}}],"collection":[{"href":"https:\/\/quehacerpolitico.mx\/index.php?rest_route=\/wp\/v2\/posts"}],"about":[{"href":"https:\/\/quehacerpolitico.mx\/index.php?rest_route=\/wp\/v2\/types\/post"}],"author":[{"embeddable":true,"href":"https:\/\/quehacerpolitico.mx\/index.php?rest_route=\/wp\/v2\/users\/2"}],"replies":[{"embeddable":true,"href":"https:\/\/quehacerpolitico.mx\/index.php?rest_route=%2Fwp%2Fv2%2Fcomments&post=100189"}],"version-history":[{"count":1,"href":"https:\/\/quehacerpolitico.mx\/index.php?rest_route=\/wp\/v2\/posts\/100189\/revisions"}],"predecessor-version":[{"id":100191,"href":"https:\/\/quehacerpolitico.mx\/index.php?rest_route=\/wp\/v2\/posts\/100189\/revisions\/100191"}],"wp:featuredmedia":[{"embeddable":true,"href":"https:\/\/quehacerpolitico.mx\/index.php?rest_route=\/wp\/v2\/media\/100190"}],"wp:attachment":[{"href":"https:\/\/quehacerpolitico.mx\/index.php?rest_route=%2Fwp%2Fv2%2Fmedia&parent=100189"}],"wp:term":[{"taxonomy":"category","embeddable":true,"href":"https:\/\/quehacerpolitico.mx\/index.php?rest_route=%2Fwp%2Fv2%2Fcategories&post=100189"},{"taxonomy":"post_tag","embeddable":true,"href":"https:\/\/quehacerpolitico.mx\/index.php?rest_route=%2Fwp%2Fv2%2Ftags&post=100189"}],"curies":[{"name":"wp","href":"https:\/\/api.w.org\/{rel}","templated":true}]}}