{"id":100186,"date":"2023-04-21T20:51:52","date_gmt":"2023-04-21T20:51:52","guid":{"rendered":"https:\/\/quehacerpolitico.mx\/?p=100186"},"modified":"2023-04-21T20:51:56","modified_gmt":"2023-04-21T20:51:56","slug":"titular-de-marina-ante-filtraciones-a-mexico-se-le-respeta","status":"publish","type":"post","link":"https:\/\/quehacerpolitico.mx\/?p=100186","title":{"rendered":"Titular de Marina, ante filtraciones: &#8220;\u00a1A M\u00e9xico se le respeta!&#8221;"},"content":{"rendered":"\n<p>Por Redacci\u00f3n QP<\/p>\n\n\n\n<p>Frente al Presidente Andr\u00e9s Manuel L\u00f3pez Obrador, el almirante asegur\u00f3 que la dependencia que encabeza refrenda un &#8220;respeto absoluto a las decisiones del pueblo mexicano&#8221;<\/p>\n\n\n\n<p>En medio del reclamo del\u00a0Gobierno de M\u00e9xico por la infiltraci\u00f3n que hizo la DEA en los niveles m\u00e1s altos del C\u00e1rtel de Sinaloa, as\u00ed como la filtraci\u00f3n del Departamento de Estado de las diferencias entre las secretar\u00edas de Defensa Nacional (Sedena) y Marina (Semar), el almirante Jos\u00e9 Rafael Ojeda Dur\u00e1n titular de la Marina, expres\u00f3 que\u00a0<strong>&#8220;\u00a1A M\u00e9xico se le respeta!&#8221;<\/strong>\u00a0y que el pa\u00eds es una naci\u00f3n libre, independiente y soberano y donde &#8220;Aqu\u00ed manda el pueblo de M\u00e9xico&#8221;.<\/p>\n\n\n\n<p>Frente al Presidente\u00a0Andres Manuel Lopez Obrador\u00a0y al dar un discurso en la ceremonia por el 109 Aniversario de la Defensa Patri\u00f3tica del Puerto de Veracruz, el almirante asegur\u00f3 que la dependencia que encabeza refrenda un &#8220;respeto absoluto a las decisiones del pueblo mexicano&#8221;.<\/p>\n\n\n\n<figure class=\"wp-block-embed is-type-video is-provider-youtube wp-block-embed-youtube wp-embed-aspect-16-9 wp-has-aspect-ratio\"><div class=\"wp-block-embed__wrapper\">\n<iframe loading=\"lazy\" title=\"\u00a1A M\u00e9xico se le respeta!, dice el secretario de Marina ante filtraciones del Pent\u00e1gono\" width=\"640\" height=\"360\" src=\"https:\/\/www.youtube.com\/embed\/an3uoZ_xqXM?feature=oembed\" frameborder=\"0\" allow=\"accelerometer; autoplay; clipboard-write; encrypted-media; gyroscope; picture-in-picture; web-share\" referrerpolicy=\"strict-origin-when-cross-origin\" allowfullscreen><\/iframe>\n<\/div><\/figure>\n\n\n\n<p><strong>&#8220;Como usted bien lo ha dicho, se\u00f1or Presidente, \u00a1A M\u00e9xico se le respeta! M\u00e9xico es un pa\u00eds libre, independiente y soberano, aqu\u00ed manda el pueblo de M\u00e9xico, en memoria de los h\u00e9roes del 21 de abril de 1914&#8221;.<\/strong><\/p>\n\n\n\n<p>&#8220;La\u00a0Secretaria Armada de M\u00e9xico refrenda un respeto absoluto a las decisiones de nuestro pueblo. Refrenda un leg\u00edtimo deseo de construir a fincar un pa\u00eds de paz, seguridad y bienestar, refrenda nuestra entrega al servicio de la patria&#8221;, dijo.<\/p>\n\n\n\n<p>El pasado 17 de abril, el Presidente Andr\u00e9s Manuel L\u00f3pez Obrador calific\u00f3 como &#8220;una intromisi\u00f3n abusiva y prepotente&#8221; el que la DEA haya estado en nuestro pa\u00eds para infiltrarse en los niveles m\u00e1s altos del C\u00e1rtel de Sinaloa, as\u00ed como la filtraci\u00f3n del Departamento de Estado de las diferencias entre las secretar\u00edas de Defensa Nacional (Sedena) y Marina (Semar).<\/p>\n\n\n\n<p>En conferencia de prensa, el Mandatario federal afirm\u00f3 que el operativo de la\u00a0DEA se realiz\u00f3 sin la autorizaci\u00f3n de su gobierno y recalc\u00f3 que en M\u00e9xico no puede haber agentes extranjeros realizando estas actividades, pero descart\u00f3 que vaya a haber alg\u00fan reclamo al gobierno de Joe Biden.<\/p>\n\n\n\n<p><strong>&#8220;Una intromisi\u00f3n abusiva, prepotente que no debe de aceptarse bajo ning\u00fan motivo. \u00a1C\u00f3mo van a estar espiando!<\/strong>\u00a0\u00bfQu\u00e9, no hasta bajaron un globo de China ya en Estados Unidos? Nosotros no hacemos eso, pero no se pueden estar utilizando actos de espionaje, adem\u00e1s, para saber qu\u00e9 est\u00e1n haciendo nuestras instituciones de seguridad. Y, adem\u00e1s, con la arrogancia de filtrar la informaci\u00f3n al Washington Post&#8221;, dijo en Palacio Nacional.<\/p>\n\n\n\n<p>Con informaci\u00f3n de SUN <\/p>\n","protected":false},"excerpt":{"rendered":"<p>Por Redacci\u00f3n QP Frente al Presidente Andr\u00e9s Manuel L\u00f3pez Obrador, el almirante asegur\u00f3 que la&#8230;<\/p>\n","protected":false},"author":2,"featured_media":100187,"comment_status":"open","ping_status":"open","sticky":false,"template":"","format":"standard","meta":{"_monsterinsights_skip_tracking":false,"_monsterinsights_sitenote_active":false,"_monsterinsights_sitenote_note":"","_monsterinsights_sitenote_category":0,"footnotes":""},"categories":[2],"tags":[],"class_list":["post-100186","post","type-post","status-publish","format-standard","has-post-thumbnail","hentry","category-noticias"],"yoast_head":"<!-- This site is optimized with the Yoast SEO plugin v27.3 - https:\/\/yoast.com\/product\/yoast-seo-wordpress\/ -->\n<title>Titular de Marina, ante filtraciones: &quot;\u00a1A M\u00e9xico se le respeta!&quot; -<\/title>\n<meta name=\"robots\" content=\"index, follow, max-snippet:-1, max-image-preview:large, max-video-preview:-1\" \/>\n<link rel=\"canonical\" href=\"https:\/\/quehacerpolitico.mx\/?p=100186\" \/>\n<meta property=\"og:locale\" content=\"es_MX\" \/>\n<meta property=\"og:type\" content=\"article\" \/>\n<meta property=\"og:title\" content=\"Titular de Marina, ante filtraciones: &quot;\u00a1A M\u00e9xico se le respeta!&quot; -\" \/>\n<meta property=\"og:description\" content=\"Por Redacci\u00f3n QP Frente al Presidente Andr\u00e9s Manuel L\u00f3pez Obrador, el almirante asegur\u00f3 que la...\" \/>\n<meta property=\"og:url\" content=\"https:\/\/quehacerpolitico.mx\/?p=100186\" \/>\n<meta property=\"article:published_time\" content=\"2023-04-21T20:51:52+00:00\" \/>\n<meta property=\"article:modified_time\" content=\"2023-04-21T20:51:56+00:00\" \/>\n<meta property=\"og:image\" content=\"https:\/\/quehacerpolitico.mx\/wp-content\/uploads\/2023\/04\/IMG_7221.jpeg\" \/>\n\t<meta property=\"og:image:width\" content=\"817\" \/>\n\t<meta property=\"og:image:height\" content=\"654\" \/>\n\t<meta property=\"og:image:type\" content=\"image\/jpeg\" \/>\n<meta name=\"author\" content=\"Redacci\u00f3n QP\" \/>\n<meta name=\"twitter:card\" content=\"summary_large_image\" \/>\n<meta name=\"twitter:label1\" content=\"Escrito por\" \/>\n\t<meta name=\"twitter:data1\" content=\"Redacci\u00f3n QP\" \/>\n\t<meta name=\"twitter:label2\" content=\"Tiempo de lectura\" \/>\n\t<meta name=\"twitter:data2\" content=\"2 minutos\" \/>\n<script type=\"application\/ld+json\" class=\"yoast-schema-graph\">{\"@context\":\"https:\\\/\\\/schema.org\",\"@graph\":[{\"@type\":\"Article\",\"@id\":\"https:\\\/\\\/quehacerpolitico.mx\\\/?p=100186#article\",\"isPartOf\":{\"@id\":\"https:\\\/\\\/quehacerpolitico.mx\\\/?p=100186\"},\"author\":{\"name\":\"Redacci\u00f3n QP\",\"@id\":\"https:\\\/\\\/quehacerpolitico.mx\\\/#\\\/schema\\\/person\\\/496d8ad2d1d3f8036101dca7ee39e585\"},\"headline\":\"Titular de Marina, ante filtraciones: &#8220;\u00a1A M\u00e9xico se le respeta!&#8221;\",\"datePublished\":\"2023-04-21T20:51:52+00:00\",\"dateModified\":\"2023-04-21T20:51:56+00:00\",\"mainEntityOfPage\":{\"@id\":\"https:\\\/\\\/quehacerpolitico.mx\\\/?p=100186\"},\"wordCount\":466,\"commentCount\":0,\"image\":{\"@id\":\"https:\\\/\\\/quehacerpolitico.mx\\\/?p=100186#primaryimage\"},\"thumbnailUrl\":\"https:\\\/\\\/quehacerpolitico.mx\\\/wp-content\\\/uploads\\\/2023\\\/04\\\/IMG_7221.jpeg\",\"articleSection\":[\"Noticias\"],\"inLanguage\":\"es\",\"potentialAction\":[{\"@type\":\"CommentAction\",\"name\":\"Comment\",\"target\":[\"https:\\\/\\\/quehacerpolitico.mx\\\/?p=100186#respond\"]}]},{\"@type\":\"WebPage\",\"@id\":\"https:\\\/\\\/quehacerpolitico.mx\\\/?p=100186\",\"url\":\"https:\\\/\\\/quehacerpolitico.mx\\\/?p=100186\",\"name\":\"Titular de Marina, ante filtraciones: \\\"\u00a1A M\u00e9xico se le respeta!\\\" -\",\"isPartOf\":{\"@id\":\"https:\\\/\\\/quehacerpolitico.mx\\\/#website\"},\"primaryImageOfPage\":{\"@id\":\"https:\\\/\\\/quehacerpolitico.mx\\\/?p=100186#primaryimage\"},\"image\":{\"@id\":\"https:\\\/\\\/quehacerpolitico.mx\\\/?p=100186#primaryimage\"},\"thumbnailUrl\":\"https:\\\/\\\/quehacerpolitico.mx\\\/wp-content\\\/uploads\\\/2023\\\/04\\\/IMG_7221.jpeg\",\"datePublished\":\"2023-04-21T20:51:52+00:00\",\"dateModified\":\"2023-04-21T20:51:56+00:00\",\"author\":{\"@id\":\"https:\\\/\\\/quehacerpolitico.mx\\\/#\\\/schema\\\/person\\\/496d8ad2d1d3f8036101dca7ee39e585\"},\"breadcrumb\":{\"@id\":\"https:\\\/\\\/quehacerpolitico.mx\\\/?p=100186#breadcrumb\"},\"inLanguage\":\"es\",\"potentialAction\":[{\"@type\":\"ReadAction\",\"target\":[\"https:\\\/\\\/quehacerpolitico.mx\\\/?p=100186\"]}]},{\"@type\":\"ImageObject\",\"inLanguage\":\"es\",\"@id\":\"https:\\\/\\\/quehacerpolitico.mx\\\/?p=100186#primaryimage\",\"url\":\"https:\\\/\\\/quehacerpolitico.mx\\\/wp-content\\\/uploads\\\/2023\\\/04\\\/IMG_7221.jpeg\",\"contentUrl\":\"https:\\\/\\\/quehacerpolitico.mx\\\/wp-content\\\/uploads\\\/2023\\\/04\\\/IMG_7221.jpeg\",\"width\":817,\"height\":654},{\"@type\":\"BreadcrumbList\",\"@id\":\"https:\\\/\\\/quehacerpolitico.mx\\\/?p=100186#breadcrumb\",\"itemListElement\":[{\"@type\":\"ListItem\",\"position\":1,\"name\":\"Inicio\",\"item\":\"https:\\\/\\\/quehacerpolitico.mx\\\/\"},{\"@type\":\"ListItem\",\"position\":2,\"name\":\"Titular de Marina, ante filtraciones: &#8220;\u00a1A M\u00e9xico se le respeta!&#8221;\"}]},{\"@type\":\"WebSite\",\"@id\":\"https:\\\/\\\/quehacerpolitico.mx\\\/#website\",\"url\":\"https:\\\/\\\/quehacerpolitico.mx\\\/\",\"name\":\"\",\"description\":\"\",\"potentialAction\":[{\"@type\":\"SearchAction\",\"target\":{\"@type\":\"EntryPoint\",\"urlTemplate\":\"https:\\\/\\\/quehacerpolitico.mx\\\/?s={search_term_string}\"},\"query-input\":{\"@type\":\"PropertyValueSpecification\",\"valueRequired\":true,\"valueName\":\"search_term_string\"}}],\"inLanguage\":\"es\"},{\"@type\":\"Person\",\"@id\":\"https:\\\/\\\/quehacerpolitico.mx\\\/#\\\/schema\\\/person\\\/496d8ad2d1d3f8036101dca7ee39e585\",\"name\":\"Redacci\u00f3n QP\",\"image\":{\"@type\":\"ImageObject\",\"inLanguage\":\"es\",\"@id\":\"https:\\\/\\\/secure.gravatar.com\\\/avatar\\\/c7164ed6fdec453195284ad24a5ae5b6e1eed2b848477fa2a4787ba9adf39a41?s=96&d=mm&r=g\",\"url\":\"https:\\\/\\\/secure.gravatar.com\\\/avatar\\\/c7164ed6fdec453195284ad24a5ae5b6e1eed2b848477fa2a4787ba9adf39a41?s=96&d=mm&r=g\",\"contentUrl\":\"https:\\\/\\\/secure.gravatar.com\\\/avatar\\\/c7164ed6fdec453195284ad24a5ae5b6e1eed2b848477fa2a4787ba9adf39a41?s=96&d=mm&r=g\",\"caption\":\"Redacci\u00f3n QP\"},\"url\":\"https:\\\/\\\/quehacerpolitico.mx\\\/?author=2\"}]}<\/script>\n<!-- \/ Yoast SEO plugin. -->","yoast_head_json":{"title":"Titular de Marina, ante filtraciones: \"\u00a1A M\u00e9xico se le respeta!\" -","robots":{"index":"index","follow":"follow","max-snippet":"max-snippet:-1","max-image-preview":"max-image-preview:large","max-video-preview":"max-video-preview:-1"},"canonical":"https:\/\/quehacerpolitico.mx\/?p=100186","og_locale":"es_MX","og_type":"article","og_title":"Titular de Marina, ante filtraciones: \"\u00a1A M\u00e9xico se le respeta!\" -","og_description":"Por Redacci\u00f3n QP Frente al Presidente Andr\u00e9s Manuel L\u00f3pez Obrador, el almirante asegur\u00f3 que la...","og_url":"https:\/\/quehacerpolitico.mx\/?p=100186","article_published_time":"2023-04-21T20:51:52+00:00","article_modified_time":"2023-04-21T20:51:56+00:00","og_image":[{"width":817,"height":654,"url":"https:\/\/quehacerpolitico.mx\/wp-content\/uploads\/2023\/04\/IMG_7221.jpeg","type":"image\/jpeg"}],"author":"Redacci\u00f3n QP","twitter_card":"summary_large_image","twitter_misc":{"Escrito por":"Redacci\u00f3n QP","Tiempo de lectura":"2 minutos"},"schema":{"@context":"https:\/\/schema.org","@graph":[{"@type":"Article","@id":"https:\/\/quehacerpolitico.mx\/?p=100186#article","isPartOf":{"@id":"https:\/\/quehacerpolitico.mx\/?p=100186"},"author":{"name":"Redacci\u00f3n QP","@id":"https:\/\/quehacerpolitico.mx\/#\/schema\/person\/496d8ad2d1d3f8036101dca7ee39e585"},"headline":"Titular de Marina, ante filtraciones: &#8220;\u00a1A M\u00e9xico se le respeta!&#8221;","datePublished":"2023-04-21T20:51:52+00:00","dateModified":"2023-04-21T20:51:56+00:00","mainEntityOfPage":{"@id":"https:\/\/quehacerpolitico.mx\/?p=100186"},"wordCount":466,"commentCount":0,"image":{"@id":"https:\/\/quehacerpolitico.mx\/?p=100186#primaryimage"},"thumbnailUrl":"https:\/\/quehacerpolitico.mx\/wp-content\/uploads\/2023\/04\/IMG_7221.jpeg","articleSection":["Noticias"],"inLanguage":"es","potentialAction":[{"@type":"CommentAction","name":"Comment","target":["https:\/\/quehacerpolitico.mx\/?p=100186#respond"]}]},{"@type":"WebPage","@id":"https:\/\/quehacerpolitico.mx\/?p=100186","url":"https:\/\/quehacerpolitico.mx\/?p=100186","name":"Titular de Marina, ante filtraciones: \"\u00a1A M\u00e9xico se le respeta!\" -","isPartOf":{"@id":"https:\/\/quehacerpolitico.mx\/#website"},"primaryImageOfPage":{"@id":"https:\/\/quehacerpolitico.mx\/?p=100186#primaryimage"},"image":{"@id":"https:\/\/quehacerpolitico.mx\/?p=100186#primaryimage"},"thumbnailUrl":"https:\/\/quehacerpolitico.mx\/wp-content\/uploads\/2023\/04\/IMG_7221.jpeg","datePublished":"2023-04-21T20:51:52+00:00","dateModified":"2023-04-21T20:51:56+00:00","author":{"@id":"https:\/\/quehacerpolitico.mx\/#\/schema\/person\/496d8ad2d1d3f8036101dca7ee39e585"},"breadcrumb":{"@id":"https:\/\/quehacerpolitico.mx\/?p=100186#breadcrumb"},"inLanguage":"es","potentialAction":[{"@type":"ReadAction","target":["https:\/\/quehacerpolitico.mx\/?p=100186"]}]},{"@type":"ImageObject","inLanguage":"es","@id":"https:\/\/quehacerpolitico.mx\/?p=100186#primaryimage","url":"https:\/\/quehacerpolitico.mx\/wp-content\/uploads\/2023\/04\/IMG_7221.jpeg","contentUrl":"https:\/\/quehacerpolitico.mx\/wp-content\/uploads\/2023\/04\/IMG_7221.jpeg","width":817,"height":654},{"@type":"BreadcrumbList","@id":"https:\/\/quehacerpolitico.mx\/?p=100186#breadcrumb","itemListElement":[{"@type":"ListItem","position":1,"name":"Inicio","item":"https:\/\/quehacerpolitico.mx\/"},{"@type":"ListItem","position":2,"name":"Titular de Marina, ante filtraciones: &#8220;\u00a1A M\u00e9xico se le respeta!&#8221;"}]},{"@type":"WebSite","@id":"https:\/\/quehacerpolitico.mx\/#website","url":"https:\/\/quehacerpolitico.mx\/","name":"","description":"","potentialAction":[{"@type":"SearchAction","target":{"@type":"EntryPoint","urlTemplate":"https:\/\/quehacerpolitico.mx\/?s={search_term_string}"},"query-input":{"@type":"PropertyValueSpecification","valueRequired":true,"valueName":"search_term_string"}}],"inLanguage":"es"},{"@type":"Person","@id":"https:\/\/quehacerpolitico.mx\/#\/schema\/person\/496d8ad2d1d3f8036101dca7ee39e585","name":"Redacci\u00f3n QP","image":{"@type":"ImageObject","inLanguage":"es","@id":"https:\/\/secure.gravatar.com\/avatar\/c7164ed6fdec453195284ad24a5ae5b6e1eed2b848477fa2a4787ba9adf39a41?s=96&d=mm&r=g","url":"https:\/\/secure.gravatar.com\/avatar\/c7164ed6fdec453195284ad24a5ae5b6e1eed2b848477fa2a4787ba9adf39a41?s=96&d=mm&r=g","contentUrl":"https:\/\/secure.gravatar.com\/avatar\/c7164ed6fdec453195284ad24a5ae5b6e1eed2b848477fa2a4787ba9adf39a41?s=96&d=mm&r=g","caption":"Redacci\u00f3n QP"},"url":"https:\/\/quehacerpolitico.mx\/?author=2"}]}},"featured_image_urls":{"full":["https:\/\/quehacerpolitico.mx\/wp-content\/uploads\/2023\/04\/IMG_7221.jpeg",817,654,false],"thumbnail":["https:\/\/quehacerpolitico.mx\/wp-content\/uploads\/2023\/04\/IMG_7221-150x150.jpeg",150,150,true],"medium":["https:\/\/quehacerpolitico.mx\/wp-content\/uploads\/2023\/04\/IMG_7221-300x240.jpeg",300,240,true],"medium_large":["https:\/\/quehacerpolitico.mx\/wp-content\/uploads\/2023\/04\/IMG_7221-768x615.jpeg",640,513,true],"large":["https:\/\/quehacerpolitico.mx\/wp-content\/uploads\/2023\/04\/IMG_7221.jpeg",640,512,false],"1536x1536":["https:\/\/quehacerpolitico.mx\/wp-content\/uploads\/2023\/04\/IMG_7221.jpeg",817,654,false],"2048x2048":["https:\/\/quehacerpolitico.mx\/wp-content\/uploads\/2023\/04\/IMG_7221.jpeg",817,654,false],"covernews-featured":["https:\/\/quehacerpolitico.mx\/wp-content\/uploads\/2023\/04\/IMG_7221.jpeg",817,654,false],"covernews-medium":["https:\/\/quehacerpolitico.mx\/wp-content\/uploads\/2023\/04\/IMG_7221.jpeg",425,340,false]},"author_info":{"display_name":"Redacci\u00f3n QP","author_link":"https:\/\/quehacerpolitico.mx\/?author=2"},"category_info":"<a href=\"https:\/\/quehacerpolitico.mx\/?cat=2\" rel=\"category\">Noticias<\/a>","tag_info":"Noticias","comment_count":"0","_links":{"self":[{"href":"https:\/\/quehacerpolitico.mx\/index.php?rest_route=\/wp\/v2\/posts\/100186","targetHints":{"allow":["GET"]}}],"collection":[{"href":"https:\/\/quehacerpolitico.mx\/index.php?rest_route=\/wp\/v2\/posts"}],"about":[{"href":"https:\/\/quehacerpolitico.mx\/index.php?rest_route=\/wp\/v2\/types\/post"}],"author":[{"embeddable":true,"href":"https:\/\/quehacerpolitico.mx\/index.php?rest_route=\/wp\/v2\/users\/2"}],"replies":[{"embeddable":true,"href":"https:\/\/quehacerpolitico.mx\/index.php?rest_route=%2Fwp%2Fv2%2Fcomments&post=100186"}],"version-history":[{"count":1,"href":"https:\/\/quehacerpolitico.mx\/index.php?rest_route=\/wp\/v2\/posts\/100186\/revisions"}],"predecessor-version":[{"id":100188,"href":"https:\/\/quehacerpolitico.mx\/index.php?rest_route=\/wp\/v2\/posts\/100186\/revisions\/100188"}],"wp:featuredmedia":[{"embeddable":true,"href":"https:\/\/quehacerpolitico.mx\/index.php?rest_route=\/wp\/v2\/media\/100187"}],"wp:attachment":[{"href":"https:\/\/quehacerpolitico.mx\/index.php?rest_route=%2Fwp%2Fv2%2Fmedia&parent=100186"}],"wp:term":[{"taxonomy":"category","embeddable":true,"href":"https:\/\/quehacerpolitico.mx\/index.php?rest_route=%2Fwp%2Fv2%2Fcategories&post=100186"},{"taxonomy":"post_tag","embeddable":true,"href":"https:\/\/quehacerpolitico.mx\/index.php?rest_route=%2Fwp%2Fv2%2Ftags&post=100186"}],"curies":[{"name":"wp","href":"https:\/\/api.w.org\/{rel}","templated":true}]}}