{"id":100182,"date":"2023-04-21T20:35:55","date_gmt":"2023-04-21T20:35:55","guid":{"rendered":"https:\/\/quehacerpolitico.mx\/?p=100182"},"modified":"2023-04-21T20:35:58","modified_gmt":"2023-04-21T20:35:58","slug":"ruud-van-nistelrooy-elogia-al-mexicano-edson-alvarez-es-el-mejor","status":"publish","type":"post","link":"https:\/\/quehacerpolitico.mx\/?p=100182","title":{"rendered":"Ruud van Nistelrooy elogia al mexicano Edson \u00c1lvarez: &#8216;\u00a1Es el mejor!&#8217;"},"content":{"rendered":"\n<p>Por Redacci\u00f3n QP<\/p>\n\n\n\n<p>Edson \u00c1lvarez no ver\u00e1 acci\u00f3n en el compromiso del fin de semana entre Ajax y PSV.<\/p>\n\n\n\n<p>La m\u00e1xima rivalidad del futbol de los Pa\u00edses Bajos en los \u00faltimos a\u00f1os ha sido cuando se enfrentan el PSV y el Ajax, que este fin de semana se medir\u00e1n en la Eredivisie. Previo a dicho compromiso, el director t\u00e9cnico Ruud van Nistelrooy aprovech\u00f3 para elogiar a su pupilo, el mexicano Edson \u00c1lvarez.<\/p>\n\n\n\n<p>Van Nistelrooy destaca cualidades de Edson \u00c1lvarez El estratega del Ajax en conferencia de prensa, habl\u00f3 acerca de la ausencia del mexicano, a quien destac\u00f3 por sus cualidades f\u00edsicas, futbol\u00edsticas, pero sobre todo mentales, d\u00e1ndole el equilibrio en el medio campo al equipo.<\/p>\n\n\n\n<figure class=\"wp-block-embed is-type-video is-provider-youtube wp-block-embed-youtube wp-embed-aspect-16-9 wp-has-aspect-ratio\"><div class=\"wp-block-embed__wrapper\">\n<iframe loading=\"lazy\" title=\"GOL DE JORGE S\u00c1NCHEZ con ASISTENCIA de EDSON \u00c1LVAREZ. \ud83c\uddf2\ud83c\uddfd \u00a1COMBINACI\u00d3N MEXICANA! | Eredivisie\" width=\"640\" height=\"360\" src=\"https:\/\/www.youtube.com\/embed\/WcKmRbwghLQ?feature=oembed\" frameborder=\"0\" allow=\"accelerometer; autoplay; clipboard-write; encrypted-media; gyroscope; picture-in-picture; web-share\" referrerpolicy=\"strict-origin-when-cross-origin\" allowfullscreen><\/iframe>\n<\/div><\/figure>\n\n\n\n<p>&#8220;Creo que \u00c1lvarez es un muy buen jugador. Tanto en la defensa como en el centro del campo. En t\u00e9rminos de mentalidad y car\u00e1cter, es el mejor. Pero el Ajax tiene varios buenos jugadores&#8221;, coment\u00f3. Cabe recordar que el exjugador del Am\u00e9rica no ver\u00e1 acci\u00f3n para este duelo por acumulaci\u00f3n de tarjetas amarillas, debido a que lleg\u00f3 al m\u00e1ximo tras ser amonestado en el \u00faltimo juego en contra del Emmen, equipo al cual derrotaron por 3-1 y donde colabor\u00f3 con una asistencia a su compatriota, Jorge S\u00e1nchez.<\/p>\n\n\n\n<figure class=\"wp-block-image size-full\"><img loading=\"lazy\" decoding=\"async\" width=\"553\" height=\"554\" src=\"https:\/\/quehacerpolitico.mx\/wp-content\/uploads\/2023\/04\/image-43.jpeg\" alt=\"\" class=\"wp-image-100183\" srcset=\"https:\/\/quehacerpolitico.mx\/wp-content\/uploads\/2023\/04\/image-43.jpeg 553w, https:\/\/quehacerpolitico.mx\/wp-content\/uploads\/2023\/04\/image-43-300x300.jpeg 300w, https:\/\/quehacerpolitico.mx\/wp-content\/uploads\/2023\/04\/image-43-150x150.jpeg 150w, https:\/\/quehacerpolitico.mx\/wp-content\/uploads\/2023\/04\/image-43-146x146.jpeg 146w, https:\/\/quehacerpolitico.mx\/wp-content\/uploads\/2023\/04\/image-43-50x50.jpeg 50w, https:\/\/quehacerpolitico.mx\/wp-content\/uploads\/2023\/04\/image-43-75x75.jpeg 75w, https:\/\/quehacerpolitico.mx\/wp-content\/uploads\/2023\/04\/image-43-85x85.jpeg 85w, https:\/\/quehacerpolitico.mx\/wp-content\/uploads\/2023\/04\/image-43-80x80.jpeg 80w\" sizes=\"auto, (max-width: 553px) 100vw, 553px\" \/><\/figure>\n\n\n\n<p>\u00bfCu\u00e1ndo juegan PSV vs. Ajax? Cabe mencionar que estos clubes se ver\u00e1n las caras dos veces de forma consecutiva. La primera en la Eredivisie para definir el que podr\u00eda ser el segundo lugar de la tabla general; mientras que el segundo duelo ser\u00e1 la Final de la Copa de los Pa\u00edses Bajos, donde luchar\u00e1n por el \u00fanico t\u00edtulo que ambos pudieran ganar en la campa\u00f1a. PSV vs Ajax | Eredivisie D\u00eda: domingo 23 de abril de 2023 Horario: 06:30 horas, tiempo del centro de M\u00e9xico Sede: Philips Stadion Transmisi\u00f3n: ESPN y Star Plus Ajax vs. PSV | Copa de los Pa\u00edses Bajos D\u00eda: domingo 30 de abril de 2023 Horario: 10:00 horas, tiempo del centro de M\u00e9xico Sede: Stadion Feijenoord Transmisi\u00f3n: Gol TV Play<\/p>\n\n\n\n<p>Con informaci\u00f3n de Medio Tiempo<\/p>\n","protected":false},"excerpt":{"rendered":"<p>Por Redacci\u00f3n QP Edson \u00c1lvarez no ver\u00e1 acci\u00f3n en el compromiso del fin de semana&#8230;<\/p>\n","protected":false},"author":2,"featured_media":100184,"comment_status":"open","ping_status":"open","sticky":false,"template":"","format":"standard","meta":{"_monsterinsights_skip_tracking":false,"_monsterinsights_sitenote_active":false,"_monsterinsights_sitenote_note":"","_monsterinsights_sitenote_category":0,"footnotes":""},"categories":[54],"tags":[],"class_list":["post-100182","post","type-post","status-publish","format-standard","has-post-thumbnail","hentry","category-deportes"],"yoast_head":"<!-- This site is optimized with the Yoast SEO plugin v27.3 - https:\/\/yoast.com\/product\/yoast-seo-wordpress\/ -->\n<title>Ruud van Nistelrooy elogia al mexicano Edson \u00c1lvarez: &#039;\u00a1Es el mejor!&#039; -<\/title>\n<meta name=\"robots\" content=\"index, follow, max-snippet:-1, max-image-preview:large, max-video-preview:-1\" \/>\n<link rel=\"canonical\" href=\"https:\/\/quehacerpolitico.mx\/?p=100182\" \/>\n<meta property=\"og:locale\" content=\"es_MX\" \/>\n<meta property=\"og:type\" content=\"article\" \/>\n<meta property=\"og:title\" content=\"Ruud van Nistelrooy elogia al mexicano Edson \u00c1lvarez: &#039;\u00a1Es el mejor!&#039; -\" \/>\n<meta property=\"og:description\" content=\"Por Redacci\u00f3n QP Edson \u00c1lvarez no ver\u00e1 acci\u00f3n en el compromiso del fin de semana...\" \/>\n<meta property=\"og:url\" content=\"https:\/\/quehacerpolitico.mx\/?p=100182\" \/>\n<meta property=\"article:published_time\" content=\"2023-04-21T20:35:55+00:00\" \/>\n<meta property=\"article:modified_time\" content=\"2023-04-21T20:35:58+00:00\" \/>\n<meta property=\"og:image\" content=\"https:\/\/quehacerpolitico.mx\/wp-content\/uploads\/2023\/04\/IMG_7220.jpeg\" \/>\n\t<meta property=\"og:image:width\" content=\"738\" \/>\n\t<meta property=\"og:image:height\" content=\"416\" \/>\n\t<meta property=\"og:image:type\" content=\"image\/jpeg\" \/>\n<meta name=\"author\" content=\"Redacci\u00f3n QP\" \/>\n<meta name=\"twitter:card\" content=\"summary_large_image\" \/>\n<meta name=\"twitter:label1\" content=\"Escrito por\" \/>\n\t<meta name=\"twitter:data1\" content=\"Redacci\u00f3n QP\" \/>\n\t<meta name=\"twitter:label2\" content=\"Tiempo de lectura\" \/>\n\t<meta name=\"twitter:data2\" content=\"2 minutos\" \/>\n<script type=\"application\/ld+json\" class=\"yoast-schema-graph\">{\"@context\":\"https:\\\/\\\/schema.org\",\"@graph\":[{\"@type\":\"Article\",\"@id\":\"https:\\\/\\\/quehacerpolitico.mx\\\/?p=100182#article\",\"isPartOf\":{\"@id\":\"https:\\\/\\\/quehacerpolitico.mx\\\/?p=100182\"},\"author\":{\"name\":\"Redacci\u00f3n QP\",\"@id\":\"https:\\\/\\\/quehacerpolitico.mx\\\/#\\\/schema\\\/person\\\/496d8ad2d1d3f8036101dca7ee39e585\"},\"headline\":\"Ruud van Nistelrooy elogia al mexicano Edson \u00c1lvarez: &#8216;\u00a1Es el mejor!&#8217;\",\"datePublished\":\"2023-04-21T20:35:55+00:00\",\"dateModified\":\"2023-04-21T20:35:58+00:00\",\"mainEntityOfPage\":{\"@id\":\"https:\\\/\\\/quehacerpolitico.mx\\\/?p=100182\"},\"wordCount\":370,\"commentCount\":0,\"image\":{\"@id\":\"https:\\\/\\\/quehacerpolitico.mx\\\/?p=100182#primaryimage\"},\"thumbnailUrl\":\"https:\\\/\\\/quehacerpolitico.mx\\\/wp-content\\\/uploads\\\/2023\\\/04\\\/IMG_7220.jpeg\",\"articleSection\":[\"Deportes\"],\"inLanguage\":\"es\",\"potentialAction\":[{\"@type\":\"CommentAction\",\"name\":\"Comment\",\"target\":[\"https:\\\/\\\/quehacerpolitico.mx\\\/?p=100182#respond\"]}]},{\"@type\":\"WebPage\",\"@id\":\"https:\\\/\\\/quehacerpolitico.mx\\\/?p=100182\",\"url\":\"https:\\\/\\\/quehacerpolitico.mx\\\/?p=100182\",\"name\":\"Ruud van Nistelrooy elogia al mexicano Edson \u00c1lvarez: '\u00a1Es el mejor!' -\",\"isPartOf\":{\"@id\":\"https:\\\/\\\/quehacerpolitico.mx\\\/#website\"},\"primaryImageOfPage\":{\"@id\":\"https:\\\/\\\/quehacerpolitico.mx\\\/?p=100182#primaryimage\"},\"image\":{\"@id\":\"https:\\\/\\\/quehacerpolitico.mx\\\/?p=100182#primaryimage\"},\"thumbnailUrl\":\"https:\\\/\\\/quehacerpolitico.mx\\\/wp-content\\\/uploads\\\/2023\\\/04\\\/IMG_7220.jpeg\",\"datePublished\":\"2023-04-21T20:35:55+00:00\",\"dateModified\":\"2023-04-21T20:35:58+00:00\",\"author\":{\"@id\":\"https:\\\/\\\/quehacerpolitico.mx\\\/#\\\/schema\\\/person\\\/496d8ad2d1d3f8036101dca7ee39e585\"},\"breadcrumb\":{\"@id\":\"https:\\\/\\\/quehacerpolitico.mx\\\/?p=100182#breadcrumb\"},\"inLanguage\":\"es\",\"potentialAction\":[{\"@type\":\"ReadAction\",\"target\":[\"https:\\\/\\\/quehacerpolitico.mx\\\/?p=100182\"]}]},{\"@type\":\"ImageObject\",\"inLanguage\":\"es\",\"@id\":\"https:\\\/\\\/quehacerpolitico.mx\\\/?p=100182#primaryimage\",\"url\":\"https:\\\/\\\/quehacerpolitico.mx\\\/wp-content\\\/uploads\\\/2023\\\/04\\\/IMG_7220.jpeg\",\"contentUrl\":\"https:\\\/\\\/quehacerpolitico.mx\\\/wp-content\\\/uploads\\\/2023\\\/04\\\/IMG_7220.jpeg\",\"width\":738,\"height\":416},{\"@type\":\"BreadcrumbList\",\"@id\":\"https:\\\/\\\/quehacerpolitico.mx\\\/?p=100182#breadcrumb\",\"itemListElement\":[{\"@type\":\"ListItem\",\"position\":1,\"name\":\"Inicio\",\"item\":\"https:\\\/\\\/quehacerpolitico.mx\\\/\"},{\"@type\":\"ListItem\",\"position\":2,\"name\":\"Ruud van Nistelrooy elogia al mexicano Edson \u00c1lvarez: &#8216;\u00a1Es el mejor!&#8217;\"}]},{\"@type\":\"WebSite\",\"@id\":\"https:\\\/\\\/quehacerpolitico.mx\\\/#website\",\"url\":\"https:\\\/\\\/quehacerpolitico.mx\\\/\",\"name\":\"\",\"description\":\"\",\"potentialAction\":[{\"@type\":\"SearchAction\",\"target\":{\"@type\":\"EntryPoint\",\"urlTemplate\":\"https:\\\/\\\/quehacerpolitico.mx\\\/?s={search_term_string}\"},\"query-input\":{\"@type\":\"PropertyValueSpecification\",\"valueRequired\":true,\"valueName\":\"search_term_string\"}}],\"inLanguage\":\"es\"},{\"@type\":\"Person\",\"@id\":\"https:\\\/\\\/quehacerpolitico.mx\\\/#\\\/schema\\\/person\\\/496d8ad2d1d3f8036101dca7ee39e585\",\"name\":\"Redacci\u00f3n QP\",\"image\":{\"@type\":\"ImageObject\",\"inLanguage\":\"es\",\"@id\":\"https:\\\/\\\/secure.gravatar.com\\\/avatar\\\/c7164ed6fdec453195284ad24a5ae5b6e1eed2b848477fa2a4787ba9adf39a41?s=96&d=mm&r=g\",\"url\":\"https:\\\/\\\/secure.gravatar.com\\\/avatar\\\/c7164ed6fdec453195284ad24a5ae5b6e1eed2b848477fa2a4787ba9adf39a41?s=96&d=mm&r=g\",\"contentUrl\":\"https:\\\/\\\/secure.gravatar.com\\\/avatar\\\/c7164ed6fdec453195284ad24a5ae5b6e1eed2b848477fa2a4787ba9adf39a41?s=96&d=mm&r=g\",\"caption\":\"Redacci\u00f3n QP\"},\"url\":\"https:\\\/\\\/quehacerpolitico.mx\\\/?author=2\"}]}<\/script>\n<!-- \/ Yoast SEO plugin. -->","yoast_head_json":{"title":"Ruud van Nistelrooy elogia al mexicano Edson \u00c1lvarez: '\u00a1Es el mejor!' -","robots":{"index":"index","follow":"follow","max-snippet":"max-snippet:-1","max-image-preview":"max-image-preview:large","max-video-preview":"max-video-preview:-1"},"canonical":"https:\/\/quehacerpolitico.mx\/?p=100182","og_locale":"es_MX","og_type":"article","og_title":"Ruud van Nistelrooy elogia al mexicano Edson \u00c1lvarez: '\u00a1Es el mejor!' -","og_description":"Por Redacci\u00f3n QP Edson \u00c1lvarez no ver\u00e1 acci\u00f3n en el compromiso del fin de semana...","og_url":"https:\/\/quehacerpolitico.mx\/?p=100182","article_published_time":"2023-04-21T20:35:55+00:00","article_modified_time":"2023-04-21T20:35:58+00:00","og_image":[{"width":738,"height":416,"url":"https:\/\/quehacerpolitico.mx\/wp-content\/uploads\/2023\/04\/IMG_7220.jpeg","type":"image\/jpeg"}],"author":"Redacci\u00f3n QP","twitter_card":"summary_large_image","twitter_misc":{"Escrito por":"Redacci\u00f3n QP","Tiempo de lectura":"2 minutos"},"schema":{"@context":"https:\/\/schema.org","@graph":[{"@type":"Article","@id":"https:\/\/quehacerpolitico.mx\/?p=100182#article","isPartOf":{"@id":"https:\/\/quehacerpolitico.mx\/?p=100182"},"author":{"name":"Redacci\u00f3n QP","@id":"https:\/\/quehacerpolitico.mx\/#\/schema\/person\/496d8ad2d1d3f8036101dca7ee39e585"},"headline":"Ruud van Nistelrooy elogia al mexicano Edson \u00c1lvarez: &#8216;\u00a1Es el mejor!&#8217;","datePublished":"2023-04-21T20:35:55+00:00","dateModified":"2023-04-21T20:35:58+00:00","mainEntityOfPage":{"@id":"https:\/\/quehacerpolitico.mx\/?p=100182"},"wordCount":370,"commentCount":0,"image":{"@id":"https:\/\/quehacerpolitico.mx\/?p=100182#primaryimage"},"thumbnailUrl":"https:\/\/quehacerpolitico.mx\/wp-content\/uploads\/2023\/04\/IMG_7220.jpeg","articleSection":["Deportes"],"inLanguage":"es","potentialAction":[{"@type":"CommentAction","name":"Comment","target":["https:\/\/quehacerpolitico.mx\/?p=100182#respond"]}]},{"@type":"WebPage","@id":"https:\/\/quehacerpolitico.mx\/?p=100182","url":"https:\/\/quehacerpolitico.mx\/?p=100182","name":"Ruud van Nistelrooy elogia al mexicano Edson \u00c1lvarez: '\u00a1Es el mejor!' -","isPartOf":{"@id":"https:\/\/quehacerpolitico.mx\/#website"},"primaryImageOfPage":{"@id":"https:\/\/quehacerpolitico.mx\/?p=100182#primaryimage"},"image":{"@id":"https:\/\/quehacerpolitico.mx\/?p=100182#primaryimage"},"thumbnailUrl":"https:\/\/quehacerpolitico.mx\/wp-content\/uploads\/2023\/04\/IMG_7220.jpeg","datePublished":"2023-04-21T20:35:55+00:00","dateModified":"2023-04-21T20:35:58+00:00","author":{"@id":"https:\/\/quehacerpolitico.mx\/#\/schema\/person\/496d8ad2d1d3f8036101dca7ee39e585"},"breadcrumb":{"@id":"https:\/\/quehacerpolitico.mx\/?p=100182#breadcrumb"},"inLanguage":"es","potentialAction":[{"@type":"ReadAction","target":["https:\/\/quehacerpolitico.mx\/?p=100182"]}]},{"@type":"ImageObject","inLanguage":"es","@id":"https:\/\/quehacerpolitico.mx\/?p=100182#primaryimage","url":"https:\/\/quehacerpolitico.mx\/wp-content\/uploads\/2023\/04\/IMG_7220.jpeg","contentUrl":"https:\/\/quehacerpolitico.mx\/wp-content\/uploads\/2023\/04\/IMG_7220.jpeg","width":738,"height":416},{"@type":"BreadcrumbList","@id":"https:\/\/quehacerpolitico.mx\/?p=100182#breadcrumb","itemListElement":[{"@type":"ListItem","position":1,"name":"Inicio","item":"https:\/\/quehacerpolitico.mx\/"},{"@type":"ListItem","position":2,"name":"Ruud van Nistelrooy elogia al mexicano Edson \u00c1lvarez: &#8216;\u00a1Es el mejor!&#8217;"}]},{"@type":"WebSite","@id":"https:\/\/quehacerpolitico.mx\/#website","url":"https:\/\/quehacerpolitico.mx\/","name":"","description":"","potentialAction":[{"@type":"SearchAction","target":{"@type":"EntryPoint","urlTemplate":"https:\/\/quehacerpolitico.mx\/?s={search_term_string}"},"query-input":{"@type":"PropertyValueSpecification","valueRequired":true,"valueName":"search_term_string"}}],"inLanguage":"es"},{"@type":"Person","@id":"https:\/\/quehacerpolitico.mx\/#\/schema\/person\/496d8ad2d1d3f8036101dca7ee39e585","name":"Redacci\u00f3n QP","image":{"@type":"ImageObject","inLanguage":"es","@id":"https:\/\/secure.gravatar.com\/avatar\/c7164ed6fdec453195284ad24a5ae5b6e1eed2b848477fa2a4787ba9adf39a41?s=96&d=mm&r=g","url":"https:\/\/secure.gravatar.com\/avatar\/c7164ed6fdec453195284ad24a5ae5b6e1eed2b848477fa2a4787ba9adf39a41?s=96&d=mm&r=g","contentUrl":"https:\/\/secure.gravatar.com\/avatar\/c7164ed6fdec453195284ad24a5ae5b6e1eed2b848477fa2a4787ba9adf39a41?s=96&d=mm&r=g","caption":"Redacci\u00f3n QP"},"url":"https:\/\/quehacerpolitico.mx\/?author=2"}]}},"featured_image_urls":{"full":["https:\/\/quehacerpolitico.mx\/wp-content\/uploads\/2023\/04\/IMG_7220.jpeg",738,416,false],"thumbnail":["https:\/\/quehacerpolitico.mx\/wp-content\/uploads\/2023\/04\/IMG_7220-150x150.jpeg",150,150,true],"medium":["https:\/\/quehacerpolitico.mx\/wp-content\/uploads\/2023\/04\/IMG_7220-300x169.jpeg",300,169,true],"medium_large":["https:\/\/quehacerpolitico.mx\/wp-content\/uploads\/2023\/04\/IMG_7220.jpeg",640,361,false],"large":["https:\/\/quehacerpolitico.mx\/wp-content\/uploads\/2023\/04\/IMG_7220.jpeg",640,361,false],"1536x1536":["https:\/\/quehacerpolitico.mx\/wp-content\/uploads\/2023\/04\/IMG_7220.jpeg",738,416,false],"2048x2048":["https:\/\/quehacerpolitico.mx\/wp-content\/uploads\/2023\/04\/IMG_7220.jpeg",738,416,false],"covernews-featured":["https:\/\/quehacerpolitico.mx\/wp-content\/uploads\/2023\/04\/IMG_7220.jpeg",738,416,false],"covernews-medium":["https:\/\/quehacerpolitico.mx\/wp-content\/uploads\/2023\/04\/IMG_7220.jpeg",540,304,false]},"author_info":{"display_name":"Redacci\u00f3n QP","author_link":"https:\/\/quehacerpolitico.mx\/?author=2"},"category_info":"<a href=\"https:\/\/quehacerpolitico.mx\/?cat=54\" rel=\"category\">Deportes<\/a>","tag_info":"Deportes","comment_count":"0","_links":{"self":[{"href":"https:\/\/quehacerpolitico.mx\/index.php?rest_route=\/wp\/v2\/posts\/100182","targetHints":{"allow":["GET"]}}],"collection":[{"href":"https:\/\/quehacerpolitico.mx\/index.php?rest_route=\/wp\/v2\/posts"}],"about":[{"href":"https:\/\/quehacerpolitico.mx\/index.php?rest_route=\/wp\/v2\/types\/post"}],"author":[{"embeddable":true,"href":"https:\/\/quehacerpolitico.mx\/index.php?rest_route=\/wp\/v2\/users\/2"}],"replies":[{"embeddable":true,"href":"https:\/\/quehacerpolitico.mx\/index.php?rest_route=%2Fwp%2Fv2%2Fcomments&post=100182"}],"version-history":[{"count":1,"href":"https:\/\/quehacerpolitico.mx\/index.php?rest_route=\/wp\/v2\/posts\/100182\/revisions"}],"predecessor-version":[{"id":100185,"href":"https:\/\/quehacerpolitico.mx\/index.php?rest_route=\/wp\/v2\/posts\/100182\/revisions\/100185"}],"wp:featuredmedia":[{"embeddable":true,"href":"https:\/\/quehacerpolitico.mx\/index.php?rest_route=\/wp\/v2\/media\/100184"}],"wp:attachment":[{"href":"https:\/\/quehacerpolitico.mx\/index.php?rest_route=%2Fwp%2Fv2%2Fmedia&parent=100182"}],"wp:term":[{"taxonomy":"category","embeddable":true,"href":"https:\/\/quehacerpolitico.mx\/index.php?rest_route=%2Fwp%2Fv2%2Fcategories&post=100182"},{"taxonomy":"post_tag","embeddable":true,"href":"https:\/\/quehacerpolitico.mx\/index.php?rest_route=%2Fwp%2Fv2%2Ftags&post=100182"}],"curies":[{"name":"wp","href":"https:\/\/api.w.org\/{rel}","templated":true}]}}