{"id":100156,"date":"2023-04-21T17:50:40","date_gmt":"2023-04-21T17:50:40","guid":{"rendered":"https:\/\/quehacerpolitico.mx\/?p=100156"},"modified":"2023-04-21T17:50:44","modified_gmt":"2023-04-21T17:50:44","slug":"amlo-no-suelta-lo-de-la-scjn-y-asegura-que-cometieron-un-error-al-suspender-la-transferencia-de-la-gn-a-la-sedena","status":"publish","type":"post","link":"https:\/\/quehacerpolitico.mx\/?p=100156","title":{"rendered":"AMLO no suelta lo de la SCJN y asegura que cometieron un error al suspender la transferencia de la GN a la SEDENA"},"content":{"rendered":"\n<p>Por Redacci\u00f3n QP<\/p>\n\n\n\n<p>L\u00f3pez Obrador volvi\u00f3 a lanzarse contra los ministros de la SCJN al fallar en contra de la transferencia de la Guardia Nacional a Sedena<\/p>\n\n\n\n<p>El presidente\u00a0<strong>Andres Manuel L\u00f3pez Obrador<\/strong>\u00a0llam\u00f3 \u201c<strong>corruptos<\/strong>\u201d a los\u00a0<strong>ministros<\/strong>\u00a0de la\u00a0<strong>Suprema Corte de Justicia de la Naci\u00f3n<\/strong>(<strong>SCJN<\/strong>) que invalidaron la transferencia de la\u00a0<strong>Guardia Nacional<\/strong> a la\u00a0<strong>Secretar\u00eda de la Defensa Nacional<\/strong>\u00a0(<strong>Sedena<\/strong>).<\/p>\n\n\n\n<figure class=\"wp-block-embed is-type-rich is-provider-twitter wp-block-embed-twitter\"><div class=\"wp-block-embed__wrapper\">\n<blockquote class=\"twitter-tweet\" data-width=\"550\" data-dnt=\"true\"><p lang=\"es\" dir=\"ltr\">El presidente asegura que los ministros de la SCJN \u201cse arrepintieron y estaban muy prepotentes\u201d. <br><br>\u201cNos mandaron a decir que por qu\u00e9 no se negociaba que la reforma entrar\u00e1 en vigor despu\u00e9s. Nada de negociaci\u00f3n y que ni les contesten el tel\u00e9fono\u201d, coment\u00f3. <a href=\"https:\/\/t.co\/5oXgVd3Vdn\">pic.twitter.com\/5oXgVd3Vdn<\/a><\/p>&mdash; Ruido en la Red (@RuidoEnLaRed) <a href=\"https:\/\/twitter.com\/RuidoEnLaRed\/status\/1649432332800073737?ref_src=twsrc%5Etfw\">April 21, 2023<\/a><\/blockquote><script async src=\"https:\/\/platform.twitter.com\/widgets.js\" charset=\"utf-8\"><\/script>\n<\/div><\/figure>\n\n\n\n<p>En la conferencia matutina de Palacio Nacional, L\u00f3pez Obrador acus\u00f3 que los ministros de la SCJN quieren destruir todo lo que se ha construido en la Guardia Nacional desde su creaci\u00f3n en el a\u00f1o 2019, incluso, que quieren provocar una deserci\u00f3n masiva de elementos.<\/p>\n\n\n\n<p>Esto es lo que quieren destruir los ministros corruptos de la Corte, no lo vamos a permitir, adem\u00e1s declaran inconstitucional la ley para que sea la Sedena tenga el control de la Guardia Nacional\u201d, dijo.<\/p>\n\n\n\n<p>\u201cMiren lo que hicieron estos ministros irresponsables y corruptos, impidieron que se mantengan los grados, los ascensos, con el prop\u00f3sito de provocar una deserci\u00f3n masiva porque muchos de los elementos de la Guardia tienen que ver con la Sedena, con la Marina, y al momento de que se recibe esto golpe pueden pensar \u2018yo me regreso a la Defensa, a la Marina\u2019, y todo lo que hemos construido se derrumba\u201d, agreg\u00f3.<\/p>\n\n\n\n<p>El martes, la SCJN declar\u00f3 inconstitucional la reforma legal que el presidente L\u00f3pez Obrador promulg\u00f3 en septiembre pasado para trasladar al Ej\u00e9rcito la Guardia Nacional, corporaci\u00f3n que \u00e9l cre\u00f3 en 2019 con la promesa de mantenerla civil.<\/p>\n\n\n\n<p>Con ocho votos de 11, la Corte invalid\u00f3 la ley porque durante la creaci\u00f3n de la Guardia, ahora con 130 mil integrantes, se estableci\u00f3 en la Constituci\u00f3n que debe estar a cargo de la<strong>Secretar\u00eda de Seguridad y Protecci\u00f3n Ciudadana<\/strong>&nbsp;(<strong>SSPC<\/strong>).<\/p>\n\n\n\n<p>El mandatario mexicano reclam\u00f3 que los ministros esgrimieran en sus argumentos sobre la Guardia Nacional que \u201cla ley es la ley\u201d.<\/p>\n\n\n\n<p>\u201cLa Corte actu\u00f3 mal: ocho ministros resolvieron con criterio pol\u00edtico, no con criterio jur\u00eddico y no les import\u00f3 el da\u00f1o que pueden ocasionar, al impedir que la Guardia Nacional dependa de la Sedena, porque lo que resuelven es que la Guardia Nacional contin\u00fae como estaba la Polic\u00eda Federal de los tiempos de (Felipe) Calder\u00f3n y (Genaro) Garc\u00eda Luna, esa corporaci\u00f3n que se corrompi\u00f3 por entero\u201d, indic\u00f3.<\/p>\n\n\n\n<figure class=\"wp-block-embed is-type-rich is-provider-twitter wp-block-embed-twitter\"><div class=\"wp-block-embed__wrapper\">\n<blockquote class=\"twitter-tweet\" data-width=\"550\" data-dnt=\"true\"><p lang=\"es\" dir=\"ltr\">AMLO no suelta lo de la SCJN y asegura que cometieron un error al suspender la transferencia de la GN a la SEDENA <a href=\"https:\/\/t.co\/qBJRxUUbow\">pic.twitter.com\/qBJRxUUbow<\/a><\/p>&mdash; Ruido en la Red (@RuidoEnLaRed) <a href=\"https:\/\/twitter.com\/RuidoEnLaRed\/status\/1649422395441127424?ref_src=twsrc%5Etfw\">April 21, 2023<\/a><\/blockquote><script async src=\"https:\/\/platform.twitter.com\/widgets.js\" charset=\"utf-8\"><\/script>\n<\/div><\/figure>\n\n\n\n<p>\u201cEsa Polic\u00eda Federal se creo sin disciplina, sin profesionalismo, sin m\u00edstica, sin honestidad, empez\u00f3 a ser manejada por j\u00f3venes en ese entonces ambiciosos, sin principios, sin ideales y miren en lo que termin\u00f3. Se olvidan que durante el Gobierno de calder\u00f3n hubo un narco Estado, la seguridad p\u00fablica estaba en manos de la delincuencia y subrayar que era de la delincuencia organizada y la de cuello blanco\u201d, explic\u00f3.<\/p>\n\n\n\n<p>No tomaron en cuenta eso los ministros, esgrimiendo de que la ley es la ley, puro\u00a0<em>choro mareador<\/em>cuando lo que buscan es que no se consolide la Guardia Nacional. Vamos a seguir fortaleciendo la Guardia Nacional para los j\u00f3venes\u201d, expuso.<\/p>\n","protected":false},"excerpt":{"rendered":"<p>Por Redacci\u00f3n QP L\u00f3pez Obrador volvi\u00f3 a lanzarse contra los ministros de la SCJN al&#8230;<\/p>\n","protected":false},"author":2,"featured_media":100157,"comment_status":"open","ping_status":"open","sticky":false,"template":"","format":"standard","meta":{"_monsterinsights_skip_tracking":false,"_monsterinsights_sitenote_active":false,"_monsterinsights_sitenote_note":"","_monsterinsights_sitenote_category":0,"footnotes":""},"categories":[2],"tags":[],"class_list":["post-100156","post","type-post","status-publish","format-standard","has-post-thumbnail","hentry","category-noticias"],"yoast_head":"<!-- This site is optimized with the Yoast SEO plugin v27.3 - https:\/\/yoast.com\/product\/yoast-seo-wordpress\/ -->\n<title>AMLO no suelta lo de la SCJN y asegura que cometieron un error al suspender la transferencia de la GN a la SEDENA -<\/title>\n<meta name=\"robots\" content=\"index, follow, max-snippet:-1, max-image-preview:large, max-video-preview:-1\" \/>\n<link rel=\"canonical\" href=\"https:\/\/quehacerpolitico.mx\/?p=100156\" \/>\n<meta property=\"og:locale\" content=\"es_MX\" \/>\n<meta property=\"og:type\" content=\"article\" \/>\n<meta property=\"og:title\" content=\"AMLO no suelta lo de la SCJN y asegura que cometieron un error al suspender la transferencia de la GN a la SEDENA -\" \/>\n<meta property=\"og:description\" content=\"Por Redacci\u00f3n QP L\u00f3pez Obrador volvi\u00f3 a lanzarse contra los ministros de la SCJN al...\" \/>\n<meta property=\"og:url\" content=\"https:\/\/quehacerpolitico.mx\/?p=100156\" \/>\n<meta property=\"article:published_time\" content=\"2023-04-21T17:50:40+00:00\" \/>\n<meta property=\"article:modified_time\" content=\"2023-04-21T17:50:44+00:00\" \/>\n<meta property=\"og:image\" content=\"https:\/\/quehacerpolitico.mx\/wp-content\/uploads\/2023\/04\/IMG_7209.jpeg\" \/>\n\t<meta property=\"og:image:width\" content=\"1284\" \/>\n\t<meta property=\"og:image:height\" content=\"710\" \/>\n\t<meta property=\"og:image:type\" content=\"image\/jpeg\" \/>\n<meta name=\"author\" content=\"Redacci\u00f3n QP\" \/>\n<meta name=\"twitter:card\" content=\"summary_large_image\" \/>\n<meta name=\"twitter:label1\" content=\"Escrito por\" \/>\n\t<meta name=\"twitter:data1\" content=\"Redacci\u00f3n QP\" \/>\n\t<meta name=\"twitter:label2\" content=\"Tiempo de lectura\" \/>\n\t<meta name=\"twitter:data2\" content=\"3 minutos\" \/>\n<script type=\"application\/ld+json\" class=\"yoast-schema-graph\">{\"@context\":\"https:\\\/\\\/schema.org\",\"@graph\":[{\"@type\":\"Article\",\"@id\":\"https:\\\/\\\/quehacerpolitico.mx\\\/?p=100156#article\",\"isPartOf\":{\"@id\":\"https:\\\/\\\/quehacerpolitico.mx\\\/?p=100156\"},\"author\":{\"name\":\"Redacci\u00f3n QP\",\"@id\":\"https:\\\/\\\/quehacerpolitico.mx\\\/#\\\/schema\\\/person\\\/496d8ad2d1d3f8036101dca7ee39e585\"},\"headline\":\"AMLO no suelta lo de la SCJN y asegura que cometieron un error al suspender la transferencia de la GN a la SEDENA\",\"datePublished\":\"2023-04-21T17:50:40+00:00\",\"dateModified\":\"2023-04-21T17:50:44+00:00\",\"mainEntityOfPage\":{\"@id\":\"https:\\\/\\\/quehacerpolitico.mx\\\/?p=100156\"},\"wordCount\":561,\"commentCount\":0,\"image\":{\"@id\":\"https:\\\/\\\/quehacerpolitico.mx\\\/?p=100156#primaryimage\"},\"thumbnailUrl\":\"https:\\\/\\\/quehacerpolitico.mx\\\/wp-content\\\/uploads\\\/2023\\\/04\\\/IMG_7209.jpeg\",\"articleSection\":[\"Noticias\"],\"inLanguage\":\"es\",\"potentialAction\":[{\"@type\":\"CommentAction\",\"name\":\"Comment\",\"target\":[\"https:\\\/\\\/quehacerpolitico.mx\\\/?p=100156#respond\"]}]},{\"@type\":\"WebPage\",\"@id\":\"https:\\\/\\\/quehacerpolitico.mx\\\/?p=100156\",\"url\":\"https:\\\/\\\/quehacerpolitico.mx\\\/?p=100156\",\"name\":\"AMLO no suelta lo de la SCJN y asegura que cometieron un error al suspender la transferencia de la GN a la SEDENA -\",\"isPartOf\":{\"@id\":\"https:\\\/\\\/quehacerpolitico.mx\\\/#website\"},\"primaryImageOfPage\":{\"@id\":\"https:\\\/\\\/quehacerpolitico.mx\\\/?p=100156#primaryimage\"},\"image\":{\"@id\":\"https:\\\/\\\/quehacerpolitico.mx\\\/?p=100156#primaryimage\"},\"thumbnailUrl\":\"https:\\\/\\\/quehacerpolitico.mx\\\/wp-content\\\/uploads\\\/2023\\\/04\\\/IMG_7209.jpeg\",\"datePublished\":\"2023-04-21T17:50:40+00:00\",\"dateModified\":\"2023-04-21T17:50:44+00:00\",\"author\":{\"@id\":\"https:\\\/\\\/quehacerpolitico.mx\\\/#\\\/schema\\\/person\\\/496d8ad2d1d3f8036101dca7ee39e585\"},\"breadcrumb\":{\"@id\":\"https:\\\/\\\/quehacerpolitico.mx\\\/?p=100156#breadcrumb\"},\"inLanguage\":\"es\",\"potentialAction\":[{\"@type\":\"ReadAction\",\"target\":[\"https:\\\/\\\/quehacerpolitico.mx\\\/?p=100156\"]}]},{\"@type\":\"ImageObject\",\"inLanguage\":\"es\",\"@id\":\"https:\\\/\\\/quehacerpolitico.mx\\\/?p=100156#primaryimage\",\"url\":\"https:\\\/\\\/quehacerpolitico.mx\\\/wp-content\\\/uploads\\\/2023\\\/04\\\/IMG_7209.jpeg\",\"contentUrl\":\"https:\\\/\\\/quehacerpolitico.mx\\\/wp-content\\\/uploads\\\/2023\\\/04\\\/IMG_7209.jpeg\",\"width\":1284,\"height\":710},{\"@type\":\"BreadcrumbList\",\"@id\":\"https:\\\/\\\/quehacerpolitico.mx\\\/?p=100156#breadcrumb\",\"itemListElement\":[{\"@type\":\"ListItem\",\"position\":1,\"name\":\"Inicio\",\"item\":\"https:\\\/\\\/quehacerpolitico.mx\\\/\"},{\"@type\":\"ListItem\",\"position\":2,\"name\":\"AMLO no suelta lo de la SCJN y asegura que cometieron un error al suspender la transferencia de la GN a la SEDENA\"}]},{\"@type\":\"WebSite\",\"@id\":\"https:\\\/\\\/quehacerpolitico.mx\\\/#website\",\"url\":\"https:\\\/\\\/quehacerpolitico.mx\\\/\",\"name\":\"\",\"description\":\"\",\"potentialAction\":[{\"@type\":\"SearchAction\",\"target\":{\"@type\":\"EntryPoint\",\"urlTemplate\":\"https:\\\/\\\/quehacerpolitico.mx\\\/?s={search_term_string}\"},\"query-input\":{\"@type\":\"PropertyValueSpecification\",\"valueRequired\":true,\"valueName\":\"search_term_string\"}}],\"inLanguage\":\"es\"},{\"@type\":\"Person\",\"@id\":\"https:\\\/\\\/quehacerpolitico.mx\\\/#\\\/schema\\\/person\\\/496d8ad2d1d3f8036101dca7ee39e585\",\"name\":\"Redacci\u00f3n QP\",\"image\":{\"@type\":\"ImageObject\",\"inLanguage\":\"es\",\"@id\":\"https:\\\/\\\/secure.gravatar.com\\\/avatar\\\/c7164ed6fdec453195284ad24a5ae5b6e1eed2b848477fa2a4787ba9adf39a41?s=96&d=mm&r=g\",\"url\":\"https:\\\/\\\/secure.gravatar.com\\\/avatar\\\/c7164ed6fdec453195284ad24a5ae5b6e1eed2b848477fa2a4787ba9adf39a41?s=96&d=mm&r=g\",\"contentUrl\":\"https:\\\/\\\/secure.gravatar.com\\\/avatar\\\/c7164ed6fdec453195284ad24a5ae5b6e1eed2b848477fa2a4787ba9adf39a41?s=96&d=mm&r=g\",\"caption\":\"Redacci\u00f3n QP\"},\"url\":\"https:\\\/\\\/quehacerpolitico.mx\\\/?author=2\"}]}<\/script>\n<!-- \/ Yoast SEO plugin. -->","yoast_head_json":{"title":"AMLO no suelta lo de la SCJN y asegura que cometieron un error al suspender la transferencia de la GN a la SEDENA -","robots":{"index":"index","follow":"follow","max-snippet":"max-snippet:-1","max-image-preview":"max-image-preview:large","max-video-preview":"max-video-preview:-1"},"canonical":"https:\/\/quehacerpolitico.mx\/?p=100156","og_locale":"es_MX","og_type":"article","og_title":"AMLO no suelta lo de la SCJN y asegura que cometieron un error al suspender la transferencia de la GN a la SEDENA -","og_description":"Por Redacci\u00f3n QP L\u00f3pez Obrador volvi\u00f3 a lanzarse contra los ministros de la SCJN al...","og_url":"https:\/\/quehacerpolitico.mx\/?p=100156","article_published_time":"2023-04-21T17:50:40+00:00","article_modified_time":"2023-04-21T17:50:44+00:00","og_image":[{"width":1284,"height":710,"url":"https:\/\/quehacerpolitico.mx\/wp-content\/uploads\/2023\/04\/IMG_7209.jpeg","type":"image\/jpeg"}],"author":"Redacci\u00f3n QP","twitter_card":"summary_large_image","twitter_misc":{"Escrito por":"Redacci\u00f3n QP","Tiempo de lectura":"3 minutos"},"schema":{"@context":"https:\/\/schema.org","@graph":[{"@type":"Article","@id":"https:\/\/quehacerpolitico.mx\/?p=100156#article","isPartOf":{"@id":"https:\/\/quehacerpolitico.mx\/?p=100156"},"author":{"name":"Redacci\u00f3n QP","@id":"https:\/\/quehacerpolitico.mx\/#\/schema\/person\/496d8ad2d1d3f8036101dca7ee39e585"},"headline":"AMLO no suelta lo de la SCJN y asegura que cometieron un error al suspender la transferencia de la GN a la SEDENA","datePublished":"2023-04-21T17:50:40+00:00","dateModified":"2023-04-21T17:50:44+00:00","mainEntityOfPage":{"@id":"https:\/\/quehacerpolitico.mx\/?p=100156"},"wordCount":561,"commentCount":0,"image":{"@id":"https:\/\/quehacerpolitico.mx\/?p=100156#primaryimage"},"thumbnailUrl":"https:\/\/quehacerpolitico.mx\/wp-content\/uploads\/2023\/04\/IMG_7209.jpeg","articleSection":["Noticias"],"inLanguage":"es","potentialAction":[{"@type":"CommentAction","name":"Comment","target":["https:\/\/quehacerpolitico.mx\/?p=100156#respond"]}]},{"@type":"WebPage","@id":"https:\/\/quehacerpolitico.mx\/?p=100156","url":"https:\/\/quehacerpolitico.mx\/?p=100156","name":"AMLO no suelta lo de la SCJN y asegura que cometieron un error al suspender la transferencia de la GN a la SEDENA -","isPartOf":{"@id":"https:\/\/quehacerpolitico.mx\/#website"},"primaryImageOfPage":{"@id":"https:\/\/quehacerpolitico.mx\/?p=100156#primaryimage"},"image":{"@id":"https:\/\/quehacerpolitico.mx\/?p=100156#primaryimage"},"thumbnailUrl":"https:\/\/quehacerpolitico.mx\/wp-content\/uploads\/2023\/04\/IMG_7209.jpeg","datePublished":"2023-04-21T17:50:40+00:00","dateModified":"2023-04-21T17:50:44+00:00","author":{"@id":"https:\/\/quehacerpolitico.mx\/#\/schema\/person\/496d8ad2d1d3f8036101dca7ee39e585"},"breadcrumb":{"@id":"https:\/\/quehacerpolitico.mx\/?p=100156#breadcrumb"},"inLanguage":"es","potentialAction":[{"@type":"ReadAction","target":["https:\/\/quehacerpolitico.mx\/?p=100156"]}]},{"@type":"ImageObject","inLanguage":"es","@id":"https:\/\/quehacerpolitico.mx\/?p=100156#primaryimage","url":"https:\/\/quehacerpolitico.mx\/wp-content\/uploads\/2023\/04\/IMG_7209.jpeg","contentUrl":"https:\/\/quehacerpolitico.mx\/wp-content\/uploads\/2023\/04\/IMG_7209.jpeg","width":1284,"height":710},{"@type":"BreadcrumbList","@id":"https:\/\/quehacerpolitico.mx\/?p=100156#breadcrumb","itemListElement":[{"@type":"ListItem","position":1,"name":"Inicio","item":"https:\/\/quehacerpolitico.mx\/"},{"@type":"ListItem","position":2,"name":"AMLO no suelta lo de la SCJN y asegura que cometieron un error al suspender la transferencia de la GN a la SEDENA"}]},{"@type":"WebSite","@id":"https:\/\/quehacerpolitico.mx\/#website","url":"https:\/\/quehacerpolitico.mx\/","name":"","description":"","potentialAction":[{"@type":"SearchAction","target":{"@type":"EntryPoint","urlTemplate":"https:\/\/quehacerpolitico.mx\/?s={search_term_string}"},"query-input":{"@type":"PropertyValueSpecification","valueRequired":true,"valueName":"search_term_string"}}],"inLanguage":"es"},{"@type":"Person","@id":"https:\/\/quehacerpolitico.mx\/#\/schema\/person\/496d8ad2d1d3f8036101dca7ee39e585","name":"Redacci\u00f3n QP","image":{"@type":"ImageObject","inLanguage":"es","@id":"https:\/\/secure.gravatar.com\/avatar\/c7164ed6fdec453195284ad24a5ae5b6e1eed2b848477fa2a4787ba9adf39a41?s=96&d=mm&r=g","url":"https:\/\/secure.gravatar.com\/avatar\/c7164ed6fdec453195284ad24a5ae5b6e1eed2b848477fa2a4787ba9adf39a41?s=96&d=mm&r=g","contentUrl":"https:\/\/secure.gravatar.com\/avatar\/c7164ed6fdec453195284ad24a5ae5b6e1eed2b848477fa2a4787ba9adf39a41?s=96&d=mm&r=g","caption":"Redacci\u00f3n QP"},"url":"https:\/\/quehacerpolitico.mx\/?author=2"}]}},"featured_image_urls":{"full":["https:\/\/quehacerpolitico.mx\/wp-content\/uploads\/2023\/04\/IMG_7209.jpeg",1284,710,false],"thumbnail":["https:\/\/quehacerpolitico.mx\/wp-content\/uploads\/2023\/04\/IMG_7209-150x150.jpeg",150,150,true],"medium":["https:\/\/quehacerpolitico.mx\/wp-content\/uploads\/2023\/04\/IMG_7209-300x166.jpeg",300,166,true],"medium_large":["https:\/\/quehacerpolitico.mx\/wp-content\/uploads\/2023\/04\/IMG_7209-768x425.jpeg",640,354,true],"large":["https:\/\/quehacerpolitico.mx\/wp-content\/uploads\/2023\/04\/IMG_7209-1024x566.jpeg",640,354,true],"1536x1536":["https:\/\/quehacerpolitico.mx\/wp-content\/uploads\/2023\/04\/IMG_7209.jpeg",1284,710,false],"2048x2048":["https:\/\/quehacerpolitico.mx\/wp-content\/uploads\/2023\/04\/IMG_7209.jpeg",1284,710,false],"covernews-featured":["https:\/\/quehacerpolitico.mx\/wp-content\/uploads\/2023\/04\/IMG_7209.jpeg",1024,566,false],"covernews-medium":["https:\/\/quehacerpolitico.mx\/wp-content\/uploads\/2023\/04\/IMG_7209.jpeg",540,299,false]},"author_info":{"display_name":"Redacci\u00f3n QP","author_link":"https:\/\/quehacerpolitico.mx\/?author=2"},"category_info":"<a href=\"https:\/\/quehacerpolitico.mx\/?cat=2\" rel=\"category\">Noticias<\/a>","tag_info":"Noticias","comment_count":"0","_links":{"self":[{"href":"https:\/\/quehacerpolitico.mx\/index.php?rest_route=\/wp\/v2\/posts\/100156","targetHints":{"allow":["GET"]}}],"collection":[{"href":"https:\/\/quehacerpolitico.mx\/index.php?rest_route=\/wp\/v2\/posts"}],"about":[{"href":"https:\/\/quehacerpolitico.mx\/index.php?rest_route=\/wp\/v2\/types\/post"}],"author":[{"embeddable":true,"href":"https:\/\/quehacerpolitico.mx\/index.php?rest_route=\/wp\/v2\/users\/2"}],"replies":[{"embeddable":true,"href":"https:\/\/quehacerpolitico.mx\/index.php?rest_route=%2Fwp%2Fv2%2Fcomments&post=100156"}],"version-history":[{"count":1,"href":"https:\/\/quehacerpolitico.mx\/index.php?rest_route=\/wp\/v2\/posts\/100156\/revisions"}],"predecessor-version":[{"id":100158,"href":"https:\/\/quehacerpolitico.mx\/index.php?rest_route=\/wp\/v2\/posts\/100156\/revisions\/100158"}],"wp:featuredmedia":[{"embeddable":true,"href":"https:\/\/quehacerpolitico.mx\/index.php?rest_route=\/wp\/v2\/media\/100157"}],"wp:attachment":[{"href":"https:\/\/quehacerpolitico.mx\/index.php?rest_route=%2Fwp%2Fv2%2Fmedia&parent=100156"}],"wp:term":[{"taxonomy":"category","embeddable":true,"href":"https:\/\/quehacerpolitico.mx\/index.php?rest_route=%2Fwp%2Fv2%2Fcategories&post=100156"},{"taxonomy":"post_tag","embeddable":true,"href":"https:\/\/quehacerpolitico.mx\/index.php?rest_route=%2Fwp%2Fv2%2Ftags&post=100156"}],"curies":[{"name":"wp","href":"https:\/\/api.w.org\/{rel}","templated":true}]}}