{"id":100150,"date":"2023-04-21T17:18:53","date_gmt":"2023-04-21T17:18:53","guid":{"rendered":"https:\/\/quehacerpolitico.mx\/?p=100150"},"modified":"2023-04-21T17:18:56","modified_gmt":"2023-04-21T17:18:56","slug":"enfoque-litza-deniss-duran-espinosa-eres-trabajador-independiente-y-quieres-afiliarte-al-imss-esto-te-interesa","status":"publish","type":"post","link":"https:\/\/quehacerpolitico.mx\/?p=100150","title":{"rendered":"Enfoque\/\/\/Litza Deniss Dur\u00e1n Espinosa\/\/\/\u00bfEres trabajador independiente y quieres afiliarte al IMSS? Esto te interesa"},"content":{"rendered":"\n<p>Por Litza Deniss Dur\u00e1n Espinosa<\/p>\n\n\n\n<p>Analista <\/p>\n\n\n\n<p>El IMSS permite que las personas se incorporen voluntariamente; no obstante, hay cuotas anuales que se deben pagar&#8230; \u00a1con\u00f3celas!<\/p>\n\n\n\n<p><strong>\u00bfEres trabajador independiente y deseas afiliarte al IMSS? \u00a1Esta informaci\u00f3n te interesa<\/strong>! Con tu afiliaci\u00f3n, puedes disfrutar de todos los beneficios que el Instituto Mexicano del Seguro Social ofrece, tales como cobertura m\u00e9dica y una pensi\u00f3n, entre varios m\u00e1s. Es importante remarcar que los interesados s\u00f3lo podr\u00e1n realizar el tr\u00e1mite si no cuentan con otro tipo de seguridad social.<\/p>\n\n\n\n<p>Efectivamente,\u00a0<strong>el IMSS da la oportunidad de que las personas que trabajan por su cuenta se incorporen voluntariamente al Instituto<\/strong>, con el beneficio extra de poder incluir a sus familias en la afiliaci\u00f3n&#8230; pero ojo, hay cuotas anuales que se deben pagar, y aqu\u00ed te detallamos los montos aprobados.<\/p>\n\n\n\n<h2 class=\"wp-block-heading\">\u00bfQU\u00c9 FAMILIARES PUEDO AFILIAR BAJO ESTE ESQUEMA?<\/h2>\n\n\n\n<ul class=\"wp-block-list\">\n<li>C\u00f3nyuge \/ concubina<\/li>\n\n\n\n<li>Hijos<\/li>\n\n\n\n<li>Hermanos<\/li>\n\n\n\n<li>Padres<\/li>\n\n\n\n<li>Abuelos<\/li>\n\n\n\n<li>Nietos<\/li>\n\n\n\n<li>Primos<\/li>\n\n\n\n<li>Hijos de los hermanos<\/li>\n\n\n\n<li>Hermanos de los padres del asegurado<\/li>\n<\/ul>\n\n\n\n<p>Para el tr\u00e1mite, los interesados<strong>\u00a0pueden realizarlo a trav\u00e9s de IMSS Digital o en las subdelegaciones del Instituto.\u00a0<\/strong>Como requisitos, adem\u00e1s de pedir que no cuenten con un esquema de seguridad social previo, se solicita al interesado, por ejemplo, no tener enfermedades precedentes.<\/p>\n\n\n\n<p>De igual manera, es importante mencionar que&nbsp;<strong>se debe cubrir una cuota por cada integrante de la familia que se sume;&nbsp;<\/strong>si se desea seguir conservando el seguro, la renovaci\u00f3n debe hacerse dentro de los 30 d\u00edas naturales antes de que venza el a\u00f1o.<\/p>\n\n\n\n<h3 class=\"wp-block-heading\">SABER M\u00c1S<br>Precios 2023 por incorporaci\u00f3n independiente al IMSS<\/h3>\n\n\n\n<ul class=\"wp-block-list\">\n<li><strong>De 0 a 19 a\u00f1os:<\/strong>&nbsp;8 mil 200 pesos<\/li>\n\n\n\n<li><strong>De 20 a 29 a\u00f1os:&nbsp;<\/strong>10 200 pesos<\/li>\n\n\n\n<li><strong>De 30 a 39 a\u00f1os:<\/strong>&nbsp;10 mil 950 pesos<\/li>\n\n\n\n<li><strong>De 40 a 49 a\u00f1os:<\/strong>&nbsp;12 mil 700 pesos<\/li>\n\n\n\n<li><strong>De 50 a 59 a\u00f1os:<\/strong>&nbsp;13 mil 150 pesos<\/li>\n\n\n\n<li><strong>De 60 a 69 a\u00f1os:<\/strong>&nbsp;18 mil 300 pesos<\/li>\n\n\n\n<li><strong>De 70 a 79 a\u00f1os:&nbsp;<\/strong>19 mil 050 pesos<\/li>\n\n\n\n<li><strong>Despu\u00e9s de los 80 a\u00f1os:<\/strong>&nbsp;19 mil 700 pesos<\/li>\n<\/ul>\n","protected":false},"excerpt":{"rendered":"<p>Por Litza Deniss Dur\u00e1n Espinosa Analista El IMSS permite que las personas se incorporen voluntariamente;&#8230;<\/p>\n","protected":false},"author":2,"featured_media":100151,"comment_status":"open","ping_status":"open","sticky":false,"template":"","format":"standard","meta":{"_monsterinsights_skip_tracking":false,"_monsterinsights_sitenote_active":false,"_monsterinsights_sitenote_note":"","_monsterinsights_sitenote_category":0,"footnotes":""},"categories":[2],"tags":[],"class_list":["post-100150","post","type-post","status-publish","format-standard","has-post-thumbnail","hentry","category-noticias"],"yoast_head":"<!-- This site is optimized with the Yoast SEO plugin v27.3 - https:\/\/yoast.com\/product\/yoast-seo-wordpress\/ -->\n<title>Enfoque\/\/\/Litza Deniss Dur\u00e1n Espinosa\/\/\/\u00bfEres trabajador independiente y quieres afiliarte al IMSS? Esto te interesa -<\/title>\n<meta name=\"robots\" content=\"index, follow, max-snippet:-1, max-image-preview:large, max-video-preview:-1\" \/>\n<link rel=\"canonical\" href=\"https:\/\/quehacerpolitico.mx\/?p=100150\" \/>\n<meta property=\"og:locale\" content=\"es_MX\" \/>\n<meta property=\"og:type\" content=\"article\" \/>\n<meta property=\"og:title\" content=\"Enfoque\/\/\/Litza Deniss Dur\u00e1n Espinosa\/\/\/\u00bfEres trabajador independiente y quieres afiliarte al IMSS? Esto te interesa -\" \/>\n<meta property=\"og:description\" content=\"Por Litza Deniss Dur\u00e1n Espinosa Analista El IMSS permite que las personas se incorporen voluntariamente;...\" \/>\n<meta property=\"og:url\" content=\"https:\/\/quehacerpolitico.mx\/?p=100150\" \/>\n<meta property=\"article:published_time\" content=\"2023-04-21T17:18:53+00:00\" \/>\n<meta property=\"article:modified_time\" content=\"2023-04-21T17:18:56+00:00\" \/>\n<meta property=\"og:image\" content=\"https:\/\/quehacerpolitico.mx\/wp-content\/uploads\/2023\/04\/ffb861ea-47ab-405c-af3e-9b89cc09d96e-9.jpeg\" \/>\n\t<meta property=\"og:image:width\" content=\"963\" \/>\n\t<meta property=\"og:image:height\" content=\"493\" \/>\n\t<meta property=\"og:image:type\" content=\"image\/jpeg\" \/>\n<meta name=\"author\" content=\"Redacci\u00f3n QP\" \/>\n<meta name=\"twitter:card\" content=\"summary_large_image\" \/>\n<meta name=\"twitter:label1\" content=\"Escrito por\" \/>\n\t<meta name=\"twitter:data1\" content=\"Redacci\u00f3n QP\" \/>\n\t<meta name=\"twitter:label2\" content=\"Tiempo de lectura\" \/>\n\t<meta name=\"twitter:data2\" content=\"2 minutos\" \/>\n<script type=\"application\/ld+json\" class=\"yoast-schema-graph\">{\"@context\":\"https:\\\/\\\/schema.org\",\"@graph\":[{\"@type\":\"Article\",\"@id\":\"https:\\\/\\\/quehacerpolitico.mx\\\/?p=100150#article\",\"isPartOf\":{\"@id\":\"https:\\\/\\\/quehacerpolitico.mx\\\/?p=100150\"},\"author\":{\"name\":\"Redacci\u00f3n QP\",\"@id\":\"https:\\\/\\\/quehacerpolitico.mx\\\/#\\\/schema\\\/person\\\/496d8ad2d1d3f8036101dca7ee39e585\"},\"headline\":\"Enfoque\\\/\\\/\\\/Litza Deniss Dur\u00e1n Espinosa\\\/\\\/\\\/\u00bfEres trabajador independiente y quieres afiliarte al IMSS? Esto te interesa\",\"datePublished\":\"2023-04-21T17:18:53+00:00\",\"dateModified\":\"2023-04-21T17:18:56+00:00\",\"mainEntityOfPage\":{\"@id\":\"https:\\\/\\\/quehacerpolitico.mx\\\/?p=100150\"},\"wordCount\":347,\"commentCount\":0,\"image\":{\"@id\":\"https:\\\/\\\/quehacerpolitico.mx\\\/?p=100150#primaryimage\"},\"thumbnailUrl\":\"https:\\\/\\\/quehacerpolitico.mx\\\/wp-content\\\/uploads\\\/2023\\\/04\\\/ffb861ea-47ab-405c-af3e-9b89cc09d96e-9.jpeg\",\"articleSection\":[\"Noticias\"],\"inLanguage\":\"es\",\"potentialAction\":[{\"@type\":\"CommentAction\",\"name\":\"Comment\",\"target\":[\"https:\\\/\\\/quehacerpolitico.mx\\\/?p=100150#respond\"]}]},{\"@type\":\"WebPage\",\"@id\":\"https:\\\/\\\/quehacerpolitico.mx\\\/?p=100150\",\"url\":\"https:\\\/\\\/quehacerpolitico.mx\\\/?p=100150\",\"name\":\"Enfoque\\\/\\\/\\\/Litza Deniss Dur\u00e1n Espinosa\\\/\\\/\\\/\u00bfEres trabajador independiente y quieres afiliarte al IMSS? Esto te interesa -\",\"isPartOf\":{\"@id\":\"https:\\\/\\\/quehacerpolitico.mx\\\/#website\"},\"primaryImageOfPage\":{\"@id\":\"https:\\\/\\\/quehacerpolitico.mx\\\/?p=100150#primaryimage\"},\"image\":{\"@id\":\"https:\\\/\\\/quehacerpolitico.mx\\\/?p=100150#primaryimage\"},\"thumbnailUrl\":\"https:\\\/\\\/quehacerpolitico.mx\\\/wp-content\\\/uploads\\\/2023\\\/04\\\/ffb861ea-47ab-405c-af3e-9b89cc09d96e-9.jpeg\",\"datePublished\":\"2023-04-21T17:18:53+00:00\",\"dateModified\":\"2023-04-21T17:18:56+00:00\",\"author\":{\"@id\":\"https:\\\/\\\/quehacerpolitico.mx\\\/#\\\/schema\\\/person\\\/496d8ad2d1d3f8036101dca7ee39e585\"},\"breadcrumb\":{\"@id\":\"https:\\\/\\\/quehacerpolitico.mx\\\/?p=100150#breadcrumb\"},\"inLanguage\":\"es\",\"potentialAction\":[{\"@type\":\"ReadAction\",\"target\":[\"https:\\\/\\\/quehacerpolitico.mx\\\/?p=100150\"]}]},{\"@type\":\"ImageObject\",\"inLanguage\":\"es\",\"@id\":\"https:\\\/\\\/quehacerpolitico.mx\\\/?p=100150#primaryimage\",\"url\":\"https:\\\/\\\/quehacerpolitico.mx\\\/wp-content\\\/uploads\\\/2023\\\/04\\\/ffb861ea-47ab-405c-af3e-9b89cc09d96e-9.jpeg\",\"contentUrl\":\"https:\\\/\\\/quehacerpolitico.mx\\\/wp-content\\\/uploads\\\/2023\\\/04\\\/ffb861ea-47ab-405c-af3e-9b89cc09d96e-9.jpeg\",\"width\":963,\"height\":493},{\"@type\":\"BreadcrumbList\",\"@id\":\"https:\\\/\\\/quehacerpolitico.mx\\\/?p=100150#breadcrumb\",\"itemListElement\":[{\"@type\":\"ListItem\",\"position\":1,\"name\":\"Inicio\",\"item\":\"https:\\\/\\\/quehacerpolitico.mx\\\/\"},{\"@type\":\"ListItem\",\"position\":2,\"name\":\"Enfoque\\\/\\\/\\\/Litza Deniss Dur\u00e1n Espinosa\\\/\\\/\\\/\u00bfEres trabajador independiente y quieres afiliarte al IMSS? Esto te interesa\"}]},{\"@type\":\"WebSite\",\"@id\":\"https:\\\/\\\/quehacerpolitico.mx\\\/#website\",\"url\":\"https:\\\/\\\/quehacerpolitico.mx\\\/\",\"name\":\"\",\"description\":\"\",\"potentialAction\":[{\"@type\":\"SearchAction\",\"target\":{\"@type\":\"EntryPoint\",\"urlTemplate\":\"https:\\\/\\\/quehacerpolitico.mx\\\/?s={search_term_string}\"},\"query-input\":{\"@type\":\"PropertyValueSpecification\",\"valueRequired\":true,\"valueName\":\"search_term_string\"}}],\"inLanguage\":\"es\"},{\"@type\":\"Person\",\"@id\":\"https:\\\/\\\/quehacerpolitico.mx\\\/#\\\/schema\\\/person\\\/496d8ad2d1d3f8036101dca7ee39e585\",\"name\":\"Redacci\u00f3n QP\",\"image\":{\"@type\":\"ImageObject\",\"inLanguage\":\"es\",\"@id\":\"https:\\\/\\\/secure.gravatar.com\\\/avatar\\\/c7164ed6fdec453195284ad24a5ae5b6e1eed2b848477fa2a4787ba9adf39a41?s=96&d=mm&r=g\",\"url\":\"https:\\\/\\\/secure.gravatar.com\\\/avatar\\\/c7164ed6fdec453195284ad24a5ae5b6e1eed2b848477fa2a4787ba9adf39a41?s=96&d=mm&r=g\",\"contentUrl\":\"https:\\\/\\\/secure.gravatar.com\\\/avatar\\\/c7164ed6fdec453195284ad24a5ae5b6e1eed2b848477fa2a4787ba9adf39a41?s=96&d=mm&r=g\",\"caption\":\"Redacci\u00f3n QP\"},\"url\":\"https:\\\/\\\/quehacerpolitico.mx\\\/?author=2\"}]}<\/script>\n<!-- \/ Yoast SEO plugin. -->","yoast_head_json":{"title":"Enfoque\/\/\/Litza Deniss Dur\u00e1n Espinosa\/\/\/\u00bfEres trabajador independiente y quieres afiliarte al IMSS? Esto te interesa -","robots":{"index":"index","follow":"follow","max-snippet":"max-snippet:-1","max-image-preview":"max-image-preview:large","max-video-preview":"max-video-preview:-1"},"canonical":"https:\/\/quehacerpolitico.mx\/?p=100150","og_locale":"es_MX","og_type":"article","og_title":"Enfoque\/\/\/Litza Deniss Dur\u00e1n Espinosa\/\/\/\u00bfEres trabajador independiente y quieres afiliarte al IMSS? Esto te interesa -","og_description":"Por Litza Deniss Dur\u00e1n Espinosa Analista El IMSS permite que las personas se incorporen voluntariamente;...","og_url":"https:\/\/quehacerpolitico.mx\/?p=100150","article_published_time":"2023-04-21T17:18:53+00:00","article_modified_time":"2023-04-21T17:18:56+00:00","og_image":[{"width":963,"height":493,"url":"https:\/\/quehacerpolitico.mx\/wp-content\/uploads\/2023\/04\/ffb861ea-47ab-405c-af3e-9b89cc09d96e-9.jpeg","type":"image\/jpeg"}],"author":"Redacci\u00f3n QP","twitter_card":"summary_large_image","twitter_misc":{"Escrito por":"Redacci\u00f3n QP","Tiempo de lectura":"2 minutos"},"schema":{"@context":"https:\/\/schema.org","@graph":[{"@type":"Article","@id":"https:\/\/quehacerpolitico.mx\/?p=100150#article","isPartOf":{"@id":"https:\/\/quehacerpolitico.mx\/?p=100150"},"author":{"name":"Redacci\u00f3n QP","@id":"https:\/\/quehacerpolitico.mx\/#\/schema\/person\/496d8ad2d1d3f8036101dca7ee39e585"},"headline":"Enfoque\/\/\/Litza Deniss Dur\u00e1n Espinosa\/\/\/\u00bfEres trabajador independiente y quieres afiliarte al IMSS? Esto te interesa","datePublished":"2023-04-21T17:18:53+00:00","dateModified":"2023-04-21T17:18:56+00:00","mainEntityOfPage":{"@id":"https:\/\/quehacerpolitico.mx\/?p=100150"},"wordCount":347,"commentCount":0,"image":{"@id":"https:\/\/quehacerpolitico.mx\/?p=100150#primaryimage"},"thumbnailUrl":"https:\/\/quehacerpolitico.mx\/wp-content\/uploads\/2023\/04\/ffb861ea-47ab-405c-af3e-9b89cc09d96e-9.jpeg","articleSection":["Noticias"],"inLanguage":"es","potentialAction":[{"@type":"CommentAction","name":"Comment","target":["https:\/\/quehacerpolitico.mx\/?p=100150#respond"]}]},{"@type":"WebPage","@id":"https:\/\/quehacerpolitico.mx\/?p=100150","url":"https:\/\/quehacerpolitico.mx\/?p=100150","name":"Enfoque\/\/\/Litza Deniss Dur\u00e1n Espinosa\/\/\/\u00bfEres trabajador independiente y quieres afiliarte al IMSS? Esto te interesa -","isPartOf":{"@id":"https:\/\/quehacerpolitico.mx\/#website"},"primaryImageOfPage":{"@id":"https:\/\/quehacerpolitico.mx\/?p=100150#primaryimage"},"image":{"@id":"https:\/\/quehacerpolitico.mx\/?p=100150#primaryimage"},"thumbnailUrl":"https:\/\/quehacerpolitico.mx\/wp-content\/uploads\/2023\/04\/ffb861ea-47ab-405c-af3e-9b89cc09d96e-9.jpeg","datePublished":"2023-04-21T17:18:53+00:00","dateModified":"2023-04-21T17:18:56+00:00","author":{"@id":"https:\/\/quehacerpolitico.mx\/#\/schema\/person\/496d8ad2d1d3f8036101dca7ee39e585"},"breadcrumb":{"@id":"https:\/\/quehacerpolitico.mx\/?p=100150#breadcrumb"},"inLanguage":"es","potentialAction":[{"@type":"ReadAction","target":["https:\/\/quehacerpolitico.mx\/?p=100150"]}]},{"@type":"ImageObject","inLanguage":"es","@id":"https:\/\/quehacerpolitico.mx\/?p=100150#primaryimage","url":"https:\/\/quehacerpolitico.mx\/wp-content\/uploads\/2023\/04\/ffb861ea-47ab-405c-af3e-9b89cc09d96e-9.jpeg","contentUrl":"https:\/\/quehacerpolitico.mx\/wp-content\/uploads\/2023\/04\/ffb861ea-47ab-405c-af3e-9b89cc09d96e-9.jpeg","width":963,"height":493},{"@type":"BreadcrumbList","@id":"https:\/\/quehacerpolitico.mx\/?p=100150#breadcrumb","itemListElement":[{"@type":"ListItem","position":1,"name":"Inicio","item":"https:\/\/quehacerpolitico.mx\/"},{"@type":"ListItem","position":2,"name":"Enfoque\/\/\/Litza Deniss Dur\u00e1n Espinosa\/\/\/\u00bfEres trabajador independiente y quieres afiliarte al IMSS? Esto te interesa"}]},{"@type":"WebSite","@id":"https:\/\/quehacerpolitico.mx\/#website","url":"https:\/\/quehacerpolitico.mx\/","name":"","description":"","potentialAction":[{"@type":"SearchAction","target":{"@type":"EntryPoint","urlTemplate":"https:\/\/quehacerpolitico.mx\/?s={search_term_string}"},"query-input":{"@type":"PropertyValueSpecification","valueRequired":true,"valueName":"search_term_string"}}],"inLanguage":"es"},{"@type":"Person","@id":"https:\/\/quehacerpolitico.mx\/#\/schema\/person\/496d8ad2d1d3f8036101dca7ee39e585","name":"Redacci\u00f3n QP","image":{"@type":"ImageObject","inLanguage":"es","@id":"https:\/\/secure.gravatar.com\/avatar\/c7164ed6fdec453195284ad24a5ae5b6e1eed2b848477fa2a4787ba9adf39a41?s=96&d=mm&r=g","url":"https:\/\/secure.gravatar.com\/avatar\/c7164ed6fdec453195284ad24a5ae5b6e1eed2b848477fa2a4787ba9adf39a41?s=96&d=mm&r=g","contentUrl":"https:\/\/secure.gravatar.com\/avatar\/c7164ed6fdec453195284ad24a5ae5b6e1eed2b848477fa2a4787ba9adf39a41?s=96&d=mm&r=g","caption":"Redacci\u00f3n QP"},"url":"https:\/\/quehacerpolitico.mx\/?author=2"}]}},"featured_image_urls":{"full":["https:\/\/quehacerpolitico.mx\/wp-content\/uploads\/2023\/04\/ffb861ea-47ab-405c-af3e-9b89cc09d96e-9.jpeg",963,493,false],"thumbnail":["https:\/\/quehacerpolitico.mx\/wp-content\/uploads\/2023\/04\/ffb861ea-47ab-405c-af3e-9b89cc09d96e-9-150x150.jpeg",150,150,true],"medium":["https:\/\/quehacerpolitico.mx\/wp-content\/uploads\/2023\/04\/ffb861ea-47ab-405c-af3e-9b89cc09d96e-9-300x154.jpeg",300,154,true],"medium_large":["https:\/\/quehacerpolitico.mx\/wp-content\/uploads\/2023\/04\/ffb861ea-47ab-405c-af3e-9b89cc09d96e-9-768x393.jpeg",640,328,true],"large":["https:\/\/quehacerpolitico.mx\/wp-content\/uploads\/2023\/04\/ffb861ea-47ab-405c-af3e-9b89cc09d96e-9.jpeg",640,328,false],"1536x1536":["https:\/\/quehacerpolitico.mx\/wp-content\/uploads\/2023\/04\/ffb861ea-47ab-405c-af3e-9b89cc09d96e-9.jpeg",963,493,false],"2048x2048":["https:\/\/quehacerpolitico.mx\/wp-content\/uploads\/2023\/04\/ffb861ea-47ab-405c-af3e-9b89cc09d96e-9.jpeg",963,493,false],"covernews-featured":["https:\/\/quehacerpolitico.mx\/wp-content\/uploads\/2023\/04\/ffb861ea-47ab-405c-af3e-9b89cc09d96e-9.jpeg",963,493,false],"covernews-medium":["https:\/\/quehacerpolitico.mx\/wp-content\/uploads\/2023\/04\/ffb861ea-47ab-405c-af3e-9b89cc09d96e-9.jpeg",540,276,false]},"author_info":{"display_name":"Redacci\u00f3n QP","author_link":"https:\/\/quehacerpolitico.mx\/?author=2"},"category_info":"<a href=\"https:\/\/quehacerpolitico.mx\/?cat=2\" rel=\"category\">Noticias<\/a>","tag_info":"Noticias","comment_count":"0","_links":{"self":[{"href":"https:\/\/quehacerpolitico.mx\/index.php?rest_route=\/wp\/v2\/posts\/100150","targetHints":{"allow":["GET"]}}],"collection":[{"href":"https:\/\/quehacerpolitico.mx\/index.php?rest_route=\/wp\/v2\/posts"}],"about":[{"href":"https:\/\/quehacerpolitico.mx\/index.php?rest_route=\/wp\/v2\/types\/post"}],"author":[{"embeddable":true,"href":"https:\/\/quehacerpolitico.mx\/index.php?rest_route=\/wp\/v2\/users\/2"}],"replies":[{"embeddable":true,"href":"https:\/\/quehacerpolitico.mx\/index.php?rest_route=%2Fwp%2Fv2%2Fcomments&post=100150"}],"version-history":[{"count":1,"href":"https:\/\/quehacerpolitico.mx\/index.php?rest_route=\/wp\/v2\/posts\/100150\/revisions"}],"predecessor-version":[{"id":100152,"href":"https:\/\/quehacerpolitico.mx\/index.php?rest_route=\/wp\/v2\/posts\/100150\/revisions\/100152"}],"wp:featuredmedia":[{"embeddable":true,"href":"https:\/\/quehacerpolitico.mx\/index.php?rest_route=\/wp\/v2\/media\/100151"}],"wp:attachment":[{"href":"https:\/\/quehacerpolitico.mx\/index.php?rest_route=%2Fwp%2Fv2%2Fmedia&parent=100150"}],"wp:term":[{"taxonomy":"category","embeddable":true,"href":"https:\/\/quehacerpolitico.mx\/index.php?rest_route=%2Fwp%2Fv2%2Fcategories&post=100150"},{"taxonomy":"post_tag","embeddable":true,"href":"https:\/\/quehacerpolitico.mx\/index.php?rest_route=%2Fwp%2Fv2%2Ftags&post=100150"}],"curies":[{"name":"wp","href":"https:\/\/api.w.org\/{rel}","templated":true}]}}