{"id":100141,"date":"2023-04-20T20:20:18","date_gmt":"2023-04-20T20:20:18","guid":{"rendered":"https:\/\/quehacerpolitico.mx\/?p=100141"},"modified":"2023-04-20T20:20:22","modified_gmt":"2023-04-20T20:20:22","slug":"ya-hay-fecha-para-que-la-guardia-nacional-quede-bajo-el-mando-civil-de-la-secretaria-de-seguridad-y-proteccion-ciudadana","status":"publish","type":"post","link":"https:\/\/quehacerpolitico.mx\/?p=100141","title":{"rendered":"Ya hay fecha para que la Guardia Nacional quede bajo el mando civil de la Secretar\u00eda de Seguridad y Protecci\u00f3n Ciudadana"},"content":{"rendered":"\n<p>Por Redacci\u00f3n QP<\/p>\n\n\n\n<p>La decisi\u00f3n de la Suprema Corte ocurre luego de que se determinara la inconstitucionalidad del pase de la GN a Sedena.<\/p>\n\n\n\n<p>La\u00a0Guardia Nacional tendr\u00e1 que estar bajo mando civil y la Suprema Corte de Justicia de la Naci\u00f3n (SCJN) ya ha establecido una fecha m\u00e1xima para que esto ocurra.<\/p>\n\n\n\n<p>La Suprema Corte determin\u00f3 que el<strong>\u00a0freno a la transferencia de la Guardia Nacional a la Secretar\u00eda de la Defensa Nacional (Sedena<\/strong><strong>)<\/strong>tendr\u00e1 que ser efectiva el<strong>\u00a01 de enero de 2024.<\/strong><\/p>\n\n\n\n<p>Durante la sesi\u00f3n de este jueves, el ministro Juan Luis Gonz\u00e1lez Alc\u00e1ntara expuso que as\u00ed se le podr\u00e1 dar tiempo a las dependencias para que realicen los ajustes administrativos, operativos y presupuestarios.<\/p>\n\n\n\n<p>Originalmente, el ministro hab\u00eda propuesto que la medida entrara en vigor de manera inmediata. Sin embargo, cambi\u00f3 la fecha despu\u00e9s del debate del martes pasado.<\/p>\n\n\n\n<p>El martes 18 de marzo, la Suprema Corte declar\u00f3 inconstitucional el decreto por el que la Guardia Nacional se incorporar\u00eda administrativa y operativamente en la Sedena.<\/p>\n\n\n\n<p>Los ministros argumentaron que este pase de la GN, que es civil, a la\u00a0Sedena, que es militar, era un fraude a la Constituci\u00f3n.<\/p>\n\n\n\n<p>Las y los ministros tambi\u00e9n declararon inconstitucional que el Comandante General de la Guardia Nacional sea propuesto por el titular de la Secretar\u00eda de la Defensa Nacional, ya que esto pone en tela de juicio el car\u00e1cter civil de la GN.<\/p>\n\n\n\n<p>Sin embargo, el mi\u00e9rcoles, AMLO orden\u00f3 que el general<strong>&nbsp;David C\u00f3rdova&nbsp;<\/strong>se mantenga como comandante \u201cpara no afectar la buena marcha y la consolidaci\u00f3n de la Guardia Nacional\u201d.<\/p>\n\n\n\n<h2 class=\"wp-block-heading\">\u00bfCu\u00e1l es la diferencia entre la Guardia Nacional y el Ej\u00e9rcito?<\/h2>\n\n\n\n<p>La\u00a0Guardia Nacional fue creada durante el Gobierno de L\u00f3pez Obrador, tras la desaparici\u00f3n de la\u00a0Polic\u00eda Federal. La\u00a0Polic\u00eda Federal\u00a0fue disuelta en 2019 al ser considerada muy corrupta. Algunos de sus elementos se integraron a la GN.<\/p>\n\n\n\n<p>En septiembre de 2022, cuando el Congreso aprob\u00f3 que la Guardia Nacional quedara bajo un mando militar (el de la Sedena), la Organizaci\u00f3n de las Naciones Unidas (ONU) expres\u00f3 su preocupaci\u00f3n por el avance de la militarizaci\u00f3n de la seguridad p\u00fablica en M\u00e9xico.<\/p>\n\n\n\n<p>La diferencia de la Guardia Nacional con el Ej\u00e9rcito, de la Sedena, es que la GN fue creada para ser un cuerpo de seguridad civil.<\/p>\n\n\n\n<p>En tanto, el Ej\u00e9rcito (Sedena) es una instituci\u00f3n militar que se encarga de tareas de seguridad nacional.<\/p>\n","protected":false},"excerpt":{"rendered":"<p>Por Redacci\u00f3n QP La decisi\u00f3n de la Suprema Corte ocurre luego de que se determinara&#8230;<\/p>\n","protected":false},"author":2,"featured_media":100142,"comment_status":"open","ping_status":"open","sticky":false,"template":"","format":"standard","meta":{"_monsterinsights_skip_tracking":false,"_monsterinsights_sitenote_active":false,"_monsterinsights_sitenote_note":"","_monsterinsights_sitenote_category":0,"footnotes":""},"categories":[2],"tags":[],"class_list":["post-100141","post","type-post","status-publish","format-standard","has-post-thumbnail","hentry","category-noticias"],"yoast_head":"<!-- This site is optimized with the Yoast SEO plugin v27.3 - https:\/\/yoast.com\/product\/yoast-seo-wordpress\/ -->\n<title>Ya hay fecha para que la Guardia Nacional quede bajo el mando civil de la Secretar\u00eda de Seguridad y Protecci\u00f3n Ciudadana -<\/title>\n<meta name=\"robots\" content=\"index, follow, max-snippet:-1, max-image-preview:large, max-video-preview:-1\" \/>\n<link rel=\"canonical\" href=\"https:\/\/quehacerpolitico.mx\/?p=100141\" \/>\n<meta property=\"og:locale\" content=\"es_MX\" \/>\n<meta property=\"og:type\" content=\"article\" \/>\n<meta property=\"og:title\" content=\"Ya hay fecha para que la Guardia Nacional quede bajo el mando civil de la Secretar\u00eda de Seguridad y Protecci\u00f3n Ciudadana -\" \/>\n<meta property=\"og:description\" content=\"Por Redacci\u00f3n QP La decisi\u00f3n de la Suprema Corte ocurre luego de que se determinara...\" \/>\n<meta property=\"og:url\" content=\"https:\/\/quehacerpolitico.mx\/?p=100141\" \/>\n<meta property=\"article:published_time\" content=\"2023-04-20T20:20:18+00:00\" \/>\n<meta property=\"article:modified_time\" content=\"2023-04-20T20:20:22+00:00\" \/>\n<meta property=\"og:image\" content=\"https:\/\/quehacerpolitico.mx\/wp-content\/uploads\/2023\/04\/IMG_7197.jpeg\" \/>\n\t<meta property=\"og:image:width\" content=\"739\" \/>\n\t<meta property=\"og:image:height\" content=\"415\" \/>\n\t<meta property=\"og:image:type\" content=\"image\/jpeg\" \/>\n<meta name=\"author\" content=\"Redacci\u00f3n QP\" \/>\n<meta name=\"twitter:card\" content=\"summary_large_image\" \/>\n<meta name=\"twitter:label1\" content=\"Escrito por\" \/>\n\t<meta name=\"twitter:data1\" content=\"Redacci\u00f3n QP\" \/>\n\t<meta name=\"twitter:label2\" content=\"Tiempo de lectura\" \/>\n\t<meta name=\"twitter:data2\" content=\"2 minutos\" \/>\n<script type=\"application\/ld+json\" class=\"yoast-schema-graph\">{\"@context\":\"https:\\\/\\\/schema.org\",\"@graph\":[{\"@type\":\"Article\",\"@id\":\"https:\\\/\\\/quehacerpolitico.mx\\\/?p=100141#article\",\"isPartOf\":{\"@id\":\"https:\\\/\\\/quehacerpolitico.mx\\\/?p=100141\"},\"author\":{\"name\":\"Redacci\u00f3n QP\",\"@id\":\"https:\\\/\\\/quehacerpolitico.mx\\\/#\\\/schema\\\/person\\\/496d8ad2d1d3f8036101dca7ee39e585\"},\"headline\":\"Ya hay fecha para que la Guardia Nacional quede bajo el mando civil de la Secretar\u00eda de Seguridad y Protecci\u00f3n Ciudadana\",\"datePublished\":\"2023-04-20T20:20:18+00:00\",\"dateModified\":\"2023-04-20T20:20:22+00:00\",\"mainEntityOfPage\":{\"@id\":\"https:\\\/\\\/quehacerpolitico.mx\\\/?p=100141\"},\"wordCount\":448,\"commentCount\":0,\"image\":{\"@id\":\"https:\\\/\\\/quehacerpolitico.mx\\\/?p=100141#primaryimage\"},\"thumbnailUrl\":\"https:\\\/\\\/quehacerpolitico.mx\\\/wp-content\\\/uploads\\\/2023\\\/04\\\/IMG_7197.jpeg\",\"articleSection\":[\"Noticias\"],\"inLanguage\":\"es\",\"potentialAction\":[{\"@type\":\"CommentAction\",\"name\":\"Comment\",\"target\":[\"https:\\\/\\\/quehacerpolitico.mx\\\/?p=100141#respond\"]}]},{\"@type\":\"WebPage\",\"@id\":\"https:\\\/\\\/quehacerpolitico.mx\\\/?p=100141\",\"url\":\"https:\\\/\\\/quehacerpolitico.mx\\\/?p=100141\",\"name\":\"Ya hay fecha para que la Guardia Nacional quede bajo el mando civil de la Secretar\u00eda de Seguridad y Protecci\u00f3n Ciudadana -\",\"isPartOf\":{\"@id\":\"https:\\\/\\\/quehacerpolitico.mx\\\/#website\"},\"primaryImageOfPage\":{\"@id\":\"https:\\\/\\\/quehacerpolitico.mx\\\/?p=100141#primaryimage\"},\"image\":{\"@id\":\"https:\\\/\\\/quehacerpolitico.mx\\\/?p=100141#primaryimage\"},\"thumbnailUrl\":\"https:\\\/\\\/quehacerpolitico.mx\\\/wp-content\\\/uploads\\\/2023\\\/04\\\/IMG_7197.jpeg\",\"datePublished\":\"2023-04-20T20:20:18+00:00\",\"dateModified\":\"2023-04-20T20:20:22+00:00\",\"author\":{\"@id\":\"https:\\\/\\\/quehacerpolitico.mx\\\/#\\\/schema\\\/person\\\/496d8ad2d1d3f8036101dca7ee39e585\"},\"breadcrumb\":{\"@id\":\"https:\\\/\\\/quehacerpolitico.mx\\\/?p=100141#breadcrumb\"},\"inLanguage\":\"es\",\"potentialAction\":[{\"@type\":\"ReadAction\",\"target\":[\"https:\\\/\\\/quehacerpolitico.mx\\\/?p=100141\"]}]},{\"@type\":\"ImageObject\",\"inLanguage\":\"es\",\"@id\":\"https:\\\/\\\/quehacerpolitico.mx\\\/?p=100141#primaryimage\",\"url\":\"https:\\\/\\\/quehacerpolitico.mx\\\/wp-content\\\/uploads\\\/2023\\\/04\\\/IMG_7197.jpeg\",\"contentUrl\":\"https:\\\/\\\/quehacerpolitico.mx\\\/wp-content\\\/uploads\\\/2023\\\/04\\\/IMG_7197.jpeg\",\"width\":739,\"height\":415},{\"@type\":\"BreadcrumbList\",\"@id\":\"https:\\\/\\\/quehacerpolitico.mx\\\/?p=100141#breadcrumb\",\"itemListElement\":[{\"@type\":\"ListItem\",\"position\":1,\"name\":\"Inicio\",\"item\":\"https:\\\/\\\/quehacerpolitico.mx\\\/\"},{\"@type\":\"ListItem\",\"position\":2,\"name\":\"Ya hay fecha para que la Guardia Nacional quede bajo el mando civil de la Secretar\u00eda de Seguridad y Protecci\u00f3n Ciudadana\"}]},{\"@type\":\"WebSite\",\"@id\":\"https:\\\/\\\/quehacerpolitico.mx\\\/#website\",\"url\":\"https:\\\/\\\/quehacerpolitico.mx\\\/\",\"name\":\"\",\"description\":\"\",\"potentialAction\":[{\"@type\":\"SearchAction\",\"target\":{\"@type\":\"EntryPoint\",\"urlTemplate\":\"https:\\\/\\\/quehacerpolitico.mx\\\/?s={search_term_string}\"},\"query-input\":{\"@type\":\"PropertyValueSpecification\",\"valueRequired\":true,\"valueName\":\"search_term_string\"}}],\"inLanguage\":\"es\"},{\"@type\":\"Person\",\"@id\":\"https:\\\/\\\/quehacerpolitico.mx\\\/#\\\/schema\\\/person\\\/496d8ad2d1d3f8036101dca7ee39e585\",\"name\":\"Redacci\u00f3n QP\",\"image\":{\"@type\":\"ImageObject\",\"inLanguage\":\"es\",\"@id\":\"https:\\\/\\\/secure.gravatar.com\\\/avatar\\\/c7164ed6fdec453195284ad24a5ae5b6e1eed2b848477fa2a4787ba9adf39a41?s=96&d=mm&r=g\",\"url\":\"https:\\\/\\\/secure.gravatar.com\\\/avatar\\\/c7164ed6fdec453195284ad24a5ae5b6e1eed2b848477fa2a4787ba9adf39a41?s=96&d=mm&r=g\",\"contentUrl\":\"https:\\\/\\\/secure.gravatar.com\\\/avatar\\\/c7164ed6fdec453195284ad24a5ae5b6e1eed2b848477fa2a4787ba9adf39a41?s=96&d=mm&r=g\",\"caption\":\"Redacci\u00f3n QP\"},\"url\":\"https:\\\/\\\/quehacerpolitico.mx\\\/?author=2\"}]}<\/script>\n<!-- \/ Yoast SEO plugin. -->","yoast_head_json":{"title":"Ya hay fecha para que la Guardia Nacional quede bajo el mando civil de la Secretar\u00eda de Seguridad y Protecci\u00f3n Ciudadana -","robots":{"index":"index","follow":"follow","max-snippet":"max-snippet:-1","max-image-preview":"max-image-preview:large","max-video-preview":"max-video-preview:-1"},"canonical":"https:\/\/quehacerpolitico.mx\/?p=100141","og_locale":"es_MX","og_type":"article","og_title":"Ya hay fecha para que la Guardia Nacional quede bajo el mando civil de la Secretar\u00eda de Seguridad y Protecci\u00f3n Ciudadana -","og_description":"Por Redacci\u00f3n QP La decisi\u00f3n de la Suprema Corte ocurre luego de que se determinara...","og_url":"https:\/\/quehacerpolitico.mx\/?p=100141","article_published_time":"2023-04-20T20:20:18+00:00","article_modified_time":"2023-04-20T20:20:22+00:00","og_image":[{"width":739,"height":415,"url":"https:\/\/quehacerpolitico.mx\/wp-content\/uploads\/2023\/04\/IMG_7197.jpeg","type":"image\/jpeg"}],"author":"Redacci\u00f3n QP","twitter_card":"summary_large_image","twitter_misc":{"Escrito por":"Redacci\u00f3n QP","Tiempo de lectura":"2 minutos"},"schema":{"@context":"https:\/\/schema.org","@graph":[{"@type":"Article","@id":"https:\/\/quehacerpolitico.mx\/?p=100141#article","isPartOf":{"@id":"https:\/\/quehacerpolitico.mx\/?p=100141"},"author":{"name":"Redacci\u00f3n QP","@id":"https:\/\/quehacerpolitico.mx\/#\/schema\/person\/496d8ad2d1d3f8036101dca7ee39e585"},"headline":"Ya hay fecha para que la Guardia Nacional quede bajo el mando civil de la Secretar\u00eda de Seguridad y Protecci\u00f3n Ciudadana","datePublished":"2023-04-20T20:20:18+00:00","dateModified":"2023-04-20T20:20:22+00:00","mainEntityOfPage":{"@id":"https:\/\/quehacerpolitico.mx\/?p=100141"},"wordCount":448,"commentCount":0,"image":{"@id":"https:\/\/quehacerpolitico.mx\/?p=100141#primaryimage"},"thumbnailUrl":"https:\/\/quehacerpolitico.mx\/wp-content\/uploads\/2023\/04\/IMG_7197.jpeg","articleSection":["Noticias"],"inLanguage":"es","potentialAction":[{"@type":"CommentAction","name":"Comment","target":["https:\/\/quehacerpolitico.mx\/?p=100141#respond"]}]},{"@type":"WebPage","@id":"https:\/\/quehacerpolitico.mx\/?p=100141","url":"https:\/\/quehacerpolitico.mx\/?p=100141","name":"Ya hay fecha para que la Guardia Nacional quede bajo el mando civil de la Secretar\u00eda de Seguridad y Protecci\u00f3n Ciudadana -","isPartOf":{"@id":"https:\/\/quehacerpolitico.mx\/#website"},"primaryImageOfPage":{"@id":"https:\/\/quehacerpolitico.mx\/?p=100141#primaryimage"},"image":{"@id":"https:\/\/quehacerpolitico.mx\/?p=100141#primaryimage"},"thumbnailUrl":"https:\/\/quehacerpolitico.mx\/wp-content\/uploads\/2023\/04\/IMG_7197.jpeg","datePublished":"2023-04-20T20:20:18+00:00","dateModified":"2023-04-20T20:20:22+00:00","author":{"@id":"https:\/\/quehacerpolitico.mx\/#\/schema\/person\/496d8ad2d1d3f8036101dca7ee39e585"},"breadcrumb":{"@id":"https:\/\/quehacerpolitico.mx\/?p=100141#breadcrumb"},"inLanguage":"es","potentialAction":[{"@type":"ReadAction","target":["https:\/\/quehacerpolitico.mx\/?p=100141"]}]},{"@type":"ImageObject","inLanguage":"es","@id":"https:\/\/quehacerpolitico.mx\/?p=100141#primaryimage","url":"https:\/\/quehacerpolitico.mx\/wp-content\/uploads\/2023\/04\/IMG_7197.jpeg","contentUrl":"https:\/\/quehacerpolitico.mx\/wp-content\/uploads\/2023\/04\/IMG_7197.jpeg","width":739,"height":415},{"@type":"BreadcrumbList","@id":"https:\/\/quehacerpolitico.mx\/?p=100141#breadcrumb","itemListElement":[{"@type":"ListItem","position":1,"name":"Inicio","item":"https:\/\/quehacerpolitico.mx\/"},{"@type":"ListItem","position":2,"name":"Ya hay fecha para que la Guardia Nacional quede bajo el mando civil de la Secretar\u00eda de Seguridad y Protecci\u00f3n Ciudadana"}]},{"@type":"WebSite","@id":"https:\/\/quehacerpolitico.mx\/#website","url":"https:\/\/quehacerpolitico.mx\/","name":"","description":"","potentialAction":[{"@type":"SearchAction","target":{"@type":"EntryPoint","urlTemplate":"https:\/\/quehacerpolitico.mx\/?s={search_term_string}"},"query-input":{"@type":"PropertyValueSpecification","valueRequired":true,"valueName":"search_term_string"}}],"inLanguage":"es"},{"@type":"Person","@id":"https:\/\/quehacerpolitico.mx\/#\/schema\/person\/496d8ad2d1d3f8036101dca7ee39e585","name":"Redacci\u00f3n QP","image":{"@type":"ImageObject","inLanguage":"es","@id":"https:\/\/secure.gravatar.com\/avatar\/c7164ed6fdec453195284ad24a5ae5b6e1eed2b848477fa2a4787ba9adf39a41?s=96&d=mm&r=g","url":"https:\/\/secure.gravatar.com\/avatar\/c7164ed6fdec453195284ad24a5ae5b6e1eed2b848477fa2a4787ba9adf39a41?s=96&d=mm&r=g","contentUrl":"https:\/\/secure.gravatar.com\/avatar\/c7164ed6fdec453195284ad24a5ae5b6e1eed2b848477fa2a4787ba9adf39a41?s=96&d=mm&r=g","caption":"Redacci\u00f3n QP"},"url":"https:\/\/quehacerpolitico.mx\/?author=2"}]}},"featured_image_urls":{"full":["https:\/\/quehacerpolitico.mx\/wp-content\/uploads\/2023\/04\/IMG_7197.jpeg",739,415,false],"thumbnail":["https:\/\/quehacerpolitico.mx\/wp-content\/uploads\/2023\/04\/IMG_7197-150x150.jpeg",150,150,true],"medium":["https:\/\/quehacerpolitico.mx\/wp-content\/uploads\/2023\/04\/IMG_7197-300x168.jpeg",300,168,true],"medium_large":["https:\/\/quehacerpolitico.mx\/wp-content\/uploads\/2023\/04\/IMG_7197.jpeg",640,359,false],"large":["https:\/\/quehacerpolitico.mx\/wp-content\/uploads\/2023\/04\/IMG_7197.jpeg",640,359,false],"1536x1536":["https:\/\/quehacerpolitico.mx\/wp-content\/uploads\/2023\/04\/IMG_7197.jpeg",739,415,false],"2048x2048":["https:\/\/quehacerpolitico.mx\/wp-content\/uploads\/2023\/04\/IMG_7197.jpeg",739,415,false],"covernews-featured":["https:\/\/quehacerpolitico.mx\/wp-content\/uploads\/2023\/04\/IMG_7197.jpeg",739,415,false],"covernews-medium":["https:\/\/quehacerpolitico.mx\/wp-content\/uploads\/2023\/04\/IMG_7197.jpeg",540,303,false]},"author_info":{"display_name":"Redacci\u00f3n QP","author_link":"https:\/\/quehacerpolitico.mx\/?author=2"},"category_info":"<a href=\"https:\/\/quehacerpolitico.mx\/?cat=2\" rel=\"category\">Noticias<\/a>","tag_info":"Noticias","comment_count":"0","_links":{"self":[{"href":"https:\/\/quehacerpolitico.mx\/index.php?rest_route=\/wp\/v2\/posts\/100141","targetHints":{"allow":["GET"]}}],"collection":[{"href":"https:\/\/quehacerpolitico.mx\/index.php?rest_route=\/wp\/v2\/posts"}],"about":[{"href":"https:\/\/quehacerpolitico.mx\/index.php?rest_route=\/wp\/v2\/types\/post"}],"author":[{"embeddable":true,"href":"https:\/\/quehacerpolitico.mx\/index.php?rest_route=\/wp\/v2\/users\/2"}],"replies":[{"embeddable":true,"href":"https:\/\/quehacerpolitico.mx\/index.php?rest_route=%2Fwp%2Fv2%2Fcomments&post=100141"}],"version-history":[{"count":1,"href":"https:\/\/quehacerpolitico.mx\/index.php?rest_route=\/wp\/v2\/posts\/100141\/revisions"}],"predecessor-version":[{"id":100143,"href":"https:\/\/quehacerpolitico.mx\/index.php?rest_route=\/wp\/v2\/posts\/100141\/revisions\/100143"}],"wp:featuredmedia":[{"embeddable":true,"href":"https:\/\/quehacerpolitico.mx\/index.php?rest_route=\/wp\/v2\/media\/100142"}],"wp:attachment":[{"href":"https:\/\/quehacerpolitico.mx\/index.php?rest_route=%2Fwp%2Fv2%2Fmedia&parent=100141"}],"wp:term":[{"taxonomy":"category","embeddable":true,"href":"https:\/\/quehacerpolitico.mx\/index.php?rest_route=%2Fwp%2Fv2%2Fcategories&post=100141"},{"taxonomy":"post_tag","embeddable":true,"href":"https:\/\/quehacerpolitico.mx\/index.php?rest_route=%2Fwp%2Fv2%2Ftags&post=100141"}],"curies":[{"name":"wp","href":"https:\/\/api.w.org\/{rel}","templated":true}]}}