{"id":100122,"date":"2023-04-20T17:55:37","date_gmt":"2023-04-20T17:55:37","guid":{"rendered":"https:\/\/quehacerpolitico.mx\/?p=100122"},"modified":"2023-04-20T17:55:40","modified_gmt":"2023-04-20T17:55:40","slug":"internacionales-carolina-alonso-romei-zelensky-a-cuatro-anos-de-tomar-el-poder-de-ucrania","status":"publish","type":"post","link":"https:\/\/quehacerpolitico.mx\/?p=100122","title":{"rendered":"Internacionales\/\/\/Carolina Alonso Romei\/\/\/Zelensky a cuatro a\u00f1os de tomar el poder de Ucrania"},"content":{"rendered":"\n<p>Por Carolina Alonso Romei<\/p>\n\n\n\n<p>Internacionalista <\/p>\n\n\n\n<p>Volod\u00edmir Zelenski cumple cuatro a\u00f1os como presidente de Ucrania, convertido en un baluarte de la resistencia ante la invasi\u00f3n rusa<\/p>\n\n\n\n<p>Volodimir Zelenski cumple\u00a0<strong>cuatro a\u00f1os en el poder<\/strong>\u00a0tras su elecci\u00f3n como presidente de\u00a0<strong>Ucrania<\/strong>\u00a0el 21 de abril de 2019, el \u00faltimo de ellos como baluarte de la resistencia ante la\u00a0<strong>guerra<\/strong> emprendida por\u00a0<strong>Rusia<\/strong>.<\/p>\n\n\n\n<figure class=\"wp-block-embed is-type-video is-provider-youtube wp-block-embed-youtube wp-embed-aspect-16-9 wp-has-aspect-ratio\"><div class=\"wp-block-embed__wrapper\">\n<iframe loading=\"lazy\" title=\"Zelenski, cuatro a\u00f1os en el poder y baluarte de la resistencia en Ucrania\" width=\"640\" height=\"360\" src=\"https:\/\/www.youtube.com\/embed\/eKzVdKksIUw?feature=oembed\" frameborder=\"0\" allow=\"accelerometer; autoplay; clipboard-write; encrypted-media; gyroscope; picture-in-picture; web-share\" referrerpolicy=\"strict-origin-when-cross-origin\" allowfullscreen><\/iframe>\n<\/div><\/figure>\n\n\n\n<p>El asedio que sufre Ucrania desde la invasi\u00f3n rusa el 24 de febrero de 2022 y la situaci\u00f3n l\u00edmite a la que ha llevado Mosc\u00fa a la poblaci\u00f3n civil, ha otorgado a Zelenski un protagonismo internacional sin precedentes en busca de ayuda.<\/p>\n\n\n\n<p>Con suma destreza y ataviado siempre con vestimenta militar, Zelenski ha intervenido telem\u00e1ticamente en este \u00faltimo a\u00f1o en organismos internacionales, parlamentos y asambleas de numerosos pa\u00edses europeos, siempre solicitando ayuda e intentando enviar el mensaje de que Ucrania es la primera v\u00edctima del peligro que supone Rusia para Occidente.<\/p>\n\n\n\n<p>Pero adem\u00e1s, durante este \u00faltimo a\u00f1o Zelenski ha dirigido sus mensajes a los ucranianos, casi cada d\u00eda, llamando a la resistencia e intentando levantar la moral de la castigada poblaci\u00f3n.<\/p>\n\n\n\n<h3 class=\"wp-block-heading\">De actor a pol\u00edtico<\/h3>\n\n\n\n<p>Actor de profesi\u00f3n, poco pod\u00eda imaginar Zelenski que su papel de un modesto profesor de historia que llega a la presidencia del pa\u00eds y que interpret\u00f3 en 2015 en la serie de televisi\u00f3n \u201cEl servidor del pueblo\u201d, se har\u00eda realidad cuando el 21 de abril de 2019 arras\u00f3 en las urnas con el 73,22% de los votos y desbancaba del poder al multimillonario Petr\u00f3 Poroshenko.<\/p>\n\n\n\n<p>Zelenski, de origen jud\u00edo, naci\u00f3 en el este del pa\u00eds, en la ciudad de Dnipr\u00f3, en la regi\u00f3n de Dnipropetrovsk, el 25 de enero de 1978, ciudad que actualmente es escenario de cruentos bombardeos por parte de Rusia.<\/p>\n\n\n\n<figure class=\"wp-block-image size-large\"><img loading=\"lazy\" decoding=\"async\" width=\"592\" height=\"1024\" src=\"https:\/\/quehacerpolitico.mx\/wp-content\/uploads\/2023\/04\/image-39-592x1024.jpeg\" alt=\"\" class=\"wp-image-100123\" srcset=\"https:\/\/quehacerpolitico.mx\/wp-content\/uploads\/2023\/04\/image-39-592x1024.jpeg 592w, https:\/\/quehacerpolitico.mx\/wp-content\/uploads\/2023\/04\/image-39-173x300.jpeg 173w, https:\/\/quehacerpolitico.mx\/wp-content\/uploads\/2023\/04\/image-39-768x1329.jpeg 768w, https:\/\/quehacerpolitico.mx\/wp-content\/uploads\/2023\/04\/image-39-887x1536.jpeg 887w, https:\/\/quehacerpolitico.mx\/wp-content\/uploads\/2023\/04\/image-39-84x146.jpeg 84w, https:\/\/quehacerpolitico.mx\/wp-content\/uploads\/2023\/04\/image-39-29x50.jpeg 29w, https:\/\/quehacerpolitico.mx\/wp-content\/uploads\/2023\/04\/image-39-43x75.jpeg 43w, https:\/\/quehacerpolitico.mx\/wp-content\/uploads\/2023\/04\/image-39.jpeg 1171w\" sizes=\"auto, (max-width: 592px) 100vw, 592px\" \/><\/figure>\n\n\n\n<p>Aunque estudi\u00f3 Derecho en la Universidad Nacional Econ\u00f3mica de Kiev nunca ejerci\u00f3 la abogac\u00eda, ya que se decant\u00f3 por el campo de la actuaci\u00f3n y el entretenimiento, del que pronto se convertir\u00eda en una estrella de la televisi\u00f3n.<\/p>\n\n\n\n<p>En marzo de 2018 cre\u00f3 su partido pol\u00edtico \u201cEl Servidor del Pueblo\u201d, un nombre que hab\u00eda dado t\u00edtulo antes a la mencionada serie de televisi\u00f3n protagonizada por \u00e9l, y en diciembre de ese a\u00f1o anunci\u00f3 su candidatura a la presidencia de Ucrania.<\/p>\n\n\n\n<h3 class=\"wp-block-heading\">Una presidencia marcada por la guerra<\/h3>\n\n\n\n<p>El 20 de mayo de 2019, Zelenski fue investido presidente. Su primer anuncio fue la disoluci\u00f3n de la Rada -la Asamblea Nacional- y la convocatoria de elecciones legislativas anticipadas para julio de ese a\u00f1o, que gan\u00f3 su partido tambi\u00e9n.<\/p>\n\n\n\n<p>Desde su llegada a la Presidencia su primer objetivo se centr\u00f3 en dialogar con el jefe del Kremlin, Vlad\u00edmir Putin, algo impensable para Poroshenko y muchos pol\u00edticos ucranianos.<\/p>\n\n\n\n<p>Ese contacto se produjo en diciembre de 2019 por tel\u00e9fono para acordar un canje de prisioneros, que inclu\u00eda a los crimeos apresados por las autoridades rusas desde la anexi\u00f3n ilegal de la pen\u00ednsula en marzo de 2014.<\/p>\n\n\n\n<p>Para afianzar la buena vecindad y buscar una salida al conflicto de la regi\u00f3n del Donb\u00e1s, propuso a Putin incluir en el di\u00e1logo de paz a EEUU y Reino Unido dentro del inicial \u201cCuarteto de Normand\u00eda\u201d, del que formaban parte Francia, Alemania, Rusia y Ucrania, y que hab\u00eda propiciado los acuerdos de Minks de septiembre de 2014, que establec\u00edan una marco para la paz en la zona.<\/p>\n\n\n\n<p>Zelenski y Putin se reunieron en diciembre de 2019 en Par\u00eds, cita que trat\u00f3 de impulsar las estancadas negociaciones de paz aprovechando la llegada de Zelenski a la presidencia de Ucrania.<\/p>\n\n\n\n<p>Siempre ha defendido la unidad territorial del pa\u00eds y el hecho de que su primer idioma sea el ruso, y no el ucraniano, le ha granjeado el apoyo de los rusoparlantes, que nunca perdonaron a su antiguo rival Poroshenko su nacionalismo.<\/p>\n\n\n\n<p>Apoya la difusi\u00f3n de la lengua y cultura ucranianas, pero se opone a la prohibici\u00f3n del ruso, algo sensible en un pa\u00eds donde coexisten las dos culturas. Realiz\u00f3 numerosas giras por Rusia cuando ejerc\u00eda como actor profesional.<\/p>\n\n\n\n<p>En paralelo, apoy\u00f3 la revoluci\u00f3n europeista del Maid\u00e1n de 2014 que derroc\u00f3 al presidente prorruso de Ucrania, Viktor Yanuk\u00f3vich, realiz\u00f3 varias actuaciones para los soldados ucranianos enviados a combatir en el Donb\u00e1s y contribuy\u00f3 a la causa militar con su propio dinero, lo que le vali\u00f3 la apertura de una causa penal en Rusia.<\/p>\n\n\n\n<p>Zelesnki aboga por la adhesi\u00f3n de Ucrania en la Uni\u00f3n Europea y ahora con m\u00e1s insistencia una vez consumada la invasi\u00f3n. Y en cuanto a la OTAN, ha asegurado que si Rusia quiere que Ucrania renuncie a su ingreso, Mosc\u00fa debe retirar sus tropas del pa\u00eds y devolver los territorios ocupados.<\/p>\n\n\n\n<p>Al mismo tiempo es proclive a aceptar el estatus neutral y no nuclear del pa\u00eds, tal y como exige Rusia a cambio de garant\u00edas de seguridad.<\/p>\n\n\n\n<p>Con informaci\u00f3n de EFE<\/p>\n","protected":false},"excerpt":{"rendered":"<p>Por Carolina Alonso Romei Internacionalista Volod\u00edmir Zelenski cumple cuatro a\u00f1os como presidente de Ucrania, convertido&#8230;<\/p>\n","protected":false},"author":2,"featured_media":100124,"comment_status":"open","ping_status":"open","sticky":false,"template":"","format":"standard","meta":{"_monsterinsights_skip_tracking":false,"_monsterinsights_sitenote_active":false,"_monsterinsights_sitenote_note":"","_monsterinsights_sitenote_category":0,"footnotes":""},"categories":[1],"tags":[],"class_list":["post-100122","post","type-post","status-publish","format-standard","has-post-thumbnail","hentry","category-sin-categoria"],"yoast_head":"<!-- This site is optimized with the Yoast SEO plugin v27.3 - https:\/\/yoast.com\/product\/yoast-seo-wordpress\/ -->\n<title>Internacionales\/\/\/Carolina Alonso Romei\/\/\/Zelensky a cuatro a\u00f1os de tomar el poder de Ucrania -<\/title>\n<meta name=\"robots\" content=\"index, follow, max-snippet:-1, max-image-preview:large, max-video-preview:-1\" \/>\n<link rel=\"canonical\" href=\"https:\/\/quehacerpolitico.mx\/?p=100122\" \/>\n<meta property=\"og:locale\" content=\"es_MX\" \/>\n<meta property=\"og:type\" content=\"article\" \/>\n<meta property=\"og:title\" content=\"Internacionales\/\/\/Carolina Alonso Romei\/\/\/Zelensky a cuatro a\u00f1os de tomar el poder de Ucrania -\" \/>\n<meta property=\"og:description\" content=\"Por Carolina Alonso Romei Internacionalista Volod\u00edmir Zelenski cumple cuatro a\u00f1os como presidente de Ucrania, convertido...\" \/>\n<meta property=\"og:url\" content=\"https:\/\/quehacerpolitico.mx\/?p=100122\" \/>\n<meta property=\"article:published_time\" content=\"2023-04-20T17:55:37+00:00\" \/>\n<meta property=\"article:modified_time\" content=\"2023-04-20T17:55:40+00:00\" \/>\n<meta property=\"og:image\" content=\"https:\/\/quehacerpolitico.mx\/wp-content\/uploads\/2023\/04\/IMG_7191.jpeg\" \/>\n\t<meta property=\"og:image:width\" content=\"739\" \/>\n\t<meta property=\"og:image:height\" content=\"415\" \/>\n\t<meta property=\"og:image:type\" content=\"image\/jpeg\" \/>\n<meta name=\"author\" content=\"Redacci\u00f3n QP\" \/>\n<meta name=\"twitter:card\" content=\"summary_large_image\" \/>\n<meta name=\"twitter:label1\" content=\"Escrito por\" \/>\n\t<meta name=\"twitter:data1\" content=\"Redacci\u00f3n QP\" \/>\n\t<meta name=\"twitter:label2\" content=\"Tiempo de lectura\" \/>\n\t<meta name=\"twitter:data2\" content=\"4 minutos\" \/>\n<script type=\"application\/ld+json\" class=\"yoast-schema-graph\">{\"@context\":\"https:\\\/\\\/schema.org\",\"@graph\":[{\"@type\":\"Article\",\"@id\":\"https:\\\/\\\/quehacerpolitico.mx\\\/?p=100122#article\",\"isPartOf\":{\"@id\":\"https:\\\/\\\/quehacerpolitico.mx\\\/?p=100122\"},\"author\":{\"name\":\"Redacci\u00f3n QP\",\"@id\":\"https:\\\/\\\/quehacerpolitico.mx\\\/#\\\/schema\\\/person\\\/496d8ad2d1d3f8036101dca7ee39e585\"},\"headline\":\"Internacionales\\\/\\\/\\\/Carolina Alonso Romei\\\/\\\/\\\/Zelensky a cuatro a\u00f1os de tomar el poder de Ucrania\",\"datePublished\":\"2023-04-20T17:55:37+00:00\",\"dateModified\":\"2023-04-20T17:55:40+00:00\",\"mainEntityOfPage\":{\"@id\":\"https:\\\/\\\/quehacerpolitico.mx\\\/?p=100122\"},\"wordCount\":860,\"commentCount\":0,\"image\":{\"@id\":\"https:\\\/\\\/quehacerpolitico.mx\\\/?p=100122#primaryimage\"},\"thumbnailUrl\":\"https:\\\/\\\/quehacerpolitico.mx\\\/wp-content\\\/uploads\\\/2023\\\/04\\\/IMG_7191.jpeg\",\"articleSection\":[\"Internacionales\"],\"inLanguage\":\"es\",\"potentialAction\":[{\"@type\":\"CommentAction\",\"name\":\"Comment\",\"target\":[\"https:\\\/\\\/quehacerpolitico.mx\\\/?p=100122#respond\"]}]},{\"@type\":\"WebPage\",\"@id\":\"https:\\\/\\\/quehacerpolitico.mx\\\/?p=100122\",\"url\":\"https:\\\/\\\/quehacerpolitico.mx\\\/?p=100122\",\"name\":\"Internacionales\\\/\\\/\\\/Carolina Alonso Romei\\\/\\\/\\\/Zelensky a cuatro a\u00f1os de tomar el poder de Ucrania -\",\"isPartOf\":{\"@id\":\"https:\\\/\\\/quehacerpolitico.mx\\\/#website\"},\"primaryImageOfPage\":{\"@id\":\"https:\\\/\\\/quehacerpolitico.mx\\\/?p=100122#primaryimage\"},\"image\":{\"@id\":\"https:\\\/\\\/quehacerpolitico.mx\\\/?p=100122#primaryimage\"},\"thumbnailUrl\":\"https:\\\/\\\/quehacerpolitico.mx\\\/wp-content\\\/uploads\\\/2023\\\/04\\\/IMG_7191.jpeg\",\"datePublished\":\"2023-04-20T17:55:37+00:00\",\"dateModified\":\"2023-04-20T17:55:40+00:00\",\"author\":{\"@id\":\"https:\\\/\\\/quehacerpolitico.mx\\\/#\\\/schema\\\/person\\\/496d8ad2d1d3f8036101dca7ee39e585\"},\"breadcrumb\":{\"@id\":\"https:\\\/\\\/quehacerpolitico.mx\\\/?p=100122#breadcrumb\"},\"inLanguage\":\"es\",\"potentialAction\":[{\"@type\":\"ReadAction\",\"target\":[\"https:\\\/\\\/quehacerpolitico.mx\\\/?p=100122\"]}]},{\"@type\":\"ImageObject\",\"inLanguage\":\"es\",\"@id\":\"https:\\\/\\\/quehacerpolitico.mx\\\/?p=100122#primaryimage\",\"url\":\"https:\\\/\\\/quehacerpolitico.mx\\\/wp-content\\\/uploads\\\/2023\\\/04\\\/IMG_7191.jpeg\",\"contentUrl\":\"https:\\\/\\\/quehacerpolitico.mx\\\/wp-content\\\/uploads\\\/2023\\\/04\\\/IMG_7191.jpeg\",\"width\":739,\"height\":415},{\"@type\":\"BreadcrumbList\",\"@id\":\"https:\\\/\\\/quehacerpolitico.mx\\\/?p=100122#breadcrumb\",\"itemListElement\":[{\"@type\":\"ListItem\",\"position\":1,\"name\":\"Inicio\",\"item\":\"https:\\\/\\\/quehacerpolitico.mx\\\/\"},{\"@type\":\"ListItem\",\"position\":2,\"name\":\"Internacionales\\\/\\\/\\\/Carolina Alonso Romei\\\/\\\/\\\/Zelensky a cuatro a\u00f1os de tomar el poder de Ucrania\"}]},{\"@type\":\"WebSite\",\"@id\":\"https:\\\/\\\/quehacerpolitico.mx\\\/#website\",\"url\":\"https:\\\/\\\/quehacerpolitico.mx\\\/\",\"name\":\"\",\"description\":\"\",\"potentialAction\":[{\"@type\":\"SearchAction\",\"target\":{\"@type\":\"EntryPoint\",\"urlTemplate\":\"https:\\\/\\\/quehacerpolitico.mx\\\/?s={search_term_string}\"},\"query-input\":{\"@type\":\"PropertyValueSpecification\",\"valueRequired\":true,\"valueName\":\"search_term_string\"}}],\"inLanguage\":\"es\"},{\"@type\":\"Person\",\"@id\":\"https:\\\/\\\/quehacerpolitico.mx\\\/#\\\/schema\\\/person\\\/496d8ad2d1d3f8036101dca7ee39e585\",\"name\":\"Redacci\u00f3n QP\",\"image\":{\"@type\":\"ImageObject\",\"inLanguage\":\"es\",\"@id\":\"https:\\\/\\\/secure.gravatar.com\\\/avatar\\\/c7164ed6fdec453195284ad24a5ae5b6e1eed2b848477fa2a4787ba9adf39a41?s=96&d=mm&r=g\",\"url\":\"https:\\\/\\\/secure.gravatar.com\\\/avatar\\\/c7164ed6fdec453195284ad24a5ae5b6e1eed2b848477fa2a4787ba9adf39a41?s=96&d=mm&r=g\",\"contentUrl\":\"https:\\\/\\\/secure.gravatar.com\\\/avatar\\\/c7164ed6fdec453195284ad24a5ae5b6e1eed2b848477fa2a4787ba9adf39a41?s=96&d=mm&r=g\",\"caption\":\"Redacci\u00f3n QP\"},\"url\":\"https:\\\/\\\/quehacerpolitico.mx\\\/?author=2\"}]}<\/script>\n<!-- \/ Yoast SEO plugin. -->","yoast_head_json":{"title":"Internacionales\/\/\/Carolina Alonso Romei\/\/\/Zelensky a cuatro a\u00f1os de tomar el poder de Ucrania -","robots":{"index":"index","follow":"follow","max-snippet":"max-snippet:-1","max-image-preview":"max-image-preview:large","max-video-preview":"max-video-preview:-1"},"canonical":"https:\/\/quehacerpolitico.mx\/?p=100122","og_locale":"es_MX","og_type":"article","og_title":"Internacionales\/\/\/Carolina Alonso Romei\/\/\/Zelensky a cuatro a\u00f1os de tomar el poder de Ucrania -","og_description":"Por Carolina Alonso Romei Internacionalista Volod\u00edmir Zelenski cumple cuatro a\u00f1os como presidente de Ucrania, convertido...","og_url":"https:\/\/quehacerpolitico.mx\/?p=100122","article_published_time":"2023-04-20T17:55:37+00:00","article_modified_time":"2023-04-20T17:55:40+00:00","og_image":[{"width":739,"height":415,"url":"https:\/\/quehacerpolitico.mx\/wp-content\/uploads\/2023\/04\/IMG_7191.jpeg","type":"image\/jpeg"}],"author":"Redacci\u00f3n QP","twitter_card":"summary_large_image","twitter_misc":{"Escrito por":"Redacci\u00f3n QP","Tiempo de lectura":"4 minutos"},"schema":{"@context":"https:\/\/schema.org","@graph":[{"@type":"Article","@id":"https:\/\/quehacerpolitico.mx\/?p=100122#article","isPartOf":{"@id":"https:\/\/quehacerpolitico.mx\/?p=100122"},"author":{"name":"Redacci\u00f3n QP","@id":"https:\/\/quehacerpolitico.mx\/#\/schema\/person\/496d8ad2d1d3f8036101dca7ee39e585"},"headline":"Internacionales\/\/\/Carolina Alonso Romei\/\/\/Zelensky a cuatro a\u00f1os de tomar el poder de Ucrania","datePublished":"2023-04-20T17:55:37+00:00","dateModified":"2023-04-20T17:55:40+00:00","mainEntityOfPage":{"@id":"https:\/\/quehacerpolitico.mx\/?p=100122"},"wordCount":860,"commentCount":0,"image":{"@id":"https:\/\/quehacerpolitico.mx\/?p=100122#primaryimage"},"thumbnailUrl":"https:\/\/quehacerpolitico.mx\/wp-content\/uploads\/2023\/04\/IMG_7191.jpeg","articleSection":["Internacionales"],"inLanguage":"es","potentialAction":[{"@type":"CommentAction","name":"Comment","target":["https:\/\/quehacerpolitico.mx\/?p=100122#respond"]}]},{"@type":"WebPage","@id":"https:\/\/quehacerpolitico.mx\/?p=100122","url":"https:\/\/quehacerpolitico.mx\/?p=100122","name":"Internacionales\/\/\/Carolina Alonso Romei\/\/\/Zelensky a cuatro a\u00f1os de tomar el poder de Ucrania -","isPartOf":{"@id":"https:\/\/quehacerpolitico.mx\/#website"},"primaryImageOfPage":{"@id":"https:\/\/quehacerpolitico.mx\/?p=100122#primaryimage"},"image":{"@id":"https:\/\/quehacerpolitico.mx\/?p=100122#primaryimage"},"thumbnailUrl":"https:\/\/quehacerpolitico.mx\/wp-content\/uploads\/2023\/04\/IMG_7191.jpeg","datePublished":"2023-04-20T17:55:37+00:00","dateModified":"2023-04-20T17:55:40+00:00","author":{"@id":"https:\/\/quehacerpolitico.mx\/#\/schema\/person\/496d8ad2d1d3f8036101dca7ee39e585"},"breadcrumb":{"@id":"https:\/\/quehacerpolitico.mx\/?p=100122#breadcrumb"},"inLanguage":"es","potentialAction":[{"@type":"ReadAction","target":["https:\/\/quehacerpolitico.mx\/?p=100122"]}]},{"@type":"ImageObject","inLanguage":"es","@id":"https:\/\/quehacerpolitico.mx\/?p=100122#primaryimage","url":"https:\/\/quehacerpolitico.mx\/wp-content\/uploads\/2023\/04\/IMG_7191.jpeg","contentUrl":"https:\/\/quehacerpolitico.mx\/wp-content\/uploads\/2023\/04\/IMG_7191.jpeg","width":739,"height":415},{"@type":"BreadcrumbList","@id":"https:\/\/quehacerpolitico.mx\/?p=100122#breadcrumb","itemListElement":[{"@type":"ListItem","position":1,"name":"Inicio","item":"https:\/\/quehacerpolitico.mx\/"},{"@type":"ListItem","position":2,"name":"Internacionales\/\/\/Carolina Alonso Romei\/\/\/Zelensky a cuatro a\u00f1os de tomar el poder de Ucrania"}]},{"@type":"WebSite","@id":"https:\/\/quehacerpolitico.mx\/#website","url":"https:\/\/quehacerpolitico.mx\/","name":"","description":"","potentialAction":[{"@type":"SearchAction","target":{"@type":"EntryPoint","urlTemplate":"https:\/\/quehacerpolitico.mx\/?s={search_term_string}"},"query-input":{"@type":"PropertyValueSpecification","valueRequired":true,"valueName":"search_term_string"}}],"inLanguage":"es"},{"@type":"Person","@id":"https:\/\/quehacerpolitico.mx\/#\/schema\/person\/496d8ad2d1d3f8036101dca7ee39e585","name":"Redacci\u00f3n QP","image":{"@type":"ImageObject","inLanguage":"es","@id":"https:\/\/secure.gravatar.com\/avatar\/c7164ed6fdec453195284ad24a5ae5b6e1eed2b848477fa2a4787ba9adf39a41?s=96&d=mm&r=g","url":"https:\/\/secure.gravatar.com\/avatar\/c7164ed6fdec453195284ad24a5ae5b6e1eed2b848477fa2a4787ba9adf39a41?s=96&d=mm&r=g","contentUrl":"https:\/\/secure.gravatar.com\/avatar\/c7164ed6fdec453195284ad24a5ae5b6e1eed2b848477fa2a4787ba9adf39a41?s=96&d=mm&r=g","caption":"Redacci\u00f3n QP"},"url":"https:\/\/quehacerpolitico.mx\/?author=2"}]}},"featured_image_urls":{"full":["https:\/\/quehacerpolitico.mx\/wp-content\/uploads\/2023\/04\/IMG_7191.jpeg",739,415,false],"thumbnail":["https:\/\/quehacerpolitico.mx\/wp-content\/uploads\/2023\/04\/IMG_7191-150x150.jpeg",150,150,true],"medium":["https:\/\/quehacerpolitico.mx\/wp-content\/uploads\/2023\/04\/IMG_7191-300x168.jpeg",300,168,true],"medium_large":["https:\/\/quehacerpolitico.mx\/wp-content\/uploads\/2023\/04\/IMG_7191.jpeg",640,359,false],"large":["https:\/\/quehacerpolitico.mx\/wp-content\/uploads\/2023\/04\/IMG_7191.jpeg",640,359,false],"1536x1536":["https:\/\/quehacerpolitico.mx\/wp-content\/uploads\/2023\/04\/IMG_7191.jpeg",739,415,false],"2048x2048":["https:\/\/quehacerpolitico.mx\/wp-content\/uploads\/2023\/04\/IMG_7191.jpeg",739,415,false],"covernews-featured":["https:\/\/quehacerpolitico.mx\/wp-content\/uploads\/2023\/04\/IMG_7191.jpeg",739,415,false],"covernews-medium":["https:\/\/quehacerpolitico.mx\/wp-content\/uploads\/2023\/04\/IMG_7191.jpeg",540,303,false]},"author_info":{"display_name":"Redacci\u00f3n QP","author_link":"https:\/\/quehacerpolitico.mx\/?author=2"},"category_info":"<a href=\"https:\/\/quehacerpolitico.mx\/?cat=1\" rel=\"category\">Internacionales<\/a>","tag_info":"Internacionales","comment_count":"0","_links":{"self":[{"href":"https:\/\/quehacerpolitico.mx\/index.php?rest_route=\/wp\/v2\/posts\/100122","targetHints":{"allow":["GET"]}}],"collection":[{"href":"https:\/\/quehacerpolitico.mx\/index.php?rest_route=\/wp\/v2\/posts"}],"about":[{"href":"https:\/\/quehacerpolitico.mx\/index.php?rest_route=\/wp\/v2\/types\/post"}],"author":[{"embeddable":true,"href":"https:\/\/quehacerpolitico.mx\/index.php?rest_route=\/wp\/v2\/users\/2"}],"replies":[{"embeddable":true,"href":"https:\/\/quehacerpolitico.mx\/index.php?rest_route=%2Fwp%2Fv2%2Fcomments&post=100122"}],"version-history":[{"count":1,"href":"https:\/\/quehacerpolitico.mx\/index.php?rest_route=\/wp\/v2\/posts\/100122\/revisions"}],"predecessor-version":[{"id":100125,"href":"https:\/\/quehacerpolitico.mx\/index.php?rest_route=\/wp\/v2\/posts\/100122\/revisions\/100125"}],"wp:featuredmedia":[{"embeddable":true,"href":"https:\/\/quehacerpolitico.mx\/index.php?rest_route=\/wp\/v2\/media\/100124"}],"wp:attachment":[{"href":"https:\/\/quehacerpolitico.mx\/index.php?rest_route=%2Fwp%2Fv2%2Fmedia&parent=100122"}],"wp:term":[{"taxonomy":"category","embeddable":true,"href":"https:\/\/quehacerpolitico.mx\/index.php?rest_route=%2Fwp%2Fv2%2Fcategories&post=100122"},{"taxonomy":"post_tag","embeddable":true,"href":"https:\/\/quehacerpolitico.mx\/index.php?rest_route=%2Fwp%2Fv2%2Ftags&post=100122"}],"curies":[{"name":"wp","href":"https:\/\/api.w.org\/{rel}","templated":true}]}}