{"id":100023,"date":"2023-04-14T16:55:41","date_gmt":"2023-04-14T16:55:41","guid":{"rendered":"https:\/\/quehacerpolitico.mx\/?p=100023"},"modified":"2023-04-14T16:55:45","modified_gmt":"2023-04-14T16:55:45","slug":"estados-unidos-presenta-cargos-contra-28-miembros-del-cartel-de-sinaloa","status":"publish","type":"post","link":"https:\/\/quehacerpolitico.mx\/?p=100023","title":{"rendered":"Estados Unidos presenta cargos contra 28 miembros del C\u00e1rtel de Sinaloa"},"content":{"rendered":"\n<p>Por Redacci\u00f3n QP<\/p>\n\n\n\n<p>El secretario de Justicia, Merrick Garland, anunci\u00f3 los cargos junto con la directora de la DEA, Anne Milgram<\/p>\n\n\n\n<p>El Departamento de Justicia de Estados Unidos\u00a0<strong>present\u00f3 este viernes cargos contra 28 miembros del C\u00e1rtel de Sinaloa, entre ellos los hijos del narcotraficante Joaqu\u00edn &#8220;El Chapo&#8221; Guzm\u00e1n<\/strong>, en el marco de una extensa investigaci\u00f3n sobre el tr\u00e1fico de fentanilo.<\/p>\n\n\n\n<p>El secretario de Justicia, Merrick Garland, anunci\u00f3 los cargos junto con la directora de la agencia antidrogas de Estados Unidos (DEA, por sus siglas en ingl\u00e9s), Anne Milgram, y otros importantes fiscales federales.<\/p>\n\n\n\n<figure class=\"wp-block-image size-full\"><img loading=\"lazy\" decoding=\"async\" width=\"585\" height=\"651\" src=\"https:\/\/quehacerpolitico.mx\/wp-content\/uploads\/2023\/04\/image-4.png\" alt=\"\" class=\"wp-image-100028\" srcset=\"https:\/\/quehacerpolitico.mx\/wp-content\/uploads\/2023\/04\/image-4.png 585w, https:\/\/quehacerpolitico.mx\/wp-content\/uploads\/2023\/04\/image-4-270x300.png 270w, https:\/\/quehacerpolitico.mx\/wp-content\/uploads\/2023\/04\/image-4-131x146.png 131w, https:\/\/quehacerpolitico.mx\/wp-content\/uploads\/2023\/04\/image-4-45x50.png 45w, https:\/\/quehacerpolitico.mx\/wp-content\/uploads\/2023\/04\/image-4-67x75.png 67w\" sizes=\"auto, (max-width: 585px) 100vw, 585px\" \/><\/figure>\n\n\n\n<figure class=\"wp-block-image size-full\"><img loading=\"lazy\" decoding=\"async\" width=\"585\" height=\"590\" src=\"https:\/\/quehacerpolitico.mx\/wp-content\/uploads\/2023\/04\/image-3.png\" alt=\"\" class=\"wp-image-100027\" srcset=\"https:\/\/quehacerpolitico.mx\/wp-content\/uploads\/2023\/04\/image-3.png 585w, https:\/\/quehacerpolitico.mx\/wp-content\/uploads\/2023\/04\/image-3-297x300.png 297w, https:\/\/quehacerpolitico.mx\/wp-content\/uploads\/2023\/04\/image-3-150x150.png 150w, https:\/\/quehacerpolitico.mx\/wp-content\/uploads\/2023\/04\/image-3-145x146.png 145w, https:\/\/quehacerpolitico.mx\/wp-content\/uploads\/2023\/04\/image-3-50x50.png 50w, https:\/\/quehacerpolitico.mx\/wp-content\/uploads\/2023\/04\/image-3-74x75.png 74w, https:\/\/quehacerpolitico.mx\/wp-content\/uploads\/2023\/04\/image-3-85x85.png 85w, https:\/\/quehacerpolitico.mx\/wp-content\/uploads\/2023\/04\/image-3-80x80.png 80w\" sizes=\"auto, (max-width: 585px) 100vw, 585px\" \/><\/figure>\n\n\n\n<figure class=\"wp-block-image size-large\"><img loading=\"lazy\" decoding=\"async\" width=\"963\" height=\"1024\" src=\"https:\/\/quehacerpolitico.mx\/wp-content\/uploads\/2023\/04\/image-31-963x1024.jpeg\" alt=\"\" class=\"wp-image-100026\" srcset=\"https:\/\/quehacerpolitico.mx\/wp-content\/uploads\/2023\/04\/image-31-963x1024.jpeg 963w, https:\/\/quehacerpolitico.mx\/wp-content\/uploads\/2023\/04\/image-31-282x300.jpeg 282w, https:\/\/quehacerpolitico.mx\/wp-content\/uploads\/2023\/04\/image-31-768x816.jpeg 768w, https:\/\/quehacerpolitico.mx\/wp-content\/uploads\/2023\/04\/image-31-137x146.jpeg 137w, https:\/\/quehacerpolitico.mx\/wp-content\/uploads\/2023\/04\/image-31-47x50.jpeg 47w, https:\/\/quehacerpolitico.mx\/wp-content\/uploads\/2023\/04\/image-31-71x75.jpeg 71w, https:\/\/quehacerpolitico.mx\/wp-content\/uploads\/2023\/04\/image-31.jpeg 1284w\" sizes=\"auto, (max-width: 963px) 100vw, 963px\" \/><\/figure>\n\n\n\n<figure class=\"wp-block-image size-large\"><img loading=\"lazy\" decoding=\"async\" width=\"904\" height=\"1024\" src=\"https:\/\/quehacerpolitico.mx\/wp-content\/uploads\/2023\/04\/image-30-904x1024.jpeg\" alt=\"\" class=\"wp-image-100025\" srcset=\"https:\/\/quehacerpolitico.mx\/wp-content\/uploads\/2023\/04\/image-30-904x1024.jpeg 904w, https:\/\/quehacerpolitico.mx\/wp-content\/uploads\/2023\/04\/image-30-265x300.jpeg 265w, https:\/\/quehacerpolitico.mx\/wp-content\/uploads\/2023\/04\/image-30-768x870.jpeg 768w, https:\/\/quehacerpolitico.mx\/wp-content\/uploads\/2023\/04\/image-30-129x146.jpeg 129w, https:\/\/quehacerpolitico.mx\/wp-content\/uploads\/2023\/04\/image-30-44x50.jpeg 44w, https:\/\/quehacerpolitico.mx\/wp-content\/uploads\/2023\/04\/image-30-66x75.jpeg 66w, https:\/\/quehacerpolitico.mx\/wp-content\/uploads\/2023\/04\/image-30.jpeg 1284w\" sizes=\"auto, (max-width: 904px) 100vw, 904px\" \/><\/figure>\n\n\n\n<p>Los cargos fueron presentados contra los l\u00edderes del c\u00e1rtel, as\u00ed como presuntos proveedores de productos qu\u00edmicos, supervisores de laboratorio, traficantes de fentanilo, jefes de seguridad, operadores financieros y traficantes de armas.<\/p>\n\n\n\n<p>Las acusaciones anunciadas el viernes<strong>&nbsp;imputan a los tres hijos de Guzm\u00e1n, conocidos como &#8220;los Chapitos&#8221;,<\/strong>&nbsp;que se han ganado la reputaci\u00f3n de ser la facci\u00f3n m\u00e1s violenta y agresiva del c\u00e1rtel.<\/p>\n\n\n\n<p>Los autos de acusaci\u00f3n tambi\u00e9n imputan a ciudadanos chinos y guatemaltecos acusados de suministrar los precursores qu\u00edmicos necesarios para fabricar fentanilo. Otros acusados en los casos incluyen a los acusados de dirigir laboratorios de fabricaci\u00f3n de drogas y proporcionar seguridad y armas para el narcotr\u00e1fico, dijeron los fiscales.<\/p>\n\n\n\n<p>Con Informaci\u00f3n de AP<\/p>\n","protected":false},"excerpt":{"rendered":"<p>Por Redacci\u00f3n QP El secretario de Justicia, Merrick Garland, anunci\u00f3 los cargos junto con la&#8230;<\/p>\n","protected":false},"author":2,"featured_media":100024,"comment_status":"open","ping_status":"open","sticky":false,"template":"","format":"standard","meta":{"_monsterinsights_skip_tracking":false,"_monsterinsights_sitenote_active":false,"_monsterinsights_sitenote_note":"","_monsterinsights_sitenote_category":0,"footnotes":""},"categories":[2],"tags":[],"class_list":["post-100023","post","type-post","status-publish","format-standard","has-post-thumbnail","hentry","category-noticias"],"yoast_head":"<!-- This site is optimized with the Yoast SEO plugin v27.3 - https:\/\/yoast.com\/product\/yoast-seo-wordpress\/ -->\n<title>Estados Unidos presenta cargos contra 28 miembros del C\u00e1rtel de Sinaloa -<\/title>\n<meta name=\"robots\" content=\"index, follow, max-snippet:-1, max-image-preview:large, max-video-preview:-1\" \/>\n<link rel=\"canonical\" href=\"https:\/\/quehacerpolitico.mx\/?p=100023\" \/>\n<meta property=\"og:locale\" content=\"es_MX\" \/>\n<meta property=\"og:type\" content=\"article\" \/>\n<meta property=\"og:title\" content=\"Estados Unidos presenta cargos contra 28 miembros del C\u00e1rtel de Sinaloa -\" \/>\n<meta property=\"og:description\" content=\"Por Redacci\u00f3n QP El secretario de Justicia, Merrick Garland, anunci\u00f3 los cargos junto con la...\" \/>\n<meta property=\"og:url\" content=\"https:\/\/quehacerpolitico.mx\/?p=100023\" \/>\n<meta property=\"article:published_time\" content=\"2023-04-14T16:55:41+00:00\" \/>\n<meta property=\"article:modified_time\" content=\"2023-04-14T16:55:45+00:00\" \/>\n<meta property=\"og:image\" content=\"https:\/\/quehacerpolitico.mx\/wp-content\/uploads\/2023\/04\/IMG_7075.jpeg\" \/>\n\t<meta property=\"og:image:width\" content=\"640\" \/>\n\t<meta property=\"og:image:height\" content=\"360\" \/>\n\t<meta property=\"og:image:type\" content=\"image\/jpeg\" \/>\n<meta name=\"author\" content=\"Redacci\u00f3n QP\" \/>\n<meta name=\"twitter:card\" content=\"summary_large_image\" \/>\n<meta name=\"twitter:label1\" content=\"Escrito por\" \/>\n\t<meta name=\"twitter:data1\" content=\"Redacci\u00f3n QP\" \/>\n\t<meta name=\"twitter:label2\" content=\"Tiempo de lectura\" \/>\n\t<meta name=\"twitter:data2\" content=\"1 minuto\" \/>\n<script type=\"application\/ld+json\" class=\"yoast-schema-graph\">{\"@context\":\"https:\\\/\\\/schema.org\",\"@graph\":[{\"@type\":\"Article\",\"@id\":\"https:\\\/\\\/quehacerpolitico.mx\\\/?p=100023#article\",\"isPartOf\":{\"@id\":\"https:\\\/\\\/quehacerpolitico.mx\\\/?p=100023\"},\"author\":{\"name\":\"Redacci\u00f3n QP\",\"@id\":\"https:\\\/\\\/quehacerpolitico.mx\\\/#\\\/schema\\\/person\\\/496d8ad2d1d3f8036101dca7ee39e585\"},\"headline\":\"Estados Unidos presenta cargos contra 28 miembros del C\u00e1rtel de Sinaloa\",\"datePublished\":\"2023-04-14T16:55:41+00:00\",\"dateModified\":\"2023-04-14T16:55:45+00:00\",\"mainEntityOfPage\":{\"@id\":\"https:\\\/\\\/quehacerpolitico.mx\\\/?p=100023\"},\"wordCount\":242,\"commentCount\":0,\"image\":{\"@id\":\"https:\\\/\\\/quehacerpolitico.mx\\\/?p=100023#primaryimage\"},\"thumbnailUrl\":\"https:\\\/\\\/quehacerpolitico.mx\\\/wp-content\\\/uploads\\\/2023\\\/04\\\/IMG_7075.jpeg\",\"articleSection\":[\"Noticias\"],\"inLanguage\":\"es\",\"potentialAction\":[{\"@type\":\"CommentAction\",\"name\":\"Comment\",\"target\":[\"https:\\\/\\\/quehacerpolitico.mx\\\/?p=100023#respond\"]}]},{\"@type\":\"WebPage\",\"@id\":\"https:\\\/\\\/quehacerpolitico.mx\\\/?p=100023\",\"url\":\"https:\\\/\\\/quehacerpolitico.mx\\\/?p=100023\",\"name\":\"Estados Unidos presenta cargos contra 28 miembros del C\u00e1rtel de Sinaloa -\",\"isPartOf\":{\"@id\":\"https:\\\/\\\/quehacerpolitico.mx\\\/#website\"},\"primaryImageOfPage\":{\"@id\":\"https:\\\/\\\/quehacerpolitico.mx\\\/?p=100023#primaryimage\"},\"image\":{\"@id\":\"https:\\\/\\\/quehacerpolitico.mx\\\/?p=100023#primaryimage\"},\"thumbnailUrl\":\"https:\\\/\\\/quehacerpolitico.mx\\\/wp-content\\\/uploads\\\/2023\\\/04\\\/IMG_7075.jpeg\",\"datePublished\":\"2023-04-14T16:55:41+00:00\",\"dateModified\":\"2023-04-14T16:55:45+00:00\",\"author\":{\"@id\":\"https:\\\/\\\/quehacerpolitico.mx\\\/#\\\/schema\\\/person\\\/496d8ad2d1d3f8036101dca7ee39e585\"},\"breadcrumb\":{\"@id\":\"https:\\\/\\\/quehacerpolitico.mx\\\/?p=100023#breadcrumb\"},\"inLanguage\":\"es\",\"potentialAction\":[{\"@type\":\"ReadAction\",\"target\":[\"https:\\\/\\\/quehacerpolitico.mx\\\/?p=100023\"]}]},{\"@type\":\"ImageObject\",\"inLanguage\":\"es\",\"@id\":\"https:\\\/\\\/quehacerpolitico.mx\\\/?p=100023#primaryimage\",\"url\":\"https:\\\/\\\/quehacerpolitico.mx\\\/wp-content\\\/uploads\\\/2023\\\/04\\\/IMG_7075.jpeg\",\"contentUrl\":\"https:\\\/\\\/quehacerpolitico.mx\\\/wp-content\\\/uploads\\\/2023\\\/04\\\/IMG_7075.jpeg\",\"width\":640,\"height\":360},{\"@type\":\"BreadcrumbList\",\"@id\":\"https:\\\/\\\/quehacerpolitico.mx\\\/?p=100023#breadcrumb\",\"itemListElement\":[{\"@type\":\"ListItem\",\"position\":1,\"name\":\"Inicio\",\"item\":\"https:\\\/\\\/quehacerpolitico.mx\\\/\"},{\"@type\":\"ListItem\",\"position\":2,\"name\":\"Estados Unidos presenta cargos contra 28 miembros del C\u00e1rtel de Sinaloa\"}]},{\"@type\":\"WebSite\",\"@id\":\"https:\\\/\\\/quehacerpolitico.mx\\\/#website\",\"url\":\"https:\\\/\\\/quehacerpolitico.mx\\\/\",\"name\":\"\",\"description\":\"\",\"potentialAction\":[{\"@type\":\"SearchAction\",\"target\":{\"@type\":\"EntryPoint\",\"urlTemplate\":\"https:\\\/\\\/quehacerpolitico.mx\\\/?s={search_term_string}\"},\"query-input\":{\"@type\":\"PropertyValueSpecification\",\"valueRequired\":true,\"valueName\":\"search_term_string\"}}],\"inLanguage\":\"es\"},{\"@type\":\"Person\",\"@id\":\"https:\\\/\\\/quehacerpolitico.mx\\\/#\\\/schema\\\/person\\\/496d8ad2d1d3f8036101dca7ee39e585\",\"name\":\"Redacci\u00f3n QP\",\"image\":{\"@type\":\"ImageObject\",\"inLanguage\":\"es\",\"@id\":\"https:\\\/\\\/secure.gravatar.com\\\/avatar\\\/c7164ed6fdec453195284ad24a5ae5b6e1eed2b848477fa2a4787ba9adf39a41?s=96&d=mm&r=g\",\"url\":\"https:\\\/\\\/secure.gravatar.com\\\/avatar\\\/c7164ed6fdec453195284ad24a5ae5b6e1eed2b848477fa2a4787ba9adf39a41?s=96&d=mm&r=g\",\"contentUrl\":\"https:\\\/\\\/secure.gravatar.com\\\/avatar\\\/c7164ed6fdec453195284ad24a5ae5b6e1eed2b848477fa2a4787ba9adf39a41?s=96&d=mm&r=g\",\"caption\":\"Redacci\u00f3n QP\"},\"url\":\"https:\\\/\\\/quehacerpolitico.mx\\\/?author=2\"}]}<\/script>\n<!-- \/ Yoast SEO plugin. -->","yoast_head_json":{"title":"Estados Unidos presenta cargos contra 28 miembros del C\u00e1rtel de Sinaloa -","robots":{"index":"index","follow":"follow","max-snippet":"max-snippet:-1","max-image-preview":"max-image-preview:large","max-video-preview":"max-video-preview:-1"},"canonical":"https:\/\/quehacerpolitico.mx\/?p=100023","og_locale":"es_MX","og_type":"article","og_title":"Estados Unidos presenta cargos contra 28 miembros del C\u00e1rtel de Sinaloa -","og_description":"Por Redacci\u00f3n QP El secretario de Justicia, Merrick Garland, anunci\u00f3 los cargos junto con la...","og_url":"https:\/\/quehacerpolitico.mx\/?p=100023","article_published_time":"2023-04-14T16:55:41+00:00","article_modified_time":"2023-04-14T16:55:45+00:00","og_image":[{"width":640,"height":360,"url":"https:\/\/quehacerpolitico.mx\/wp-content\/uploads\/2023\/04\/IMG_7075.jpeg","type":"image\/jpeg"}],"author":"Redacci\u00f3n QP","twitter_card":"summary_large_image","twitter_misc":{"Escrito por":"Redacci\u00f3n QP","Tiempo de lectura":"1 minuto"},"schema":{"@context":"https:\/\/schema.org","@graph":[{"@type":"Article","@id":"https:\/\/quehacerpolitico.mx\/?p=100023#article","isPartOf":{"@id":"https:\/\/quehacerpolitico.mx\/?p=100023"},"author":{"name":"Redacci\u00f3n QP","@id":"https:\/\/quehacerpolitico.mx\/#\/schema\/person\/496d8ad2d1d3f8036101dca7ee39e585"},"headline":"Estados Unidos presenta cargos contra 28 miembros del C\u00e1rtel de Sinaloa","datePublished":"2023-04-14T16:55:41+00:00","dateModified":"2023-04-14T16:55:45+00:00","mainEntityOfPage":{"@id":"https:\/\/quehacerpolitico.mx\/?p=100023"},"wordCount":242,"commentCount":0,"image":{"@id":"https:\/\/quehacerpolitico.mx\/?p=100023#primaryimage"},"thumbnailUrl":"https:\/\/quehacerpolitico.mx\/wp-content\/uploads\/2023\/04\/IMG_7075.jpeg","articleSection":["Noticias"],"inLanguage":"es","potentialAction":[{"@type":"CommentAction","name":"Comment","target":["https:\/\/quehacerpolitico.mx\/?p=100023#respond"]}]},{"@type":"WebPage","@id":"https:\/\/quehacerpolitico.mx\/?p=100023","url":"https:\/\/quehacerpolitico.mx\/?p=100023","name":"Estados Unidos presenta cargos contra 28 miembros del C\u00e1rtel de Sinaloa -","isPartOf":{"@id":"https:\/\/quehacerpolitico.mx\/#website"},"primaryImageOfPage":{"@id":"https:\/\/quehacerpolitico.mx\/?p=100023#primaryimage"},"image":{"@id":"https:\/\/quehacerpolitico.mx\/?p=100023#primaryimage"},"thumbnailUrl":"https:\/\/quehacerpolitico.mx\/wp-content\/uploads\/2023\/04\/IMG_7075.jpeg","datePublished":"2023-04-14T16:55:41+00:00","dateModified":"2023-04-14T16:55:45+00:00","author":{"@id":"https:\/\/quehacerpolitico.mx\/#\/schema\/person\/496d8ad2d1d3f8036101dca7ee39e585"},"breadcrumb":{"@id":"https:\/\/quehacerpolitico.mx\/?p=100023#breadcrumb"},"inLanguage":"es","potentialAction":[{"@type":"ReadAction","target":["https:\/\/quehacerpolitico.mx\/?p=100023"]}]},{"@type":"ImageObject","inLanguage":"es","@id":"https:\/\/quehacerpolitico.mx\/?p=100023#primaryimage","url":"https:\/\/quehacerpolitico.mx\/wp-content\/uploads\/2023\/04\/IMG_7075.jpeg","contentUrl":"https:\/\/quehacerpolitico.mx\/wp-content\/uploads\/2023\/04\/IMG_7075.jpeg","width":640,"height":360},{"@type":"BreadcrumbList","@id":"https:\/\/quehacerpolitico.mx\/?p=100023#breadcrumb","itemListElement":[{"@type":"ListItem","position":1,"name":"Inicio","item":"https:\/\/quehacerpolitico.mx\/"},{"@type":"ListItem","position":2,"name":"Estados Unidos presenta cargos contra 28 miembros del C\u00e1rtel de Sinaloa"}]},{"@type":"WebSite","@id":"https:\/\/quehacerpolitico.mx\/#website","url":"https:\/\/quehacerpolitico.mx\/","name":"","description":"","potentialAction":[{"@type":"SearchAction","target":{"@type":"EntryPoint","urlTemplate":"https:\/\/quehacerpolitico.mx\/?s={search_term_string}"},"query-input":{"@type":"PropertyValueSpecification","valueRequired":true,"valueName":"search_term_string"}}],"inLanguage":"es"},{"@type":"Person","@id":"https:\/\/quehacerpolitico.mx\/#\/schema\/person\/496d8ad2d1d3f8036101dca7ee39e585","name":"Redacci\u00f3n QP","image":{"@type":"ImageObject","inLanguage":"es","@id":"https:\/\/secure.gravatar.com\/avatar\/c7164ed6fdec453195284ad24a5ae5b6e1eed2b848477fa2a4787ba9adf39a41?s=96&d=mm&r=g","url":"https:\/\/secure.gravatar.com\/avatar\/c7164ed6fdec453195284ad24a5ae5b6e1eed2b848477fa2a4787ba9adf39a41?s=96&d=mm&r=g","contentUrl":"https:\/\/secure.gravatar.com\/avatar\/c7164ed6fdec453195284ad24a5ae5b6e1eed2b848477fa2a4787ba9adf39a41?s=96&d=mm&r=g","caption":"Redacci\u00f3n QP"},"url":"https:\/\/quehacerpolitico.mx\/?author=2"}]}},"featured_image_urls":{"full":["https:\/\/quehacerpolitico.mx\/wp-content\/uploads\/2023\/04\/IMG_7075.jpeg",640,360,false],"thumbnail":["https:\/\/quehacerpolitico.mx\/wp-content\/uploads\/2023\/04\/IMG_7075-150x150.jpeg",150,150,true],"medium":["https:\/\/quehacerpolitico.mx\/wp-content\/uploads\/2023\/04\/IMG_7075-300x169.jpeg",300,169,true],"medium_large":["https:\/\/quehacerpolitico.mx\/wp-content\/uploads\/2023\/04\/IMG_7075.jpeg",640,360,false],"large":["https:\/\/quehacerpolitico.mx\/wp-content\/uploads\/2023\/04\/IMG_7075.jpeg",640,360,false],"1536x1536":["https:\/\/quehacerpolitico.mx\/wp-content\/uploads\/2023\/04\/IMG_7075.jpeg",640,360,false],"2048x2048":["https:\/\/quehacerpolitico.mx\/wp-content\/uploads\/2023\/04\/IMG_7075.jpeg",640,360,false],"covernews-featured":["https:\/\/quehacerpolitico.mx\/wp-content\/uploads\/2023\/04\/IMG_7075.jpeg",640,360,false],"covernews-medium":["https:\/\/quehacerpolitico.mx\/wp-content\/uploads\/2023\/04\/IMG_7075.jpeg",540,304,false]},"author_info":{"display_name":"Redacci\u00f3n QP","author_link":"https:\/\/quehacerpolitico.mx\/?author=2"},"category_info":"<a href=\"https:\/\/quehacerpolitico.mx\/?cat=2\" rel=\"category\">Noticias<\/a>","tag_info":"Noticias","comment_count":"0","_links":{"self":[{"href":"https:\/\/quehacerpolitico.mx\/index.php?rest_route=\/wp\/v2\/posts\/100023","targetHints":{"allow":["GET"]}}],"collection":[{"href":"https:\/\/quehacerpolitico.mx\/index.php?rest_route=\/wp\/v2\/posts"}],"about":[{"href":"https:\/\/quehacerpolitico.mx\/index.php?rest_route=\/wp\/v2\/types\/post"}],"author":[{"embeddable":true,"href":"https:\/\/quehacerpolitico.mx\/index.php?rest_route=\/wp\/v2\/users\/2"}],"replies":[{"embeddable":true,"href":"https:\/\/quehacerpolitico.mx\/index.php?rest_route=%2Fwp%2Fv2%2Fcomments&post=100023"}],"version-history":[{"count":1,"href":"https:\/\/quehacerpolitico.mx\/index.php?rest_route=\/wp\/v2\/posts\/100023\/revisions"}],"predecessor-version":[{"id":100029,"href":"https:\/\/quehacerpolitico.mx\/index.php?rest_route=\/wp\/v2\/posts\/100023\/revisions\/100029"}],"wp:featuredmedia":[{"embeddable":true,"href":"https:\/\/quehacerpolitico.mx\/index.php?rest_route=\/wp\/v2\/media\/100024"}],"wp:attachment":[{"href":"https:\/\/quehacerpolitico.mx\/index.php?rest_route=%2Fwp%2Fv2%2Fmedia&parent=100023"}],"wp:term":[{"taxonomy":"category","embeddable":true,"href":"https:\/\/quehacerpolitico.mx\/index.php?rest_route=%2Fwp%2Fv2%2Fcategories&post=100023"},{"taxonomy":"post_tag","embeddable":true,"href":"https:\/\/quehacerpolitico.mx\/index.php?rest_route=%2Fwp%2Fv2%2Ftags&post=100023"}],"curies":[{"name":"wp","href":"https:\/\/api.w.org\/{rel}","templated":true}]}}