{"id":100011,"date":"2023-04-14T01:41:42","date_gmt":"2023-04-14T01:41:42","guid":{"rendered":"https:\/\/quehacerpolitico.mx\/?p=100011"},"modified":"2023-04-14T01:41:46","modified_gmt":"2023-04-14T01:41:46","slug":"nuestra-formacion-como-juzgadoras-y-juzgadores-nunca-termina-se-caracteriza-por-su-constante-evolucion-ministra-norma-lucia-pina-hernandez","status":"publish","type":"post","link":"https:\/\/quehacerpolitico.mx\/?p=100011","title":{"rendered":"NUESTRA FORMACI\u00d3N COMO JUZGADORAS Y JUZGADORES NUNCA TERMINA, SE CARACTERIZA POR SU CONSTANTE EVOLUCI\u00d3N: MINISTRA NORMA LUC\u00cdA PI\u00d1A HERN\u00c1NDEZ"},"content":{"rendered":"\n<p>Por Redacci\u00f3n QP<\/p>\n\n\n\n<ul class=\"wp-block-list\">\n<li><em>La ministra Pi\u00f1a Hern\u00e1ndez se dirigi\u00f3 a las nuevas generaciones de secretarias y secretarios del PJF<u><\/u><u><\/u><\/em><\/li>\n\n\n\n<li><em>Los cuestionamientos a nuestra labor lejos de desanimarnos, debe ser una invitaci\u00f3n a realizar nuestra labor con honestidad, se\u00f1al\u00f3.&nbsp;<\/em><\/li>\n<\/ul>\n\n\n\n<p>Tenemos que estar dispuestos a volver a estudiar lo que ya sab\u00edamos para cumplir con nuestro deber de atender las demandas de la sociedad, se\u00f1al\u00f3 la ministra Norma Luc\u00eda Pi\u00f1a Hern\u00e1ndez, presidenta del Poder Judicial de la Federaci\u00f3n (PJF) \u201cestoy convencida de que nuestra formaci\u00f3n como juzgadoras y juzgadores nunca termina, nunca deber\u00eda terminar, ternemos una profesi\u00f3n que se caracteriza por su constante evoluci\u00f3n\u201d.<\/p>\n\n\n\n<figure class=\"wp-block-image size-large\"><img loading=\"lazy\" decoding=\"async\" width=\"768\" height=\"1024\" src=\"https:\/\/quehacerpolitico.mx\/wp-content\/uploads\/2023\/04\/image-29-768x1024.jpeg\" alt=\"\" class=\"wp-image-100014\" srcset=\"https:\/\/quehacerpolitico.mx\/wp-content\/uploads\/2023\/04\/image-29-768x1024.jpeg 768w, https:\/\/quehacerpolitico.mx\/wp-content\/uploads\/2023\/04\/image-29-225x300.jpeg 225w, https:\/\/quehacerpolitico.mx\/wp-content\/uploads\/2023\/04\/image-29-1152x1536.jpeg 1152w, https:\/\/quehacerpolitico.mx\/wp-content\/uploads\/2023\/04\/image-29-110x146.jpeg 110w, https:\/\/quehacerpolitico.mx\/wp-content\/uploads\/2023\/04\/image-29-38x50.jpeg 38w, https:\/\/quehacerpolitico.mx\/wp-content\/uploads\/2023\/04\/image-29-56x75.jpeg 56w, https:\/\/quehacerpolitico.mx\/wp-content\/uploads\/2023\/04\/image-29.jpeg 1536w\" sizes=\"auto, (max-width: 768px) 100vw, 768px\" \/><\/figure>\n\n\n\n<p>En su mensaje inaugural de un ciclo de conferencias organizado por el Colegio\u00a0de j\u00f3venes estudiantes de Derecho y nuevos profesionistas de la Suprema Corte de Justicia de la Naci\u00f3n (SCJN), la ministra Pi\u00f1a Hern\u00e1ndez se dirigi\u00f3 a las nuevas generaciones de secretarias y secretarios del PJF \u201ces parte de uno de mis mayores compromisos en la vida: el de acompa\u00f1ar en su formaci\u00f3n y profesionalizaci\u00f3n a nuestro relevo generacional\u201d.<\/p>\n\n\n\n<figure class=\"wp-block-image size-large\"><img loading=\"lazy\" decoding=\"async\" width=\"1024\" height=\"683\" src=\"https:\/\/quehacerpolitico.mx\/wp-content\/uploads\/2023\/04\/image-27-1024x683.jpeg\" alt=\"\" class=\"wp-image-100012\" srcset=\"https:\/\/quehacerpolitico.mx\/wp-content\/uploads\/2023\/04\/image-27-1024x683.jpeg 1024w, https:\/\/quehacerpolitico.mx\/wp-content\/uploads\/2023\/04\/image-27-300x200.jpeg 300w, https:\/\/quehacerpolitico.mx\/wp-content\/uploads\/2023\/04\/image-27-768x512.jpeg 768w, https:\/\/quehacerpolitico.mx\/wp-content\/uploads\/2023\/04\/image-27-1536x1025.jpeg 1536w, https:\/\/quehacerpolitico.mx\/wp-content\/uploads\/2023\/04\/image-27-219x146.jpeg 219w, https:\/\/quehacerpolitico.mx\/wp-content\/uploads\/2023\/04\/image-27-50x33.jpeg 50w, https:\/\/quehacerpolitico.mx\/wp-content\/uploads\/2023\/04\/image-27-112x75.jpeg 112w, https:\/\/quehacerpolitico.mx\/wp-content\/uploads\/2023\/04\/image-27.jpeg 2048w\" sizes=\"auto, (max-width: 1024px) 100vw, 1024px\" \/><\/figure>\n\n\n\n<p>La Ministra Presidenta asegur\u00f3 que, como personas juzgadoras federales, la funci\u00f3n debe ser resolver los conflictos de nuestra sociedad, apegados a las razones del derecho, al margen de la popularidad de sus decisiones \u201cnuestro compromiso con el Poder Judicial debe ir m\u00e1s all\u00e1 de ese tipo de reconocimientos, nuestro compromiso es lo que nos sostiene ante las cr\u00edticas\u201d.<\/p>\n\n\n\n<figure class=\"wp-block-embed is-type-video is-provider-youtube wp-block-embed-youtube wp-embed-aspect-16-9 wp-has-aspect-ratio\"><div class=\"wp-block-embed__wrapper\">\n<iframe loading=\"lazy\" title=\"#ENDIRECTO | Inauguraci\u00f3n de la Conferencia Desaf\u00edos pendientes de igualdad de g\u00e9nero\" width=\"640\" height=\"360\" src=\"https:\/\/www.youtube.com\/embed\/v70nTECFuM4?feature=oembed\" frameborder=\"0\" allow=\"accelerometer; autoplay; clipboard-write; encrypted-media; gyroscope; picture-in-picture; web-share\" referrerpolicy=\"strict-origin-when-cross-origin\" allowfullscreen><\/iframe>\n<\/div><\/figure>\n\n\n\n<p>En su oportunidad, Minerva Paredes Hern\u00e1ndez, presidenta del Colegio, hizo un llamado a practicar la igualdad entre todas y todos en un pa\u00eds catalogado como de los m\u00e1s violentos del mundo. \u201cNuestro compromiso como tribunal garante de derechos fundamentales reposa en la actividad jurisdiccional y administrativa reflejado en sus sentencias y precedentes, deviniendo con perspectiva de g\u00e9nero, sin miedo, sin fobias, sin estigmas, sin estereotipos\u201d.<\/p>\n\n\n\n<p>En el inicio de actividades, la doctora Francisca Pou Gim\u00e9nez, Investigadora del Instituto de Investigaciones Jur\u00eddicas de la UNAM, imparti\u00f3 la conferencia\u00a0<em>Desaf\u00edos pendientes de Igualdad de G\u00e9nero<\/em>. Se\u00f1al\u00f3 que siempre que se habla de M\u00e9xico, se habla de sistema Interamericano de derechos y es donde el PJF tiene el mayor desaf\u00edo \u201cel de pasar de los sistemas normativos y regulativos, al redise\u00f1o de las estructuras y palancas de cambio, que tristemente es lo que necesitamos\u201d.<\/p>\n\n\n\n<figure class=\"wp-block-image size-large\"><img loading=\"lazy\" decoding=\"async\" width=\"1024\" height=\"695\" src=\"https:\/\/quehacerpolitico.mx\/wp-content\/uploads\/2023\/04\/image-28-1024x695.jpeg\" alt=\"\" class=\"wp-image-100013\" srcset=\"https:\/\/quehacerpolitico.mx\/wp-content\/uploads\/2023\/04\/image-28-1024x695.jpeg 1024w, https:\/\/quehacerpolitico.mx\/wp-content\/uploads\/2023\/04\/image-28-300x203.jpeg 300w, https:\/\/quehacerpolitico.mx\/wp-content\/uploads\/2023\/04\/image-28-768x521.jpeg 768w, https:\/\/quehacerpolitico.mx\/wp-content\/uploads\/2023\/04\/image-28-1536x1042.jpeg 1536w, https:\/\/quehacerpolitico.mx\/wp-content\/uploads\/2023\/04\/image-28-215x146.jpeg 215w, https:\/\/quehacerpolitico.mx\/wp-content\/uploads\/2023\/04\/image-28-50x34.jpeg 50w, https:\/\/quehacerpolitico.mx\/wp-content\/uploads\/2023\/04\/image-28-111x75.jpeg 111w, https:\/\/quehacerpolitico.mx\/wp-content\/uploads\/2023\/04\/image-28.jpeg 2048w\" sizes=\"auto, (max-width: 1024px) 100vw, 1024px\" \/><\/figure>\n\n\n\n<p>El inicio de este ciclo de conferencias se llev\u00f3 a cabo en el edificio sede del m\u00e1ximo tribunal en el que asistieron cerca de cien personas, y transmitido en l\u00ednea en las redes sociales del Colegio y de la Suprema Corte.<\/p>\n","protected":false},"excerpt":{"rendered":"<p>Por Redacci\u00f3n QP Tenemos que estar dispuestos a volver a estudiar lo que ya sab\u00edamos&#8230;<\/p>\n","protected":false},"author":2,"featured_media":100015,"comment_status":"open","ping_status":"open","sticky":false,"template":"","format":"standard","meta":{"_monsterinsights_skip_tracking":false,"_monsterinsights_sitenote_active":false,"_monsterinsights_sitenote_note":"","_monsterinsights_sitenote_category":0,"footnotes":""},"categories":[2],"tags":[],"class_list":["post-100011","post","type-post","status-publish","format-standard","has-post-thumbnail","hentry","category-noticias"],"yoast_head":"<!-- This site is optimized with the Yoast SEO plugin v27.3 - https:\/\/yoast.com\/product\/yoast-seo-wordpress\/ -->\n<title>NUESTRA FORMACI\u00d3N COMO JUZGADORAS Y JUZGADORES NUNCA TERMINA, SE CARACTERIZA POR SU CONSTANTE EVOLUCI\u00d3N: MINISTRA NORMA LUC\u00cdA PI\u00d1A HERN\u00c1NDEZ -<\/title>\n<meta name=\"robots\" content=\"index, follow, max-snippet:-1, max-image-preview:large, max-video-preview:-1\" \/>\n<link rel=\"canonical\" href=\"https:\/\/quehacerpolitico.mx\/?p=100011\" \/>\n<meta property=\"og:locale\" content=\"es_MX\" \/>\n<meta property=\"og:type\" content=\"article\" \/>\n<meta property=\"og:title\" content=\"NUESTRA FORMACI\u00d3N COMO JUZGADORAS Y JUZGADORES NUNCA TERMINA, SE CARACTERIZA POR SU CONSTANTE EVOLUCI\u00d3N: MINISTRA NORMA LUC\u00cdA PI\u00d1A HERN\u00c1NDEZ -\" \/>\n<meta property=\"og:description\" content=\"Por Redacci\u00f3n QP Tenemos que estar dispuestos a volver a estudiar lo que ya sab\u00edamos...\" \/>\n<meta property=\"og:url\" content=\"https:\/\/quehacerpolitico.mx\/?p=100011\" \/>\n<meta property=\"article:published_time\" content=\"2023-04-14T01:41:42+00:00\" \/>\n<meta property=\"article:modified_time\" content=\"2023-04-14T01:41:46+00:00\" \/>\n<meta property=\"og:image\" content=\"https:\/\/quehacerpolitico.mx\/wp-content\/uploads\/2023\/04\/IMG_7069.jpeg\" \/>\n\t<meta property=\"og:image:width\" content=\"2048\" \/>\n\t<meta property=\"og:image:height\" content=\"1461\" \/>\n\t<meta property=\"og:image:type\" content=\"image\/jpeg\" \/>\n<meta name=\"author\" content=\"Redacci\u00f3n QP\" \/>\n<meta name=\"twitter:card\" content=\"summary_large_image\" \/>\n<meta name=\"twitter:label1\" content=\"Escrito por\" \/>\n\t<meta name=\"twitter:data1\" content=\"Redacci\u00f3n QP\" \/>\n\t<meta name=\"twitter:label2\" content=\"Tiempo de lectura\" \/>\n\t<meta name=\"twitter:data2\" content=\"2 minutos\" \/>\n<script type=\"application\/ld+json\" class=\"yoast-schema-graph\">{\"@context\":\"https:\\\/\\\/schema.org\",\"@graph\":[{\"@type\":\"Article\",\"@id\":\"https:\\\/\\\/quehacerpolitico.mx\\\/?p=100011#article\",\"isPartOf\":{\"@id\":\"https:\\\/\\\/quehacerpolitico.mx\\\/?p=100011\"},\"author\":{\"name\":\"Redacci\u00f3n QP\",\"@id\":\"https:\\\/\\\/quehacerpolitico.mx\\\/#\\\/schema\\\/person\\\/496d8ad2d1d3f8036101dca7ee39e585\"},\"headline\":\"NUESTRA FORMACI\u00d3N COMO JUZGADORAS Y JUZGADORES NUNCA TERMINA, SE CARACTERIZA POR SU CONSTANTE EVOLUCI\u00d3N: MINISTRA NORMA LUC\u00cdA PI\u00d1A HERN\u00c1NDEZ\",\"datePublished\":\"2023-04-14T01:41:42+00:00\",\"dateModified\":\"2023-04-14T01:41:46+00:00\",\"mainEntityOfPage\":{\"@id\":\"https:\\\/\\\/quehacerpolitico.mx\\\/?p=100011\"},\"wordCount\":485,\"commentCount\":0,\"image\":{\"@id\":\"https:\\\/\\\/quehacerpolitico.mx\\\/?p=100011#primaryimage\"},\"thumbnailUrl\":\"https:\\\/\\\/quehacerpolitico.mx\\\/wp-content\\\/uploads\\\/2023\\\/04\\\/IMG_7069.jpeg\",\"articleSection\":[\"Noticias\"],\"inLanguage\":\"es\",\"potentialAction\":[{\"@type\":\"CommentAction\",\"name\":\"Comment\",\"target\":[\"https:\\\/\\\/quehacerpolitico.mx\\\/?p=100011#respond\"]}]},{\"@type\":\"WebPage\",\"@id\":\"https:\\\/\\\/quehacerpolitico.mx\\\/?p=100011\",\"url\":\"https:\\\/\\\/quehacerpolitico.mx\\\/?p=100011\",\"name\":\"NUESTRA FORMACI\u00d3N COMO JUZGADORAS Y JUZGADORES NUNCA TERMINA, SE CARACTERIZA POR SU CONSTANTE EVOLUCI\u00d3N: MINISTRA NORMA LUC\u00cdA PI\u00d1A HERN\u00c1NDEZ -\",\"isPartOf\":{\"@id\":\"https:\\\/\\\/quehacerpolitico.mx\\\/#website\"},\"primaryImageOfPage\":{\"@id\":\"https:\\\/\\\/quehacerpolitico.mx\\\/?p=100011#primaryimage\"},\"image\":{\"@id\":\"https:\\\/\\\/quehacerpolitico.mx\\\/?p=100011#primaryimage\"},\"thumbnailUrl\":\"https:\\\/\\\/quehacerpolitico.mx\\\/wp-content\\\/uploads\\\/2023\\\/04\\\/IMG_7069.jpeg\",\"datePublished\":\"2023-04-14T01:41:42+00:00\",\"dateModified\":\"2023-04-14T01:41:46+00:00\",\"author\":{\"@id\":\"https:\\\/\\\/quehacerpolitico.mx\\\/#\\\/schema\\\/person\\\/496d8ad2d1d3f8036101dca7ee39e585\"},\"breadcrumb\":{\"@id\":\"https:\\\/\\\/quehacerpolitico.mx\\\/?p=100011#breadcrumb\"},\"inLanguage\":\"es\",\"potentialAction\":[{\"@type\":\"ReadAction\",\"target\":[\"https:\\\/\\\/quehacerpolitico.mx\\\/?p=100011\"]}]},{\"@type\":\"ImageObject\",\"inLanguage\":\"es\",\"@id\":\"https:\\\/\\\/quehacerpolitico.mx\\\/?p=100011#primaryimage\",\"url\":\"https:\\\/\\\/quehacerpolitico.mx\\\/wp-content\\\/uploads\\\/2023\\\/04\\\/IMG_7069.jpeg\",\"contentUrl\":\"https:\\\/\\\/quehacerpolitico.mx\\\/wp-content\\\/uploads\\\/2023\\\/04\\\/IMG_7069.jpeg\",\"width\":2048,\"height\":1461},{\"@type\":\"BreadcrumbList\",\"@id\":\"https:\\\/\\\/quehacerpolitico.mx\\\/?p=100011#breadcrumb\",\"itemListElement\":[{\"@type\":\"ListItem\",\"position\":1,\"name\":\"Inicio\",\"item\":\"https:\\\/\\\/quehacerpolitico.mx\\\/\"},{\"@type\":\"ListItem\",\"position\":2,\"name\":\"NUESTRA FORMACI\u00d3N COMO JUZGADORAS Y JUZGADORES NUNCA TERMINA, SE CARACTERIZA POR SU CONSTANTE EVOLUCI\u00d3N: MINISTRA NORMA LUC\u00cdA PI\u00d1A HERN\u00c1NDEZ\"}]},{\"@type\":\"WebSite\",\"@id\":\"https:\\\/\\\/quehacerpolitico.mx\\\/#website\",\"url\":\"https:\\\/\\\/quehacerpolitico.mx\\\/\",\"name\":\"\",\"description\":\"\",\"potentialAction\":[{\"@type\":\"SearchAction\",\"target\":{\"@type\":\"EntryPoint\",\"urlTemplate\":\"https:\\\/\\\/quehacerpolitico.mx\\\/?s={search_term_string}\"},\"query-input\":{\"@type\":\"PropertyValueSpecification\",\"valueRequired\":true,\"valueName\":\"search_term_string\"}}],\"inLanguage\":\"es\"},{\"@type\":\"Person\",\"@id\":\"https:\\\/\\\/quehacerpolitico.mx\\\/#\\\/schema\\\/person\\\/496d8ad2d1d3f8036101dca7ee39e585\",\"name\":\"Redacci\u00f3n QP\",\"image\":{\"@type\":\"ImageObject\",\"inLanguage\":\"es\",\"@id\":\"https:\\\/\\\/secure.gravatar.com\\\/avatar\\\/c7164ed6fdec453195284ad24a5ae5b6e1eed2b848477fa2a4787ba9adf39a41?s=96&d=mm&r=g\",\"url\":\"https:\\\/\\\/secure.gravatar.com\\\/avatar\\\/c7164ed6fdec453195284ad24a5ae5b6e1eed2b848477fa2a4787ba9adf39a41?s=96&d=mm&r=g\",\"contentUrl\":\"https:\\\/\\\/secure.gravatar.com\\\/avatar\\\/c7164ed6fdec453195284ad24a5ae5b6e1eed2b848477fa2a4787ba9adf39a41?s=96&d=mm&r=g\",\"caption\":\"Redacci\u00f3n QP\"},\"url\":\"https:\\\/\\\/quehacerpolitico.mx\\\/?author=2\"}]}<\/script>\n<!-- \/ Yoast SEO plugin. -->","yoast_head_json":{"title":"NUESTRA FORMACI\u00d3N COMO JUZGADORAS Y JUZGADORES NUNCA TERMINA, SE CARACTERIZA POR SU CONSTANTE EVOLUCI\u00d3N: MINISTRA NORMA LUC\u00cdA PI\u00d1A HERN\u00c1NDEZ -","robots":{"index":"index","follow":"follow","max-snippet":"max-snippet:-1","max-image-preview":"max-image-preview:large","max-video-preview":"max-video-preview:-1"},"canonical":"https:\/\/quehacerpolitico.mx\/?p=100011","og_locale":"es_MX","og_type":"article","og_title":"NUESTRA FORMACI\u00d3N COMO JUZGADORAS Y JUZGADORES NUNCA TERMINA, SE CARACTERIZA POR SU CONSTANTE EVOLUCI\u00d3N: MINISTRA NORMA LUC\u00cdA PI\u00d1A HERN\u00c1NDEZ -","og_description":"Por Redacci\u00f3n QP Tenemos que estar dispuestos a volver a estudiar lo que ya sab\u00edamos...","og_url":"https:\/\/quehacerpolitico.mx\/?p=100011","article_published_time":"2023-04-14T01:41:42+00:00","article_modified_time":"2023-04-14T01:41:46+00:00","og_image":[{"width":2048,"height":1461,"url":"https:\/\/quehacerpolitico.mx\/wp-content\/uploads\/2023\/04\/IMG_7069.jpeg","type":"image\/jpeg"}],"author":"Redacci\u00f3n QP","twitter_card":"summary_large_image","twitter_misc":{"Escrito por":"Redacci\u00f3n QP","Tiempo de lectura":"2 minutos"},"schema":{"@context":"https:\/\/schema.org","@graph":[{"@type":"Article","@id":"https:\/\/quehacerpolitico.mx\/?p=100011#article","isPartOf":{"@id":"https:\/\/quehacerpolitico.mx\/?p=100011"},"author":{"name":"Redacci\u00f3n QP","@id":"https:\/\/quehacerpolitico.mx\/#\/schema\/person\/496d8ad2d1d3f8036101dca7ee39e585"},"headline":"NUESTRA FORMACI\u00d3N COMO JUZGADORAS Y JUZGADORES NUNCA TERMINA, SE CARACTERIZA POR SU CONSTANTE EVOLUCI\u00d3N: MINISTRA NORMA LUC\u00cdA PI\u00d1A HERN\u00c1NDEZ","datePublished":"2023-04-14T01:41:42+00:00","dateModified":"2023-04-14T01:41:46+00:00","mainEntityOfPage":{"@id":"https:\/\/quehacerpolitico.mx\/?p=100011"},"wordCount":485,"commentCount":0,"image":{"@id":"https:\/\/quehacerpolitico.mx\/?p=100011#primaryimage"},"thumbnailUrl":"https:\/\/quehacerpolitico.mx\/wp-content\/uploads\/2023\/04\/IMG_7069.jpeg","articleSection":["Noticias"],"inLanguage":"es","potentialAction":[{"@type":"CommentAction","name":"Comment","target":["https:\/\/quehacerpolitico.mx\/?p=100011#respond"]}]},{"@type":"WebPage","@id":"https:\/\/quehacerpolitico.mx\/?p=100011","url":"https:\/\/quehacerpolitico.mx\/?p=100011","name":"NUESTRA FORMACI\u00d3N COMO JUZGADORAS Y JUZGADORES NUNCA TERMINA, SE CARACTERIZA POR SU CONSTANTE EVOLUCI\u00d3N: MINISTRA NORMA LUC\u00cdA PI\u00d1A HERN\u00c1NDEZ -","isPartOf":{"@id":"https:\/\/quehacerpolitico.mx\/#website"},"primaryImageOfPage":{"@id":"https:\/\/quehacerpolitico.mx\/?p=100011#primaryimage"},"image":{"@id":"https:\/\/quehacerpolitico.mx\/?p=100011#primaryimage"},"thumbnailUrl":"https:\/\/quehacerpolitico.mx\/wp-content\/uploads\/2023\/04\/IMG_7069.jpeg","datePublished":"2023-04-14T01:41:42+00:00","dateModified":"2023-04-14T01:41:46+00:00","author":{"@id":"https:\/\/quehacerpolitico.mx\/#\/schema\/person\/496d8ad2d1d3f8036101dca7ee39e585"},"breadcrumb":{"@id":"https:\/\/quehacerpolitico.mx\/?p=100011#breadcrumb"},"inLanguage":"es","potentialAction":[{"@type":"ReadAction","target":["https:\/\/quehacerpolitico.mx\/?p=100011"]}]},{"@type":"ImageObject","inLanguage":"es","@id":"https:\/\/quehacerpolitico.mx\/?p=100011#primaryimage","url":"https:\/\/quehacerpolitico.mx\/wp-content\/uploads\/2023\/04\/IMG_7069.jpeg","contentUrl":"https:\/\/quehacerpolitico.mx\/wp-content\/uploads\/2023\/04\/IMG_7069.jpeg","width":2048,"height":1461},{"@type":"BreadcrumbList","@id":"https:\/\/quehacerpolitico.mx\/?p=100011#breadcrumb","itemListElement":[{"@type":"ListItem","position":1,"name":"Inicio","item":"https:\/\/quehacerpolitico.mx\/"},{"@type":"ListItem","position":2,"name":"NUESTRA FORMACI\u00d3N COMO JUZGADORAS Y JUZGADORES NUNCA TERMINA, SE CARACTERIZA POR SU CONSTANTE EVOLUCI\u00d3N: MINISTRA NORMA LUC\u00cdA PI\u00d1A HERN\u00c1NDEZ"}]},{"@type":"WebSite","@id":"https:\/\/quehacerpolitico.mx\/#website","url":"https:\/\/quehacerpolitico.mx\/","name":"","description":"","potentialAction":[{"@type":"SearchAction","target":{"@type":"EntryPoint","urlTemplate":"https:\/\/quehacerpolitico.mx\/?s={search_term_string}"},"query-input":{"@type":"PropertyValueSpecification","valueRequired":true,"valueName":"search_term_string"}}],"inLanguage":"es"},{"@type":"Person","@id":"https:\/\/quehacerpolitico.mx\/#\/schema\/person\/496d8ad2d1d3f8036101dca7ee39e585","name":"Redacci\u00f3n QP","image":{"@type":"ImageObject","inLanguage":"es","@id":"https:\/\/secure.gravatar.com\/avatar\/c7164ed6fdec453195284ad24a5ae5b6e1eed2b848477fa2a4787ba9adf39a41?s=96&d=mm&r=g","url":"https:\/\/secure.gravatar.com\/avatar\/c7164ed6fdec453195284ad24a5ae5b6e1eed2b848477fa2a4787ba9adf39a41?s=96&d=mm&r=g","contentUrl":"https:\/\/secure.gravatar.com\/avatar\/c7164ed6fdec453195284ad24a5ae5b6e1eed2b848477fa2a4787ba9adf39a41?s=96&d=mm&r=g","caption":"Redacci\u00f3n QP"},"url":"https:\/\/quehacerpolitico.mx\/?author=2"}]}},"featured_image_urls":{"full":["https:\/\/quehacerpolitico.mx\/wp-content\/uploads\/2023\/04\/IMG_7069.jpeg",2048,1461,false],"thumbnail":["https:\/\/quehacerpolitico.mx\/wp-content\/uploads\/2023\/04\/IMG_7069-150x150.jpeg",150,150,true],"medium":["https:\/\/quehacerpolitico.mx\/wp-content\/uploads\/2023\/04\/IMG_7069-300x214.jpeg",300,214,true],"medium_large":["https:\/\/quehacerpolitico.mx\/wp-content\/uploads\/2023\/04\/IMG_7069-768x548.jpeg",640,457,true],"large":["https:\/\/quehacerpolitico.mx\/wp-content\/uploads\/2023\/04\/IMG_7069-1024x731.jpeg",640,457,true],"1536x1536":["https:\/\/quehacerpolitico.mx\/wp-content\/uploads\/2023\/04\/IMG_7069-1536x1096.jpeg",1536,1096,true],"2048x2048":["https:\/\/quehacerpolitico.mx\/wp-content\/uploads\/2023\/04\/IMG_7069.jpeg",2048,1461,false],"covernews-featured":["https:\/\/quehacerpolitico.mx\/wp-content\/uploads\/2023\/04\/IMG_7069.jpeg",1024,731,false],"covernews-medium":["https:\/\/quehacerpolitico.mx\/wp-content\/uploads\/2023\/04\/IMG_7069.jpeg",477,340,false]},"author_info":{"display_name":"Redacci\u00f3n QP","author_link":"https:\/\/quehacerpolitico.mx\/?author=2"},"category_info":"<a href=\"https:\/\/quehacerpolitico.mx\/?cat=2\" rel=\"category\">Noticias<\/a>","tag_info":"Noticias","comment_count":"0","_links":{"self":[{"href":"https:\/\/quehacerpolitico.mx\/index.php?rest_route=\/wp\/v2\/posts\/100011","targetHints":{"allow":["GET"]}}],"collection":[{"href":"https:\/\/quehacerpolitico.mx\/index.php?rest_route=\/wp\/v2\/posts"}],"about":[{"href":"https:\/\/quehacerpolitico.mx\/index.php?rest_route=\/wp\/v2\/types\/post"}],"author":[{"embeddable":true,"href":"https:\/\/quehacerpolitico.mx\/index.php?rest_route=\/wp\/v2\/users\/2"}],"replies":[{"embeddable":true,"href":"https:\/\/quehacerpolitico.mx\/index.php?rest_route=%2Fwp%2Fv2%2Fcomments&post=100011"}],"version-history":[{"count":1,"href":"https:\/\/quehacerpolitico.mx\/index.php?rest_route=\/wp\/v2\/posts\/100011\/revisions"}],"predecessor-version":[{"id":100016,"href":"https:\/\/quehacerpolitico.mx\/index.php?rest_route=\/wp\/v2\/posts\/100011\/revisions\/100016"}],"wp:featuredmedia":[{"embeddable":true,"href":"https:\/\/quehacerpolitico.mx\/index.php?rest_route=\/wp\/v2\/media\/100015"}],"wp:attachment":[{"href":"https:\/\/quehacerpolitico.mx\/index.php?rest_route=%2Fwp%2Fv2%2Fmedia&parent=100011"}],"wp:term":[{"taxonomy":"category","embeddable":true,"href":"https:\/\/quehacerpolitico.mx\/index.php?rest_route=%2Fwp%2Fv2%2Fcategories&post=100011"},{"taxonomy":"post_tag","embeddable":true,"href":"https:\/\/quehacerpolitico.mx\/index.php?rest_route=%2Fwp%2Fv2%2Ftags&post=100011"}],"curies":[{"name":"wp","href":"https:\/\/api.w.org\/{rel}","templated":true}]}}