{"id":100008,"date":"2023-04-13T17:43:08","date_gmt":"2023-04-13T17:43:08","guid":{"rendered":"https:\/\/quehacerpolitico.mx\/?p=100008"},"modified":"2023-04-13T17:43:11","modified_gmt":"2023-04-13T17:43:11","slug":"lopez-obrador-celebra-belisario-dominguez-para-poniatowska-pero-no-asistira-al-senado","status":"publish","type":"post","link":"https:\/\/quehacerpolitico.mx\/?p=100008","title":{"rendered":"L\u00f3pez Obrador celebra Belisario Dom\u00ednguez para Poniatowska&#8230; pero no asistir\u00e1 al Senado"},"content":{"rendered":"\n<p>Por Redacci\u00f3n QP<\/p>\n\n\n\n<p>Obrador asegur\u00f3 que sus opositores &#8220;montan muchos espect\u00e1culos y hay muchas agresiones&#8221; y para buscar tener fama, afirm\u00f3, podr\u00eda faltarle el respeto &#8220;y humillarme&#8221;<\/p>\n\n\n\n<p>El Presidente\u00a0<strong>Andres Manuel Lopez Obrador descart\u00f3 asistir a la ceremonia de condecoraci\u00f3n de la Medalla Belisario Dom\u00ednguez<\/strong>\u00a0a la escritora y periodista Elena Poniatowska en el Senado, pues asegur\u00f3 que s<strong>us opositores &#8220;montan muchos espect\u00e1culos y hay muchas agresiones&#8221;<\/strong>\u00a0y para buscar tener fama, afirm\u00f3, podr\u00eda faltarle el respeto &#8220;y humillarme&#8221;.<\/p>\n\n\n\n<figure class=\"wp-block-embed is-type-video is-provider-youtube wp-block-embed-youtube wp-embed-aspect-16-9 wp-has-aspect-ratio\"><div class=\"wp-block-embed__wrapper\">\n<iframe loading=\"lazy\" title=\"No voy al Senado, podr\u00edan humillarme, dice AMLO\" width=\"640\" height=\"360\" src=\"https:\/\/www.youtube.com\/embed\/QfZsJt-BWN4?feature=oembed\" frameborder=\"0\" allow=\"accelerometer; autoplay; clipboard-write; encrypted-media; gyroscope; picture-in-picture; web-share\" referrerpolicy=\"strict-origin-when-cross-origin\" allowfullscreen><\/iframe>\n<\/div><\/figure>\n\n\n\n<p>&#8220;Muy bien, muy bien. Elenita es excepcional,&#8221; dijo en su conferencia ma\u00f1anera de este jueves en Palacio Nacional sobre la condecoraci\u00f3n a la autora de &#8220;La noche de Tlatelolco&#8221;.<\/p>\n\n\n\n<p>&#8220;\u00bfVa a ir a la entrega?&#8221;, se le pregunt\u00f3. &#8220;No creo, porque ya no voy a esos actos p<strong>orque hay muchas agresiones.<\/strong>\u00a0Est\u00e1n, hablamos de que est\u00e1n muy enojados nuestros adversarios, entonces montan espect\u00e1culos y\u00a0<strong>tengo que cuidar la investidura presidencial<\/strong>, porque para tener fama pueden faltarme al respeto, humillarme.<\/p>\n\n\n\n<p>&#8220;Tengo que\u00a0<strong>cuidar la autoridad porque eso les dar\u00eda gusto a los adversarios<\/strong>, potentados, a los corruptos, a los que quieren vernos como colonia, y no aceptan de que somos un pa\u00eds independiente y soberano. Entonces hay que cuidarse y hay que cuidar la investidura presidencial,\u00a0<strong>pero s\u00ed me da mucho gusto que se le haya entregado la Medalla Belisario Dom\u00ednguez a Elenita<\/strong>&#8220;, dijo.<\/p>\n\n\n\n<figure class=\"wp-block-embed is-type-rich is-provider-twitter wp-block-embed-twitter\"><div class=\"wp-block-embed__wrapper\">\n<blockquote class=\"twitter-tweet\" data-width=\"550\" data-dnt=\"true\"><p lang=\"es\" dir=\"ltr\">&quot;Entregarle la medalla a una mujer consecuente es todo un acontecimiento, porque se la han entregado a gente que no la merec\u00eda&quot;, coment\u00f3 el presidente <a href=\"https:\/\/twitter.com\/lopezobrador_?ref_src=twsrc%5Etfw\">@lopezobrador_<\/a> sobre la entrega de la medalla Belisario Dom\u00ednguez a Elena Poniatowska. <a href=\"https:\/\/t.co\/5h2CBTkXcN\">pic.twitter.com\/5h2CBTkXcN<\/a><\/p>&mdash; Ruido en la Red (@RuidoEnLaRed) <a href=\"https:\/\/twitter.com\/RuidoEnLaRed\/status\/1646538588706799624?ref_src=twsrc%5Etfw\">April 13, 2023<\/a><\/blockquote><script async src=\"https:\/\/platform.twitter.com\/widgets.js\" charset=\"utf-8\"><\/script>\n<\/div><\/figure>\n\n\n\n<p>&#8220;<strong>Elena Poniatowska es la mejor escritora de M\u00e9xico<\/strong>&#8220;<\/p>\n\n\n\n<p>En Palacio Nacional, el Presidente L\u00f3pez Obrador manifest\u00f3 que Elena Poniatowska es la mejor escritora de M\u00e9xico y destac\u00f3 que siempre ha estado&nbsp;<strong>vinculada con el pueblo y las luchas sociales,<\/strong>&nbsp;por lo que llam\u00f3 a la poblaci\u00f3n mexicana que lea su obra literaria.<\/p>\n\n\n\n<p>Acus\u00f3 que &#8220;por la politiquer\u00eda&#8221;, la medalla&nbsp;<strong>Belisario Dom\u00ednguez se la han entregado a personas que no la merec\u00edan<\/strong>.<\/p>\n\n\n\n<p>&#8220;Elena es la mejor escritora, pero\u00a0<strong>adem\u00e1s es una intelectual vinculada al pueblo<\/strong>, a las luchas sociales desde el movimiento del 68. A nosotros siempre nos acompa\u00f1\u00f3, siempre en nuestra lucha por la democracia, siempre estuvo ella; Carlos Monsiv\u00e1is, Luis Javier Garrido, estoy hablando de los que ya se fueron, se nos adelantaron, Jos\u00e9 Mar\u00eda P\u00e9rez Gay, Hugo Guti\u00e9rrez Vega, Fernando del Paso, Sergio Pitol, Arnaldo C\u00f3rdova, y muchos otros intelectuales de primera&#8221;, asever\u00f3.<\/p>\n\n\n\n<p>&#8220;Y\u00a0<strong>Elenita siempre, siempre (nos acompa\u00f1\u00f3)\u00a0<\/strong>y es la que queda con vida y ojal\u00e1 y siga as\u00ed porque a\u00fan con su edad sigue siendo una mujer muy lucida, muy inteligente, merecedora de ese premio y de otros m\u00e1s. Entonces s\u00ed me da mucho gusto la verdad e invito a que la lean, porque yo creo que eso de los que m\u00e1s satisfacci\u00f3n le debe de producir, a que lean sus textos porque son un agasajo&#8221;, agreg\u00f3.<\/p>\n\n\n\n<p>Con Informaci\u00f3n de SUN <\/p>\n","protected":false},"excerpt":{"rendered":"<p>Por Redacci\u00f3n QP Obrador asegur\u00f3 que sus opositores &#8220;montan muchos espect\u00e1culos y hay muchas agresiones&#8221;&#8230;<\/p>\n","protected":false},"author":2,"featured_media":100009,"comment_status":"open","ping_status":"open","sticky":false,"template":"","format":"standard","meta":{"_monsterinsights_skip_tracking":false,"_monsterinsights_sitenote_active":false,"_monsterinsights_sitenote_note":"","_monsterinsights_sitenote_category":0,"footnotes":""},"categories":[2],"tags":[],"class_list":["post-100008","post","type-post","status-publish","format-standard","has-post-thumbnail","hentry","category-noticias"],"yoast_head":"<!-- This site is optimized with the Yoast SEO plugin v27.3 - https:\/\/yoast.com\/product\/yoast-seo-wordpress\/ -->\n<title>L\u00f3pez Obrador celebra Belisario Dom\u00ednguez para Poniatowska... pero no asistir\u00e1 al Senado -<\/title>\n<meta name=\"robots\" content=\"index, follow, max-snippet:-1, max-image-preview:large, max-video-preview:-1\" \/>\n<link rel=\"canonical\" href=\"https:\/\/quehacerpolitico.mx\/?p=100008\" \/>\n<meta property=\"og:locale\" content=\"es_MX\" \/>\n<meta property=\"og:type\" content=\"article\" \/>\n<meta property=\"og:title\" content=\"L\u00f3pez Obrador celebra Belisario Dom\u00ednguez para Poniatowska... pero no asistir\u00e1 al Senado -\" \/>\n<meta property=\"og:description\" content=\"Por Redacci\u00f3n QP Obrador asegur\u00f3 que sus opositores &#8220;montan muchos espect\u00e1culos y hay muchas agresiones&#8221;...\" \/>\n<meta property=\"og:url\" content=\"https:\/\/quehacerpolitico.mx\/?p=100008\" \/>\n<meta property=\"article:published_time\" content=\"2023-04-13T17:43:08+00:00\" \/>\n<meta property=\"article:modified_time\" content=\"2023-04-13T17:43:11+00:00\" \/>\n<meta property=\"og:image\" content=\"https:\/\/quehacerpolitico.mx\/wp-content\/uploads\/2023\/04\/IMG_7066.jpeg\" \/>\n\t<meta property=\"og:image:width\" content=\"1280\" \/>\n\t<meta property=\"og:image:height\" content=\"713\" \/>\n\t<meta property=\"og:image:type\" content=\"image\/jpeg\" \/>\n<meta name=\"author\" content=\"Redacci\u00f3n QP\" \/>\n<meta name=\"twitter:card\" content=\"summary_large_image\" \/>\n<meta name=\"twitter:label1\" content=\"Escrito por\" \/>\n\t<meta name=\"twitter:data1\" content=\"Redacci\u00f3n QP\" \/>\n\t<meta name=\"twitter:label2\" content=\"Tiempo de lectura\" \/>\n\t<meta name=\"twitter:data2\" content=\"2 minutos\" \/>\n<script type=\"application\/ld+json\" class=\"yoast-schema-graph\">{\"@context\":\"https:\\\/\\\/schema.org\",\"@graph\":[{\"@type\":\"Article\",\"@id\":\"https:\\\/\\\/quehacerpolitico.mx\\\/?p=100008#article\",\"isPartOf\":{\"@id\":\"https:\\\/\\\/quehacerpolitico.mx\\\/?p=100008\"},\"author\":{\"name\":\"Redacci\u00f3n QP\",\"@id\":\"https:\\\/\\\/quehacerpolitico.mx\\\/#\\\/schema\\\/person\\\/496d8ad2d1d3f8036101dca7ee39e585\"},\"headline\":\"L\u00f3pez Obrador celebra Belisario Dom\u00ednguez para Poniatowska&#8230; pero no asistir\u00e1 al Senado\",\"datePublished\":\"2023-04-13T17:43:08+00:00\",\"dateModified\":\"2023-04-13T17:43:11+00:00\",\"mainEntityOfPage\":{\"@id\":\"https:\\\/\\\/quehacerpolitico.mx\\\/?p=100008\"},\"wordCount\":512,\"commentCount\":0,\"image\":{\"@id\":\"https:\\\/\\\/quehacerpolitico.mx\\\/?p=100008#primaryimage\"},\"thumbnailUrl\":\"https:\\\/\\\/quehacerpolitico.mx\\\/wp-content\\\/uploads\\\/2023\\\/04\\\/IMG_7066.jpeg\",\"articleSection\":[\"Noticias\"],\"inLanguage\":\"es\",\"potentialAction\":[{\"@type\":\"CommentAction\",\"name\":\"Comment\",\"target\":[\"https:\\\/\\\/quehacerpolitico.mx\\\/?p=100008#respond\"]}]},{\"@type\":\"WebPage\",\"@id\":\"https:\\\/\\\/quehacerpolitico.mx\\\/?p=100008\",\"url\":\"https:\\\/\\\/quehacerpolitico.mx\\\/?p=100008\",\"name\":\"L\u00f3pez Obrador celebra Belisario Dom\u00ednguez para Poniatowska... pero no asistir\u00e1 al Senado -\",\"isPartOf\":{\"@id\":\"https:\\\/\\\/quehacerpolitico.mx\\\/#website\"},\"primaryImageOfPage\":{\"@id\":\"https:\\\/\\\/quehacerpolitico.mx\\\/?p=100008#primaryimage\"},\"image\":{\"@id\":\"https:\\\/\\\/quehacerpolitico.mx\\\/?p=100008#primaryimage\"},\"thumbnailUrl\":\"https:\\\/\\\/quehacerpolitico.mx\\\/wp-content\\\/uploads\\\/2023\\\/04\\\/IMG_7066.jpeg\",\"datePublished\":\"2023-04-13T17:43:08+00:00\",\"dateModified\":\"2023-04-13T17:43:11+00:00\",\"author\":{\"@id\":\"https:\\\/\\\/quehacerpolitico.mx\\\/#\\\/schema\\\/person\\\/496d8ad2d1d3f8036101dca7ee39e585\"},\"breadcrumb\":{\"@id\":\"https:\\\/\\\/quehacerpolitico.mx\\\/?p=100008#breadcrumb\"},\"inLanguage\":\"es\",\"potentialAction\":[{\"@type\":\"ReadAction\",\"target\":[\"https:\\\/\\\/quehacerpolitico.mx\\\/?p=100008\"]}]},{\"@type\":\"ImageObject\",\"inLanguage\":\"es\",\"@id\":\"https:\\\/\\\/quehacerpolitico.mx\\\/?p=100008#primaryimage\",\"url\":\"https:\\\/\\\/quehacerpolitico.mx\\\/wp-content\\\/uploads\\\/2023\\\/04\\\/IMG_7066.jpeg\",\"contentUrl\":\"https:\\\/\\\/quehacerpolitico.mx\\\/wp-content\\\/uploads\\\/2023\\\/04\\\/IMG_7066.jpeg\",\"width\":1280,\"height\":713},{\"@type\":\"BreadcrumbList\",\"@id\":\"https:\\\/\\\/quehacerpolitico.mx\\\/?p=100008#breadcrumb\",\"itemListElement\":[{\"@type\":\"ListItem\",\"position\":1,\"name\":\"Inicio\",\"item\":\"https:\\\/\\\/quehacerpolitico.mx\\\/\"},{\"@type\":\"ListItem\",\"position\":2,\"name\":\"L\u00f3pez Obrador celebra Belisario Dom\u00ednguez para Poniatowska&#8230; pero no asistir\u00e1 al Senado\"}]},{\"@type\":\"WebSite\",\"@id\":\"https:\\\/\\\/quehacerpolitico.mx\\\/#website\",\"url\":\"https:\\\/\\\/quehacerpolitico.mx\\\/\",\"name\":\"\",\"description\":\"\",\"potentialAction\":[{\"@type\":\"SearchAction\",\"target\":{\"@type\":\"EntryPoint\",\"urlTemplate\":\"https:\\\/\\\/quehacerpolitico.mx\\\/?s={search_term_string}\"},\"query-input\":{\"@type\":\"PropertyValueSpecification\",\"valueRequired\":true,\"valueName\":\"search_term_string\"}}],\"inLanguage\":\"es\"},{\"@type\":\"Person\",\"@id\":\"https:\\\/\\\/quehacerpolitico.mx\\\/#\\\/schema\\\/person\\\/496d8ad2d1d3f8036101dca7ee39e585\",\"name\":\"Redacci\u00f3n QP\",\"image\":{\"@type\":\"ImageObject\",\"inLanguage\":\"es\",\"@id\":\"https:\\\/\\\/secure.gravatar.com\\\/avatar\\\/c7164ed6fdec453195284ad24a5ae5b6e1eed2b848477fa2a4787ba9adf39a41?s=96&d=mm&r=g\",\"url\":\"https:\\\/\\\/secure.gravatar.com\\\/avatar\\\/c7164ed6fdec453195284ad24a5ae5b6e1eed2b848477fa2a4787ba9adf39a41?s=96&d=mm&r=g\",\"contentUrl\":\"https:\\\/\\\/secure.gravatar.com\\\/avatar\\\/c7164ed6fdec453195284ad24a5ae5b6e1eed2b848477fa2a4787ba9adf39a41?s=96&d=mm&r=g\",\"caption\":\"Redacci\u00f3n QP\"},\"url\":\"https:\\\/\\\/quehacerpolitico.mx\\\/?author=2\"}]}<\/script>\n<!-- \/ Yoast SEO plugin. -->","yoast_head_json":{"title":"L\u00f3pez Obrador celebra Belisario Dom\u00ednguez para Poniatowska... pero no asistir\u00e1 al Senado -","robots":{"index":"index","follow":"follow","max-snippet":"max-snippet:-1","max-image-preview":"max-image-preview:large","max-video-preview":"max-video-preview:-1"},"canonical":"https:\/\/quehacerpolitico.mx\/?p=100008","og_locale":"es_MX","og_type":"article","og_title":"L\u00f3pez Obrador celebra Belisario Dom\u00ednguez para Poniatowska... pero no asistir\u00e1 al Senado -","og_description":"Por Redacci\u00f3n QP Obrador asegur\u00f3 que sus opositores &#8220;montan muchos espect\u00e1culos y hay muchas agresiones&#8221;...","og_url":"https:\/\/quehacerpolitico.mx\/?p=100008","article_published_time":"2023-04-13T17:43:08+00:00","article_modified_time":"2023-04-13T17:43:11+00:00","og_image":[{"width":1280,"height":713,"url":"https:\/\/quehacerpolitico.mx\/wp-content\/uploads\/2023\/04\/IMG_7066.jpeg","type":"image\/jpeg"}],"author":"Redacci\u00f3n QP","twitter_card":"summary_large_image","twitter_misc":{"Escrito por":"Redacci\u00f3n QP","Tiempo de lectura":"2 minutos"},"schema":{"@context":"https:\/\/schema.org","@graph":[{"@type":"Article","@id":"https:\/\/quehacerpolitico.mx\/?p=100008#article","isPartOf":{"@id":"https:\/\/quehacerpolitico.mx\/?p=100008"},"author":{"name":"Redacci\u00f3n QP","@id":"https:\/\/quehacerpolitico.mx\/#\/schema\/person\/496d8ad2d1d3f8036101dca7ee39e585"},"headline":"L\u00f3pez Obrador celebra Belisario Dom\u00ednguez para Poniatowska&#8230; pero no asistir\u00e1 al Senado","datePublished":"2023-04-13T17:43:08+00:00","dateModified":"2023-04-13T17:43:11+00:00","mainEntityOfPage":{"@id":"https:\/\/quehacerpolitico.mx\/?p=100008"},"wordCount":512,"commentCount":0,"image":{"@id":"https:\/\/quehacerpolitico.mx\/?p=100008#primaryimage"},"thumbnailUrl":"https:\/\/quehacerpolitico.mx\/wp-content\/uploads\/2023\/04\/IMG_7066.jpeg","articleSection":["Noticias"],"inLanguage":"es","potentialAction":[{"@type":"CommentAction","name":"Comment","target":["https:\/\/quehacerpolitico.mx\/?p=100008#respond"]}]},{"@type":"WebPage","@id":"https:\/\/quehacerpolitico.mx\/?p=100008","url":"https:\/\/quehacerpolitico.mx\/?p=100008","name":"L\u00f3pez Obrador celebra Belisario Dom\u00ednguez para Poniatowska... pero no asistir\u00e1 al Senado -","isPartOf":{"@id":"https:\/\/quehacerpolitico.mx\/#website"},"primaryImageOfPage":{"@id":"https:\/\/quehacerpolitico.mx\/?p=100008#primaryimage"},"image":{"@id":"https:\/\/quehacerpolitico.mx\/?p=100008#primaryimage"},"thumbnailUrl":"https:\/\/quehacerpolitico.mx\/wp-content\/uploads\/2023\/04\/IMG_7066.jpeg","datePublished":"2023-04-13T17:43:08+00:00","dateModified":"2023-04-13T17:43:11+00:00","author":{"@id":"https:\/\/quehacerpolitico.mx\/#\/schema\/person\/496d8ad2d1d3f8036101dca7ee39e585"},"breadcrumb":{"@id":"https:\/\/quehacerpolitico.mx\/?p=100008#breadcrumb"},"inLanguage":"es","potentialAction":[{"@type":"ReadAction","target":["https:\/\/quehacerpolitico.mx\/?p=100008"]}]},{"@type":"ImageObject","inLanguage":"es","@id":"https:\/\/quehacerpolitico.mx\/?p=100008#primaryimage","url":"https:\/\/quehacerpolitico.mx\/wp-content\/uploads\/2023\/04\/IMG_7066.jpeg","contentUrl":"https:\/\/quehacerpolitico.mx\/wp-content\/uploads\/2023\/04\/IMG_7066.jpeg","width":1280,"height":713},{"@type":"BreadcrumbList","@id":"https:\/\/quehacerpolitico.mx\/?p=100008#breadcrumb","itemListElement":[{"@type":"ListItem","position":1,"name":"Inicio","item":"https:\/\/quehacerpolitico.mx\/"},{"@type":"ListItem","position":2,"name":"L\u00f3pez Obrador celebra Belisario Dom\u00ednguez para Poniatowska&#8230; pero no asistir\u00e1 al Senado"}]},{"@type":"WebSite","@id":"https:\/\/quehacerpolitico.mx\/#website","url":"https:\/\/quehacerpolitico.mx\/","name":"","description":"","potentialAction":[{"@type":"SearchAction","target":{"@type":"EntryPoint","urlTemplate":"https:\/\/quehacerpolitico.mx\/?s={search_term_string}"},"query-input":{"@type":"PropertyValueSpecification","valueRequired":true,"valueName":"search_term_string"}}],"inLanguage":"es"},{"@type":"Person","@id":"https:\/\/quehacerpolitico.mx\/#\/schema\/person\/496d8ad2d1d3f8036101dca7ee39e585","name":"Redacci\u00f3n QP","image":{"@type":"ImageObject","inLanguage":"es","@id":"https:\/\/secure.gravatar.com\/avatar\/c7164ed6fdec453195284ad24a5ae5b6e1eed2b848477fa2a4787ba9adf39a41?s=96&d=mm&r=g","url":"https:\/\/secure.gravatar.com\/avatar\/c7164ed6fdec453195284ad24a5ae5b6e1eed2b848477fa2a4787ba9adf39a41?s=96&d=mm&r=g","contentUrl":"https:\/\/secure.gravatar.com\/avatar\/c7164ed6fdec453195284ad24a5ae5b6e1eed2b848477fa2a4787ba9adf39a41?s=96&d=mm&r=g","caption":"Redacci\u00f3n QP"},"url":"https:\/\/quehacerpolitico.mx\/?author=2"}]}},"featured_image_urls":{"full":["https:\/\/quehacerpolitico.mx\/wp-content\/uploads\/2023\/04\/IMG_7066.jpeg",1280,713,false],"thumbnail":["https:\/\/quehacerpolitico.mx\/wp-content\/uploads\/2023\/04\/IMG_7066-150x150.jpeg",150,150,true],"medium":["https:\/\/quehacerpolitico.mx\/wp-content\/uploads\/2023\/04\/IMG_7066-300x167.jpeg",300,167,true],"medium_large":["https:\/\/quehacerpolitico.mx\/wp-content\/uploads\/2023\/04\/IMG_7066-768x428.jpeg",640,357,true],"large":["https:\/\/quehacerpolitico.mx\/wp-content\/uploads\/2023\/04\/IMG_7066-1024x570.jpeg",640,356,true],"1536x1536":["https:\/\/quehacerpolitico.mx\/wp-content\/uploads\/2023\/04\/IMG_7066.jpeg",1280,713,false],"2048x2048":["https:\/\/quehacerpolitico.mx\/wp-content\/uploads\/2023\/04\/IMG_7066.jpeg",1280,713,false],"covernews-featured":["https:\/\/quehacerpolitico.mx\/wp-content\/uploads\/2023\/04\/IMG_7066.jpeg",1024,570,false],"covernews-medium":["https:\/\/quehacerpolitico.mx\/wp-content\/uploads\/2023\/04\/IMG_7066.jpeg",540,301,false]},"author_info":{"display_name":"Redacci\u00f3n QP","author_link":"https:\/\/quehacerpolitico.mx\/?author=2"},"category_info":"<a href=\"https:\/\/quehacerpolitico.mx\/?cat=2\" rel=\"category\">Noticias<\/a>","tag_info":"Noticias","comment_count":"0","_links":{"self":[{"href":"https:\/\/quehacerpolitico.mx\/index.php?rest_route=\/wp\/v2\/posts\/100008","targetHints":{"allow":["GET"]}}],"collection":[{"href":"https:\/\/quehacerpolitico.mx\/index.php?rest_route=\/wp\/v2\/posts"}],"about":[{"href":"https:\/\/quehacerpolitico.mx\/index.php?rest_route=\/wp\/v2\/types\/post"}],"author":[{"embeddable":true,"href":"https:\/\/quehacerpolitico.mx\/index.php?rest_route=\/wp\/v2\/users\/2"}],"replies":[{"embeddable":true,"href":"https:\/\/quehacerpolitico.mx\/index.php?rest_route=%2Fwp%2Fv2%2Fcomments&post=100008"}],"version-history":[{"count":1,"href":"https:\/\/quehacerpolitico.mx\/index.php?rest_route=\/wp\/v2\/posts\/100008\/revisions"}],"predecessor-version":[{"id":100010,"href":"https:\/\/quehacerpolitico.mx\/index.php?rest_route=\/wp\/v2\/posts\/100008\/revisions\/100010"}],"wp:featuredmedia":[{"embeddable":true,"href":"https:\/\/quehacerpolitico.mx\/index.php?rest_route=\/wp\/v2\/media\/100009"}],"wp:attachment":[{"href":"https:\/\/quehacerpolitico.mx\/index.php?rest_route=%2Fwp%2Fv2%2Fmedia&parent=100008"}],"wp:term":[{"taxonomy":"category","embeddable":true,"href":"https:\/\/quehacerpolitico.mx\/index.php?rest_route=%2Fwp%2Fv2%2Fcategories&post=100008"},{"taxonomy":"post_tag","embeddable":true,"href":"https:\/\/quehacerpolitico.mx\/index.php?rest_route=%2Fwp%2Fv2%2Ftags&post=100008"}],"curies":[{"name":"wp","href":"https:\/\/api.w.org\/{rel}","templated":true}]}}