{"id":100004,"date":"2023-04-13T17:27:00","date_gmt":"2023-04-13T17:27:00","guid":{"rendered":"https:\/\/quehacerpolitico.mx\/?p=100004"},"modified":"2023-04-13T17:27:03","modified_gmt":"2023-04-13T17:27:03","slug":"ebrard-expresa-en-eu-disposicion-para-reducir-el-trafico-de-fentanilo","status":"publish","type":"post","link":"https:\/\/quehacerpolitico.mx\/?p=100004","title":{"rendered":"Ebrard expresa en EU disposici\u00f3n para reducir el tr\u00e1fico de fentanilo"},"content":{"rendered":"\n<p>Por Redacci\u00f3n QP<\/p>\n\n\n\n<p>El encuentro entre autoridades de ambos pa\u00edses se produce dos d\u00edas despu\u00e9s de que EU anunciara que reforzar\u00e1 su estrategia contra el consumo y tr\u00e1fico de fentanilo proveniente de M\u00e9xico<\/p>\n\n\n\n<p>El secretario de Relaciones Exteriores, Marcelo Ebrard,\u00a0<strong>expres\u00f3 este jueves la disposici\u00f3n de M\u00e9xico de colaborar con Estados Unidos para reducir el tr\u00e1fico de fentanilo<\/strong>\u00a0y las muertes que provoca esa droga sint\u00e9tica.<\/p>\n\n\n\n<figure class=\"wp-block-embed is-type-rich is-provider-twitter wp-block-embed-twitter\"><div class=\"wp-block-embed__wrapper\">\n<blockquote class=\"twitter-tweet\" data-width=\"550\" data-dnt=\"true\"><p lang=\"es\" dir=\"ltr\">La delegaci\u00f3n mexicana a su arribo esta ma\u00f1ana a la Casa Blanca.<br><br>Marcelo Ebrard expuso que la prioridad de\ud83c\uddf2\ud83c\uddfd es frenar el tr\u00e1fico de armas de fuego a nuestro pa\u00eds y que se colaborar\u00e1 con \ud83c\uddfa\ud83c\uddf8 vs el fentanilo.<a href=\"https:\/\/twitter.com\/m_ebrard?ref_src=twsrc%5Etfw\">@m_ebrard<\/a> <a href=\"https:\/\/twitter.com\/rosaicela_?ref_src=twsrc%5Etfw\">@rosaicela_<\/a> <a href=\"https:\/\/twitter.com\/AlmiranteSrio?ref_src=twsrc%5Etfw\">@AlmiranteSrio<\/a> <a href=\"https:\/\/twitter.com\/r_velascoa?ref_src=twsrc%5Etfw\">@r_velascoa<\/a> <a href=\"https:\/\/twitter.com\/emoctezumab?ref_src=twsrc%5Etfw\">@emoctezumab<\/a> <a href=\"https:\/\/t.co\/ZSvrOjEKxd\">pic.twitter.com\/ZSvrOjEKxd<\/a><\/p>&mdash; Daniel Mill\u00e1n (@dmillan) <a href=\"https:\/\/twitter.com\/dmillan\/status\/1646496156711526402?ref_src=twsrc%5Etfw\">April 13, 2023<\/a><\/blockquote><script async src=\"https:\/\/platform.twitter.com\/widgets.js\" charset=\"utf-8\"><\/script>\n<\/div><\/figure>\n\n\n\n<p>&#8220;La instrucci\u00f3n que tenemos es identificar cu\u00e1les son las acciones adicionales que podemos tomar para que el Entendimiento Bicentenario tenga mejores resultados en dos indicadores:<strong>&nbsp;reducci\u00f3n de fentanilo y muertes por fentanilo y reducci\u00f3n de violencia en M\u00e9xico por armas de fueg<\/strong>o&#8221;, dijo.<\/p>\n\n\n\n<p>El canciller se pronunci\u00f3 as\u00ed\u00a0<strong>al inicio de una reuni\u00f3n con representantes de Estados Unidos para abordar temas de narcotr\u00e1fico, inmigraci\u00f3n y seguridad.<\/strong><\/p>\n\n\n\n<p>&#8220;Ese es el objetivo de la presencia aqu\u00ed y venimos en esa disposici\u00f3n&#8221;, dijo Ebrard en declaraciones facilitadas por la Canciller\u00eda mexicana.<\/p>\n\n\n\n<figure class=\"wp-block-image size-large\"><img loading=\"lazy\" decoding=\"async\" width=\"1024\" height=\"768\" src=\"https:\/\/quehacerpolitico.mx\/wp-content\/uploads\/2023\/04\/image-26-1024x768.jpeg\" alt=\"\" class=\"wp-image-100005\" srcset=\"https:\/\/quehacerpolitico.mx\/wp-content\/uploads\/2023\/04\/image-26-1024x768.jpeg 1024w, https:\/\/quehacerpolitico.mx\/wp-content\/uploads\/2023\/04\/image-26-300x225.jpeg 300w, https:\/\/quehacerpolitico.mx\/wp-content\/uploads\/2023\/04\/image-26-768x576.jpeg 768w, https:\/\/quehacerpolitico.mx\/wp-content\/uploads\/2023\/04\/image-26-1536x1152.jpeg 1536w, https:\/\/quehacerpolitico.mx\/wp-content\/uploads\/2023\/04\/image-26-195x146.jpeg 195w, https:\/\/quehacerpolitico.mx\/wp-content\/uploads\/2023\/04\/image-26-50x38.jpeg 50w, https:\/\/quehacerpolitico.mx\/wp-content\/uploads\/2023\/04\/image-26-100x75.jpeg 100w, https:\/\/quehacerpolitico.mx\/wp-content\/uploads\/2023\/04\/image-26-960x720.jpeg 960w, https:\/\/quehacerpolitico.mx\/wp-content\/uploads\/2023\/04\/image-26.jpeg 1600w\" sizes=\"auto, (max-width: 1024px) 100vw, 1024px\" \/><\/figure>\n\n\n\n<p>El encuentro se produce dos d\u00edas despu\u00e9s de que Estados Unidos anunciara que\u00a0<strong>reforzar\u00e1 su estrategia contra el consumo y tr\u00e1fico de fentanilo proveniente de M\u00e9xico,\u00a0<\/strong>despu\u00e9s de semanas de cr\u00edticas y declaraciones cruzadas con el pa\u00eds vecino sobre la lucha contra esta droga sint\u00e9tica.<\/p>\n\n\n\n<p>Este mi\u00e9rcoles, EU calific\u00f3 adem\u00e1s oficialmente de &#8220;amenaza emergente&#8221; en el pa\u00eds el fentanilo adulterado o mezclado con xilacina, un potente sedante animal utilizado como droga del que ya se hab\u00eda prohibido parcialmente la importaci\u00f3n.<\/p>\n\n\n\n<figure class=\"wp-block-embed is-type-rich is-provider-twitter wp-block-embed-twitter\"><div class=\"wp-block-embed__wrapper\">\n<blockquote class=\"twitter-tweet\" data-width=\"550\" data-dnt=\"true\"><p lang=\"es\" dir=\"ltr\">Intervenci\u00f3n inicial de la secretaria de Seguridad y Protecci\u00f3n Ciudadana, <a href=\"https:\/\/twitter.com\/rosaicela_?ref_src=twsrc%5Etfw\">@rosaicela_<\/a> , durante la reuni\u00f3n bilateral para combatir el tr\u00e1fico de drogas sint\u00e9ticas y armas de fuego. \ud83c\uddf2\ud83c\uddfd\ud83c\uddfa\ud83c\uddf8<a href=\"https:\/\/twitter.com\/hashtag\/JuntosConstruimosLaPaz?src=hash&amp;ref_src=twsrc%5Etfw\">#JuntosConstruimosLaPaz<\/a>\ud83d\udd4a\ufe0f <a href=\"https:\/\/t.co\/7fZI3sVv2C\">pic.twitter.com\/7fZI3sVv2C<\/a><\/p>&mdash; Secretar\u00eda de Seguridad y Protecci\u00f3n Ciudadana (@SSPCMexico) <a href=\"https:\/\/twitter.com\/SSPCMexico\/status\/1646549440637829130?ref_src=twsrc%5Etfw\">April 13, 2023<\/a><\/blockquote><script async src=\"https:\/\/platform.twitter.com\/widgets.js\" charset=\"utf-8\"><\/script>\n<\/div><\/figure>\n\n\n\n<p>Ebrard ya adelant\u00f3 el mi\u00e9rcoles a su llegada a Washington que su pa\u00eds es &#8220;el principal aliado&#8221; de Estados Unidos en la lucha contra el fentanilo y que &#8220;la prioridad para M\u00e9xico es frenar el tr\u00e1fico de armas de EU para reducir la capacidad de fuego de las organizaciones criminales y tener m\u00e1s seguridad&#8221;.<\/p>\n\n\n\n<p>Con informaci\u00f3n de EFE<\/p>\n","protected":false},"excerpt":{"rendered":"<p>Por Redacci\u00f3n QP El encuentro entre autoridades de ambos pa\u00edses se produce dos d\u00edas despu\u00e9s&#8230;<\/p>\n","protected":false},"author":2,"featured_media":100006,"comment_status":"open","ping_status":"open","sticky":false,"template":"","format":"standard","meta":{"_monsterinsights_skip_tracking":false,"_monsterinsights_sitenote_active":false,"_monsterinsights_sitenote_note":"","_monsterinsights_sitenote_category":0,"footnotes":""},"categories":[2],"tags":[],"class_list":["post-100004","post","type-post","status-publish","format-standard","has-post-thumbnail","hentry","category-noticias"],"yoast_head":"<!-- This site is optimized with the Yoast SEO plugin v27.3 - https:\/\/yoast.com\/product\/yoast-seo-wordpress\/ -->\n<title>Ebrard expresa en EU disposici\u00f3n para reducir el tr\u00e1fico de fentanilo -<\/title>\n<meta name=\"robots\" content=\"index, follow, max-snippet:-1, max-image-preview:large, max-video-preview:-1\" \/>\n<link rel=\"canonical\" href=\"https:\/\/quehacerpolitico.mx\/?p=100004\" \/>\n<meta property=\"og:locale\" content=\"es_MX\" \/>\n<meta property=\"og:type\" content=\"article\" \/>\n<meta property=\"og:title\" content=\"Ebrard expresa en EU disposici\u00f3n para reducir el tr\u00e1fico de fentanilo -\" \/>\n<meta property=\"og:description\" content=\"Por Redacci\u00f3n QP El encuentro entre autoridades de ambos pa\u00edses se produce dos d\u00edas despu\u00e9s...\" \/>\n<meta property=\"og:url\" content=\"https:\/\/quehacerpolitico.mx\/?p=100004\" \/>\n<meta property=\"article:published_time\" content=\"2023-04-13T17:27:00+00:00\" \/>\n<meta property=\"article:modified_time\" content=\"2023-04-13T17:27:03+00:00\" \/>\n<meta property=\"og:image\" content=\"https:\/\/quehacerpolitico.mx\/wp-content\/uploads\/2023\/04\/IMG_7063.jpeg\" \/>\n\t<meta property=\"og:image:width\" content=\"2048\" \/>\n\t<meta property=\"og:image:height\" content=\"1536\" \/>\n\t<meta property=\"og:image:type\" content=\"image\/jpeg\" \/>\n<meta name=\"author\" content=\"Redacci\u00f3n QP\" \/>\n<meta name=\"twitter:card\" content=\"summary_large_image\" \/>\n<meta name=\"twitter:label1\" content=\"Escrito por\" \/>\n\t<meta name=\"twitter:data1\" content=\"Redacci\u00f3n QP\" \/>\n\t<meta name=\"twitter:label2\" content=\"Tiempo de lectura\" \/>\n\t<meta name=\"twitter:data2\" content=\"2 minutos\" \/>\n<script type=\"application\/ld+json\" class=\"yoast-schema-graph\">{\"@context\":\"https:\\\/\\\/schema.org\",\"@graph\":[{\"@type\":\"Article\",\"@id\":\"https:\\\/\\\/quehacerpolitico.mx\\\/?p=100004#article\",\"isPartOf\":{\"@id\":\"https:\\\/\\\/quehacerpolitico.mx\\\/?p=100004\"},\"author\":{\"name\":\"Redacci\u00f3n QP\",\"@id\":\"https:\\\/\\\/quehacerpolitico.mx\\\/#\\\/schema\\\/person\\\/496d8ad2d1d3f8036101dca7ee39e585\"},\"headline\":\"Ebrard expresa en EU disposici\u00f3n para reducir el tr\u00e1fico de fentanilo\",\"datePublished\":\"2023-04-13T17:27:00+00:00\",\"dateModified\":\"2023-04-13T17:27:03+00:00\",\"mainEntityOfPage\":{\"@id\":\"https:\\\/\\\/quehacerpolitico.mx\\\/?p=100004\"},\"wordCount\":367,\"commentCount\":0,\"image\":{\"@id\":\"https:\\\/\\\/quehacerpolitico.mx\\\/?p=100004#primaryimage\"},\"thumbnailUrl\":\"https:\\\/\\\/quehacerpolitico.mx\\\/wp-content\\\/uploads\\\/2023\\\/04\\\/IMG_7063.jpeg\",\"articleSection\":[\"Noticias\"],\"inLanguage\":\"es\",\"potentialAction\":[{\"@type\":\"CommentAction\",\"name\":\"Comment\",\"target\":[\"https:\\\/\\\/quehacerpolitico.mx\\\/?p=100004#respond\"]}]},{\"@type\":\"WebPage\",\"@id\":\"https:\\\/\\\/quehacerpolitico.mx\\\/?p=100004\",\"url\":\"https:\\\/\\\/quehacerpolitico.mx\\\/?p=100004\",\"name\":\"Ebrard expresa en EU disposici\u00f3n para reducir el tr\u00e1fico de fentanilo -\",\"isPartOf\":{\"@id\":\"https:\\\/\\\/quehacerpolitico.mx\\\/#website\"},\"primaryImageOfPage\":{\"@id\":\"https:\\\/\\\/quehacerpolitico.mx\\\/?p=100004#primaryimage\"},\"image\":{\"@id\":\"https:\\\/\\\/quehacerpolitico.mx\\\/?p=100004#primaryimage\"},\"thumbnailUrl\":\"https:\\\/\\\/quehacerpolitico.mx\\\/wp-content\\\/uploads\\\/2023\\\/04\\\/IMG_7063.jpeg\",\"datePublished\":\"2023-04-13T17:27:00+00:00\",\"dateModified\":\"2023-04-13T17:27:03+00:00\",\"author\":{\"@id\":\"https:\\\/\\\/quehacerpolitico.mx\\\/#\\\/schema\\\/person\\\/496d8ad2d1d3f8036101dca7ee39e585\"},\"breadcrumb\":{\"@id\":\"https:\\\/\\\/quehacerpolitico.mx\\\/?p=100004#breadcrumb\"},\"inLanguage\":\"es\",\"potentialAction\":[{\"@type\":\"ReadAction\",\"target\":[\"https:\\\/\\\/quehacerpolitico.mx\\\/?p=100004\"]}]},{\"@type\":\"ImageObject\",\"inLanguage\":\"es\",\"@id\":\"https:\\\/\\\/quehacerpolitico.mx\\\/?p=100004#primaryimage\",\"url\":\"https:\\\/\\\/quehacerpolitico.mx\\\/wp-content\\\/uploads\\\/2023\\\/04\\\/IMG_7063.jpeg\",\"contentUrl\":\"https:\\\/\\\/quehacerpolitico.mx\\\/wp-content\\\/uploads\\\/2023\\\/04\\\/IMG_7063.jpeg\",\"width\":2048,\"height\":1536},{\"@type\":\"BreadcrumbList\",\"@id\":\"https:\\\/\\\/quehacerpolitico.mx\\\/?p=100004#breadcrumb\",\"itemListElement\":[{\"@type\":\"ListItem\",\"position\":1,\"name\":\"Inicio\",\"item\":\"https:\\\/\\\/quehacerpolitico.mx\\\/\"},{\"@type\":\"ListItem\",\"position\":2,\"name\":\"Ebrard expresa en EU disposici\u00f3n para reducir el tr\u00e1fico de fentanilo\"}]},{\"@type\":\"WebSite\",\"@id\":\"https:\\\/\\\/quehacerpolitico.mx\\\/#website\",\"url\":\"https:\\\/\\\/quehacerpolitico.mx\\\/\",\"name\":\"\",\"description\":\"\",\"potentialAction\":[{\"@type\":\"SearchAction\",\"target\":{\"@type\":\"EntryPoint\",\"urlTemplate\":\"https:\\\/\\\/quehacerpolitico.mx\\\/?s={search_term_string}\"},\"query-input\":{\"@type\":\"PropertyValueSpecification\",\"valueRequired\":true,\"valueName\":\"search_term_string\"}}],\"inLanguage\":\"es\"},{\"@type\":\"Person\",\"@id\":\"https:\\\/\\\/quehacerpolitico.mx\\\/#\\\/schema\\\/person\\\/496d8ad2d1d3f8036101dca7ee39e585\",\"name\":\"Redacci\u00f3n QP\",\"image\":{\"@type\":\"ImageObject\",\"inLanguage\":\"es\",\"@id\":\"https:\\\/\\\/secure.gravatar.com\\\/avatar\\\/c7164ed6fdec453195284ad24a5ae5b6e1eed2b848477fa2a4787ba9adf39a41?s=96&d=mm&r=g\",\"url\":\"https:\\\/\\\/secure.gravatar.com\\\/avatar\\\/c7164ed6fdec453195284ad24a5ae5b6e1eed2b848477fa2a4787ba9adf39a41?s=96&d=mm&r=g\",\"contentUrl\":\"https:\\\/\\\/secure.gravatar.com\\\/avatar\\\/c7164ed6fdec453195284ad24a5ae5b6e1eed2b848477fa2a4787ba9adf39a41?s=96&d=mm&r=g\",\"caption\":\"Redacci\u00f3n QP\"},\"url\":\"https:\\\/\\\/quehacerpolitico.mx\\\/?author=2\"}]}<\/script>\n<!-- \/ Yoast SEO plugin. -->","yoast_head_json":{"title":"Ebrard expresa en EU disposici\u00f3n para reducir el tr\u00e1fico de fentanilo -","robots":{"index":"index","follow":"follow","max-snippet":"max-snippet:-1","max-image-preview":"max-image-preview:large","max-video-preview":"max-video-preview:-1"},"canonical":"https:\/\/quehacerpolitico.mx\/?p=100004","og_locale":"es_MX","og_type":"article","og_title":"Ebrard expresa en EU disposici\u00f3n para reducir el tr\u00e1fico de fentanilo -","og_description":"Por Redacci\u00f3n QP El encuentro entre autoridades de ambos pa\u00edses se produce dos d\u00edas despu\u00e9s...","og_url":"https:\/\/quehacerpolitico.mx\/?p=100004","article_published_time":"2023-04-13T17:27:00+00:00","article_modified_time":"2023-04-13T17:27:03+00:00","og_image":[{"width":2048,"height":1536,"url":"https:\/\/quehacerpolitico.mx\/wp-content\/uploads\/2023\/04\/IMG_7063.jpeg","type":"image\/jpeg"}],"author":"Redacci\u00f3n QP","twitter_card":"summary_large_image","twitter_misc":{"Escrito por":"Redacci\u00f3n QP","Tiempo de lectura":"2 minutos"},"schema":{"@context":"https:\/\/schema.org","@graph":[{"@type":"Article","@id":"https:\/\/quehacerpolitico.mx\/?p=100004#article","isPartOf":{"@id":"https:\/\/quehacerpolitico.mx\/?p=100004"},"author":{"name":"Redacci\u00f3n QP","@id":"https:\/\/quehacerpolitico.mx\/#\/schema\/person\/496d8ad2d1d3f8036101dca7ee39e585"},"headline":"Ebrard expresa en EU disposici\u00f3n para reducir el tr\u00e1fico de fentanilo","datePublished":"2023-04-13T17:27:00+00:00","dateModified":"2023-04-13T17:27:03+00:00","mainEntityOfPage":{"@id":"https:\/\/quehacerpolitico.mx\/?p=100004"},"wordCount":367,"commentCount":0,"image":{"@id":"https:\/\/quehacerpolitico.mx\/?p=100004#primaryimage"},"thumbnailUrl":"https:\/\/quehacerpolitico.mx\/wp-content\/uploads\/2023\/04\/IMG_7063.jpeg","articleSection":["Noticias"],"inLanguage":"es","potentialAction":[{"@type":"CommentAction","name":"Comment","target":["https:\/\/quehacerpolitico.mx\/?p=100004#respond"]}]},{"@type":"WebPage","@id":"https:\/\/quehacerpolitico.mx\/?p=100004","url":"https:\/\/quehacerpolitico.mx\/?p=100004","name":"Ebrard expresa en EU disposici\u00f3n para reducir el tr\u00e1fico de fentanilo -","isPartOf":{"@id":"https:\/\/quehacerpolitico.mx\/#website"},"primaryImageOfPage":{"@id":"https:\/\/quehacerpolitico.mx\/?p=100004#primaryimage"},"image":{"@id":"https:\/\/quehacerpolitico.mx\/?p=100004#primaryimage"},"thumbnailUrl":"https:\/\/quehacerpolitico.mx\/wp-content\/uploads\/2023\/04\/IMG_7063.jpeg","datePublished":"2023-04-13T17:27:00+00:00","dateModified":"2023-04-13T17:27:03+00:00","author":{"@id":"https:\/\/quehacerpolitico.mx\/#\/schema\/person\/496d8ad2d1d3f8036101dca7ee39e585"},"breadcrumb":{"@id":"https:\/\/quehacerpolitico.mx\/?p=100004#breadcrumb"},"inLanguage":"es","potentialAction":[{"@type":"ReadAction","target":["https:\/\/quehacerpolitico.mx\/?p=100004"]}]},{"@type":"ImageObject","inLanguage":"es","@id":"https:\/\/quehacerpolitico.mx\/?p=100004#primaryimage","url":"https:\/\/quehacerpolitico.mx\/wp-content\/uploads\/2023\/04\/IMG_7063.jpeg","contentUrl":"https:\/\/quehacerpolitico.mx\/wp-content\/uploads\/2023\/04\/IMG_7063.jpeg","width":2048,"height":1536},{"@type":"BreadcrumbList","@id":"https:\/\/quehacerpolitico.mx\/?p=100004#breadcrumb","itemListElement":[{"@type":"ListItem","position":1,"name":"Inicio","item":"https:\/\/quehacerpolitico.mx\/"},{"@type":"ListItem","position":2,"name":"Ebrard expresa en EU disposici\u00f3n para reducir el tr\u00e1fico de fentanilo"}]},{"@type":"WebSite","@id":"https:\/\/quehacerpolitico.mx\/#website","url":"https:\/\/quehacerpolitico.mx\/","name":"","description":"","potentialAction":[{"@type":"SearchAction","target":{"@type":"EntryPoint","urlTemplate":"https:\/\/quehacerpolitico.mx\/?s={search_term_string}"},"query-input":{"@type":"PropertyValueSpecification","valueRequired":true,"valueName":"search_term_string"}}],"inLanguage":"es"},{"@type":"Person","@id":"https:\/\/quehacerpolitico.mx\/#\/schema\/person\/496d8ad2d1d3f8036101dca7ee39e585","name":"Redacci\u00f3n QP","image":{"@type":"ImageObject","inLanguage":"es","@id":"https:\/\/secure.gravatar.com\/avatar\/c7164ed6fdec453195284ad24a5ae5b6e1eed2b848477fa2a4787ba9adf39a41?s=96&d=mm&r=g","url":"https:\/\/secure.gravatar.com\/avatar\/c7164ed6fdec453195284ad24a5ae5b6e1eed2b848477fa2a4787ba9adf39a41?s=96&d=mm&r=g","contentUrl":"https:\/\/secure.gravatar.com\/avatar\/c7164ed6fdec453195284ad24a5ae5b6e1eed2b848477fa2a4787ba9adf39a41?s=96&d=mm&r=g","caption":"Redacci\u00f3n QP"},"url":"https:\/\/quehacerpolitico.mx\/?author=2"}]}},"featured_image_urls":{"full":["https:\/\/quehacerpolitico.mx\/wp-content\/uploads\/2023\/04\/IMG_7063.jpeg",2048,1536,false],"thumbnail":["https:\/\/quehacerpolitico.mx\/wp-content\/uploads\/2023\/04\/IMG_7063-150x150.jpeg",150,150,true],"medium":["https:\/\/quehacerpolitico.mx\/wp-content\/uploads\/2023\/04\/IMG_7063-300x225.jpeg",300,225,true],"medium_large":["https:\/\/quehacerpolitico.mx\/wp-content\/uploads\/2023\/04\/IMG_7063-768x576.jpeg",640,480,true],"large":["https:\/\/quehacerpolitico.mx\/wp-content\/uploads\/2023\/04\/IMG_7063-1024x768.jpeg",640,480,true],"1536x1536":["https:\/\/quehacerpolitico.mx\/wp-content\/uploads\/2023\/04\/IMG_7063-1536x1152.jpeg",1536,1152,true],"2048x2048":["https:\/\/quehacerpolitico.mx\/wp-content\/uploads\/2023\/04\/IMG_7063.jpeg",2048,1536,false],"covernews-featured":["https:\/\/quehacerpolitico.mx\/wp-content\/uploads\/2023\/04\/IMG_7063.jpeg",1024,768,false],"covernews-medium":["https:\/\/quehacerpolitico.mx\/wp-content\/uploads\/2023\/04\/IMG_7063.jpeg",453,340,false]},"author_info":{"display_name":"Redacci\u00f3n QP","author_link":"https:\/\/quehacerpolitico.mx\/?author=2"},"category_info":"<a href=\"https:\/\/quehacerpolitico.mx\/?cat=2\" rel=\"category\">Noticias<\/a>","tag_info":"Noticias","comment_count":"0","_links":{"self":[{"href":"https:\/\/quehacerpolitico.mx\/index.php?rest_route=\/wp\/v2\/posts\/100004","targetHints":{"allow":["GET"]}}],"collection":[{"href":"https:\/\/quehacerpolitico.mx\/index.php?rest_route=\/wp\/v2\/posts"}],"about":[{"href":"https:\/\/quehacerpolitico.mx\/index.php?rest_route=\/wp\/v2\/types\/post"}],"author":[{"embeddable":true,"href":"https:\/\/quehacerpolitico.mx\/index.php?rest_route=\/wp\/v2\/users\/2"}],"replies":[{"embeddable":true,"href":"https:\/\/quehacerpolitico.mx\/index.php?rest_route=%2Fwp%2Fv2%2Fcomments&post=100004"}],"version-history":[{"count":1,"href":"https:\/\/quehacerpolitico.mx\/index.php?rest_route=\/wp\/v2\/posts\/100004\/revisions"}],"predecessor-version":[{"id":100007,"href":"https:\/\/quehacerpolitico.mx\/index.php?rest_route=\/wp\/v2\/posts\/100004\/revisions\/100007"}],"wp:featuredmedia":[{"embeddable":true,"href":"https:\/\/quehacerpolitico.mx\/index.php?rest_route=\/wp\/v2\/media\/100006"}],"wp:attachment":[{"href":"https:\/\/quehacerpolitico.mx\/index.php?rest_route=%2Fwp%2Fv2%2Fmedia&parent=100004"}],"wp:term":[{"taxonomy":"category","embeddable":true,"href":"https:\/\/quehacerpolitico.mx\/index.php?rest_route=%2Fwp%2Fv2%2Fcategories&post=100004"},{"taxonomy":"post_tag","embeddable":true,"href":"https:\/\/quehacerpolitico.mx\/index.php?rest_route=%2Fwp%2Fv2%2Ftags&post=100004"}],"curies":[{"name":"wp","href":"https:\/\/api.w.org\/{rel}","templated":true}]}}